{"id":39946,"date":"2023-03-21T18:21:32","date_gmt":"2023-03-21T18:21:32","guid":{"rendered":"https:\/\/www.africa-press.net\/cameroun\/politique\/succession-de-paul-biya-ces-postures-de-franck-biya-qui-font-monter-la-temperature"},"modified":"2023-03-21T18:57:54","modified_gmt":"2023-03-21T18:57:54","slug":"succession-de-paul-biya-ces-postures-de-franck-biya-qui-font-monter-la-temperature","status":"publish","type":"post","link":"https:\/\/www.africa-press.net\/cameroun\/politique\/succession-de-paul-biya-ces-postures-de-franck-biya-qui-font-monter-la-temperature","title":{"rendered":"Succession de Paul Biya :   Ces postures de Franck Biya qui font monter la temp\u00e9rature"},"content":{"rendered":"<p><span style=\"color: #ff6600\"><strong>Africa-Press &#8211; Cameroun. <\/strong><\/span>Au cours de la 15e\u0300me Confe\u0301rences des chefs d\u2019Etat de la Communaute\u0301 e\u0301conomique des Etats de l\u2019Afrique centrale (Cemac), le protocole d\u2019Etat a de\u0301traque\u0301 le thermostat d\u2019un cran par sa disposition des personnalite\u0301s au Palais de l\u2019unite\u0301.<\/p>\n<p>Au peloton de te\u0302te des invite\u0301s dans la salle, il y a la famille pre\u0301sidentielle repre\u0301sente\u0301e par la Premie\u0300re Dame Chantale Biya et du fils du chef de l\u2019Etat, Franck Biya.<\/p>\n<p>Apre\u0300s eux, il vient le Secre\u0301taire d\u2019Etat a\u0300 la pre\u0301sidence de la Re\u0301publique (Sgpr), ministre d\u2019Etat Ferdinand Ngoh Ngoh et a\u0300 ses co\u0302te\u0301s l\u2019autre responsable du Palais, le directeur du Cabinet civil, le ministre Samuel Mvondo Ayolo.<\/p>\n<p>Dans cet appareillage de te\u0302te en pareille circonstance, la came\u0301ra de la te\u0301le\u0301vision d\u2019Etat, la Crtv n\u2019a d\u2019yeux que pour le fils du chef de l\u2019Etat, dirait-on, offrant de temps en temps en plein e\u0301cran les faits et gestes de la proge\u0301niture pre\u0301sidentielle.<\/p>\n<p>Si cela peut se comprendre tout naturellement par le fait que ce dernier pendant le long magiste\u0300re de son pe\u0300re s\u2019est toujours tenu soigneusement a\u0300 l\u2019e\u0301cart des e\u0301crans, il n\u2019en dernie\u0300re pas moins vrai que depuis la visite d\u2019Emmanuel Macron au Cameroun au mois de juillet de l\u2019anne\u0301e dernie\u0300re, ponctue\u0301e de toutes les supputations sur sa photo saluant le nume\u0301ro un franc\u0327ais en pre\u0301sence de Paul Biya, tout ce qui concerne Franck est appre\u0301hende\u0301 sous un prisme politique.<\/p>\n<p>Et cette situation a e\u0301te\u0301 exacerbe\u0301e par une sortie virulente de Jean-Luc Me\u0301lenchon qui critiquant les actions e\u0301quivoques du chef de l\u2019Etat franc\u0327ais en Afrique a mis le pied dans le plat en insinuant qu\u2019il e\u0301tait venu a\u0300 Yaounde\u0301 pour adouber le fils du chef de l\u2019Etat comme il l\u2019avait pre\u0301ce\u0301demment fait au Tchad a\u0300 la mort du d\u2019Idriss Deby Itno tombe\u0301 sur le champ de batailles dans le nord de son pays.<\/p>\n<p>C\u2019est donc dire qu\u2019au cours de ce sommet des chefs d\u2019Etat de la Camac, le fils du chef de l\u2019Etat camerounais a creve\u0301 un peu plus l\u2019e\u0301cran surtout avec son positionnement juste apre\u0300s la Premie\u0300re dame. En juillet de l\u2019anne\u0301e dernie\u0300re, il avait e\u0301te\u0301 furtivement aperc\u0327u tout au fond de la salle. Cette fois-ci, il est bien au-devant de la sce\u0300ne.<\/p>\n<p>Faudrait-il y desceller une quelconque volonte\u0301 pre\u0301sidentielle de propulser Franck dans l\u2019are\u0300ne politique ? Sur la toile, les captures de photo du concerne\u0301 sur les e\u0301crans de la Crtv en pleine conversation avec le Sgpr tournent en boucle avec des commentaires de plus en plus politiques.<\/p>\n<p>L\u2019homme reste muet en de\u0301pit de tous les faits et intentions qu\u2019on lui attribue a\u0300 gauche et a\u0300 droite. Le mouvement des Franckistes qui a tenu un certain temps l\u2019opinion en haleine, ne distille plus de messages pre\u0301sentant le fils de Paul Biya comme leur mode\u0300le.<\/p>\n<p>Dans les officines politiques, par la qualite\u0301 des commentaires, beaucoup ne connaissent pas a\u0300 \u00ab l\u2019homme lion \u00bb de telles intentions, lui qui s\u2019est toujours voulu le\u0301galiste, lui qui ne manque pas de dire qu\u2019il est inconvenant de parler de succession en de\u0301mocratie.<\/p>\n<p>Et la\u0300 aussi, c\u2019est le discours polituique. De\u0301cide\u0301ment, les silences franckistes commencent eux aussi a\u0300 faire du grand bruit au sein de l\u2019opinion politique.<\/p>\n<p>Il ne dit pas qu\u2019il est inte\u0301resse\u0301 par le pouvoir d\u2019Etat mais montre par ses postures qu\u2019il peut l\u2019e\u0302tre. Entre le silence et ces pre\u0301sences, il suffit tout juste de tousser pour que tout soit compris.<\/p>\n<p>Ce dernier pas que les diffe\u0301rentes officines attendent certainement pour se faire une religion et l\u2019incorporer dans leur strate\u0301gie politique a\u0300 court terme.<\/p>\n<p><strong>Pour plus d&rsquo;informations et d&rsquo;analyses sur la <a href=\"https:\/\/www.africa-press.net\/cameroun\">Cameroun<\/a>, suivez <a href=\"https:\/\/www.africa-press.net\/\">Africa-Press<\/a><\/strong><\/p>\n","protected":false},"excerpt":{"rendered":"<p>Africa-Press &#8211; Cameroun. Au cours de la 15e\u0300me Confe\u0301rences des chefs d\u2019Etat de la Communaute\u0301 e\u0301conomique des Etats de l\u2019Afrique centrale (Cemac), le protocole d\u2019Etat a de\u0301traque\u0301 le thermostat d\u2019un cran par sa disposition des personnalite\u0301s au Palais de l\u2019unite\u0301. Au peloton de te\u0302te des invite\u0301s dans la salle, il y a la famille pre\u0301sidentielle [&hellip;]<\/p>\n","protected":false},"author":82,"featured_media":39944,"comment_status":"open","ping_status":"closed","sticky":false,"template":"","format":"standard","meta":{"footnotes":""},"categories":[2,10],"tags":[36,50,49],"class_list":["post-39946","post","type-post","status-publish","format-standard","has-post-thumbnail","hentry","category-politique","category-toutes-les-actualites","tag-africa-press","tag-africa-press-cameroun","tag-cameroun"],"yoast_head":"<!-- This site is optimized with the Yoast SEO Premium plugin v26.1 (Yoast SEO v27.0) - https:\/\/yoast.com\/product\/yoast-seo-premium-wordpress\/ -->\n<title>Succession de Paul Biya :  Ces postures de Franck Biya qui font monter la temp\u00e9rature - Cameroun<\/title>\n<meta name=\"description\" content=\"Au cours de la 15e\u0300me Confe\u0301rences des chefs d\u2019Etat de la Communaute\u0301 e\u0301conomique des Etats de l\u2019Afrique centrale (Cemac ...\" \/>\n<meta name=\"robots\" content=\"index, follow, max-snippet:-1, max-image-preview:large, max-video-preview:-1\" \/>\n<link rel=\"canonical\" href=\"https:\/\/www.africa-press.net\/cameroun\/politique\/succession-de-paul-biya-ces-postures-de-franck-biya-qui-font-monter-la-temperature\" \/>\n<meta property=\"og:locale\" content=\"fr_FR\" \/>\n<meta property=\"og:type\" content=\"article\" \/>\n<meta property=\"og:title\" content=\"Succession de Paul Biya :  Ces postures de Franck Biya qui font monter la temp\u00e9rature\" \/>\n<meta property=\"og:description\" content=\"Au cours de la 15e\u0300me Confe\u0301rences des chefs d\u2019Etat de la Communaute\u0301 e\u0301conomique des Etats de l\u2019Afrique centrale (Cemac ...\" \/>\n<meta property=\"og:url\" content=\"https:\/\/www.africa-press.net\/cameroun\/politique\/succession-de-paul-biya-ces-postures-de-franck-biya-qui-font-monter-la-temperature\" \/>\n<meta property=\"og:site_name\" content=\"Cameroun\" \/>\n<meta property=\"article:published_time\" content=\"2023-03-21T18:21:32+00:00\" \/>\n<meta property=\"article:modified_time\" content=\"2023-03-21T18:57:54+00:00\" \/>\n<meta property=\"og:image\" content=\"https:\/\/static.africa-press.net\/cameroun\/sites\/57\/2023\/03\/postQueueImg_1679410306.83.jpg\" \/>\n\t<meta property=\"og:image:width\" content=\"720\" \/>\n\t<meta property=\"og:image:height\" content=\"360\" \/>\n\t<meta property=\"og:image:type\" content=\"image\/jpeg\" \/>\n<meta name=\"author\" content=\"cfeditorfr\" \/>\n<meta name=\"twitter:card\" content=\"summary_large_image\" \/>\n<meta name=\"twitter:label1\" content=\"\u00c9crit par\" \/>\n\t<meta name=\"twitter:data1\" content=\"cfeditorfr\" \/>\n\t<meta name=\"twitter:label2\" content=\"Dur\u00e9e de lecture estim\u00e9e\" \/>\n\t<meta name=\"twitter:data2\" content=\"3 minutes\" \/>\n<script type=\"application\/ld+json\" class=\"yoast-schema-graph\">{\"@context\":\"https:\/\/schema.org\",\"@graph\":[{\"@type\":\"Article\",\"@id\":\"https:\/\/www.africa-press.net\/cameroun\/politique\/succession-de-paul-biya-ces-postures-de-franck-biya-qui-font-monter-la-temperature#article\",\"isPartOf\":{\"@id\":\"https:\/\/www.africa-press.net\/cameroun\/politique\/succession-de-paul-biya-ces-postures-de-franck-biya-qui-font-monter-la-temperature\"},\"author\":{\"name\":\"cfeditorfr\",\"@id\":\"https:\/\/www.africa-press.net\/cameroun\/#\/schema\/person\/2b1cf3cd81a31e3cd26889ca66d677f1\"},\"headline\":\"Succession de Paul Biya : Ces postures de Franck Biya qui font monter la temp\u00e9rature\",\"datePublished\":\"2023-03-21T18:21:32+00:00\",\"dateModified\":\"2023-03-21T18:57:54+00:00\",\"mainEntityOfPage\":{\"@id\":\"https:\/\/www.africa-press.net\/cameroun\/politique\/succession-de-paul-biya-ces-postures-de-franck-biya-qui-font-monter-la-temperature\"},\"wordCount\":715,\"commentCount\":0,\"image\":{\"@id\":\"https:\/\/www.africa-press.net\/cameroun\/politique\/succession-de-paul-biya-ces-postures-de-franck-biya-qui-font-monter-la-temperature#primaryimage\"},\"thumbnailUrl\":\"https:\/\/static.africa-press.net\/cameroun\/sites\/57\/2023\/03\/postQueueImg_1679410306.83.jpg\",\"keywords\":[\"Africa Press\",\"Africa Press-Cameroun\",\"Cameroun\"],\"articleSection\":[\"Politique\",\"Toutes les actualit\u00e9s\"],\"inLanguage\":\"fr-FR\",\"potentialAction\":[{\"@type\":\"CommentAction\",\"name\":\"Comment\",\"target\":[\"https:\/\/www.africa-press.net\/cameroun\/politique\/succession-de-paul-biya-ces-postures-de-franck-biya-qui-font-monter-la-temperature#respond\"]}]},{\"@type\":\"WebPage\",\"@id\":\"https:\/\/www.africa-press.net\/cameroun\/politique\/succession-de-paul-biya-ces-postures-de-franck-biya-qui-font-monter-la-temperature\",\"url\":\"https:\/\/www.africa-press.net\/cameroun\/politique\/succession-de-paul-biya-ces-postures-de-franck-biya-qui-font-monter-la-temperature\",\"name\":\"Succession de Paul Biya : Ces postures de Franck Biya qui font monter la temp\u00e9rature - Cameroun\",\"isPartOf\":{\"@id\":\"https:\/\/www.africa-press.net\/cameroun\/#website\"},\"primaryImageOfPage\":{\"@id\":\"https:\/\/www.africa-press.net\/cameroun\/politique\/succession-de-paul-biya-ces-postures-de-franck-biya-qui-font-monter-la-temperature#primaryimage\"},\"image\":{\"@id\":\"https:\/\/www.africa-press.net\/cameroun\/politique\/succession-de-paul-biya-ces-postures-de-franck-biya-qui-font-monter-la-temperature#primaryimage\"},\"thumbnailUrl\":\"https:\/\/static.africa-press.net\/cameroun\/sites\/57\/2023\/03\/postQueueImg_1679410306.83.jpg\",\"datePublished\":\"2023-03-21T18:21:32+00:00\",\"dateModified\":\"2023-03-21T18:57:54+00:00\",\"author\":{\"@id\":\"https:\/\/www.africa-press.net\/cameroun\/#\/schema\/person\/2b1cf3cd81a31e3cd26889ca66d677f1\"},\"description\":\"Au cours de la 15e\u0300me Confe\u0301rences des chefs d\u2019Etat de la Communaute\u0301 e\u0301conomique des Etats de l\u2019Afrique centrale (Cemac ...\",\"breadcrumb\":{\"@id\":\"https:\/\/www.africa-press.net\/cameroun\/politique\/succession-de-paul-biya-ces-postures-de-franck-biya-qui-font-monter-la-temperature#breadcrumb\"},\"inLanguage\":\"fr-FR\",\"potentialAction\":[{\"@type\":\"ReadAction\",\"target\":[\"https:\/\/www.africa-press.net\/cameroun\/politique\/succession-de-paul-biya-ces-postures-de-franck-biya-qui-font-monter-la-temperature\"]}]},{\"@type\":\"ImageObject\",\"inLanguage\":\"fr-FR\",\"@id\":\"https:\/\/www.africa-press.net\/cameroun\/politique\/succession-de-paul-biya-ces-postures-de-franck-biya-qui-font-monter-la-temperature#primaryimage\",\"url\":\"https:\/\/static.africa-press.net\/cameroun\/sites\/57\/2023\/03\/postQueueImg_1679410306.83.jpg\",\"contentUrl\":\"https:\/\/static.africa-press.net\/cameroun\/sites\/57\/2023\/03\/postQueueImg_1679410306.83.jpg\",\"width\":720,\"height\":360,\"caption\":\"Succession de Paul Biya : Ces postures de Franck Biya qui font monter la temp\u00e9rature\"},{\"@type\":\"BreadcrumbList\",\"@id\":\"https:\/\/www.africa-press.net\/cameroun\/politique\/succession-de-paul-biya-ces-postures-de-franck-biya-qui-font-monter-la-temperature#breadcrumb\",\"itemListElement\":[{\"@type\":\"ListItem\",\"position\":1,\"name\":\"Accueil\",\"item\":\"https:\/\/www.africa-press.net\/cameroun\/\"},{\"@type\":\"ListItem\",\"position\":2,\"name\":\"Succession de Paul Biya : Ces postures de Franck Biya qui font monter la temp\u00e9rature\"}]},{\"@type\":\"WebSite\",\"@id\":\"https:\/\/www.africa-press.net\/cameroun\/#website\",\"url\":\"https:\/\/www.africa-press.net\/cameroun\/\",\"name\":\"Cameroun\",\"description\":\"Just another Africa News Agency Sites site\",\"potentialAction\":[{\"@type\":\"SearchAction\",\"target\":{\"@type\":\"EntryPoint\",\"urlTemplate\":\"https:\/\/www.africa-press.net\/cameroun\/?s={search_term_string}\"},\"query-input\":{\"@type\":\"PropertyValueSpecification\",\"valueRequired\":true,\"valueName\":\"search_term_string\"}}],\"inLanguage\":\"fr-FR\"},{\"@type\":\"Person\",\"@id\":\"https:\/\/www.africa-press.net\/cameroun\/#\/schema\/person\/2b1cf3cd81a31e3cd26889ca66d677f1\",\"name\":\"cfeditorfr\"}]}<\/script>\n<!-- \/ Yoast SEO Premium plugin. -->","yoast_head_json":{"title":"Succession de Paul Biya :  Ces postures de Franck Biya qui font monter la temp\u00e9rature - Cameroun","description":"Au cours de la 15e\u0300me Confe\u0301rences des chefs d\u2019Etat de la Communaute\u0301 e\u0301conomique des Etats de l\u2019Afrique centrale (Cemac ...","robots":{"index":"index","follow":"follow","max-snippet":"max-snippet:-1","max-image-preview":"max-image-preview:large","max-video-preview":"max-video-preview:-1"},"canonical":"https:\/\/www.africa-press.net\/cameroun\/politique\/succession-de-paul-biya-ces-postures-de-franck-biya-qui-font-monter-la-temperature","og_locale":"fr_FR","og_type":"article","og_title":"Succession de Paul Biya :  Ces postures de Franck Biya qui font monter la temp\u00e9rature","og_description":"Au cours de la 15e\u0300me Confe\u0301rences des chefs d\u2019Etat de la Communaute\u0301 e\u0301conomique des Etats de l\u2019Afrique centrale (Cemac ...","og_url":"https:\/\/www.africa-press.net\/cameroun\/politique\/succession-de-paul-biya-ces-postures-de-franck-biya-qui-font-monter-la-temperature","og_site_name":"Cameroun","article_published_time":"2023-03-21T18:21:32+00:00","article_modified_time":"2023-03-21T18:57:54+00:00","og_image":[{"width":720,"height":360,"url":"https:\/\/static.africa-press.net\/cameroun\/sites\/57\/2023\/03\/postQueueImg_1679410306.83.jpg","type":"image\/jpeg"}],"author":"cfeditorfr","twitter_card":"summary_large_image","twitter_misc":{"\u00c9crit par":"cfeditorfr","Dur\u00e9e de lecture estim\u00e9e":"3 minutes"},"schema":{"@context":"https:\/\/schema.org","@graph":[{"@type":"Article","@id":"https:\/\/www.africa-press.net\/cameroun\/politique\/succession-de-paul-biya-ces-postures-de-franck-biya-qui-font-monter-la-temperature#article","isPartOf":{"@id":"https:\/\/www.africa-press.net\/cameroun\/politique\/succession-de-paul-biya-ces-postures-de-franck-biya-qui-font-monter-la-temperature"},"author":{"name":"cfeditorfr","@id":"https:\/\/www.africa-press.net\/cameroun\/#\/schema\/person\/2b1cf3cd81a31e3cd26889ca66d677f1"},"headline":"Succession de Paul Biya : Ces postures de Franck Biya qui font monter la temp\u00e9rature","datePublished":"2023-03-21T18:21:32+00:00","dateModified":"2023-03-21T18:57:54+00:00","mainEntityOfPage":{"@id":"https:\/\/www.africa-press.net\/cameroun\/politique\/succession-de-paul-biya-ces-postures-de-franck-biya-qui-font-monter-la-temperature"},"wordCount":715,"commentCount":0,"image":{"@id":"https:\/\/www.africa-press.net\/cameroun\/politique\/succession-de-paul-biya-ces-postures-de-franck-biya-qui-font-monter-la-temperature#primaryimage"},"thumbnailUrl":"https:\/\/static.africa-press.net\/cameroun\/sites\/57\/2023\/03\/postQueueImg_1679410306.83.jpg","keywords":["Africa Press","Africa Press-Cameroun","Cameroun"],"articleSection":["Politique","Toutes les actualit\u00e9s"],"inLanguage":"fr-FR","potentialAction":[{"@type":"CommentAction","name":"Comment","target":["https:\/\/www.africa-press.net\/cameroun\/politique\/succession-de-paul-biya-ces-postures-de-franck-biya-qui-font-monter-la-temperature#respond"]}]},{"@type":"WebPage","@id":"https:\/\/www.africa-press.net\/cameroun\/politique\/succession-de-paul-biya-ces-postures-de-franck-biya-qui-font-monter-la-temperature","url":"https:\/\/www.africa-press.net\/cameroun\/politique\/succession-de-paul-biya-ces-postures-de-franck-biya-qui-font-monter-la-temperature","name":"Succession de Paul Biya : Ces postures de Franck Biya qui font monter la temp\u00e9rature - Cameroun","isPartOf":{"@id":"https:\/\/www.africa-press.net\/cameroun\/#website"},"primaryImageOfPage":{"@id":"https:\/\/www.africa-press.net\/cameroun\/politique\/succession-de-paul-biya-ces-postures-de-franck-biya-qui-font-monter-la-temperature#primaryimage"},"image":{"@id":"https:\/\/www.africa-press.net\/cameroun\/politique\/succession-de-paul-biya-ces-postures-de-franck-biya-qui-font-monter-la-temperature#primaryimage"},"thumbnailUrl":"https:\/\/static.africa-press.net\/cameroun\/sites\/57\/2023\/03\/postQueueImg_1679410306.83.jpg","datePublished":"2023-03-21T18:21:32+00:00","dateModified":"2023-03-21T18:57:54+00:00","author":{"@id":"https:\/\/www.africa-press.net\/cameroun\/#\/schema\/person\/2b1cf3cd81a31e3cd26889ca66d677f1"},"description":"Au cours de la 15e\u0300me Confe\u0301rences des chefs d\u2019Etat de la Communaute\u0301 e\u0301conomique des Etats de l\u2019Afrique centrale (Cemac ...","breadcrumb":{"@id":"https:\/\/www.africa-press.net\/cameroun\/politique\/succession-de-paul-biya-ces-postures-de-franck-biya-qui-font-monter-la-temperature#breadcrumb"},"inLanguage":"fr-FR","potentialAction":[{"@type":"ReadAction","target":["https:\/\/www.africa-press.net\/cameroun\/politique\/succession-de-paul-biya-ces-postures-de-franck-biya-qui-font-monter-la-temperature"]}]},{"@type":"ImageObject","inLanguage":"fr-FR","@id":"https:\/\/www.africa-press.net\/cameroun\/politique\/succession-de-paul-biya-ces-postures-de-franck-biya-qui-font-monter-la-temperature#primaryimage","url":"https:\/\/static.africa-press.net\/cameroun\/sites\/57\/2023\/03\/postQueueImg_1679410306.83.jpg","contentUrl":"https:\/\/static.africa-press.net\/cameroun\/sites\/57\/2023\/03\/postQueueImg_1679410306.83.jpg","width":720,"height":360,"caption":"Succession de Paul Biya : Ces postures de Franck Biya qui font monter la temp\u00e9rature"},{"@type":"BreadcrumbList","@id":"https:\/\/www.africa-press.net\/cameroun\/politique\/succession-de-paul-biya-ces-postures-de-franck-biya-qui-font-monter-la-temperature#breadcrumb","itemListElement":[{"@type":"ListItem","position":1,"name":"Accueil","item":"https:\/\/www.africa-press.net\/cameroun\/"},{"@type":"ListItem","position":2,"name":"Succession de Paul Biya : Ces postures de Franck Biya qui font monter la temp\u00e9rature"}]},{"@type":"WebSite","@id":"https:\/\/www.africa-press.net\/cameroun\/#website","url":"https:\/\/www.africa-press.net\/cameroun\/","name":"Cameroun","description":"Just another Africa News Agency Sites site","potentialAction":[{"@type":"SearchAction","target":{"@type":"EntryPoint","urlTemplate":"https:\/\/www.africa-press.net\/cameroun\/?s={search_term_string}"},"query-input":{"@type":"PropertyValueSpecification","valueRequired":true,"valueName":"search_term_string"}}],"inLanguage":"fr-FR"},{"@type":"Person","@id":"https:\/\/www.africa-press.net\/cameroun\/#\/schema\/person\/2b1cf3cd81a31e3cd26889ca66d677f1","name":"cfeditorfr"}]}},"_links":{"self":[{"href":"https:\/\/www.africa-press.net\/cameroun\/wp-json\/wp\/v2\/posts\/39946","targetHints":{"allow":["GET"]}}],"collection":[{"href":"https:\/\/www.africa-press.net\/cameroun\/wp-json\/wp\/v2\/posts"}],"about":[{"href":"https:\/\/www.africa-press.net\/cameroun\/wp-json\/wp\/v2\/types\/post"}],"author":[{"embeddable":true,"href":"https:\/\/www.africa-press.net\/cameroun\/wp-json\/wp\/v2\/users\/82"}],"replies":[{"embeddable":true,"href":"https:\/\/www.africa-press.net\/cameroun\/wp-json\/wp\/v2\/comments?post=39946"}],"version-history":[{"count":0,"href":"https:\/\/www.africa-press.net\/cameroun\/wp-json\/wp\/v2\/posts\/39946\/revisions"}],"wp:featuredmedia":[{"embeddable":true,"href":"https:\/\/www.africa-press.net\/cameroun\/wp-json\/wp\/v2\/media\/39944"}],"wp:attachment":[{"href":"https:\/\/www.africa-press.net\/cameroun\/wp-json\/wp\/v2\/media?parent=39946"}],"wp:term":[{"taxonomy":"category","embeddable":true,"href":"https:\/\/www.africa-press.net\/cameroun\/wp-json\/wp\/v2\/categories?post=39946"},{"taxonomy":"post_tag","embeddable":true,"href":"https:\/\/www.africa-press.net\/cameroun\/wp-json\/wp\/v2\/tags?post=39946"}],"curies":[{"name":"wp","href":"https:\/\/api.w.org\/{rel}","templated":true}]}}