{"id":39958,"date":"2023-03-21T18:23:10","date_gmt":"2023-03-21T18:23:10","guid":{"rendered":"https:\/\/www.africa-press.net\/cameroun\/politique\/revelation-les-raisons-secretes-du-retrait-de-maxime-eko-eko-de-sa-cellule"},"modified":"2023-03-21T18:59:21","modified_gmt":"2023-03-21T18:59:21","slug":"revelation-les-raisons-secretes-du-retrait-de-maxime-eko-eko-de-sa-cellule","status":"publish","type":"post","link":"https:\/\/www.africa-press.net\/cameroun\/politique\/revelation-les-raisons-secretes-du-retrait-de-maxime-eko-eko-de-sa-cellule","title":{"rendered":"REVELATION : les raisons secr\u00e8tes du retrait de Maxime Eko Eko de sa cellule"},"content":{"rendered":"<p><span style=\"color: #ff6600\"><strong>Africa-Press &#8211; Cameroun. <\/strong><\/span>Le jeudi 16 mars 2023, une descente a e\u0301te\u0301 organise\u0301e par le juge d&rsquo;instruction du Tribunal militaire de Yaounde\u0301 au sie\u0300ge de la Direction ge\u0301ne\u0301rale de la recherche exte\u0301rieure (Dgre) dans le cadre de l&rsquo;affaire Martinez Zogo. Le patron par inte\u0301rim de la Dgre, Monkouop Mouminou, avait soumis une reque\u0302te au commissaire du gouvernement pour lever les scelle\u0301s appose\u0301s sur les voies d&rsquo;acce\u0300s au bureau de Maxime Eko Eko de\u0301tenu a\u0300 la prison principale de Yaounde\u0301-Kondengui depuis son inculpation par le Tribunal militaire de Yaounde\u0301.<\/p>\n<p>La reque\u0302te avait pour but de re\u0301cupe\u0301rer certains dossiers en cours de traitement et du mate\u0301riel de travail qui e\u0301taient bloque\u0301s dans l&rsquo;espace de travail de la Dgre. Sur la base des re\u0301quisitions faites par le commissaire du gouvernement, M. Oyono Ebessa a pris une ordonnance permettant d&rsquo;effectuer un transport judiciaire a\u0300 la Dgre.<\/p>\n<p>Maxime Eko Eko a donc e\u0301te\u0301 extrait de la prison principale de Yaounde\u0301-Kondengui, encadre\u0301 par une escorte des e\u0301le\u0301ments du Groupement polyvalent d&rsquo;intervention de la gendarmerie nationale (GPIGN), pour effectuer ce transport judiciaire ce Jeudi-la\u0300. Cette extraction a e\u0301te\u0301 mal interpre\u0301te\u0301e par certains comme une occasion de remise en liberte\u0301 de l&rsquo;ancien directeur de la Dgre ou d&rsquo;une perquisition de son bureau par le juge d&rsquo;instruction.<\/p>\n<p>Par contre, le juge d&rsquo;instruction, Maxime Eko Eko et ses avocats ont du\u0302 attendre jusqu&rsquo;a\u0300 16 heures avant de se rendre sur les lieux de la Dgre, car le commissaire du gouvernement s&rsquo;est fait longtemps attendre avant de se montrer disponible. En sa pre\u0301sence, le juge d&rsquo;instruction a conduit l&rsquo;ensemble de sa suite a\u0300 la Dgre, ou\u0300 M. Oyono Ebessa a effectivement proce\u0301de\u0301 a\u0300 l&rsquo;enle\u0300vement des scelle\u0301s appose\u0301s par les officiers de police judiciaire (OPJ). Les dossiers bloque\u0301s dans le bureau ont e\u0301te\u0301 sortis, ainsi que le mate\u0301riel de travail. Selon le journal Kalara, ce sont 48 pie\u0300ces au total. Maxime Eko Eko a e\u0301galement profite\u0301 pour re\u0301cupe\u0301rer certains de ses effets personnels, dont sa bible et ses photographies.<\/p>\n<p>Cette descente a\u0300 la Dgre a permis a\u0300 Monkouop Mouminou, l&rsquo;adjoint au directeur de la Dgre, de re\u0301cupe\u0301rer le mate\u0301riel et les dossiers bloque\u0301s pour assurer efficacement l&rsquo;entie\u0300rete\u0301 de sa fonction. L&rsquo;ancien homme fort de la Dgre, de\u0301sormais prisonnier, comme susmentionne\u0301, a juste pu avoir acce\u0300s a\u0300 ses effets personnels et documents de travail. Mais cela n&rsquo;a rien a\u0300 voir avec une remise en liberte\u0301 ou une perquisition d\u2019apre\u0300s le journal Kalara.<\/p>\n<p><strong>Pour plus d&rsquo;informations et d&rsquo;analyses sur la <a href=\"https:\/\/www.africa-press.net\/cameroun\">Cameroun<\/a>, suivez <a href=\"https:\/\/www.africa-press.net\/\">Africa-Press<\/a><\/strong><\/p>\n","protected":false},"excerpt":{"rendered":"<p>Africa-Press &#8211; Cameroun. Le jeudi 16 mars 2023, une descente a e\u0301te\u0301 organise\u0301e par le juge d&rsquo;instruction du Tribunal militaire de Yaounde\u0301 au sie\u0300ge de la Direction ge\u0301ne\u0301rale de la recherche exte\u0301rieure (Dgre) dans le cadre de l&rsquo;affaire Martinez Zogo. Le patron par inte\u0301rim de la Dgre, Monkouop Mouminou, avait soumis une reque\u0302te au commissaire [&hellip;]<\/p>\n","protected":false},"author":82,"featured_media":39957,"comment_status":"open","ping_status":"closed","sticky":false,"template":"","format":"standard","meta":{"footnotes":""},"categories":[2,10],"tags":[36,50,49],"class_list":["post-39958","post","type-post","status-publish","format-standard","has-post-thumbnail","hentry","category-politique","category-toutes-les-actualites","tag-africa-press","tag-africa-press-cameroun","tag-cameroun"],"yoast_head":"<!-- This site is optimized with the Yoast SEO Premium plugin v26.1 (Yoast SEO v27.0) - https:\/\/yoast.com\/product\/yoast-seo-premium-wordpress\/ -->\n<title>REVELATION : les raisons secr\u00e8tes du retrait de Maxime Eko Eko de sa cellule - Cameroun<\/title>\n<meta name=\"description\" content=\"Le jeudi 16 mars 2023, une descente a e\u0301te\u0301 organise\u0301e par le juge d&#039;instruction du Tribunal militaire de Yaounde\u0301 au si ...\" \/>\n<meta name=\"robots\" content=\"index, follow, max-snippet:-1, max-image-preview:large, max-video-preview:-1\" \/>\n<link rel=\"canonical\" href=\"https:\/\/www.africa-press.net\/cameroun\/politique\/revelation-les-raisons-secretes-du-retrait-de-maxime-eko-eko-de-sa-cellule\" \/>\n<meta property=\"og:locale\" content=\"fr_FR\" \/>\n<meta property=\"og:type\" content=\"article\" \/>\n<meta property=\"og:title\" content=\"REVELATION : les raisons secr\u00e8tes du retrait de Maxime Eko Eko de sa cellule\" \/>\n<meta property=\"og:description\" content=\"Le jeudi 16 mars 2023, une descente a e\u0301te\u0301 organise\u0301e par le juge d&#039;instruction du Tribunal militaire de Yaounde\u0301 au si ...\" \/>\n<meta property=\"og:url\" content=\"https:\/\/www.africa-press.net\/cameroun\/politique\/revelation-les-raisons-secretes-du-retrait-de-maxime-eko-eko-de-sa-cellule\" \/>\n<meta property=\"og:site_name\" content=\"Cameroun\" \/>\n<meta property=\"article:published_time\" content=\"2023-03-21T18:23:10+00:00\" \/>\n<meta property=\"article:modified_time\" content=\"2023-03-21T18:59:21+00:00\" \/>\n<meta property=\"og:image\" content=\"https:\/\/static.africa-press.net\/cameroun\/sites\/57\/2023\/03\/postQueueImg_1679410412.84.jpg\" \/>\n\t<meta property=\"og:image:width\" content=\"720\" \/>\n\t<meta property=\"og:image:height\" content=\"525\" \/>\n\t<meta property=\"og:image:type\" content=\"image\/jpeg\" \/>\n<meta name=\"author\" content=\"cfeditorfr\" \/>\n<meta name=\"twitter:card\" content=\"summary_large_image\" \/>\n<meta name=\"twitter:label1\" content=\"\u00c9crit par\" \/>\n\t<meta name=\"twitter:data1\" content=\"cfeditorfr\" \/>\n\t<meta name=\"twitter:label2\" content=\"Dur\u00e9e de lecture estim\u00e9e\" \/>\n\t<meta name=\"twitter:data2\" content=\"2 minutes\" \/>\n<script type=\"application\/ld+json\" class=\"yoast-schema-graph\">{\"@context\":\"https:\/\/schema.org\",\"@graph\":[{\"@type\":\"Article\",\"@id\":\"https:\/\/www.africa-press.net\/cameroun\/politique\/revelation-les-raisons-secretes-du-retrait-de-maxime-eko-eko-de-sa-cellule#article\",\"isPartOf\":{\"@id\":\"https:\/\/www.africa-press.net\/cameroun\/politique\/revelation-les-raisons-secretes-du-retrait-de-maxime-eko-eko-de-sa-cellule\"},\"author\":{\"name\":\"cfeditorfr\",\"@id\":\"https:\/\/www.africa-press.net\/cameroun\/#\/schema\/person\/2b1cf3cd81a31e3cd26889ca66d677f1\"},\"headline\":\"REVELATION : les raisons secr\u00e8tes du retrait de Maxime Eko Eko de sa cellule\",\"datePublished\":\"2023-03-21T18:23:10+00:00\",\"dateModified\":\"2023-03-21T18:59:21+00:00\",\"mainEntityOfPage\":{\"@id\":\"https:\/\/www.africa-press.net\/cameroun\/politique\/revelation-les-raisons-secretes-du-retrait-de-maxime-eko-eko-de-sa-cellule\"},\"wordCount\":488,\"commentCount\":0,\"image\":{\"@id\":\"https:\/\/www.africa-press.net\/cameroun\/politique\/revelation-les-raisons-secretes-du-retrait-de-maxime-eko-eko-de-sa-cellule#primaryimage\"},\"thumbnailUrl\":\"https:\/\/static.africa-press.net\/cameroun\/sites\/57\/2023\/03\/postQueueImg_1679410412.84.jpg\",\"keywords\":[\"Africa Press\",\"Africa Press-Cameroun\",\"Cameroun\"],\"articleSection\":[\"Politique\",\"Toutes les actualit\u00e9s\"],\"inLanguage\":\"fr-FR\",\"potentialAction\":[{\"@type\":\"CommentAction\",\"name\":\"Comment\",\"target\":[\"https:\/\/www.africa-press.net\/cameroun\/politique\/revelation-les-raisons-secretes-du-retrait-de-maxime-eko-eko-de-sa-cellule#respond\"]}]},{\"@type\":\"WebPage\",\"@id\":\"https:\/\/www.africa-press.net\/cameroun\/politique\/revelation-les-raisons-secretes-du-retrait-de-maxime-eko-eko-de-sa-cellule\",\"url\":\"https:\/\/www.africa-press.net\/cameroun\/politique\/revelation-les-raisons-secretes-du-retrait-de-maxime-eko-eko-de-sa-cellule\",\"name\":\"REVELATION : les raisons secr\u00e8tes du retrait de Maxime Eko Eko de sa cellule - Cameroun\",\"isPartOf\":{\"@id\":\"https:\/\/www.africa-press.net\/cameroun\/#website\"},\"primaryImageOfPage\":{\"@id\":\"https:\/\/www.africa-press.net\/cameroun\/politique\/revelation-les-raisons-secretes-du-retrait-de-maxime-eko-eko-de-sa-cellule#primaryimage\"},\"image\":{\"@id\":\"https:\/\/www.africa-press.net\/cameroun\/politique\/revelation-les-raisons-secretes-du-retrait-de-maxime-eko-eko-de-sa-cellule#primaryimage\"},\"thumbnailUrl\":\"https:\/\/static.africa-press.net\/cameroun\/sites\/57\/2023\/03\/postQueueImg_1679410412.84.jpg\",\"datePublished\":\"2023-03-21T18:23:10+00:00\",\"dateModified\":\"2023-03-21T18:59:21+00:00\",\"author\":{\"@id\":\"https:\/\/www.africa-press.net\/cameroun\/#\/schema\/person\/2b1cf3cd81a31e3cd26889ca66d677f1\"},\"description\":\"Le jeudi 16 mars 2023, une descente a e\u0301te\u0301 organise\u0301e par le juge d'instruction du Tribunal militaire de Yaounde\u0301 au si ...\",\"breadcrumb\":{\"@id\":\"https:\/\/www.africa-press.net\/cameroun\/politique\/revelation-les-raisons-secretes-du-retrait-de-maxime-eko-eko-de-sa-cellule#breadcrumb\"},\"inLanguage\":\"fr-FR\",\"potentialAction\":[{\"@type\":\"ReadAction\",\"target\":[\"https:\/\/www.africa-press.net\/cameroun\/politique\/revelation-les-raisons-secretes-du-retrait-de-maxime-eko-eko-de-sa-cellule\"]}]},{\"@type\":\"ImageObject\",\"inLanguage\":\"fr-FR\",\"@id\":\"https:\/\/www.africa-press.net\/cameroun\/politique\/revelation-les-raisons-secretes-du-retrait-de-maxime-eko-eko-de-sa-cellule#primaryimage\",\"url\":\"https:\/\/static.africa-press.net\/cameroun\/sites\/57\/2023\/03\/postQueueImg_1679410412.84.jpg\",\"contentUrl\":\"https:\/\/static.africa-press.net\/cameroun\/sites\/57\/2023\/03\/postQueueImg_1679410412.84.jpg\",\"width\":720,\"height\":525,\"caption\":\"REVELATION : les raisons secr\u00e8tes du retrait de Maxime Eko Eko de sa cellule\"},{\"@type\":\"BreadcrumbList\",\"@id\":\"https:\/\/www.africa-press.net\/cameroun\/politique\/revelation-les-raisons-secretes-du-retrait-de-maxime-eko-eko-de-sa-cellule#breadcrumb\",\"itemListElement\":[{\"@type\":\"ListItem\",\"position\":1,\"name\":\"Accueil\",\"item\":\"https:\/\/www.africa-press.net\/cameroun\/\"},{\"@type\":\"ListItem\",\"position\":2,\"name\":\"REVELATION : les raisons secr\u00e8tes du retrait de Maxime Eko Eko de sa cellule\"}]},{\"@type\":\"WebSite\",\"@id\":\"https:\/\/www.africa-press.net\/cameroun\/#website\",\"url\":\"https:\/\/www.africa-press.net\/cameroun\/\",\"name\":\"Cameroun\",\"description\":\"Just another Africa News Agency Sites site\",\"potentialAction\":[{\"@type\":\"SearchAction\",\"target\":{\"@type\":\"EntryPoint\",\"urlTemplate\":\"https:\/\/www.africa-press.net\/cameroun\/?s={search_term_string}\"},\"query-input\":{\"@type\":\"PropertyValueSpecification\",\"valueRequired\":true,\"valueName\":\"search_term_string\"}}],\"inLanguage\":\"fr-FR\"},{\"@type\":\"Person\",\"@id\":\"https:\/\/www.africa-press.net\/cameroun\/#\/schema\/person\/2b1cf3cd81a31e3cd26889ca66d677f1\",\"name\":\"cfeditorfr\"}]}<\/script>\n<!-- \/ Yoast SEO Premium plugin. -->","yoast_head_json":{"title":"REVELATION : les raisons secr\u00e8tes du retrait de Maxime Eko Eko de sa cellule - Cameroun","description":"Le jeudi 16 mars 2023, une descente a e\u0301te\u0301 organise\u0301e par le juge d'instruction du Tribunal militaire de Yaounde\u0301 au si ...","robots":{"index":"index","follow":"follow","max-snippet":"max-snippet:-1","max-image-preview":"max-image-preview:large","max-video-preview":"max-video-preview:-1"},"canonical":"https:\/\/www.africa-press.net\/cameroun\/politique\/revelation-les-raisons-secretes-du-retrait-de-maxime-eko-eko-de-sa-cellule","og_locale":"fr_FR","og_type":"article","og_title":"REVELATION : les raisons secr\u00e8tes du retrait de Maxime Eko Eko de sa cellule","og_description":"Le jeudi 16 mars 2023, une descente a e\u0301te\u0301 organise\u0301e par le juge d'instruction du Tribunal militaire de Yaounde\u0301 au si ...","og_url":"https:\/\/www.africa-press.net\/cameroun\/politique\/revelation-les-raisons-secretes-du-retrait-de-maxime-eko-eko-de-sa-cellule","og_site_name":"Cameroun","article_published_time":"2023-03-21T18:23:10+00:00","article_modified_time":"2023-03-21T18:59:21+00:00","og_image":[{"width":720,"height":525,"url":"https:\/\/static.africa-press.net\/cameroun\/sites\/57\/2023\/03\/postQueueImg_1679410412.84.jpg","type":"image\/jpeg"}],"author":"cfeditorfr","twitter_card":"summary_large_image","twitter_misc":{"\u00c9crit par":"cfeditorfr","Dur\u00e9e de lecture estim\u00e9e":"2 minutes"},"schema":{"@context":"https:\/\/schema.org","@graph":[{"@type":"Article","@id":"https:\/\/www.africa-press.net\/cameroun\/politique\/revelation-les-raisons-secretes-du-retrait-de-maxime-eko-eko-de-sa-cellule#article","isPartOf":{"@id":"https:\/\/www.africa-press.net\/cameroun\/politique\/revelation-les-raisons-secretes-du-retrait-de-maxime-eko-eko-de-sa-cellule"},"author":{"name":"cfeditorfr","@id":"https:\/\/www.africa-press.net\/cameroun\/#\/schema\/person\/2b1cf3cd81a31e3cd26889ca66d677f1"},"headline":"REVELATION : les raisons secr\u00e8tes du retrait de Maxime Eko Eko de sa cellule","datePublished":"2023-03-21T18:23:10+00:00","dateModified":"2023-03-21T18:59:21+00:00","mainEntityOfPage":{"@id":"https:\/\/www.africa-press.net\/cameroun\/politique\/revelation-les-raisons-secretes-du-retrait-de-maxime-eko-eko-de-sa-cellule"},"wordCount":488,"commentCount":0,"image":{"@id":"https:\/\/www.africa-press.net\/cameroun\/politique\/revelation-les-raisons-secretes-du-retrait-de-maxime-eko-eko-de-sa-cellule#primaryimage"},"thumbnailUrl":"https:\/\/static.africa-press.net\/cameroun\/sites\/57\/2023\/03\/postQueueImg_1679410412.84.jpg","keywords":["Africa Press","Africa Press-Cameroun","Cameroun"],"articleSection":["Politique","Toutes les actualit\u00e9s"],"inLanguage":"fr-FR","potentialAction":[{"@type":"CommentAction","name":"Comment","target":["https:\/\/www.africa-press.net\/cameroun\/politique\/revelation-les-raisons-secretes-du-retrait-de-maxime-eko-eko-de-sa-cellule#respond"]}]},{"@type":"WebPage","@id":"https:\/\/www.africa-press.net\/cameroun\/politique\/revelation-les-raisons-secretes-du-retrait-de-maxime-eko-eko-de-sa-cellule","url":"https:\/\/www.africa-press.net\/cameroun\/politique\/revelation-les-raisons-secretes-du-retrait-de-maxime-eko-eko-de-sa-cellule","name":"REVELATION : les raisons secr\u00e8tes du retrait de Maxime Eko Eko de sa cellule - Cameroun","isPartOf":{"@id":"https:\/\/www.africa-press.net\/cameroun\/#website"},"primaryImageOfPage":{"@id":"https:\/\/www.africa-press.net\/cameroun\/politique\/revelation-les-raisons-secretes-du-retrait-de-maxime-eko-eko-de-sa-cellule#primaryimage"},"image":{"@id":"https:\/\/www.africa-press.net\/cameroun\/politique\/revelation-les-raisons-secretes-du-retrait-de-maxime-eko-eko-de-sa-cellule#primaryimage"},"thumbnailUrl":"https:\/\/static.africa-press.net\/cameroun\/sites\/57\/2023\/03\/postQueueImg_1679410412.84.jpg","datePublished":"2023-03-21T18:23:10+00:00","dateModified":"2023-03-21T18:59:21+00:00","author":{"@id":"https:\/\/www.africa-press.net\/cameroun\/#\/schema\/person\/2b1cf3cd81a31e3cd26889ca66d677f1"},"description":"Le jeudi 16 mars 2023, une descente a e\u0301te\u0301 organise\u0301e par le juge d'instruction du Tribunal militaire de Yaounde\u0301 au si ...","breadcrumb":{"@id":"https:\/\/www.africa-press.net\/cameroun\/politique\/revelation-les-raisons-secretes-du-retrait-de-maxime-eko-eko-de-sa-cellule#breadcrumb"},"inLanguage":"fr-FR","potentialAction":[{"@type":"ReadAction","target":["https:\/\/www.africa-press.net\/cameroun\/politique\/revelation-les-raisons-secretes-du-retrait-de-maxime-eko-eko-de-sa-cellule"]}]},{"@type":"ImageObject","inLanguage":"fr-FR","@id":"https:\/\/www.africa-press.net\/cameroun\/politique\/revelation-les-raisons-secretes-du-retrait-de-maxime-eko-eko-de-sa-cellule#primaryimage","url":"https:\/\/static.africa-press.net\/cameroun\/sites\/57\/2023\/03\/postQueueImg_1679410412.84.jpg","contentUrl":"https:\/\/static.africa-press.net\/cameroun\/sites\/57\/2023\/03\/postQueueImg_1679410412.84.jpg","width":720,"height":525,"caption":"REVELATION : les raisons secr\u00e8tes du retrait de Maxime Eko Eko de sa cellule"},{"@type":"BreadcrumbList","@id":"https:\/\/www.africa-press.net\/cameroun\/politique\/revelation-les-raisons-secretes-du-retrait-de-maxime-eko-eko-de-sa-cellule#breadcrumb","itemListElement":[{"@type":"ListItem","position":1,"name":"Accueil","item":"https:\/\/www.africa-press.net\/cameroun\/"},{"@type":"ListItem","position":2,"name":"REVELATION : les raisons secr\u00e8tes du retrait de Maxime Eko Eko de sa cellule"}]},{"@type":"WebSite","@id":"https:\/\/www.africa-press.net\/cameroun\/#website","url":"https:\/\/www.africa-press.net\/cameroun\/","name":"Cameroun","description":"Just another Africa News Agency Sites site","potentialAction":[{"@type":"SearchAction","target":{"@type":"EntryPoint","urlTemplate":"https:\/\/www.africa-press.net\/cameroun\/?s={search_term_string}"},"query-input":{"@type":"PropertyValueSpecification","valueRequired":true,"valueName":"search_term_string"}}],"inLanguage":"fr-FR"},{"@type":"Person","@id":"https:\/\/www.africa-press.net\/cameroun\/#\/schema\/person\/2b1cf3cd81a31e3cd26889ca66d677f1","name":"cfeditorfr"}]}},"_links":{"self":[{"href":"https:\/\/www.africa-press.net\/cameroun\/wp-json\/wp\/v2\/posts\/39958","targetHints":{"allow":["GET"]}}],"collection":[{"href":"https:\/\/www.africa-press.net\/cameroun\/wp-json\/wp\/v2\/posts"}],"about":[{"href":"https:\/\/www.africa-press.net\/cameroun\/wp-json\/wp\/v2\/types\/post"}],"author":[{"embeddable":true,"href":"https:\/\/www.africa-press.net\/cameroun\/wp-json\/wp\/v2\/users\/82"}],"replies":[{"embeddable":true,"href":"https:\/\/www.africa-press.net\/cameroun\/wp-json\/wp\/v2\/comments?post=39958"}],"version-history":[{"count":0,"href":"https:\/\/www.africa-press.net\/cameroun\/wp-json\/wp\/v2\/posts\/39958\/revisions"}],"wp:featuredmedia":[{"embeddable":true,"href":"https:\/\/www.africa-press.net\/cameroun\/wp-json\/wp\/v2\/media\/39957"}],"wp:attachment":[{"href":"https:\/\/www.africa-press.net\/cameroun\/wp-json\/wp\/v2\/media?parent=39958"}],"wp:term":[{"taxonomy":"category","embeddable":true,"href":"https:\/\/www.africa-press.net\/cameroun\/wp-json\/wp\/v2\/categories?post=39958"},{"taxonomy":"post_tag","embeddable":true,"href":"https:\/\/www.africa-press.net\/cameroun\/wp-json\/wp\/v2\/tags?post=39958"}],"curies":[{"name":"wp","href":"https:\/\/api.w.org\/{rel}","templated":true}]}}