{"id":39968,"date":"2023-03-21T18:24:01","date_gmt":"2023-03-21T18:24:01","guid":{"rendered":"https:\/\/www.africa-press.net\/cameroun\/politique\/cameroun-les-coulees-de-boue-ont-fait-deux-morts-a-buea"},"modified":"2023-03-21T19:00:46","modified_gmt":"2023-03-21T19:00:46","slug":"cameroun-les-coulees-de-boue-ont-fait-deux-morts-a-buea","status":"publish","type":"post","link":"https:\/\/www.africa-press.net\/cameroun\/toutes-les-actualites\/cameroun-les-coulees-de-boue-ont-fait-deux-morts-a-buea","title":{"rendered":"Cameroun : les coul\u00e9es de boue ont fait deux morts \u00e0 Buea"},"content":{"rendered":"<p><span style=\"color: #ff6600\"><strong>Africa-Press &#8211; Cameroun. <\/strong><\/span>Des pluies torrentielles qui se sont abattues sur Buea samedi 18 mars 2023 ont cause\u0301 perte en vie humaine et de nombreux de\u0301ga\u0302ts.<\/p>\n<p>La Haut-commissariat des Nations-Unies aux re\u0301fugie\u0301s (HCR) et le Bureau de coordination d\u2019affaires humanitaires de l\u2019ONU (OCHA) font e\u0301tat de ce qu\u2019au moins deux personnes sont de\u0301ce\u0301de\u0301es dans les coule\u0301es de boue provoque\u0301es par les pluies torrentielles, le week-end dernier a\u0300 Buea, dans la re\u0301gion du Sud-Ouest.<\/p>\n<p>D\u2019apre\u0300s OCHA, plus de 150 me\u0301nages ont e\u0301te\u0301 affecte\u0301s par ce sinistre. De me\u0302me, \u00ab avec la destruction du captage d\u2019eau et des conduites d\u2019adduction d\u2019eau, environ 500 me\u0301nages seront prive\u0301s d\u2019eau potable \u00bb, rapporte l\u2019organisme onusien.<\/p>\n<p>Olivier Beer, le repre\u0301sentant re\u0301sidant du HCR estime qu\u2019\u00ab il y aura certainement un besoin de re\u0301ponse humanitaire rapide aux nombreux besoins qui seront identifie\u0301s, notamment abri, couvertures, soins de sante\u0301 \u00bb.<\/p>\n<p>Des pluies torrentielles se sont abattues sur la ville de Buea samedi 18 mars dernier. Ce qui a provoque\u0301 des coule\u0301es et des e\u0301boulements qui ont fait de nombreuses victimes. En plus des morts, la catastrophe a fait plusieurs blesse\u0301s et des de\u0301ga\u0302ts mate\u0301riels importants.<\/p>\n<p>Pour le gouverneur de la re\u0301gion du Sud-Ouest, les fortes pre\u0301cipitations n\u2019expliquent pas a\u0300 elles seules les coule\u0301es de boue, en provenance du Mont Cameroun, qui ont ravage\u0301 une partie de la ville de Buea. Bernard Okalia Bilai\u0308 met aussi a\u0300 l\u2019index la prolife\u0301ration des constructions anarchiques dans la zone concerne\u0301e par cette catastrophe.<\/p>\n<p>\u00ab La montagne a ses passages d\u2019eau. Quand cette eau se de\u0301verse avec autant de force, si elle ne trouve pas ces passages libres, alors elle va se cre\u0301er d\u2019autres passages et nous allons vivre des conse\u0301quences comme celle-ci \u00bb, a explique\u0301 le gouverneur Bernard Okalia Bilai\u0308 a\u0300 la presse.<\/p>\n<p>C\u2019est ce qui explique sans doute le fait que le quartier Buea Town, au pied du Mont Cameroun, soit en grande partie concerne\u0301 par ces coule\u0301es de boue mortelles. Un e\u0301tudiant de la Survey School de Buea, une annexe de l\u2019E\u0301cole nationale supe\u0301rieure des travaux publics (ENSTP), fait remarquer que Buea Town est justement un quartier en construction ou\u0300 les constructions n\u2019arre\u0302tent pas de sortir de terre. Il lui arrive de travailler sur quelques chantiers dans ce quartier.<\/p>\n<p><strong>Pour plus d&rsquo;informations et d&rsquo;analyses sur la <a href=\"https:\/\/www.africa-press.net\/cameroun\">Cameroun<\/a>, suivez <a href=\"https:\/\/www.africa-press.net\/\">Africa-Press<\/a><\/strong><\/p>\n","protected":false},"excerpt":{"rendered":"<p>Africa-Press &#8211; Cameroun. Des pluies torrentielles qui se sont abattues sur Buea samedi 18 mars 2023 ont cause\u0301 perte en vie humaine et de nombreux de\u0301ga\u0302ts. La Haut-commissariat des Nations-Unies aux re\u0301fugie\u0301s (HCR) et le Bureau de coordination d\u2019affaires humanitaires de l\u2019ONU (OCHA) font e\u0301tat de ce qu\u2019au moins deux personnes sont de\u0301ce\u0301de\u0301es dans les [&hellip;]<\/p>\n","protected":false},"author":82,"featured_media":39966,"comment_status":"open","ping_status":"closed","sticky":false,"template":"","format":"standard","meta":{"footnotes":""},"categories":[21,10],"tags":[36,50,49],"class_list":["post-39968","post","type-post","status-publish","format-standard","has-post-thumbnail","hentry","category-communaute","category-toutes-les-actualites","tag-africa-press","tag-africa-press-cameroun","tag-cameroun"],"yoast_head":"<!-- This site is optimized with the Yoast SEO Premium plugin v26.1 (Yoast SEO v27.0) - https:\/\/yoast.com\/product\/yoast-seo-premium-wordpress\/ -->\n<title>Cameroun : les coul\u00e9es de boue ont fait deux morts \u00e0 Buea - Cameroun<\/title>\n<meta name=\"description\" content=\"Des pluies torrentielles qui se sont abattues sur Buea samedi 18 mars 2023 ont cause\u0301 perte en vie humaine et de nombreu ...\" \/>\n<meta name=\"robots\" content=\"index, follow, max-snippet:-1, max-image-preview:large, max-video-preview:-1\" \/>\n<link rel=\"canonical\" href=\"https:\/\/www.africa-press.net\/cameroun\/toutes-les-actualites\/cameroun-les-coulees-de-boue-ont-fait-deux-morts-a-buea\" \/>\n<meta property=\"og:locale\" content=\"fr_FR\" \/>\n<meta property=\"og:type\" content=\"article\" \/>\n<meta property=\"og:title\" content=\"Cameroun : les coul\u00e9es de boue ont fait deux morts \u00e0 Buea\" \/>\n<meta property=\"og:description\" content=\"Des pluies torrentielles qui se sont abattues sur Buea samedi 18 mars 2023 ont cause\u0301 perte en vie humaine et de nombreu ...\" \/>\n<meta property=\"og:url\" content=\"https:\/\/www.africa-press.net\/cameroun\/toutes-les-actualites\/cameroun-les-coulees-de-boue-ont-fait-deux-morts-a-buea\" \/>\n<meta property=\"og:site_name\" content=\"Cameroun\" \/>\n<meta property=\"article:published_time\" content=\"2023-03-21T18:24:01+00:00\" \/>\n<meta property=\"article:modified_time\" content=\"2023-03-21T19:00:46+00:00\" \/>\n<meta property=\"og:image\" content=\"https:\/\/static.africa-press.net\/cameroun\/sites\/57\/2023\/03\/postQueueImg_1679410446.64.jpg\" \/>\n\t<meta property=\"og:image:width\" content=\"720\" \/>\n\t<meta property=\"og:image:height\" content=\"479\" \/>\n\t<meta property=\"og:image:type\" content=\"image\/jpeg\" \/>\n<meta name=\"author\" content=\"cfeditorfr\" \/>\n<meta name=\"twitter:card\" content=\"summary_large_image\" \/>\n<meta name=\"twitter:label1\" content=\"\u00c9crit par\" \/>\n\t<meta name=\"twitter:data1\" content=\"cfeditorfr\" \/>\n\t<meta name=\"twitter:label2\" content=\"Dur\u00e9e de lecture estim\u00e9e\" \/>\n\t<meta name=\"twitter:data2\" content=\"2 minutes\" \/>\n<script type=\"application\/ld+json\" class=\"yoast-schema-graph\">{\"@context\":\"https:\/\/schema.org\",\"@graph\":[{\"@type\":\"Article\",\"@id\":\"https:\/\/www.africa-press.net\/cameroun\/toutes-les-actualites\/cameroun-les-coulees-de-boue-ont-fait-deux-morts-a-buea#article\",\"isPartOf\":{\"@id\":\"https:\/\/www.africa-press.net\/cameroun\/toutes-les-actualites\/cameroun-les-coulees-de-boue-ont-fait-deux-morts-a-buea\"},\"author\":{\"name\":\"cfeditorfr\",\"@id\":\"https:\/\/www.africa-press.net\/cameroun\/#\/schema\/person\/2b1cf3cd81a31e3cd26889ca66d677f1\"},\"headline\":\"Cameroun : les coul\u00e9es de boue ont fait deux morts \u00e0 Buea\",\"datePublished\":\"2023-03-21T18:24:01+00:00\",\"dateModified\":\"2023-03-21T19:00:46+00:00\",\"mainEntityOfPage\":{\"@id\":\"https:\/\/www.africa-press.net\/cameroun\/toutes-les-actualites\/cameroun-les-coulees-de-boue-ont-fait-deux-morts-a-buea\"},\"wordCount\":439,\"commentCount\":0,\"image\":{\"@id\":\"https:\/\/www.africa-press.net\/cameroun\/toutes-les-actualites\/cameroun-les-coulees-de-boue-ont-fait-deux-morts-a-buea#primaryimage\"},\"thumbnailUrl\":\"https:\/\/static.africa-press.net\/cameroun\/sites\/57\/2023\/03\/postQueueImg_1679410446.64.jpg\",\"keywords\":[\"Africa Press\",\"Africa Press-Cameroun\",\"Cameroun\"],\"articleSection\":[\"Communaut\u00e9\",\"Toutes les actualit\u00e9s\"],\"inLanguage\":\"fr-FR\",\"potentialAction\":[{\"@type\":\"CommentAction\",\"name\":\"Comment\",\"target\":[\"https:\/\/www.africa-press.net\/cameroun\/toutes-les-actualites\/cameroun-les-coulees-de-boue-ont-fait-deux-morts-a-buea#respond\"]}]},{\"@type\":\"WebPage\",\"@id\":\"https:\/\/www.africa-press.net\/cameroun\/toutes-les-actualites\/cameroun-les-coulees-de-boue-ont-fait-deux-morts-a-buea\",\"url\":\"https:\/\/www.africa-press.net\/cameroun\/toutes-les-actualites\/cameroun-les-coulees-de-boue-ont-fait-deux-morts-a-buea\",\"name\":\"Cameroun : les coul\u00e9es de boue ont fait deux morts \u00e0 Buea - Cameroun\",\"isPartOf\":{\"@id\":\"https:\/\/www.africa-press.net\/cameroun\/#website\"},\"primaryImageOfPage\":{\"@id\":\"https:\/\/www.africa-press.net\/cameroun\/toutes-les-actualites\/cameroun-les-coulees-de-boue-ont-fait-deux-morts-a-buea#primaryimage\"},\"image\":{\"@id\":\"https:\/\/www.africa-press.net\/cameroun\/toutes-les-actualites\/cameroun-les-coulees-de-boue-ont-fait-deux-morts-a-buea#primaryimage\"},\"thumbnailUrl\":\"https:\/\/static.africa-press.net\/cameroun\/sites\/57\/2023\/03\/postQueueImg_1679410446.64.jpg\",\"datePublished\":\"2023-03-21T18:24:01+00:00\",\"dateModified\":\"2023-03-21T19:00:46+00:00\",\"author\":{\"@id\":\"https:\/\/www.africa-press.net\/cameroun\/#\/schema\/person\/2b1cf3cd81a31e3cd26889ca66d677f1\"},\"description\":\"Des pluies torrentielles qui se sont abattues sur Buea samedi 18 mars 2023 ont cause\u0301 perte en vie humaine et de nombreu ...\",\"breadcrumb\":{\"@id\":\"https:\/\/www.africa-press.net\/cameroun\/toutes-les-actualites\/cameroun-les-coulees-de-boue-ont-fait-deux-morts-a-buea#breadcrumb\"},\"inLanguage\":\"fr-FR\",\"potentialAction\":[{\"@type\":\"ReadAction\",\"target\":[\"https:\/\/www.africa-press.net\/cameroun\/toutes-les-actualites\/cameroun-les-coulees-de-boue-ont-fait-deux-morts-a-buea\"]}]},{\"@type\":\"ImageObject\",\"inLanguage\":\"fr-FR\",\"@id\":\"https:\/\/www.africa-press.net\/cameroun\/toutes-les-actualites\/cameroun-les-coulees-de-boue-ont-fait-deux-morts-a-buea#primaryimage\",\"url\":\"https:\/\/static.africa-press.net\/cameroun\/sites\/57\/2023\/03\/postQueueImg_1679410446.64.jpg\",\"contentUrl\":\"https:\/\/static.africa-press.net\/cameroun\/sites\/57\/2023\/03\/postQueueImg_1679410446.64.jpg\",\"width\":720,\"height\":479,\"caption\":\"Cameroun : les coul\u00e9es de boue ont fait deux morts \u00e0 Buea\"},{\"@type\":\"BreadcrumbList\",\"@id\":\"https:\/\/www.africa-press.net\/cameroun\/toutes-les-actualites\/cameroun-les-coulees-de-boue-ont-fait-deux-morts-a-buea#breadcrumb\",\"itemListElement\":[{\"@type\":\"ListItem\",\"position\":1,\"name\":\"Accueil\",\"item\":\"https:\/\/www.africa-press.net\/cameroun\/\"},{\"@type\":\"ListItem\",\"position\":2,\"name\":\"Cameroun : les coul\u00e9es de boue ont fait deux morts \u00e0 Buea\"}]},{\"@type\":\"WebSite\",\"@id\":\"https:\/\/www.africa-press.net\/cameroun\/#website\",\"url\":\"https:\/\/www.africa-press.net\/cameroun\/\",\"name\":\"Cameroun\",\"description\":\"Just another Africa News Agency Sites site\",\"potentialAction\":[{\"@type\":\"SearchAction\",\"target\":{\"@type\":\"EntryPoint\",\"urlTemplate\":\"https:\/\/www.africa-press.net\/cameroun\/?s={search_term_string}\"},\"query-input\":{\"@type\":\"PropertyValueSpecification\",\"valueRequired\":true,\"valueName\":\"search_term_string\"}}],\"inLanguage\":\"fr-FR\"},{\"@type\":\"Person\",\"@id\":\"https:\/\/www.africa-press.net\/cameroun\/#\/schema\/person\/2b1cf3cd81a31e3cd26889ca66d677f1\",\"name\":\"cfeditorfr\"}]}<\/script>\n<!-- \/ Yoast SEO Premium plugin. -->","yoast_head_json":{"title":"Cameroun : les coul\u00e9es de boue ont fait deux morts \u00e0 Buea - Cameroun","description":"Des pluies torrentielles qui se sont abattues sur Buea samedi 18 mars 2023 ont cause\u0301 perte en vie humaine et de nombreu ...","robots":{"index":"index","follow":"follow","max-snippet":"max-snippet:-1","max-image-preview":"max-image-preview:large","max-video-preview":"max-video-preview:-1"},"canonical":"https:\/\/www.africa-press.net\/cameroun\/toutes-les-actualites\/cameroun-les-coulees-de-boue-ont-fait-deux-morts-a-buea","og_locale":"fr_FR","og_type":"article","og_title":"Cameroun : les coul\u00e9es de boue ont fait deux morts \u00e0 Buea","og_description":"Des pluies torrentielles qui se sont abattues sur Buea samedi 18 mars 2023 ont cause\u0301 perte en vie humaine et de nombreu ...","og_url":"https:\/\/www.africa-press.net\/cameroun\/toutes-les-actualites\/cameroun-les-coulees-de-boue-ont-fait-deux-morts-a-buea","og_site_name":"Cameroun","article_published_time":"2023-03-21T18:24:01+00:00","article_modified_time":"2023-03-21T19:00:46+00:00","og_image":[{"width":720,"height":479,"url":"https:\/\/static.africa-press.net\/cameroun\/sites\/57\/2023\/03\/postQueueImg_1679410446.64.jpg","type":"image\/jpeg"}],"author":"cfeditorfr","twitter_card":"summary_large_image","twitter_misc":{"\u00c9crit par":"cfeditorfr","Dur\u00e9e de lecture estim\u00e9e":"2 minutes"},"schema":{"@context":"https:\/\/schema.org","@graph":[{"@type":"Article","@id":"https:\/\/www.africa-press.net\/cameroun\/toutes-les-actualites\/cameroun-les-coulees-de-boue-ont-fait-deux-morts-a-buea#article","isPartOf":{"@id":"https:\/\/www.africa-press.net\/cameroun\/toutes-les-actualites\/cameroun-les-coulees-de-boue-ont-fait-deux-morts-a-buea"},"author":{"name":"cfeditorfr","@id":"https:\/\/www.africa-press.net\/cameroun\/#\/schema\/person\/2b1cf3cd81a31e3cd26889ca66d677f1"},"headline":"Cameroun : les coul\u00e9es de boue ont fait deux morts \u00e0 Buea","datePublished":"2023-03-21T18:24:01+00:00","dateModified":"2023-03-21T19:00:46+00:00","mainEntityOfPage":{"@id":"https:\/\/www.africa-press.net\/cameroun\/toutes-les-actualites\/cameroun-les-coulees-de-boue-ont-fait-deux-morts-a-buea"},"wordCount":439,"commentCount":0,"image":{"@id":"https:\/\/www.africa-press.net\/cameroun\/toutes-les-actualites\/cameroun-les-coulees-de-boue-ont-fait-deux-morts-a-buea#primaryimage"},"thumbnailUrl":"https:\/\/static.africa-press.net\/cameroun\/sites\/57\/2023\/03\/postQueueImg_1679410446.64.jpg","keywords":["Africa Press","Africa Press-Cameroun","Cameroun"],"articleSection":["Communaut\u00e9","Toutes les actualit\u00e9s"],"inLanguage":"fr-FR","potentialAction":[{"@type":"CommentAction","name":"Comment","target":["https:\/\/www.africa-press.net\/cameroun\/toutes-les-actualites\/cameroun-les-coulees-de-boue-ont-fait-deux-morts-a-buea#respond"]}]},{"@type":"WebPage","@id":"https:\/\/www.africa-press.net\/cameroun\/toutes-les-actualites\/cameroun-les-coulees-de-boue-ont-fait-deux-morts-a-buea","url":"https:\/\/www.africa-press.net\/cameroun\/toutes-les-actualites\/cameroun-les-coulees-de-boue-ont-fait-deux-morts-a-buea","name":"Cameroun : les coul\u00e9es de boue ont fait deux morts \u00e0 Buea - Cameroun","isPartOf":{"@id":"https:\/\/www.africa-press.net\/cameroun\/#website"},"primaryImageOfPage":{"@id":"https:\/\/www.africa-press.net\/cameroun\/toutes-les-actualites\/cameroun-les-coulees-de-boue-ont-fait-deux-morts-a-buea#primaryimage"},"image":{"@id":"https:\/\/www.africa-press.net\/cameroun\/toutes-les-actualites\/cameroun-les-coulees-de-boue-ont-fait-deux-morts-a-buea#primaryimage"},"thumbnailUrl":"https:\/\/static.africa-press.net\/cameroun\/sites\/57\/2023\/03\/postQueueImg_1679410446.64.jpg","datePublished":"2023-03-21T18:24:01+00:00","dateModified":"2023-03-21T19:00:46+00:00","author":{"@id":"https:\/\/www.africa-press.net\/cameroun\/#\/schema\/person\/2b1cf3cd81a31e3cd26889ca66d677f1"},"description":"Des pluies torrentielles qui se sont abattues sur Buea samedi 18 mars 2023 ont cause\u0301 perte en vie humaine et de nombreu ...","breadcrumb":{"@id":"https:\/\/www.africa-press.net\/cameroun\/toutes-les-actualites\/cameroun-les-coulees-de-boue-ont-fait-deux-morts-a-buea#breadcrumb"},"inLanguage":"fr-FR","potentialAction":[{"@type":"ReadAction","target":["https:\/\/www.africa-press.net\/cameroun\/toutes-les-actualites\/cameroun-les-coulees-de-boue-ont-fait-deux-morts-a-buea"]}]},{"@type":"ImageObject","inLanguage":"fr-FR","@id":"https:\/\/www.africa-press.net\/cameroun\/toutes-les-actualites\/cameroun-les-coulees-de-boue-ont-fait-deux-morts-a-buea#primaryimage","url":"https:\/\/static.africa-press.net\/cameroun\/sites\/57\/2023\/03\/postQueueImg_1679410446.64.jpg","contentUrl":"https:\/\/static.africa-press.net\/cameroun\/sites\/57\/2023\/03\/postQueueImg_1679410446.64.jpg","width":720,"height":479,"caption":"Cameroun : les coul\u00e9es de boue ont fait deux morts \u00e0 Buea"},{"@type":"BreadcrumbList","@id":"https:\/\/www.africa-press.net\/cameroun\/toutes-les-actualites\/cameroun-les-coulees-de-boue-ont-fait-deux-morts-a-buea#breadcrumb","itemListElement":[{"@type":"ListItem","position":1,"name":"Accueil","item":"https:\/\/www.africa-press.net\/cameroun\/"},{"@type":"ListItem","position":2,"name":"Cameroun : les coul\u00e9es de boue ont fait deux morts \u00e0 Buea"}]},{"@type":"WebSite","@id":"https:\/\/www.africa-press.net\/cameroun\/#website","url":"https:\/\/www.africa-press.net\/cameroun\/","name":"Cameroun","description":"Just another Africa News Agency Sites site","potentialAction":[{"@type":"SearchAction","target":{"@type":"EntryPoint","urlTemplate":"https:\/\/www.africa-press.net\/cameroun\/?s={search_term_string}"},"query-input":{"@type":"PropertyValueSpecification","valueRequired":true,"valueName":"search_term_string"}}],"inLanguage":"fr-FR"},{"@type":"Person","@id":"https:\/\/www.africa-press.net\/cameroun\/#\/schema\/person\/2b1cf3cd81a31e3cd26889ca66d677f1","name":"cfeditorfr"}]}},"_links":{"self":[{"href":"https:\/\/www.africa-press.net\/cameroun\/wp-json\/wp\/v2\/posts\/39968","targetHints":{"allow":["GET"]}}],"collection":[{"href":"https:\/\/www.africa-press.net\/cameroun\/wp-json\/wp\/v2\/posts"}],"about":[{"href":"https:\/\/www.africa-press.net\/cameroun\/wp-json\/wp\/v2\/types\/post"}],"author":[{"embeddable":true,"href":"https:\/\/www.africa-press.net\/cameroun\/wp-json\/wp\/v2\/users\/82"}],"replies":[{"embeddable":true,"href":"https:\/\/www.africa-press.net\/cameroun\/wp-json\/wp\/v2\/comments?post=39968"}],"version-history":[{"count":0,"href":"https:\/\/www.africa-press.net\/cameroun\/wp-json\/wp\/v2\/posts\/39968\/revisions"}],"wp:featuredmedia":[{"embeddable":true,"href":"https:\/\/www.africa-press.net\/cameroun\/wp-json\/wp\/v2\/media\/39966"}],"wp:attachment":[{"href":"https:\/\/www.africa-press.net\/cameroun\/wp-json\/wp\/v2\/media?parent=39968"}],"wp:term":[{"taxonomy":"category","embeddable":true,"href":"https:\/\/www.africa-press.net\/cameroun\/wp-json\/wp\/v2\/categories?post=39968"},{"taxonomy":"post_tag","embeddable":true,"href":"https:\/\/www.africa-press.net\/cameroun\/wp-json\/wp\/v2\/tags?post=39968"}],"curies":[{"name":"wp","href":"https:\/\/api.w.org\/{rel}","templated":true}]}}