{"id":39971,"date":"2023-03-21T18:24:13","date_gmt":"2023-03-21T18:24:13","guid":{"rendered":"https:\/\/www.africa-press.net\/cameroun\/politique\/cameroun-le-maire-de-douala-soppose-au-boycott-des-commercants-originaires-de-louest"},"modified":"2023-03-21T19:01:25","modified_gmt":"2023-03-21T19:01:25","slug":"cameroun-le-maire-de-douala-soppose-au-boycott-des-commercants-originaires-de-louest","status":"publish","type":"post","link":"https:\/\/www.africa-press.net\/cameroun\/toutes-les-actualites\/cameroun-le-maire-de-douala-soppose-au-boycott-des-commercants-originaires-de-louest","title":{"rendered":"Cameroun : le maire de Douala s\u2019oppose au boycott des commer\u00e7ants originaires de l\u2019Ouest"},"content":{"rendered":"<p><span style=\"color: #ff6600\"><strong>Africa-Press &#8211; Cameroun. <\/strong><\/span>C\u2019est a\u0300 travers un communique\u0301 publie\u0301 le 19 mars dernier que Roger Mbassa Ndine a de\u0301clare\u0301 s\u2019opposer aux \u00abjourne\u0301es mortes \u00bb pour les commerc\u0327ants ressortissants de l\u2019Ouest a\u0300 Douala.<\/p>\n<p>Non au tribalisme et l\u2019instrumentalisation ! Le maire de la ville de Douala, Roger Mbassa Ndine, a de\u0301clare\u0301 dimanche son opposition au boycott des commerc\u0327ants originaires de l\u2019Ouest, alors qu\u2019une association a appele\u0301 a\u0300 une \u00ab journe\u0301e morte pour toutes les activite\u0301s \u00bb des ressortissants de cette re\u0301gion ce lundi dans la me\u0301tropole e\u0301conomique.<\/p>\n<p>\u00ab Le maire de la ville rejette fermement les appels a\u0300 des \u201cjourne\u0301es mortes\u201d (&#8230;) et appelle toutes les populations de la ville de Douala, toutes origines confondues, a\u0300 vaquer paisiblement a\u0300 leurs occupations le 20 mars 2023 et les jours et semaines qui suivent et a\u0300 de\u0301noncer sans he\u0301sitation aupre\u0300s des autorite\u0301s administratives et des forces de maintien de l\u2019ordre toute tentative de perturbation de l\u2019ordre public \u00bb, e\u0301crit le magistrat municipal dans un communique\u0301 publie\u0301 le 19 mars.<\/p>\n<p>Le 15 mars, une association de\u0301nomme\u0301e \u00ab Jeunesse Sawa \u00bb a, dans un communique\u0301 relaye\u0301 sur les re\u0301seaux sociaux, de\u0301clare\u0301 le 20 mars \u00ab journe\u0301e morte \u00bb pour tous les ressortissants de la re\u0301gion de l\u2019Ouest menant des activite\u0301s commerciales a\u0300 Douala. Ladite association les invite a\u0300 \u00ab fermer boutique \u00bb, menac\u0327ant de repre\u0301sailles ceux qui ne respecteront pas cette consigne.<\/p>\n<p>Elle explique que cette de\u0301cision est la re\u0301ponse \u00ab aux provocations de la BAS (Brigade anti-sardinards) qui depuis 2018 commet des actes de barbarie vis-a\u0300-vis de tous ceux qui ne sont pas des leurs \u00bb. Cette sortie de la \u00ab Jeunesse Sawa \u00bb intervient au lendemain de l\u2019annonce de Ben Decca, artiste de renom originaire de l\u2019aire culturelle Sawa, d\u2019annuler sa participation a\u0300 un concert pre\u0301vu le 15 avril prochain en Allemagne.<\/p>\n<p>Me\u0302me si le chanteur de makossa assure que sa de\u0301cision n\u2019a rien a\u0300 voir avec la BAS, ce mouvement de la diaspora camerounaise hostile au re\u0301gime de Yaounde\u0301 a appele\u0301 au boycott de son spectacle. Un boycott qui vise e\u0301galement tous les artistes ayant soutenu le pre\u0301sident Paul Biya lors de la dernie\u0300re e\u0301lection pre\u0301sidentielle en octobre 2018. \u00ab Nous ne resterons plus silencieux face a\u0300 leurs attaques et la riposte sera proportionnelle \u00bb, pre\u0301viennent les membres de cette association qui pre\u0301tend parler au nom du peuple Sawa.<\/p>\n<p>Mais le maire de la ville affirme que cette association est \u00ab totalement inconnue \u00bb des autorite\u0301s traditionnelles de cette aire culturelle et n\u2019est pas \u00ab le\u0301galement \u00bb de\u0301clare\u0301e dans les registres de la pre\u0301fecture du de\u0301partement du Wouri. Tout en condamnant \u00ab les actes d\u2019intole\u0301rance et de violence gratuite \u00bb perpe\u0301tre\u0301s a\u0300 l\u2019exte\u0301rieur par la BAS, Roger Mbassa Ndine invite \u00ab les auteurs anonymes de ce tract a\u0300 s\u2019abstenir de toute action visant a\u0300 mettre en \u0153uvre leurs menaces \u00bb.<\/p>\n<p>Il assure qu\u2019\u00ab aucune tentative d\u2019imposition de \u201cjourne\u0301es mortes\u201d dans la ville de Douala et d\u2019atteinte par ce biais a\u0300 la volonte\u0301 partage\u0301e des habitants de cette ville a\u0300 vivre-ensemble dans la paix, ne sera tole\u0301re\u0301e et sera re\u0301prime\u0301e avec fermete\u0301, sans la moindre faiblesse \u00bb.<\/p>\n<p><strong>Pour plus d&rsquo;informations et d&rsquo;analyses sur la <a href=\"https:\/\/www.africa-press.net\/cameroun\">Cameroun<\/a>, suivez <a href=\"https:\/\/www.africa-press.net\/\">Africa-Press<\/a><\/strong><\/p>\n","protected":false},"excerpt":{"rendered":"<p>Africa-Press &#8211; Cameroun. C\u2019est a\u0300 travers un communique\u0301 publie\u0301 le 19 mars dernier que Roger Mbassa Ndine a de\u0301clare\u0301 s\u2019opposer aux \u00abjourne\u0301es mortes \u00bb pour les commerc\u0327ants ressortissants de l\u2019Ouest a\u0300 Douala. Non au tribalisme et l\u2019instrumentalisation ! Le maire de la ville de Douala, Roger Mbassa Ndine, a de\u0301clare\u0301 dimanche son opposition au boycott [&hellip;]<\/p>\n","protected":false},"author":82,"featured_media":39970,"comment_status":"open","ping_status":"closed","sticky":false,"template":"","format":"standard","meta":{"footnotes":""},"categories":[21,10],"tags":[36,50,49],"class_list":["post-39971","post","type-post","status-publish","format-standard","has-post-thumbnail","hentry","category-communaute","category-toutes-les-actualites","tag-africa-press","tag-africa-press-cameroun","tag-cameroun"],"yoast_head":"<!-- This site is optimized with the Yoast SEO Premium plugin v26.1 (Yoast SEO v27.0) - https:\/\/yoast.com\/product\/yoast-seo-premium-wordpress\/ -->\n<title>Cameroun : le maire de Douala s\u2019oppose au boycott des commer\u00e7ants originaires de l\u2019Ouest - Cameroun<\/title>\n<meta name=\"description\" content=\"C\u2019est a\u0300 travers un communique\u0301 publie\u0301 le 19 mars dernier que Roger Mbassa Ndine a de\u0301clare\u0301 s\u2019opposer aux \u00abjourne\u0301es m ...\" \/>\n<meta name=\"robots\" content=\"index, follow, max-snippet:-1, max-image-preview:large, max-video-preview:-1\" \/>\n<link rel=\"canonical\" href=\"https:\/\/www.africa-press.net\/cameroun\/toutes-les-actualites\/cameroun-le-maire-de-douala-soppose-au-boycott-des-commercants-originaires-de-louest\" \/>\n<meta property=\"og:locale\" content=\"fr_FR\" \/>\n<meta property=\"og:type\" content=\"article\" \/>\n<meta property=\"og:title\" content=\"Cameroun : le maire de Douala s\u2019oppose au boycott des commer\u00e7ants originaires de l\u2019Ouest\" \/>\n<meta property=\"og:description\" content=\"C\u2019est a\u0300 travers un communique\u0301 publie\u0301 le 19 mars dernier que Roger Mbassa Ndine a de\u0301clare\u0301 s\u2019opposer aux \u00abjourne\u0301es m ...\" \/>\n<meta property=\"og:url\" content=\"https:\/\/www.africa-press.net\/cameroun\/toutes-les-actualites\/cameroun-le-maire-de-douala-soppose-au-boycott-des-commercants-originaires-de-louest\" \/>\n<meta property=\"og:site_name\" content=\"Cameroun\" \/>\n<meta property=\"article:published_time\" content=\"2023-03-21T18:24:13+00:00\" \/>\n<meta property=\"article:modified_time\" content=\"2023-03-21T19:01:25+00:00\" \/>\n<meta property=\"og:image\" content=\"https:\/\/static.africa-press.net\/cameroun\/sites\/57\/2023\/03\/postQueueImg_1679410467.63.jpg\" \/>\n\t<meta property=\"og:image:width\" content=\"720\" \/>\n\t<meta property=\"og:image:height\" content=\"473\" \/>\n\t<meta property=\"og:image:type\" content=\"image\/jpeg\" \/>\n<meta name=\"author\" content=\"cfeditorfr\" \/>\n<meta name=\"twitter:card\" content=\"summary_large_image\" \/>\n<meta name=\"twitter:label1\" content=\"\u00c9crit par\" \/>\n\t<meta name=\"twitter:data1\" content=\"cfeditorfr\" \/>\n\t<meta name=\"twitter:label2\" content=\"Dur\u00e9e de lecture estim\u00e9e\" \/>\n\t<meta name=\"twitter:data2\" content=\"3 minutes\" \/>\n<script type=\"application\/ld+json\" class=\"yoast-schema-graph\">{\"@context\":\"https:\/\/schema.org\",\"@graph\":[{\"@type\":\"Article\",\"@id\":\"https:\/\/www.africa-press.net\/cameroun\/toutes-les-actualites\/cameroun-le-maire-de-douala-soppose-au-boycott-des-commercants-originaires-de-louest#article\",\"isPartOf\":{\"@id\":\"https:\/\/www.africa-press.net\/cameroun\/toutes-les-actualites\/cameroun-le-maire-de-douala-soppose-au-boycott-des-commercants-originaires-de-louest\"},\"author\":{\"name\":\"cfeditorfr\",\"@id\":\"https:\/\/www.africa-press.net\/cameroun\/#\/schema\/person\/2b1cf3cd81a31e3cd26889ca66d677f1\"},\"headline\":\"Cameroun : le maire de Douala s\u2019oppose au boycott des commer\u00e7ants originaires de l\u2019Ouest\",\"datePublished\":\"2023-03-21T18:24:13+00:00\",\"dateModified\":\"2023-03-21T19:01:25+00:00\",\"mainEntityOfPage\":{\"@id\":\"https:\/\/www.africa-press.net\/cameroun\/toutes-les-actualites\/cameroun-le-maire-de-douala-soppose-au-boycott-des-commercants-originaires-de-louest\"},\"wordCount\":579,\"commentCount\":0,\"image\":{\"@id\":\"https:\/\/www.africa-press.net\/cameroun\/toutes-les-actualites\/cameroun-le-maire-de-douala-soppose-au-boycott-des-commercants-originaires-de-louest#primaryimage\"},\"thumbnailUrl\":\"https:\/\/static.africa-press.net\/cameroun\/sites\/57\/2023\/03\/postQueueImg_1679410467.63.jpg\",\"keywords\":[\"Africa Press\",\"Africa Press-Cameroun\",\"Cameroun\"],\"articleSection\":[\"Communaut\u00e9\",\"Toutes les actualit\u00e9s\"],\"inLanguage\":\"fr-FR\",\"potentialAction\":[{\"@type\":\"CommentAction\",\"name\":\"Comment\",\"target\":[\"https:\/\/www.africa-press.net\/cameroun\/toutes-les-actualites\/cameroun-le-maire-de-douala-soppose-au-boycott-des-commercants-originaires-de-louest#respond\"]}]},{\"@type\":\"WebPage\",\"@id\":\"https:\/\/www.africa-press.net\/cameroun\/toutes-les-actualites\/cameroun-le-maire-de-douala-soppose-au-boycott-des-commercants-originaires-de-louest\",\"url\":\"https:\/\/www.africa-press.net\/cameroun\/toutes-les-actualites\/cameroun-le-maire-de-douala-soppose-au-boycott-des-commercants-originaires-de-louest\",\"name\":\"Cameroun : le maire de Douala s\u2019oppose au boycott des commer\u00e7ants originaires de l\u2019Ouest - Cameroun\",\"isPartOf\":{\"@id\":\"https:\/\/www.africa-press.net\/cameroun\/#website\"},\"primaryImageOfPage\":{\"@id\":\"https:\/\/www.africa-press.net\/cameroun\/toutes-les-actualites\/cameroun-le-maire-de-douala-soppose-au-boycott-des-commercants-originaires-de-louest#primaryimage\"},\"image\":{\"@id\":\"https:\/\/www.africa-press.net\/cameroun\/toutes-les-actualites\/cameroun-le-maire-de-douala-soppose-au-boycott-des-commercants-originaires-de-louest#primaryimage\"},\"thumbnailUrl\":\"https:\/\/static.africa-press.net\/cameroun\/sites\/57\/2023\/03\/postQueueImg_1679410467.63.jpg\",\"datePublished\":\"2023-03-21T18:24:13+00:00\",\"dateModified\":\"2023-03-21T19:01:25+00:00\",\"author\":{\"@id\":\"https:\/\/www.africa-press.net\/cameroun\/#\/schema\/person\/2b1cf3cd81a31e3cd26889ca66d677f1\"},\"description\":\"C\u2019est a\u0300 travers un communique\u0301 publie\u0301 le 19 mars dernier que Roger Mbassa Ndine a de\u0301clare\u0301 s\u2019opposer aux \u00abjourne\u0301es m ...\",\"breadcrumb\":{\"@id\":\"https:\/\/www.africa-press.net\/cameroun\/toutes-les-actualites\/cameroun-le-maire-de-douala-soppose-au-boycott-des-commercants-originaires-de-louest#breadcrumb\"},\"inLanguage\":\"fr-FR\",\"potentialAction\":[{\"@type\":\"ReadAction\",\"target\":[\"https:\/\/www.africa-press.net\/cameroun\/toutes-les-actualites\/cameroun-le-maire-de-douala-soppose-au-boycott-des-commercants-originaires-de-louest\"]}]},{\"@type\":\"ImageObject\",\"inLanguage\":\"fr-FR\",\"@id\":\"https:\/\/www.africa-press.net\/cameroun\/toutes-les-actualites\/cameroun-le-maire-de-douala-soppose-au-boycott-des-commercants-originaires-de-louest#primaryimage\",\"url\":\"https:\/\/static.africa-press.net\/cameroun\/sites\/57\/2023\/03\/postQueueImg_1679410467.63.jpg\",\"contentUrl\":\"https:\/\/static.africa-press.net\/cameroun\/sites\/57\/2023\/03\/postQueueImg_1679410467.63.jpg\",\"width\":720,\"height\":473,\"caption\":\"Cameroun : le maire de Douala s\u2019oppose au boycott des commer\u00e7ants originaires de l\u2019Ouest\"},{\"@type\":\"BreadcrumbList\",\"@id\":\"https:\/\/www.africa-press.net\/cameroun\/toutes-les-actualites\/cameroun-le-maire-de-douala-soppose-au-boycott-des-commercants-originaires-de-louest#breadcrumb\",\"itemListElement\":[{\"@type\":\"ListItem\",\"position\":1,\"name\":\"Accueil\",\"item\":\"https:\/\/www.africa-press.net\/cameroun\/\"},{\"@type\":\"ListItem\",\"position\":2,\"name\":\"Cameroun : le maire de Douala s\u2019oppose au boycott des commer\u00e7ants originaires de l\u2019Ouest\"}]},{\"@type\":\"WebSite\",\"@id\":\"https:\/\/www.africa-press.net\/cameroun\/#website\",\"url\":\"https:\/\/www.africa-press.net\/cameroun\/\",\"name\":\"Cameroun\",\"description\":\"Just another Africa News Agency Sites site\",\"potentialAction\":[{\"@type\":\"SearchAction\",\"target\":{\"@type\":\"EntryPoint\",\"urlTemplate\":\"https:\/\/www.africa-press.net\/cameroun\/?s={search_term_string}\"},\"query-input\":{\"@type\":\"PropertyValueSpecification\",\"valueRequired\":true,\"valueName\":\"search_term_string\"}}],\"inLanguage\":\"fr-FR\"},{\"@type\":\"Person\",\"@id\":\"https:\/\/www.africa-press.net\/cameroun\/#\/schema\/person\/2b1cf3cd81a31e3cd26889ca66d677f1\",\"name\":\"cfeditorfr\"}]}<\/script>\n<!-- \/ Yoast SEO Premium plugin. -->","yoast_head_json":{"title":"Cameroun : le maire de Douala s\u2019oppose au boycott des commer\u00e7ants originaires de l\u2019Ouest - Cameroun","description":"C\u2019est a\u0300 travers un communique\u0301 publie\u0301 le 19 mars dernier que Roger Mbassa Ndine a de\u0301clare\u0301 s\u2019opposer aux \u00abjourne\u0301es m ...","robots":{"index":"index","follow":"follow","max-snippet":"max-snippet:-1","max-image-preview":"max-image-preview:large","max-video-preview":"max-video-preview:-1"},"canonical":"https:\/\/www.africa-press.net\/cameroun\/toutes-les-actualites\/cameroun-le-maire-de-douala-soppose-au-boycott-des-commercants-originaires-de-louest","og_locale":"fr_FR","og_type":"article","og_title":"Cameroun : le maire de Douala s\u2019oppose au boycott des commer\u00e7ants originaires de l\u2019Ouest","og_description":"C\u2019est a\u0300 travers un communique\u0301 publie\u0301 le 19 mars dernier que Roger Mbassa Ndine a de\u0301clare\u0301 s\u2019opposer aux \u00abjourne\u0301es m ...","og_url":"https:\/\/www.africa-press.net\/cameroun\/toutes-les-actualites\/cameroun-le-maire-de-douala-soppose-au-boycott-des-commercants-originaires-de-louest","og_site_name":"Cameroun","article_published_time":"2023-03-21T18:24:13+00:00","article_modified_time":"2023-03-21T19:01:25+00:00","og_image":[{"width":720,"height":473,"url":"https:\/\/static.africa-press.net\/cameroun\/sites\/57\/2023\/03\/postQueueImg_1679410467.63.jpg","type":"image\/jpeg"}],"author":"cfeditorfr","twitter_card":"summary_large_image","twitter_misc":{"\u00c9crit par":"cfeditorfr","Dur\u00e9e de lecture estim\u00e9e":"3 minutes"},"schema":{"@context":"https:\/\/schema.org","@graph":[{"@type":"Article","@id":"https:\/\/www.africa-press.net\/cameroun\/toutes-les-actualites\/cameroun-le-maire-de-douala-soppose-au-boycott-des-commercants-originaires-de-louest#article","isPartOf":{"@id":"https:\/\/www.africa-press.net\/cameroun\/toutes-les-actualites\/cameroun-le-maire-de-douala-soppose-au-boycott-des-commercants-originaires-de-louest"},"author":{"name":"cfeditorfr","@id":"https:\/\/www.africa-press.net\/cameroun\/#\/schema\/person\/2b1cf3cd81a31e3cd26889ca66d677f1"},"headline":"Cameroun : le maire de Douala s\u2019oppose au boycott des commer\u00e7ants originaires de l\u2019Ouest","datePublished":"2023-03-21T18:24:13+00:00","dateModified":"2023-03-21T19:01:25+00:00","mainEntityOfPage":{"@id":"https:\/\/www.africa-press.net\/cameroun\/toutes-les-actualites\/cameroun-le-maire-de-douala-soppose-au-boycott-des-commercants-originaires-de-louest"},"wordCount":579,"commentCount":0,"image":{"@id":"https:\/\/www.africa-press.net\/cameroun\/toutes-les-actualites\/cameroun-le-maire-de-douala-soppose-au-boycott-des-commercants-originaires-de-louest#primaryimage"},"thumbnailUrl":"https:\/\/static.africa-press.net\/cameroun\/sites\/57\/2023\/03\/postQueueImg_1679410467.63.jpg","keywords":["Africa Press","Africa Press-Cameroun","Cameroun"],"articleSection":["Communaut\u00e9","Toutes les actualit\u00e9s"],"inLanguage":"fr-FR","potentialAction":[{"@type":"CommentAction","name":"Comment","target":["https:\/\/www.africa-press.net\/cameroun\/toutes-les-actualites\/cameroun-le-maire-de-douala-soppose-au-boycott-des-commercants-originaires-de-louest#respond"]}]},{"@type":"WebPage","@id":"https:\/\/www.africa-press.net\/cameroun\/toutes-les-actualites\/cameroun-le-maire-de-douala-soppose-au-boycott-des-commercants-originaires-de-louest","url":"https:\/\/www.africa-press.net\/cameroun\/toutes-les-actualites\/cameroun-le-maire-de-douala-soppose-au-boycott-des-commercants-originaires-de-louest","name":"Cameroun : le maire de Douala s\u2019oppose au boycott des commer\u00e7ants originaires de l\u2019Ouest - Cameroun","isPartOf":{"@id":"https:\/\/www.africa-press.net\/cameroun\/#website"},"primaryImageOfPage":{"@id":"https:\/\/www.africa-press.net\/cameroun\/toutes-les-actualites\/cameroun-le-maire-de-douala-soppose-au-boycott-des-commercants-originaires-de-louest#primaryimage"},"image":{"@id":"https:\/\/www.africa-press.net\/cameroun\/toutes-les-actualites\/cameroun-le-maire-de-douala-soppose-au-boycott-des-commercants-originaires-de-louest#primaryimage"},"thumbnailUrl":"https:\/\/static.africa-press.net\/cameroun\/sites\/57\/2023\/03\/postQueueImg_1679410467.63.jpg","datePublished":"2023-03-21T18:24:13+00:00","dateModified":"2023-03-21T19:01:25+00:00","author":{"@id":"https:\/\/www.africa-press.net\/cameroun\/#\/schema\/person\/2b1cf3cd81a31e3cd26889ca66d677f1"},"description":"C\u2019est a\u0300 travers un communique\u0301 publie\u0301 le 19 mars dernier que Roger Mbassa Ndine a de\u0301clare\u0301 s\u2019opposer aux \u00abjourne\u0301es m ...","breadcrumb":{"@id":"https:\/\/www.africa-press.net\/cameroun\/toutes-les-actualites\/cameroun-le-maire-de-douala-soppose-au-boycott-des-commercants-originaires-de-louest#breadcrumb"},"inLanguage":"fr-FR","potentialAction":[{"@type":"ReadAction","target":["https:\/\/www.africa-press.net\/cameroun\/toutes-les-actualites\/cameroun-le-maire-de-douala-soppose-au-boycott-des-commercants-originaires-de-louest"]}]},{"@type":"ImageObject","inLanguage":"fr-FR","@id":"https:\/\/www.africa-press.net\/cameroun\/toutes-les-actualites\/cameroun-le-maire-de-douala-soppose-au-boycott-des-commercants-originaires-de-louest#primaryimage","url":"https:\/\/static.africa-press.net\/cameroun\/sites\/57\/2023\/03\/postQueueImg_1679410467.63.jpg","contentUrl":"https:\/\/static.africa-press.net\/cameroun\/sites\/57\/2023\/03\/postQueueImg_1679410467.63.jpg","width":720,"height":473,"caption":"Cameroun : le maire de Douala s\u2019oppose au boycott des commer\u00e7ants originaires de l\u2019Ouest"},{"@type":"BreadcrumbList","@id":"https:\/\/www.africa-press.net\/cameroun\/toutes-les-actualites\/cameroun-le-maire-de-douala-soppose-au-boycott-des-commercants-originaires-de-louest#breadcrumb","itemListElement":[{"@type":"ListItem","position":1,"name":"Accueil","item":"https:\/\/www.africa-press.net\/cameroun\/"},{"@type":"ListItem","position":2,"name":"Cameroun : le maire de Douala s\u2019oppose au boycott des commer\u00e7ants originaires de l\u2019Ouest"}]},{"@type":"WebSite","@id":"https:\/\/www.africa-press.net\/cameroun\/#website","url":"https:\/\/www.africa-press.net\/cameroun\/","name":"Cameroun","description":"Just another Africa News Agency Sites site","potentialAction":[{"@type":"SearchAction","target":{"@type":"EntryPoint","urlTemplate":"https:\/\/www.africa-press.net\/cameroun\/?s={search_term_string}"},"query-input":{"@type":"PropertyValueSpecification","valueRequired":true,"valueName":"search_term_string"}}],"inLanguage":"fr-FR"},{"@type":"Person","@id":"https:\/\/www.africa-press.net\/cameroun\/#\/schema\/person\/2b1cf3cd81a31e3cd26889ca66d677f1","name":"cfeditorfr"}]}},"_links":{"self":[{"href":"https:\/\/www.africa-press.net\/cameroun\/wp-json\/wp\/v2\/posts\/39971","targetHints":{"allow":["GET"]}}],"collection":[{"href":"https:\/\/www.africa-press.net\/cameroun\/wp-json\/wp\/v2\/posts"}],"about":[{"href":"https:\/\/www.africa-press.net\/cameroun\/wp-json\/wp\/v2\/types\/post"}],"author":[{"embeddable":true,"href":"https:\/\/www.africa-press.net\/cameroun\/wp-json\/wp\/v2\/users\/82"}],"replies":[{"embeddable":true,"href":"https:\/\/www.africa-press.net\/cameroun\/wp-json\/wp\/v2\/comments?post=39971"}],"version-history":[{"count":0,"href":"https:\/\/www.africa-press.net\/cameroun\/wp-json\/wp\/v2\/posts\/39971\/revisions"}],"wp:featuredmedia":[{"embeddable":true,"href":"https:\/\/www.africa-press.net\/cameroun\/wp-json\/wp\/v2\/media\/39970"}],"wp:attachment":[{"href":"https:\/\/www.africa-press.net\/cameroun\/wp-json\/wp\/v2\/media?parent=39971"}],"wp:term":[{"taxonomy":"category","embeddable":true,"href":"https:\/\/www.africa-press.net\/cameroun\/wp-json\/wp\/v2\/categories?post=39971"},{"taxonomy":"post_tag","embeddable":true,"href":"https:\/\/www.africa-press.net\/cameroun\/wp-json\/wp\/v2\/tags?post=39971"}],"curies":[{"name":"wp","href":"https:\/\/api.w.org\/{rel}","templated":true}]}}