{"id":39994,"date":"2023-03-22T22:01:15","date_gmt":"2023-03-22T22:01:15","guid":{"rendered":"https:\/\/www.africa-press.net\/cameroun\/politique\/cameroun-voici-comment-leveque-yves-plumey-a-ete-torture-puis-assassine"},"modified":"2023-03-22T22:35:14","modified_gmt":"2023-03-22T22:35:14","slug":"cameroun-voici-comment-leveque-yves-plumey-a-ete-torture-puis-assassine","status":"publish","type":"post","link":"https:\/\/www.africa-press.net\/cameroun\/toutes-les-actualites\/cameroun-voici-comment-leveque-yves-plumey-a-ete-torture-puis-assassine","title":{"rendered":"Cameroun : voici comment l\u2019\u00e9v\u00eaque Yves Plumey a \u00e9t\u00e9 tortur\u00e9 puis assassin\u00e9"},"content":{"rendered":"<p><span style=\"color: #ff6600\"><strong>Africa-Press &#8211; Cameroun. <\/strong><\/span>Arol Ketch, l\u2019auteur de l\u2019\u0153uvre \u00ab Rivie\u0300re de sang : Enque\u0302tes sur les morts non e\u0301lucide\u0301es qui ont marque\u0301 le Cameroun \u00bb, raconte l\u2019histoire du pre\u0302tre catholique Yves-Joseph-Marie Plumey assassine\u0301 en 1991 a\u0300 son domicile. Les ve\u0301ritables auteurs de ce crime ne seront jamais inquie\u0301te\u0301s.<\/p>\n<p>Ne\u0301 le 29 janvier 1913 a\u0300 Vannes en France, Yves-Joseph-Marie Plumey est un pre\u0301lat qui a beaucoup \u0153uvre\u0301 a\u0300 installer le catholicisme dans la re\u0301gion septentrionale du Cameroun. Il a aussi \u0153uvre\u0301 pour l\u2019e\u0301ducation au sein de cette re\u0301gion. Il cre\u0301e le colle\u0300ge Mazenod dans les anne\u0301es 50. Ce colle\u0300ge re\u0301pute\u0301 a pris en charge l\u2019enseignement secondaire dans cette re\u0301gion et a forme\u0301 ce qui constitue aujourd\u2019hui la cre\u0300me des intellectuels, leaders et e\u0301lites du nord Cameroun.<\/p>\n<p>Dans la nuit du 2 au 3 septembre 1991, des individus s\u2019introduisent dans la concession du pre\u0301lat qui est endormi. Les conjure\u0301s frappent de\u0301sespe\u0301re\u0301ment a\u0300 la porte du pre\u0301lat. Le pre\u0301lat qui semble avoir reconnu les voix de ses visiteurs nocturnes se le\u0300ve et leur ouvre la porte.<\/p>\n<p>Erreur fatale. Il s&rsquo;ensuit une chaude altercation, puis une bagarre. Le pre\u0301lat a\u0302ge\u0301 de 79 ans a compris ce qui se passe ; on veut sa peau. Il se de\u0301bat comme un beau diable mais malheureusement, ses bourreaux prendront le dessus sur lui d\u2019autant plus qu\u2019il a une sante\u0301 fragile. Ils le frappent avec une brutalite\u0301 inoui\u0308e. Visiblement de\u0301termine\u0301s a\u0300 l\u2019assassiner, ils enlacent son cou et l\u2019e\u0301tranglent.<\/p>\n<p>Le pre\u0302tre a\u0300 la retraite s\u2019e\u0301croule raide mort, le cra\u0302ne fracture\u0301. Ses bourreaux le ligotent avec l\u2019aide d\u2019un rideau. Ils passent au peigne fin sa maison visiblement a\u0300 la recherche d\u2019un document. Toutes les enveloppes, tous les plis, tous les tiroirs sont ouverts et le lit est mis sens dessus-dessous. Leur forfait commis, ils fondent dans la nature.<\/p>\n<p>En cette matine\u0301e du 3 septembre 1991, les employe\u0301s de maison du pre\u0301lat de\u0301couvrent le corps de l\u2019e\u0301ve\u0302que a\u0300 l\u2019entre\u0301e de son bureau tout pre\u0300s de la porte donnant sur la ve\u0301randa, les pieds ligote\u0301s, le sang coulant de sa te\u0302te, dans les narines et la bouche. Le pre\u0301lat est inerte en pyjama, son ve\u0302tement de\u0301chire\u0301 au niveau de la poitrine, son cou est tachete\u0301 de sang.<\/p>\n<p>Les constats sont vite faits. Tout porte a\u0300 croire que le pre\u0302tre a\u0300 la retraite est mort e\u0301trangle\u0301. Son cra\u0302ne est fracture\u0301; probablement a\u0300 la suite d&rsquo; un choc violent contre le mur lors de la bagarre avec ses assassins. Un ve\u0301ritable travail de professionnels. Ceux-ci n\u2019ont pas de laisser de traces ou d\u2019indices pouvant les confondre.<\/p>\n<p>Les assassins, visiblement habitue\u0301s a\u0300 ce type de sales besognes portaient certainement des gants. Ils e\u0301taient vraisemblement a\u0300 la recherche d\u2019un document. Puisque la chambre est sens dessus dessous. Les tiroirs et les enveloppes sont ouverts; les documents e\u0301parpille\u0301s.<\/p>\n<p>Notons qu\u2019une semaine avant sa mort, Mgr Plumey avait e\u0301te\u0301 tre\u0300s actif durant la visite du Pre\u0301sident de la Re\u0301publique a\u0300 Ngaounde\u0301re\u0301. Il e\u0301tait l\u2019une des rares personnes a\u0300 s\u2019e\u0302tre entretenue longuement avec le Pre\u0301sident de la Re\u0301publique.<\/p>\n<p>En re\u0301alite\u0301, il s\u2019agit d\u2019un assassinat politique. La police nationale, les raisons d\u2019Etat et les re\u0301seaux mafieux de l\u2019Eglise catholique vont noyer l\u2019enque\u0302te et des innocents seront arre\u0302te\u0301s et condamne\u0301s a\u0300 la prison a\u0300 perpe\u0301tuite\u0301 a\u0300 la place des ve\u0301ritables assassins.<\/p>\n<p>Le jour du proce\u0300s, le repre\u0301sentant de Yves Plumey de\u0301clare : \u201c Libe\u0301rez les innocents, les assassins sont connus. Que l\u2019Etat fasse son vrai travail\u201d<\/p>\n<p>Les ve\u0301ritables assassins du pre\u0301lat courent toujours. Le seul survivant des hommes accuse\u0301s d&rsquo;avoir tue\u0301 Yves Plumey serait encore a\u0300 la prison centrale de Ngaounde\u0301re\u0301.<\/p>\n<p>Pourquoi a-t-on assassine\u0301 Mgr Yves Plumey ? qui l\u2019a assassine\u0301 ?<\/p>\n<p><strong>Pour plus d&rsquo;informations et d&rsquo;analyses sur la <a href=\"https:\/\/www.africa-press.net\/cameroun\">Cameroun<\/a>, suivez <a href=\"https:\/\/www.africa-press.net\/\">Africa-Press<\/a><\/strong><\/p>\n","protected":false},"excerpt":{"rendered":"<p>Africa-Press &#8211; Cameroun. Arol Ketch, l\u2019auteur de l\u2019\u0153uvre \u00ab Rivie\u0300re de sang : Enque\u0302tes sur les morts non e\u0301lucide\u0301es qui ont marque\u0301 le Cameroun \u00bb, raconte l\u2019histoire du pre\u0302tre catholique Yves-Joseph-Marie Plumey assassine\u0301 en 1991 a\u0300 son domicile. Les ve\u0301ritables auteurs de ce crime ne seront jamais inquie\u0301te\u0301s. Ne\u0301 le 29 janvier 1913 a\u0300 Vannes [&hellip;]<\/p>\n","protected":false},"author":82,"featured_media":39992,"comment_status":"open","ping_status":"closed","sticky":false,"template":"","format":"standard","meta":{"footnotes":""},"categories":[21,10],"tags":[36,50,49],"class_list":["post-39994","post","type-post","status-publish","format-standard","has-post-thumbnail","hentry","category-communaute","category-toutes-les-actualites","tag-africa-press","tag-africa-press-cameroun","tag-cameroun"],"yoast_head":"<!-- This site is optimized with the Yoast SEO Premium plugin v26.1 (Yoast SEO v27.0) - https:\/\/yoast.com\/product\/yoast-seo-premium-wordpress\/ -->\n<title>Cameroun : voici comment l\u2019\u00e9v\u00eaque Yves Plumey a \u00e9t\u00e9 tortur\u00e9 puis assassin\u00e9 - Cameroun<\/title>\n<meta name=\"description\" content=\"Arol Ketch, l\u2019auteur de l\u2019\u0153uvre \u00ab Rivie\u0300re de sang : Enque\u0302tes sur les morts non e\u0301lucide\u0301es qui ont marque\u0301 le Cameroun ...\" \/>\n<meta name=\"robots\" content=\"index, follow, max-snippet:-1, max-image-preview:large, max-video-preview:-1\" \/>\n<link rel=\"canonical\" href=\"https:\/\/www.africa-press.net\/cameroun\/toutes-les-actualites\/cameroun-voici-comment-leveque-yves-plumey-a-ete-torture-puis-assassine\" \/>\n<meta property=\"og:locale\" content=\"fr_FR\" \/>\n<meta property=\"og:type\" content=\"article\" \/>\n<meta property=\"og:title\" content=\"Cameroun : voici comment l\u2019\u00e9v\u00eaque Yves Plumey a \u00e9t\u00e9 tortur\u00e9 puis assassin\u00e9\" \/>\n<meta property=\"og:description\" content=\"Arol Ketch, l\u2019auteur de l\u2019\u0153uvre \u00ab Rivie\u0300re de sang : Enque\u0302tes sur les morts non e\u0301lucide\u0301es qui ont marque\u0301 le Cameroun ...\" \/>\n<meta property=\"og:url\" content=\"https:\/\/www.africa-press.net\/cameroun\/toutes-les-actualites\/cameroun-voici-comment-leveque-yves-plumey-a-ete-torture-puis-assassine\" \/>\n<meta property=\"og:site_name\" content=\"Cameroun\" \/>\n<meta property=\"article:published_time\" content=\"2023-03-22T22:01:15+00:00\" \/>\n<meta property=\"article:modified_time\" content=\"2023-03-22T22:35:14+00:00\" \/>\n<meta property=\"og:image\" content=\"https:\/\/static.africa-press.net\/cameroun\/sites\/57\/2023\/03\/postQueueImg_1679506279.82.jpg\" \/>\n\t<meta property=\"og:image:width\" content=\"720\" \/>\n\t<meta property=\"og:image:height\" content=\"501\" \/>\n\t<meta property=\"og:image:type\" content=\"image\/jpeg\" \/>\n<meta name=\"author\" content=\"cfeditorfr\" \/>\n<meta name=\"twitter:card\" content=\"summary_large_image\" \/>\n<meta name=\"twitter:label1\" content=\"\u00c9crit par\" \/>\n\t<meta name=\"twitter:data1\" content=\"cfeditorfr\" \/>\n\t<meta name=\"twitter:label2\" content=\"Dur\u00e9e de lecture estim\u00e9e\" \/>\n\t<meta name=\"twitter:data2\" content=\"4 minutes\" \/>\n<script type=\"application\/ld+json\" class=\"yoast-schema-graph\">{\"@context\":\"https:\/\/schema.org\",\"@graph\":[{\"@type\":\"Article\",\"@id\":\"https:\/\/www.africa-press.net\/cameroun\/toutes-les-actualites\/cameroun-voici-comment-leveque-yves-plumey-a-ete-torture-puis-assassine#article\",\"isPartOf\":{\"@id\":\"https:\/\/www.africa-press.net\/cameroun\/toutes-les-actualites\/cameroun-voici-comment-leveque-yves-plumey-a-ete-torture-puis-assassine\"},\"author\":{\"name\":\"cfeditorfr\",\"@id\":\"https:\/\/www.africa-press.net\/cameroun\/#\/schema\/person\/2b1cf3cd81a31e3cd26889ca66d677f1\"},\"headline\":\"Cameroun : voici comment l\u2019\u00e9v\u00eaque Yves Plumey a \u00e9t\u00e9 tortur\u00e9 puis assassin\u00e9\",\"datePublished\":\"2023-03-22T22:01:15+00:00\",\"dateModified\":\"2023-03-22T22:35:14+00:00\",\"mainEntityOfPage\":{\"@id\":\"https:\/\/www.africa-press.net\/cameroun\/toutes-les-actualites\/cameroun-voici-comment-leveque-yves-plumey-a-ete-torture-puis-assassine\"},\"wordCount\":725,\"commentCount\":0,\"image\":{\"@id\":\"https:\/\/www.africa-press.net\/cameroun\/toutes-les-actualites\/cameroun-voici-comment-leveque-yves-plumey-a-ete-torture-puis-assassine#primaryimage\"},\"thumbnailUrl\":\"https:\/\/static.africa-press.net\/cameroun\/sites\/57\/2023\/03\/postQueueImg_1679506279.82.jpg\",\"keywords\":[\"Africa Press\",\"Africa Press-Cameroun\",\"Cameroun\"],\"articleSection\":[\"Communaut\u00e9\",\"Toutes les actualit\u00e9s\"],\"inLanguage\":\"fr-FR\",\"potentialAction\":[{\"@type\":\"CommentAction\",\"name\":\"Comment\",\"target\":[\"https:\/\/www.africa-press.net\/cameroun\/toutes-les-actualites\/cameroun-voici-comment-leveque-yves-plumey-a-ete-torture-puis-assassine#respond\"]}]},{\"@type\":\"WebPage\",\"@id\":\"https:\/\/www.africa-press.net\/cameroun\/toutes-les-actualites\/cameroun-voici-comment-leveque-yves-plumey-a-ete-torture-puis-assassine\",\"url\":\"https:\/\/www.africa-press.net\/cameroun\/toutes-les-actualites\/cameroun-voici-comment-leveque-yves-plumey-a-ete-torture-puis-assassine\",\"name\":\"Cameroun : voici comment l\u2019\u00e9v\u00eaque Yves Plumey a \u00e9t\u00e9 tortur\u00e9 puis assassin\u00e9 - Cameroun\",\"isPartOf\":{\"@id\":\"https:\/\/www.africa-press.net\/cameroun\/#website\"},\"primaryImageOfPage\":{\"@id\":\"https:\/\/www.africa-press.net\/cameroun\/toutes-les-actualites\/cameroun-voici-comment-leveque-yves-plumey-a-ete-torture-puis-assassine#primaryimage\"},\"image\":{\"@id\":\"https:\/\/www.africa-press.net\/cameroun\/toutes-les-actualites\/cameroun-voici-comment-leveque-yves-plumey-a-ete-torture-puis-assassine#primaryimage\"},\"thumbnailUrl\":\"https:\/\/static.africa-press.net\/cameroun\/sites\/57\/2023\/03\/postQueueImg_1679506279.82.jpg\",\"datePublished\":\"2023-03-22T22:01:15+00:00\",\"dateModified\":\"2023-03-22T22:35:14+00:00\",\"author\":{\"@id\":\"https:\/\/www.africa-press.net\/cameroun\/#\/schema\/person\/2b1cf3cd81a31e3cd26889ca66d677f1\"},\"description\":\"Arol Ketch, l\u2019auteur de l\u2019\u0153uvre \u00ab Rivie\u0300re de sang : Enque\u0302tes sur les morts non e\u0301lucide\u0301es qui ont marque\u0301 le Cameroun ...\",\"breadcrumb\":{\"@id\":\"https:\/\/www.africa-press.net\/cameroun\/toutes-les-actualites\/cameroun-voici-comment-leveque-yves-plumey-a-ete-torture-puis-assassine#breadcrumb\"},\"inLanguage\":\"fr-FR\",\"potentialAction\":[{\"@type\":\"ReadAction\",\"target\":[\"https:\/\/www.africa-press.net\/cameroun\/toutes-les-actualites\/cameroun-voici-comment-leveque-yves-plumey-a-ete-torture-puis-assassine\"]}]},{\"@type\":\"ImageObject\",\"inLanguage\":\"fr-FR\",\"@id\":\"https:\/\/www.africa-press.net\/cameroun\/toutes-les-actualites\/cameroun-voici-comment-leveque-yves-plumey-a-ete-torture-puis-assassine#primaryimage\",\"url\":\"https:\/\/static.africa-press.net\/cameroun\/sites\/57\/2023\/03\/postQueueImg_1679506279.82.jpg\",\"contentUrl\":\"https:\/\/static.africa-press.net\/cameroun\/sites\/57\/2023\/03\/postQueueImg_1679506279.82.jpg\",\"width\":720,\"height\":501,\"caption\":\"Cameroun : voici comment l\u2019\u00e9v\u00eaque Yves Plumey a \u00e9t\u00e9 tortur\u00e9 puis assassin\u00e9\"},{\"@type\":\"BreadcrumbList\",\"@id\":\"https:\/\/www.africa-press.net\/cameroun\/toutes-les-actualites\/cameroun-voici-comment-leveque-yves-plumey-a-ete-torture-puis-assassine#breadcrumb\",\"itemListElement\":[{\"@type\":\"ListItem\",\"position\":1,\"name\":\"Accueil\",\"item\":\"https:\/\/www.africa-press.net\/cameroun\/\"},{\"@type\":\"ListItem\",\"position\":2,\"name\":\"Cameroun : voici comment l\u2019\u00e9v\u00eaque Yves Plumey a \u00e9t\u00e9 tortur\u00e9 puis assassin\u00e9\"}]},{\"@type\":\"WebSite\",\"@id\":\"https:\/\/www.africa-press.net\/cameroun\/#website\",\"url\":\"https:\/\/www.africa-press.net\/cameroun\/\",\"name\":\"Cameroun\",\"description\":\"Just another Africa News Agency Sites site\",\"potentialAction\":[{\"@type\":\"SearchAction\",\"target\":{\"@type\":\"EntryPoint\",\"urlTemplate\":\"https:\/\/www.africa-press.net\/cameroun\/?s={search_term_string}\"},\"query-input\":{\"@type\":\"PropertyValueSpecification\",\"valueRequired\":true,\"valueName\":\"search_term_string\"}}],\"inLanguage\":\"fr-FR\"},{\"@type\":\"Person\",\"@id\":\"https:\/\/www.africa-press.net\/cameroun\/#\/schema\/person\/2b1cf3cd81a31e3cd26889ca66d677f1\",\"name\":\"cfeditorfr\"}]}<\/script>\n<!-- \/ Yoast SEO Premium plugin. -->","yoast_head_json":{"title":"Cameroun : voici comment l\u2019\u00e9v\u00eaque Yves Plumey a \u00e9t\u00e9 tortur\u00e9 puis assassin\u00e9 - Cameroun","description":"Arol Ketch, l\u2019auteur de l\u2019\u0153uvre \u00ab Rivie\u0300re de sang : Enque\u0302tes sur les morts non e\u0301lucide\u0301es qui ont marque\u0301 le Cameroun ...","robots":{"index":"index","follow":"follow","max-snippet":"max-snippet:-1","max-image-preview":"max-image-preview:large","max-video-preview":"max-video-preview:-1"},"canonical":"https:\/\/www.africa-press.net\/cameroun\/toutes-les-actualites\/cameroun-voici-comment-leveque-yves-plumey-a-ete-torture-puis-assassine","og_locale":"fr_FR","og_type":"article","og_title":"Cameroun : voici comment l\u2019\u00e9v\u00eaque Yves Plumey a \u00e9t\u00e9 tortur\u00e9 puis assassin\u00e9","og_description":"Arol Ketch, l\u2019auteur de l\u2019\u0153uvre \u00ab Rivie\u0300re de sang : Enque\u0302tes sur les morts non e\u0301lucide\u0301es qui ont marque\u0301 le Cameroun ...","og_url":"https:\/\/www.africa-press.net\/cameroun\/toutes-les-actualites\/cameroun-voici-comment-leveque-yves-plumey-a-ete-torture-puis-assassine","og_site_name":"Cameroun","article_published_time":"2023-03-22T22:01:15+00:00","article_modified_time":"2023-03-22T22:35:14+00:00","og_image":[{"width":720,"height":501,"url":"https:\/\/static.africa-press.net\/cameroun\/sites\/57\/2023\/03\/postQueueImg_1679506279.82.jpg","type":"image\/jpeg"}],"author":"cfeditorfr","twitter_card":"summary_large_image","twitter_misc":{"\u00c9crit par":"cfeditorfr","Dur\u00e9e de lecture estim\u00e9e":"4 minutes"},"schema":{"@context":"https:\/\/schema.org","@graph":[{"@type":"Article","@id":"https:\/\/www.africa-press.net\/cameroun\/toutes-les-actualites\/cameroun-voici-comment-leveque-yves-plumey-a-ete-torture-puis-assassine#article","isPartOf":{"@id":"https:\/\/www.africa-press.net\/cameroun\/toutes-les-actualites\/cameroun-voici-comment-leveque-yves-plumey-a-ete-torture-puis-assassine"},"author":{"name":"cfeditorfr","@id":"https:\/\/www.africa-press.net\/cameroun\/#\/schema\/person\/2b1cf3cd81a31e3cd26889ca66d677f1"},"headline":"Cameroun : voici comment l\u2019\u00e9v\u00eaque Yves Plumey a \u00e9t\u00e9 tortur\u00e9 puis assassin\u00e9","datePublished":"2023-03-22T22:01:15+00:00","dateModified":"2023-03-22T22:35:14+00:00","mainEntityOfPage":{"@id":"https:\/\/www.africa-press.net\/cameroun\/toutes-les-actualites\/cameroun-voici-comment-leveque-yves-plumey-a-ete-torture-puis-assassine"},"wordCount":725,"commentCount":0,"image":{"@id":"https:\/\/www.africa-press.net\/cameroun\/toutes-les-actualites\/cameroun-voici-comment-leveque-yves-plumey-a-ete-torture-puis-assassine#primaryimage"},"thumbnailUrl":"https:\/\/static.africa-press.net\/cameroun\/sites\/57\/2023\/03\/postQueueImg_1679506279.82.jpg","keywords":["Africa Press","Africa Press-Cameroun","Cameroun"],"articleSection":["Communaut\u00e9","Toutes les actualit\u00e9s"],"inLanguage":"fr-FR","potentialAction":[{"@type":"CommentAction","name":"Comment","target":["https:\/\/www.africa-press.net\/cameroun\/toutes-les-actualites\/cameroun-voici-comment-leveque-yves-plumey-a-ete-torture-puis-assassine#respond"]}]},{"@type":"WebPage","@id":"https:\/\/www.africa-press.net\/cameroun\/toutes-les-actualites\/cameroun-voici-comment-leveque-yves-plumey-a-ete-torture-puis-assassine","url":"https:\/\/www.africa-press.net\/cameroun\/toutes-les-actualites\/cameroun-voici-comment-leveque-yves-plumey-a-ete-torture-puis-assassine","name":"Cameroun : voici comment l\u2019\u00e9v\u00eaque Yves Plumey a \u00e9t\u00e9 tortur\u00e9 puis assassin\u00e9 - Cameroun","isPartOf":{"@id":"https:\/\/www.africa-press.net\/cameroun\/#website"},"primaryImageOfPage":{"@id":"https:\/\/www.africa-press.net\/cameroun\/toutes-les-actualites\/cameroun-voici-comment-leveque-yves-plumey-a-ete-torture-puis-assassine#primaryimage"},"image":{"@id":"https:\/\/www.africa-press.net\/cameroun\/toutes-les-actualites\/cameroun-voici-comment-leveque-yves-plumey-a-ete-torture-puis-assassine#primaryimage"},"thumbnailUrl":"https:\/\/static.africa-press.net\/cameroun\/sites\/57\/2023\/03\/postQueueImg_1679506279.82.jpg","datePublished":"2023-03-22T22:01:15+00:00","dateModified":"2023-03-22T22:35:14+00:00","author":{"@id":"https:\/\/www.africa-press.net\/cameroun\/#\/schema\/person\/2b1cf3cd81a31e3cd26889ca66d677f1"},"description":"Arol Ketch, l\u2019auteur de l\u2019\u0153uvre \u00ab Rivie\u0300re de sang : Enque\u0302tes sur les morts non e\u0301lucide\u0301es qui ont marque\u0301 le Cameroun ...","breadcrumb":{"@id":"https:\/\/www.africa-press.net\/cameroun\/toutes-les-actualites\/cameroun-voici-comment-leveque-yves-plumey-a-ete-torture-puis-assassine#breadcrumb"},"inLanguage":"fr-FR","potentialAction":[{"@type":"ReadAction","target":["https:\/\/www.africa-press.net\/cameroun\/toutes-les-actualites\/cameroun-voici-comment-leveque-yves-plumey-a-ete-torture-puis-assassine"]}]},{"@type":"ImageObject","inLanguage":"fr-FR","@id":"https:\/\/www.africa-press.net\/cameroun\/toutes-les-actualites\/cameroun-voici-comment-leveque-yves-plumey-a-ete-torture-puis-assassine#primaryimage","url":"https:\/\/static.africa-press.net\/cameroun\/sites\/57\/2023\/03\/postQueueImg_1679506279.82.jpg","contentUrl":"https:\/\/static.africa-press.net\/cameroun\/sites\/57\/2023\/03\/postQueueImg_1679506279.82.jpg","width":720,"height":501,"caption":"Cameroun : voici comment l\u2019\u00e9v\u00eaque Yves Plumey a \u00e9t\u00e9 tortur\u00e9 puis assassin\u00e9"},{"@type":"BreadcrumbList","@id":"https:\/\/www.africa-press.net\/cameroun\/toutes-les-actualites\/cameroun-voici-comment-leveque-yves-plumey-a-ete-torture-puis-assassine#breadcrumb","itemListElement":[{"@type":"ListItem","position":1,"name":"Accueil","item":"https:\/\/www.africa-press.net\/cameroun\/"},{"@type":"ListItem","position":2,"name":"Cameroun : voici comment l\u2019\u00e9v\u00eaque Yves Plumey a \u00e9t\u00e9 tortur\u00e9 puis assassin\u00e9"}]},{"@type":"WebSite","@id":"https:\/\/www.africa-press.net\/cameroun\/#website","url":"https:\/\/www.africa-press.net\/cameroun\/","name":"Cameroun","description":"Just another Africa News Agency Sites site","potentialAction":[{"@type":"SearchAction","target":{"@type":"EntryPoint","urlTemplate":"https:\/\/www.africa-press.net\/cameroun\/?s={search_term_string}"},"query-input":{"@type":"PropertyValueSpecification","valueRequired":true,"valueName":"search_term_string"}}],"inLanguage":"fr-FR"},{"@type":"Person","@id":"https:\/\/www.africa-press.net\/cameroun\/#\/schema\/person\/2b1cf3cd81a31e3cd26889ca66d677f1","name":"cfeditorfr"}]}},"_links":{"self":[{"href":"https:\/\/www.africa-press.net\/cameroun\/wp-json\/wp\/v2\/posts\/39994","targetHints":{"allow":["GET"]}}],"collection":[{"href":"https:\/\/www.africa-press.net\/cameroun\/wp-json\/wp\/v2\/posts"}],"about":[{"href":"https:\/\/www.africa-press.net\/cameroun\/wp-json\/wp\/v2\/types\/post"}],"author":[{"embeddable":true,"href":"https:\/\/www.africa-press.net\/cameroun\/wp-json\/wp\/v2\/users\/82"}],"replies":[{"embeddable":true,"href":"https:\/\/www.africa-press.net\/cameroun\/wp-json\/wp\/v2\/comments?post=39994"}],"version-history":[{"count":0,"href":"https:\/\/www.africa-press.net\/cameroun\/wp-json\/wp\/v2\/posts\/39994\/revisions"}],"wp:featuredmedia":[{"embeddable":true,"href":"https:\/\/www.africa-press.net\/cameroun\/wp-json\/wp\/v2\/media\/39992"}],"wp:attachment":[{"href":"https:\/\/www.africa-press.net\/cameroun\/wp-json\/wp\/v2\/media?parent=39994"}],"wp:term":[{"taxonomy":"category","embeddable":true,"href":"https:\/\/www.africa-press.net\/cameroun\/wp-json\/wp\/v2\/categories?post=39994"},{"taxonomy":"post_tag","embeddable":true,"href":"https:\/\/www.africa-press.net\/cameroun\/wp-json\/wp\/v2\/tags?post=39994"}],"curies":[{"name":"wp","href":"https:\/\/api.w.org\/{rel}","templated":true}]}}