{"id":40008,"date":"2023-03-22T22:01:38","date_gmt":"2023-03-22T22:01:38","guid":{"rendered":"https:\/\/www.africa-press.net\/cameroun\/politique\/revelation-voici-pourquoi-paul-biya-a-prefere-roger-meyong-abath-a-la-tete-du-dgi"},"modified":"2023-03-22T22:36:10","modified_gmt":"2023-03-22T22:36:10","slug":"revelation-voici-pourquoi-paul-biya-a-prefere-roger-meyong-abath-a-la-tete-du-dgi","status":"publish","type":"post","link":"https:\/\/www.africa-press.net\/cameroun\/politique\/revelation-voici-pourquoi-paul-biya-a-prefere-roger-meyong-abath-a-la-tete-du-dgi","title":{"rendered":"REVELATION : voici pourquoi Paul Biya a pr\u00e9f\u00e9r\u00e9 Roger Meyong Abath \u00e0 la t\u00eate du DGI"},"content":{"rendered":"<p><span style=\"color: #ff6600\"><strong>Africa-Press &#8211; Cameroun. <\/strong><\/span>En fin janvier 2023, le pre\u0301sident camerounais avait acte\u0301 le de\u0301tachement de Modeste Mopa Fatoing aupre\u0300s du FMI. L\u2019ex-patron des Impo\u0302ts avait croise\u0301 le fer avec plusieurs personnalite\u0301s influentes, se retrouvant plonge\u0301 au c\u0153ur de la guerre des clans qui de\u0301chire le pays. Il a de\u0301sormais un successeur en la personne de Roger Meyong Abath. Mais pourquoi Paul Biya a pre\u0301fe\u0301re\u0301 cet homme de grande qualite\u0301.<\/p>\n<p>\u00ab Il n\u2019e\u0301tait pas le favori de Modeste Mopa Fatoing \u2013 parti pour rejoindre le FMI \u2013 qui avait pluto\u0302t propose\u0301 Adrien Tocke, bien vu des milieux d\u2019affaires, pour lui succe\u0301der. Il n\u2019avait pas non plus la pre\u0301fe\u0301rence de Louis Paul Motaze, a\u0300 qui il est alle\u0301 pre\u0301senter ses \u00ab civilite\u0301s \u00bb en de\u0301but de soire\u0301e le 20 mars, plus d\u2019heure apre\u0300s l\u2019annonce de la nouvelle. Le ministre des Finances misait pluto\u0302t sur le fide\u0300le Isaac Ngolle V, son conseiller technique. Mais Roger Athanase Meyong Abath a rafle\u0301 la mise \u00bb, a souligne\u0301 Jeune Afrique.<\/p>\n<p>\u00ab Proche de Oswalde Baboke, cet inspecteur principal des impo\u0302ts est de\u0301sormais le patron de la Direction ge\u0301ne\u0301rale des impo\u0302ts (DGI). Le directeur adjoint du cabinet civil de la pre\u0301sidence, et prote\u0301ge\u0301 de Chantal Biya, a en quelque sorte \u00ab porte\u0301 sa candidature \u00bb aupre\u0300s du pre\u0301sident pour un poste tre\u0300s dispute\u0301.Comme Baboke, Roger Meyong Abath est originaire du de\u0301partement du Haut-Nyong. Ne\u0301 en 1968 a\u0300 Ebolowa, le chef-lieu de la re\u0301gion du Sud, il assurait de\u0301ja\u0300, quoique alternativement, un inte\u0301rim a\u0300 la te\u0302te de cette administration dont il a gravi toutes les marches depuis 23 ans. Il e\u0301tait le chef des inspections des services des impo\u0302ts a\u0300 la DGI au moment d\u2019acce\u0301der au Graal \u00bb, pre\u0301cise le Magazine Panafricain.<\/p>\n<p>\u00ab Ce parcours professionnel ne l\u2019empe\u0302che pas de mener un cursus acade\u0301mique : avant de de\u0301crocher, en 2010, un doctorat en fiscalite\u0301 et finances publiques a\u0300 l\u2019universite\u0301 Paris Dauphine, le diplo\u0302me\u0301 de l\u2019E\u0301cole nationale d\u2019administration et de la magistrature (Enam) du Cameroun en 2000, a obtenu une mai\u0302trise en Sciences e\u0301conomiques a\u0300 l\u2019universite\u0301 de Yaounde\u0301, un DESS en Banque, monnaie et finance a\u0300 l\u2019Institut des relations internationales du Cameroun (Iric) et un master en Administration des mines a\u0300 Mines Paris Tech. \u00bb, a ajoute\u0301 Jeune Afrique.<\/p>\n<p><strong>Pour plus d&rsquo;informations et d&rsquo;analyses sur la <a href=\"https:\/\/www.africa-press.net\/cameroun\">Cameroun<\/a>, suivez <a href=\"https:\/\/www.africa-press.net\/\">Africa-Press<\/a><\/strong><\/p>\n","protected":false},"excerpt":{"rendered":"<p>Africa-Press &#8211; Cameroun. En fin janvier 2023, le pre\u0301sident camerounais avait acte\u0301 le de\u0301tachement de Modeste Mopa Fatoing aupre\u0300s du FMI. L\u2019ex-patron des Impo\u0302ts avait croise\u0301 le fer avec plusieurs personnalite\u0301s influentes, se retrouvant plonge\u0301 au c\u0153ur de la guerre des clans qui de\u0301chire le pays. Il a de\u0301sormais un successeur en la personne de [&hellip;]<\/p>\n","protected":false},"author":82,"featured_media":40006,"comment_status":"open","ping_status":"closed","sticky":false,"template":"","format":"standard","meta":{"footnotes":""},"categories":[2,10],"tags":[36,50,49],"class_list":["post-40008","post","type-post","status-publish","format-standard","has-post-thumbnail","hentry","category-politique","category-toutes-les-actualites","tag-africa-press","tag-africa-press-cameroun","tag-cameroun"],"yoast_head":"<!-- This site is optimized with the Yoast SEO Premium plugin v26.1 (Yoast SEO v27.0) - https:\/\/yoast.com\/product\/yoast-seo-premium-wordpress\/ -->\n<title>REVELATION : voici pourquoi Paul Biya a pr\u00e9f\u00e9r\u00e9 Roger Meyong Abath \u00e0 la t\u00eate du DGI - Cameroun<\/title>\n<meta name=\"description\" content=\"En fin janvier 2023, le pre\u0301sident camerounais avait acte\u0301 le de\u0301tachement de Modeste Mopa Fatoing aupre\u0300s du FMI. L\u2019ex- ...\" \/>\n<meta name=\"robots\" content=\"index, follow, max-snippet:-1, max-image-preview:large, max-video-preview:-1\" \/>\n<link rel=\"canonical\" href=\"https:\/\/www.africa-press.net\/cameroun\/politique\/revelation-voici-pourquoi-paul-biya-a-prefere-roger-meyong-abath-a-la-tete-du-dgi\" \/>\n<meta property=\"og:locale\" content=\"fr_FR\" \/>\n<meta property=\"og:type\" content=\"article\" \/>\n<meta property=\"og:title\" content=\"REVELATION : voici pourquoi Paul Biya a pr\u00e9f\u00e9r\u00e9 Roger Meyong Abath \u00e0 la t\u00eate du DGI\" \/>\n<meta property=\"og:description\" content=\"En fin janvier 2023, le pre\u0301sident camerounais avait acte\u0301 le de\u0301tachement de Modeste Mopa Fatoing aupre\u0300s du FMI. L\u2019ex- ...\" \/>\n<meta property=\"og:url\" content=\"https:\/\/www.africa-press.net\/cameroun\/politique\/revelation-voici-pourquoi-paul-biya-a-prefere-roger-meyong-abath-a-la-tete-du-dgi\" \/>\n<meta property=\"og:site_name\" content=\"Cameroun\" \/>\n<meta property=\"article:published_time\" content=\"2023-03-22T22:01:38+00:00\" \/>\n<meta property=\"article:modified_time\" content=\"2023-03-22T22:36:10+00:00\" \/>\n<meta property=\"og:image\" content=\"https:\/\/static.africa-press.net\/cameroun\/sites\/57\/2023\/03\/postQueueImg_1679506301.32.jpg\" \/>\n\t<meta property=\"og:image:width\" content=\"720\" \/>\n\t<meta property=\"og:image:height\" content=\"360\" \/>\n\t<meta property=\"og:image:type\" content=\"image\/jpeg\" \/>\n<meta name=\"author\" content=\"cfeditorfr\" \/>\n<meta name=\"twitter:card\" content=\"summary_large_image\" \/>\n<meta name=\"twitter:label1\" content=\"\u00c9crit par\" \/>\n\t<meta name=\"twitter:data1\" content=\"cfeditorfr\" \/>\n\t<meta name=\"twitter:label2\" content=\"Dur\u00e9e de lecture estim\u00e9e\" \/>\n\t<meta name=\"twitter:data2\" content=\"2 minutes\" \/>\n<script type=\"application\/ld+json\" class=\"yoast-schema-graph\">{\"@context\":\"https:\/\/schema.org\",\"@graph\":[{\"@type\":\"Article\",\"@id\":\"https:\/\/www.africa-press.net\/cameroun\/politique\/revelation-voici-pourquoi-paul-biya-a-prefere-roger-meyong-abath-a-la-tete-du-dgi#article\",\"isPartOf\":{\"@id\":\"https:\/\/www.africa-press.net\/cameroun\/politique\/revelation-voici-pourquoi-paul-biya-a-prefere-roger-meyong-abath-a-la-tete-du-dgi\"},\"author\":{\"name\":\"cfeditorfr\",\"@id\":\"https:\/\/www.africa-press.net\/cameroun\/#\/schema\/person\/2b1cf3cd81a31e3cd26889ca66d677f1\"},\"headline\":\"REVELATION : voici pourquoi Paul Biya a pr\u00e9f\u00e9r\u00e9 Roger Meyong Abath \u00e0 la t\u00eate du DGI\",\"datePublished\":\"2023-03-22T22:01:38+00:00\",\"dateModified\":\"2023-03-22T22:36:10+00:00\",\"mainEntityOfPage\":{\"@id\":\"https:\/\/www.africa-press.net\/cameroun\/politique\/revelation-voici-pourquoi-paul-biya-a-prefere-roger-meyong-abath-a-la-tete-du-dgi\"},\"wordCount\":442,\"commentCount\":0,\"image\":{\"@id\":\"https:\/\/www.africa-press.net\/cameroun\/politique\/revelation-voici-pourquoi-paul-biya-a-prefere-roger-meyong-abath-a-la-tete-du-dgi#primaryimage\"},\"thumbnailUrl\":\"https:\/\/static.africa-press.net\/cameroun\/sites\/57\/2023\/03\/postQueueImg_1679506301.32.jpg\",\"keywords\":[\"Africa Press\",\"Africa Press-Cameroun\",\"Cameroun\"],\"articleSection\":[\"Politique\",\"Toutes les actualit\u00e9s\"],\"inLanguage\":\"fr-FR\",\"potentialAction\":[{\"@type\":\"CommentAction\",\"name\":\"Comment\",\"target\":[\"https:\/\/www.africa-press.net\/cameroun\/politique\/revelation-voici-pourquoi-paul-biya-a-prefere-roger-meyong-abath-a-la-tete-du-dgi#respond\"]}]},{\"@type\":\"WebPage\",\"@id\":\"https:\/\/www.africa-press.net\/cameroun\/politique\/revelation-voici-pourquoi-paul-biya-a-prefere-roger-meyong-abath-a-la-tete-du-dgi\",\"url\":\"https:\/\/www.africa-press.net\/cameroun\/politique\/revelation-voici-pourquoi-paul-biya-a-prefere-roger-meyong-abath-a-la-tete-du-dgi\",\"name\":\"REVELATION : voici pourquoi Paul Biya a pr\u00e9f\u00e9r\u00e9 Roger Meyong Abath \u00e0 la t\u00eate du DGI - Cameroun\",\"isPartOf\":{\"@id\":\"https:\/\/www.africa-press.net\/cameroun\/#website\"},\"primaryImageOfPage\":{\"@id\":\"https:\/\/www.africa-press.net\/cameroun\/politique\/revelation-voici-pourquoi-paul-biya-a-prefere-roger-meyong-abath-a-la-tete-du-dgi#primaryimage\"},\"image\":{\"@id\":\"https:\/\/www.africa-press.net\/cameroun\/politique\/revelation-voici-pourquoi-paul-biya-a-prefere-roger-meyong-abath-a-la-tete-du-dgi#primaryimage\"},\"thumbnailUrl\":\"https:\/\/static.africa-press.net\/cameroun\/sites\/57\/2023\/03\/postQueueImg_1679506301.32.jpg\",\"datePublished\":\"2023-03-22T22:01:38+00:00\",\"dateModified\":\"2023-03-22T22:36:10+00:00\",\"author\":{\"@id\":\"https:\/\/www.africa-press.net\/cameroun\/#\/schema\/person\/2b1cf3cd81a31e3cd26889ca66d677f1\"},\"description\":\"En fin janvier 2023, le pre\u0301sident camerounais avait acte\u0301 le de\u0301tachement de Modeste Mopa Fatoing aupre\u0300s du FMI. L\u2019ex- ...\",\"breadcrumb\":{\"@id\":\"https:\/\/www.africa-press.net\/cameroun\/politique\/revelation-voici-pourquoi-paul-biya-a-prefere-roger-meyong-abath-a-la-tete-du-dgi#breadcrumb\"},\"inLanguage\":\"fr-FR\",\"potentialAction\":[{\"@type\":\"ReadAction\",\"target\":[\"https:\/\/www.africa-press.net\/cameroun\/politique\/revelation-voici-pourquoi-paul-biya-a-prefere-roger-meyong-abath-a-la-tete-du-dgi\"]}]},{\"@type\":\"ImageObject\",\"inLanguage\":\"fr-FR\",\"@id\":\"https:\/\/www.africa-press.net\/cameroun\/politique\/revelation-voici-pourquoi-paul-biya-a-prefere-roger-meyong-abath-a-la-tete-du-dgi#primaryimage\",\"url\":\"https:\/\/static.africa-press.net\/cameroun\/sites\/57\/2023\/03\/postQueueImg_1679506301.32.jpg\",\"contentUrl\":\"https:\/\/static.africa-press.net\/cameroun\/sites\/57\/2023\/03\/postQueueImg_1679506301.32.jpg\",\"width\":720,\"height\":360,\"caption\":\"REVELATION : voici pourquoi Paul Biya a pr\u00e9f\u00e9r\u00e9 Roger Meyong Abath \u00e0 la t\u00eate du DGI\"},{\"@type\":\"BreadcrumbList\",\"@id\":\"https:\/\/www.africa-press.net\/cameroun\/politique\/revelation-voici-pourquoi-paul-biya-a-prefere-roger-meyong-abath-a-la-tete-du-dgi#breadcrumb\",\"itemListElement\":[{\"@type\":\"ListItem\",\"position\":1,\"name\":\"Accueil\",\"item\":\"https:\/\/www.africa-press.net\/cameroun\/\"},{\"@type\":\"ListItem\",\"position\":2,\"name\":\"REVELATION : voici pourquoi Paul Biya a pr\u00e9f\u00e9r\u00e9 Roger Meyong Abath \u00e0 la t\u00eate du DGI\"}]},{\"@type\":\"WebSite\",\"@id\":\"https:\/\/www.africa-press.net\/cameroun\/#website\",\"url\":\"https:\/\/www.africa-press.net\/cameroun\/\",\"name\":\"Cameroun\",\"description\":\"Just another Africa News Agency Sites site\",\"potentialAction\":[{\"@type\":\"SearchAction\",\"target\":{\"@type\":\"EntryPoint\",\"urlTemplate\":\"https:\/\/www.africa-press.net\/cameroun\/?s={search_term_string}\"},\"query-input\":{\"@type\":\"PropertyValueSpecification\",\"valueRequired\":true,\"valueName\":\"search_term_string\"}}],\"inLanguage\":\"fr-FR\"},{\"@type\":\"Person\",\"@id\":\"https:\/\/www.africa-press.net\/cameroun\/#\/schema\/person\/2b1cf3cd81a31e3cd26889ca66d677f1\",\"name\":\"cfeditorfr\"}]}<\/script>\n<!-- \/ Yoast SEO Premium plugin. -->","yoast_head_json":{"title":"REVELATION : voici pourquoi Paul Biya a pr\u00e9f\u00e9r\u00e9 Roger Meyong Abath \u00e0 la t\u00eate du DGI - Cameroun","description":"En fin janvier 2023, le pre\u0301sident camerounais avait acte\u0301 le de\u0301tachement de Modeste Mopa Fatoing aupre\u0300s du FMI. L\u2019ex- ...","robots":{"index":"index","follow":"follow","max-snippet":"max-snippet:-1","max-image-preview":"max-image-preview:large","max-video-preview":"max-video-preview:-1"},"canonical":"https:\/\/www.africa-press.net\/cameroun\/politique\/revelation-voici-pourquoi-paul-biya-a-prefere-roger-meyong-abath-a-la-tete-du-dgi","og_locale":"fr_FR","og_type":"article","og_title":"REVELATION : voici pourquoi Paul Biya a pr\u00e9f\u00e9r\u00e9 Roger Meyong Abath \u00e0 la t\u00eate du DGI","og_description":"En fin janvier 2023, le pre\u0301sident camerounais avait acte\u0301 le de\u0301tachement de Modeste Mopa Fatoing aupre\u0300s du FMI. L\u2019ex- ...","og_url":"https:\/\/www.africa-press.net\/cameroun\/politique\/revelation-voici-pourquoi-paul-biya-a-prefere-roger-meyong-abath-a-la-tete-du-dgi","og_site_name":"Cameroun","article_published_time":"2023-03-22T22:01:38+00:00","article_modified_time":"2023-03-22T22:36:10+00:00","og_image":[{"width":720,"height":360,"url":"https:\/\/static.africa-press.net\/cameroun\/sites\/57\/2023\/03\/postQueueImg_1679506301.32.jpg","type":"image\/jpeg"}],"author":"cfeditorfr","twitter_card":"summary_large_image","twitter_misc":{"\u00c9crit par":"cfeditorfr","Dur\u00e9e de lecture estim\u00e9e":"2 minutes"},"schema":{"@context":"https:\/\/schema.org","@graph":[{"@type":"Article","@id":"https:\/\/www.africa-press.net\/cameroun\/politique\/revelation-voici-pourquoi-paul-biya-a-prefere-roger-meyong-abath-a-la-tete-du-dgi#article","isPartOf":{"@id":"https:\/\/www.africa-press.net\/cameroun\/politique\/revelation-voici-pourquoi-paul-biya-a-prefere-roger-meyong-abath-a-la-tete-du-dgi"},"author":{"name":"cfeditorfr","@id":"https:\/\/www.africa-press.net\/cameroun\/#\/schema\/person\/2b1cf3cd81a31e3cd26889ca66d677f1"},"headline":"REVELATION : voici pourquoi Paul Biya a pr\u00e9f\u00e9r\u00e9 Roger Meyong Abath \u00e0 la t\u00eate du DGI","datePublished":"2023-03-22T22:01:38+00:00","dateModified":"2023-03-22T22:36:10+00:00","mainEntityOfPage":{"@id":"https:\/\/www.africa-press.net\/cameroun\/politique\/revelation-voici-pourquoi-paul-biya-a-prefere-roger-meyong-abath-a-la-tete-du-dgi"},"wordCount":442,"commentCount":0,"image":{"@id":"https:\/\/www.africa-press.net\/cameroun\/politique\/revelation-voici-pourquoi-paul-biya-a-prefere-roger-meyong-abath-a-la-tete-du-dgi#primaryimage"},"thumbnailUrl":"https:\/\/static.africa-press.net\/cameroun\/sites\/57\/2023\/03\/postQueueImg_1679506301.32.jpg","keywords":["Africa Press","Africa Press-Cameroun","Cameroun"],"articleSection":["Politique","Toutes les actualit\u00e9s"],"inLanguage":"fr-FR","potentialAction":[{"@type":"CommentAction","name":"Comment","target":["https:\/\/www.africa-press.net\/cameroun\/politique\/revelation-voici-pourquoi-paul-biya-a-prefere-roger-meyong-abath-a-la-tete-du-dgi#respond"]}]},{"@type":"WebPage","@id":"https:\/\/www.africa-press.net\/cameroun\/politique\/revelation-voici-pourquoi-paul-biya-a-prefere-roger-meyong-abath-a-la-tete-du-dgi","url":"https:\/\/www.africa-press.net\/cameroun\/politique\/revelation-voici-pourquoi-paul-biya-a-prefere-roger-meyong-abath-a-la-tete-du-dgi","name":"REVELATION : voici pourquoi Paul Biya a pr\u00e9f\u00e9r\u00e9 Roger Meyong Abath \u00e0 la t\u00eate du DGI - Cameroun","isPartOf":{"@id":"https:\/\/www.africa-press.net\/cameroun\/#website"},"primaryImageOfPage":{"@id":"https:\/\/www.africa-press.net\/cameroun\/politique\/revelation-voici-pourquoi-paul-biya-a-prefere-roger-meyong-abath-a-la-tete-du-dgi#primaryimage"},"image":{"@id":"https:\/\/www.africa-press.net\/cameroun\/politique\/revelation-voici-pourquoi-paul-biya-a-prefere-roger-meyong-abath-a-la-tete-du-dgi#primaryimage"},"thumbnailUrl":"https:\/\/static.africa-press.net\/cameroun\/sites\/57\/2023\/03\/postQueueImg_1679506301.32.jpg","datePublished":"2023-03-22T22:01:38+00:00","dateModified":"2023-03-22T22:36:10+00:00","author":{"@id":"https:\/\/www.africa-press.net\/cameroun\/#\/schema\/person\/2b1cf3cd81a31e3cd26889ca66d677f1"},"description":"En fin janvier 2023, le pre\u0301sident camerounais avait acte\u0301 le de\u0301tachement de Modeste Mopa Fatoing aupre\u0300s du FMI. L\u2019ex- ...","breadcrumb":{"@id":"https:\/\/www.africa-press.net\/cameroun\/politique\/revelation-voici-pourquoi-paul-biya-a-prefere-roger-meyong-abath-a-la-tete-du-dgi#breadcrumb"},"inLanguage":"fr-FR","potentialAction":[{"@type":"ReadAction","target":["https:\/\/www.africa-press.net\/cameroun\/politique\/revelation-voici-pourquoi-paul-biya-a-prefere-roger-meyong-abath-a-la-tete-du-dgi"]}]},{"@type":"ImageObject","inLanguage":"fr-FR","@id":"https:\/\/www.africa-press.net\/cameroun\/politique\/revelation-voici-pourquoi-paul-biya-a-prefere-roger-meyong-abath-a-la-tete-du-dgi#primaryimage","url":"https:\/\/static.africa-press.net\/cameroun\/sites\/57\/2023\/03\/postQueueImg_1679506301.32.jpg","contentUrl":"https:\/\/static.africa-press.net\/cameroun\/sites\/57\/2023\/03\/postQueueImg_1679506301.32.jpg","width":720,"height":360,"caption":"REVELATION : voici pourquoi Paul Biya a pr\u00e9f\u00e9r\u00e9 Roger Meyong Abath \u00e0 la t\u00eate du DGI"},{"@type":"BreadcrumbList","@id":"https:\/\/www.africa-press.net\/cameroun\/politique\/revelation-voici-pourquoi-paul-biya-a-prefere-roger-meyong-abath-a-la-tete-du-dgi#breadcrumb","itemListElement":[{"@type":"ListItem","position":1,"name":"Accueil","item":"https:\/\/www.africa-press.net\/cameroun\/"},{"@type":"ListItem","position":2,"name":"REVELATION : voici pourquoi Paul Biya a pr\u00e9f\u00e9r\u00e9 Roger Meyong Abath \u00e0 la t\u00eate du DGI"}]},{"@type":"WebSite","@id":"https:\/\/www.africa-press.net\/cameroun\/#website","url":"https:\/\/www.africa-press.net\/cameroun\/","name":"Cameroun","description":"Just another Africa News Agency Sites site","potentialAction":[{"@type":"SearchAction","target":{"@type":"EntryPoint","urlTemplate":"https:\/\/www.africa-press.net\/cameroun\/?s={search_term_string}"},"query-input":{"@type":"PropertyValueSpecification","valueRequired":true,"valueName":"search_term_string"}}],"inLanguage":"fr-FR"},{"@type":"Person","@id":"https:\/\/www.africa-press.net\/cameroun\/#\/schema\/person\/2b1cf3cd81a31e3cd26889ca66d677f1","name":"cfeditorfr"}]}},"_links":{"self":[{"href":"https:\/\/www.africa-press.net\/cameroun\/wp-json\/wp\/v2\/posts\/40008","targetHints":{"allow":["GET"]}}],"collection":[{"href":"https:\/\/www.africa-press.net\/cameroun\/wp-json\/wp\/v2\/posts"}],"about":[{"href":"https:\/\/www.africa-press.net\/cameroun\/wp-json\/wp\/v2\/types\/post"}],"author":[{"embeddable":true,"href":"https:\/\/www.africa-press.net\/cameroun\/wp-json\/wp\/v2\/users\/82"}],"replies":[{"embeddable":true,"href":"https:\/\/www.africa-press.net\/cameroun\/wp-json\/wp\/v2\/comments?post=40008"}],"version-history":[{"count":0,"href":"https:\/\/www.africa-press.net\/cameroun\/wp-json\/wp\/v2\/posts\/40008\/revisions"}],"wp:featuredmedia":[{"embeddable":true,"href":"https:\/\/www.africa-press.net\/cameroun\/wp-json\/wp\/v2\/media\/40006"}],"wp:attachment":[{"href":"https:\/\/www.africa-press.net\/cameroun\/wp-json\/wp\/v2\/media?parent=40008"}],"wp:term":[{"taxonomy":"category","embeddable":true,"href":"https:\/\/www.africa-press.net\/cameroun\/wp-json\/wp\/v2\/categories?post=40008"},{"taxonomy":"post_tag","embeddable":true,"href":"https:\/\/www.africa-press.net\/cameroun\/wp-json\/wp\/v2\/tags?post=40008"}],"curies":[{"name":"wp","href":"https:\/\/api.w.org\/{rel}","templated":true}]}}