{"id":40019,"date":"2023-03-22T22:01:48","date_gmt":"2023-03-22T22:01:48","guid":{"rendered":"https:\/\/www.africa-press.net\/cameroun\/politique\/salaire-minimum-au-cameroun-sous-le-feu-des-criques-paul-biya-prend-une-decision-etonnante"},"modified":"2023-03-22T22:37:19","modified_gmt":"2023-03-22T22:37:19","slug":"salaire-minimum-au-cameroun-sous-le-feu-des-criques-paul-biya-prend-une-decision-etonnante","status":"publish","type":"post","link":"https:\/\/www.africa-press.net\/cameroun\/politique\/salaire-minimum-au-cameroun-sous-le-feu-des-criques-paul-biya-prend-une-decision-etonnante","title":{"rendered":"Salaire minimum au Cameroun : sous le feu des criques, Paul Biya  prend une d\u00e9cision \u00e9tonnante"},"content":{"rendered":"<p><span style=\"color: #ff6600\"><strong>Africa-Press &#8211; Cameroun. <\/strong><\/span>C\u2019e\u0301tait une de\u0301cision appre\u0301cie\u0301 par certains, moins par la plupart. En fin janvier 2023, le salaire minimum interprofessionnel minimum garanti est passe\u0301 de 36 270 francs CFA a\u0300 41 875 francs CFA. Cette augmentation du Smig avait particulie\u0300rement e\u0301te\u0301 conteste\u0301e par les travailleurs. Les repre\u0301sentants des syndicats n\u2019ont pas approuve\u0301 le montant propose\u0301 par le gouvernement et re\u0301clament qu\u2019il soit augmente\u0301 a\u0300 60 000 francs CFA.<\/p>\n<p>Aussi, au me\u0302me moment, sur le territoire camerounais, certains patrons dans le prive\u0301 acceptent de\u0301ja\u0300 de payer 60 000 FCFA a\u0300 leurs employe\u0301s.<\/p>\n<p>Dans une publication sur Facebook, Calixthe Beyala s\u2019e\u0301tonne que l\u2019Etat camerounais, qui lui-me\u0302me sous-paie ses employe\u0301s demande aux entreprises prive\u0301es de payer des salaires plus e\u0301leve\u0301s.<\/p>\n<p>Le Cameroun est une curiosite\u0301 plane\u0301taire ! Alors que je de\u0301nonce depuis des mois, et ce, dans les me\u0301dias du monde entier, les salaires minables donne\u0301s aux Camerounais, plusieurs de\u0301crets instituant les nouveaux salaires sont sortis :<\/p>\n<p>Dans la fonction publique, le smic est releve\u0301 de 36 000 CFA a\u0300 41500, c&rsquo;est a\u0300 dire de 52 euros a\u0300 61 euros a\u0300 peu pre\u0300s, on se demande encore, comment ils feront pour vivre. Un autre de\u0301cret vient de porter le SMIC dans le prive\u0301 a\u0300 60 000 francs CFA.<\/p>\n<p>Rions un peu : dans tous les pays qui se respectent, l&rsquo;e\u0301tat est le plus grand employeur, avec ses moult fonctionnaires. Les entreprises prive\u0301es repre\u0301sentent peu !<\/p>\n<p>Alors me\u0302me que l&rsquo;e\u0301tat camerounais ne paie pas ses prestataires prive\u0301s qui par ricochet se doivent de payer leurs employe\u0301s, que les fournisseurs de l&rsquo;e\u0301tat pleurent des impaye\u0301s depuis des lustres, comment cet e\u0301tat voudrait-il que ceux-la\u0300 non seulement paient les employe\u0301s a\u0300 un SMIC de 60 000 et survivent ? Ou\u0300 pense-t-il que ces prive\u0301s pourraient trouver de l&rsquo;argent ?<\/p>\n<p>Enfin, depuis quand, le SMIC dans un pays n&rsquo;est pas le me\u0302me dans tous les secteurs ?<\/p>\n<p>Le Cameroun est re\u0301ellement une curiosite\u0301 mondiale. L&rsquo;e\u0301tat sous paie ses employe\u0301s et demande aux prive\u0301s de faire mieux que lui, la bonne blague.<\/p>\n<p><strong>Pour plus d&rsquo;informations et d&rsquo;analyses sur la <a href=\"https:\/\/www.africa-press.net\/cameroun\">Cameroun<\/a>, suivez <a href=\"https:\/\/www.africa-press.net\/\">Africa-Press<\/a><\/strong><\/p>\n","protected":false},"excerpt":{"rendered":"<p>Africa-Press &#8211; Cameroun. C\u2019e\u0301tait une de\u0301cision appre\u0301cie\u0301 par certains, moins par la plupart. En fin janvier 2023, le salaire minimum interprofessionnel minimum garanti est passe\u0301 de 36 270 francs CFA a\u0300 41 875 francs CFA. Cette augmentation du Smig avait particulie\u0300rement e\u0301te\u0301 conteste\u0301e par les travailleurs. Les repre\u0301sentants des syndicats n\u2019ont pas approuve\u0301 le montant [&hellip;]<\/p>\n","protected":false},"author":82,"featured_media":40018,"comment_status":"open","ping_status":"closed","sticky":false,"template":"","format":"standard","meta":{"footnotes":""},"categories":[2,10],"tags":[36,50,49],"class_list":["post-40019","post","type-post","status-publish","format-standard","has-post-thumbnail","hentry","category-politique","category-toutes-les-actualites","tag-africa-press","tag-africa-press-cameroun","tag-cameroun"],"yoast_head":"<!-- This site is optimized with the Yoast SEO Premium plugin v26.1 (Yoast SEO v27.0) - https:\/\/yoast.com\/product\/yoast-seo-premium-wordpress\/ -->\n<title>Salaire minimum au Cameroun : sous le feu des criques, Paul Biya prend une d\u00e9cision \u00e9tonnante - Cameroun<\/title>\n<meta name=\"description\" content=\"C\u2019e\u0301tait une de\u0301cision appre\u0301cie\u0301 par certains, moins par la plupart. En fin janvier 2023, le salaire minimum interprofe ...\" \/>\n<meta name=\"robots\" content=\"index, follow, max-snippet:-1, max-image-preview:large, max-video-preview:-1\" \/>\n<link rel=\"canonical\" href=\"https:\/\/www.africa-press.net\/cameroun\/politique\/salaire-minimum-au-cameroun-sous-le-feu-des-criques-paul-biya-prend-une-decision-etonnante\" \/>\n<meta property=\"og:locale\" content=\"fr_FR\" \/>\n<meta property=\"og:type\" content=\"article\" \/>\n<meta property=\"og:title\" content=\"Salaire minimum au Cameroun : sous le feu des criques, Paul Biya prend une d\u00e9cision \u00e9tonnante\" \/>\n<meta property=\"og:description\" content=\"C\u2019e\u0301tait une de\u0301cision appre\u0301cie\u0301 par certains, moins par la plupart. En fin janvier 2023, le salaire minimum interprofe ...\" \/>\n<meta property=\"og:url\" content=\"https:\/\/www.africa-press.net\/cameroun\/politique\/salaire-minimum-au-cameroun-sous-le-feu-des-criques-paul-biya-prend-une-decision-etonnante\" \/>\n<meta property=\"og:site_name\" content=\"Cameroun\" \/>\n<meta property=\"article:published_time\" content=\"2023-03-22T22:01:48+00:00\" \/>\n<meta property=\"article:modified_time\" content=\"2023-03-22T22:37:19+00:00\" \/>\n<meta property=\"og:image\" content=\"https:\/\/static.africa-press.net\/cameroun\/sites\/57\/2023\/03\/postQueueImg_1679506313.12.jpg\" \/>\n\t<meta property=\"og:image:width\" content=\"720\" \/>\n\t<meta property=\"og:image:height\" content=\"321\" \/>\n\t<meta property=\"og:image:type\" content=\"image\/jpeg\" \/>\n<meta name=\"author\" content=\"cfeditorfr\" \/>\n<meta name=\"twitter:card\" content=\"summary_large_image\" \/>\n<meta name=\"twitter:label1\" content=\"\u00c9crit par\" \/>\n\t<meta name=\"twitter:data1\" content=\"cfeditorfr\" \/>\n\t<meta name=\"twitter:label2\" content=\"Dur\u00e9e de lecture estim\u00e9e\" \/>\n\t<meta name=\"twitter:data2\" content=\"2 minutes\" \/>\n<script type=\"application\/ld+json\" class=\"yoast-schema-graph\">{\"@context\":\"https:\/\/schema.org\",\"@graph\":[{\"@type\":\"Article\",\"@id\":\"https:\/\/www.africa-press.net\/cameroun\/politique\/salaire-minimum-au-cameroun-sous-le-feu-des-criques-paul-biya-prend-une-decision-etonnante#article\",\"isPartOf\":{\"@id\":\"https:\/\/www.africa-press.net\/cameroun\/politique\/salaire-minimum-au-cameroun-sous-le-feu-des-criques-paul-biya-prend-une-decision-etonnante\"},\"author\":{\"name\":\"cfeditorfr\",\"@id\":\"https:\/\/www.africa-press.net\/cameroun\/#\/schema\/person\/2b1cf3cd81a31e3cd26889ca66d677f1\"},\"headline\":\"Salaire minimum au Cameroun : sous le feu des criques, Paul Biya prend une d\u00e9cision \u00e9tonnante\",\"datePublished\":\"2023-03-22T22:01:48+00:00\",\"dateModified\":\"2023-03-22T22:37:19+00:00\",\"mainEntityOfPage\":{\"@id\":\"https:\/\/www.africa-press.net\/cameroun\/politique\/salaire-minimum-au-cameroun-sous-le-feu-des-criques-paul-biya-prend-une-decision-etonnante\"},\"wordCount\":391,\"commentCount\":0,\"image\":{\"@id\":\"https:\/\/www.africa-press.net\/cameroun\/politique\/salaire-minimum-au-cameroun-sous-le-feu-des-criques-paul-biya-prend-une-decision-etonnante#primaryimage\"},\"thumbnailUrl\":\"https:\/\/static.africa-press.net\/cameroun\/sites\/57\/2023\/03\/postQueueImg_1679506313.12.jpg\",\"keywords\":[\"Africa Press\",\"Africa Press-Cameroun\",\"Cameroun\"],\"articleSection\":[\"Politique\",\"Toutes les actualit\u00e9s\"],\"inLanguage\":\"fr-FR\",\"potentialAction\":[{\"@type\":\"CommentAction\",\"name\":\"Comment\",\"target\":[\"https:\/\/www.africa-press.net\/cameroun\/politique\/salaire-minimum-au-cameroun-sous-le-feu-des-criques-paul-biya-prend-une-decision-etonnante#respond\"]}]},{\"@type\":\"WebPage\",\"@id\":\"https:\/\/www.africa-press.net\/cameroun\/politique\/salaire-minimum-au-cameroun-sous-le-feu-des-criques-paul-biya-prend-une-decision-etonnante\",\"url\":\"https:\/\/www.africa-press.net\/cameroun\/politique\/salaire-minimum-au-cameroun-sous-le-feu-des-criques-paul-biya-prend-une-decision-etonnante\",\"name\":\"Salaire minimum au Cameroun : sous le feu des criques, Paul Biya prend une d\u00e9cision \u00e9tonnante - Cameroun\",\"isPartOf\":{\"@id\":\"https:\/\/www.africa-press.net\/cameroun\/#website\"},\"primaryImageOfPage\":{\"@id\":\"https:\/\/www.africa-press.net\/cameroun\/politique\/salaire-minimum-au-cameroun-sous-le-feu-des-criques-paul-biya-prend-une-decision-etonnante#primaryimage\"},\"image\":{\"@id\":\"https:\/\/www.africa-press.net\/cameroun\/politique\/salaire-minimum-au-cameroun-sous-le-feu-des-criques-paul-biya-prend-une-decision-etonnante#primaryimage\"},\"thumbnailUrl\":\"https:\/\/static.africa-press.net\/cameroun\/sites\/57\/2023\/03\/postQueueImg_1679506313.12.jpg\",\"datePublished\":\"2023-03-22T22:01:48+00:00\",\"dateModified\":\"2023-03-22T22:37:19+00:00\",\"author\":{\"@id\":\"https:\/\/www.africa-press.net\/cameroun\/#\/schema\/person\/2b1cf3cd81a31e3cd26889ca66d677f1\"},\"description\":\"C\u2019e\u0301tait une de\u0301cision appre\u0301cie\u0301 par certains, moins par la plupart. En fin janvier 2023, le salaire minimum interprofe ...\",\"breadcrumb\":{\"@id\":\"https:\/\/www.africa-press.net\/cameroun\/politique\/salaire-minimum-au-cameroun-sous-le-feu-des-criques-paul-biya-prend-une-decision-etonnante#breadcrumb\"},\"inLanguage\":\"fr-FR\",\"potentialAction\":[{\"@type\":\"ReadAction\",\"target\":[\"https:\/\/www.africa-press.net\/cameroun\/politique\/salaire-minimum-au-cameroun-sous-le-feu-des-criques-paul-biya-prend-une-decision-etonnante\"]}]},{\"@type\":\"ImageObject\",\"inLanguage\":\"fr-FR\",\"@id\":\"https:\/\/www.africa-press.net\/cameroun\/politique\/salaire-minimum-au-cameroun-sous-le-feu-des-criques-paul-biya-prend-une-decision-etonnante#primaryimage\",\"url\":\"https:\/\/static.africa-press.net\/cameroun\/sites\/57\/2023\/03\/postQueueImg_1679506313.12.jpg\",\"contentUrl\":\"https:\/\/static.africa-press.net\/cameroun\/sites\/57\/2023\/03\/postQueueImg_1679506313.12.jpg\",\"width\":720,\"height\":321,\"caption\":\"Salaire minimum au Cameroun : sous le feu des criques, Paul Biya prend une d\u00e9cision \u00e9tonnante\"},{\"@type\":\"BreadcrumbList\",\"@id\":\"https:\/\/www.africa-press.net\/cameroun\/politique\/salaire-minimum-au-cameroun-sous-le-feu-des-criques-paul-biya-prend-une-decision-etonnante#breadcrumb\",\"itemListElement\":[{\"@type\":\"ListItem\",\"position\":1,\"name\":\"Accueil\",\"item\":\"https:\/\/www.africa-press.net\/cameroun\/\"},{\"@type\":\"ListItem\",\"position\":2,\"name\":\"Salaire minimum au Cameroun : sous le feu des criques, Paul Biya prend une d\u00e9cision \u00e9tonnante\"}]},{\"@type\":\"WebSite\",\"@id\":\"https:\/\/www.africa-press.net\/cameroun\/#website\",\"url\":\"https:\/\/www.africa-press.net\/cameroun\/\",\"name\":\"Cameroun\",\"description\":\"Just another Africa News Agency Sites site\",\"potentialAction\":[{\"@type\":\"SearchAction\",\"target\":{\"@type\":\"EntryPoint\",\"urlTemplate\":\"https:\/\/www.africa-press.net\/cameroun\/?s={search_term_string}\"},\"query-input\":{\"@type\":\"PropertyValueSpecification\",\"valueRequired\":true,\"valueName\":\"search_term_string\"}}],\"inLanguage\":\"fr-FR\"},{\"@type\":\"Person\",\"@id\":\"https:\/\/www.africa-press.net\/cameroun\/#\/schema\/person\/2b1cf3cd81a31e3cd26889ca66d677f1\",\"name\":\"cfeditorfr\"}]}<\/script>\n<!-- \/ Yoast SEO Premium plugin. -->","yoast_head_json":{"title":"Salaire minimum au Cameroun : sous le feu des criques, Paul Biya prend une d\u00e9cision \u00e9tonnante - Cameroun","description":"C\u2019e\u0301tait une de\u0301cision appre\u0301cie\u0301 par certains, moins par la plupart. En fin janvier 2023, le salaire minimum interprofe ...","robots":{"index":"index","follow":"follow","max-snippet":"max-snippet:-1","max-image-preview":"max-image-preview:large","max-video-preview":"max-video-preview:-1"},"canonical":"https:\/\/www.africa-press.net\/cameroun\/politique\/salaire-minimum-au-cameroun-sous-le-feu-des-criques-paul-biya-prend-une-decision-etonnante","og_locale":"fr_FR","og_type":"article","og_title":"Salaire minimum au Cameroun : sous le feu des criques, Paul Biya prend une d\u00e9cision \u00e9tonnante","og_description":"C\u2019e\u0301tait une de\u0301cision appre\u0301cie\u0301 par certains, moins par la plupart. En fin janvier 2023, le salaire minimum interprofe ...","og_url":"https:\/\/www.africa-press.net\/cameroun\/politique\/salaire-minimum-au-cameroun-sous-le-feu-des-criques-paul-biya-prend-une-decision-etonnante","og_site_name":"Cameroun","article_published_time":"2023-03-22T22:01:48+00:00","article_modified_time":"2023-03-22T22:37:19+00:00","og_image":[{"width":720,"height":321,"url":"https:\/\/static.africa-press.net\/cameroun\/sites\/57\/2023\/03\/postQueueImg_1679506313.12.jpg","type":"image\/jpeg"}],"author":"cfeditorfr","twitter_card":"summary_large_image","twitter_misc":{"\u00c9crit par":"cfeditorfr","Dur\u00e9e de lecture estim\u00e9e":"2 minutes"},"schema":{"@context":"https:\/\/schema.org","@graph":[{"@type":"Article","@id":"https:\/\/www.africa-press.net\/cameroun\/politique\/salaire-minimum-au-cameroun-sous-le-feu-des-criques-paul-biya-prend-une-decision-etonnante#article","isPartOf":{"@id":"https:\/\/www.africa-press.net\/cameroun\/politique\/salaire-minimum-au-cameroun-sous-le-feu-des-criques-paul-biya-prend-une-decision-etonnante"},"author":{"name":"cfeditorfr","@id":"https:\/\/www.africa-press.net\/cameroun\/#\/schema\/person\/2b1cf3cd81a31e3cd26889ca66d677f1"},"headline":"Salaire minimum au Cameroun : sous le feu des criques, Paul Biya prend une d\u00e9cision \u00e9tonnante","datePublished":"2023-03-22T22:01:48+00:00","dateModified":"2023-03-22T22:37:19+00:00","mainEntityOfPage":{"@id":"https:\/\/www.africa-press.net\/cameroun\/politique\/salaire-minimum-au-cameroun-sous-le-feu-des-criques-paul-biya-prend-une-decision-etonnante"},"wordCount":391,"commentCount":0,"image":{"@id":"https:\/\/www.africa-press.net\/cameroun\/politique\/salaire-minimum-au-cameroun-sous-le-feu-des-criques-paul-biya-prend-une-decision-etonnante#primaryimage"},"thumbnailUrl":"https:\/\/static.africa-press.net\/cameroun\/sites\/57\/2023\/03\/postQueueImg_1679506313.12.jpg","keywords":["Africa Press","Africa Press-Cameroun","Cameroun"],"articleSection":["Politique","Toutes les actualit\u00e9s"],"inLanguage":"fr-FR","potentialAction":[{"@type":"CommentAction","name":"Comment","target":["https:\/\/www.africa-press.net\/cameroun\/politique\/salaire-minimum-au-cameroun-sous-le-feu-des-criques-paul-biya-prend-une-decision-etonnante#respond"]}]},{"@type":"WebPage","@id":"https:\/\/www.africa-press.net\/cameroun\/politique\/salaire-minimum-au-cameroun-sous-le-feu-des-criques-paul-biya-prend-une-decision-etonnante","url":"https:\/\/www.africa-press.net\/cameroun\/politique\/salaire-minimum-au-cameroun-sous-le-feu-des-criques-paul-biya-prend-une-decision-etonnante","name":"Salaire minimum au Cameroun : sous le feu des criques, Paul Biya prend une d\u00e9cision \u00e9tonnante - Cameroun","isPartOf":{"@id":"https:\/\/www.africa-press.net\/cameroun\/#website"},"primaryImageOfPage":{"@id":"https:\/\/www.africa-press.net\/cameroun\/politique\/salaire-minimum-au-cameroun-sous-le-feu-des-criques-paul-biya-prend-une-decision-etonnante#primaryimage"},"image":{"@id":"https:\/\/www.africa-press.net\/cameroun\/politique\/salaire-minimum-au-cameroun-sous-le-feu-des-criques-paul-biya-prend-une-decision-etonnante#primaryimage"},"thumbnailUrl":"https:\/\/static.africa-press.net\/cameroun\/sites\/57\/2023\/03\/postQueueImg_1679506313.12.jpg","datePublished":"2023-03-22T22:01:48+00:00","dateModified":"2023-03-22T22:37:19+00:00","author":{"@id":"https:\/\/www.africa-press.net\/cameroun\/#\/schema\/person\/2b1cf3cd81a31e3cd26889ca66d677f1"},"description":"C\u2019e\u0301tait une de\u0301cision appre\u0301cie\u0301 par certains, moins par la plupart. En fin janvier 2023, le salaire minimum interprofe ...","breadcrumb":{"@id":"https:\/\/www.africa-press.net\/cameroun\/politique\/salaire-minimum-au-cameroun-sous-le-feu-des-criques-paul-biya-prend-une-decision-etonnante#breadcrumb"},"inLanguage":"fr-FR","potentialAction":[{"@type":"ReadAction","target":["https:\/\/www.africa-press.net\/cameroun\/politique\/salaire-minimum-au-cameroun-sous-le-feu-des-criques-paul-biya-prend-une-decision-etonnante"]}]},{"@type":"ImageObject","inLanguage":"fr-FR","@id":"https:\/\/www.africa-press.net\/cameroun\/politique\/salaire-minimum-au-cameroun-sous-le-feu-des-criques-paul-biya-prend-une-decision-etonnante#primaryimage","url":"https:\/\/static.africa-press.net\/cameroun\/sites\/57\/2023\/03\/postQueueImg_1679506313.12.jpg","contentUrl":"https:\/\/static.africa-press.net\/cameroun\/sites\/57\/2023\/03\/postQueueImg_1679506313.12.jpg","width":720,"height":321,"caption":"Salaire minimum au Cameroun : sous le feu des criques, Paul Biya prend une d\u00e9cision \u00e9tonnante"},{"@type":"BreadcrumbList","@id":"https:\/\/www.africa-press.net\/cameroun\/politique\/salaire-minimum-au-cameroun-sous-le-feu-des-criques-paul-biya-prend-une-decision-etonnante#breadcrumb","itemListElement":[{"@type":"ListItem","position":1,"name":"Accueil","item":"https:\/\/www.africa-press.net\/cameroun\/"},{"@type":"ListItem","position":2,"name":"Salaire minimum au Cameroun : sous le feu des criques, Paul Biya prend une d\u00e9cision \u00e9tonnante"}]},{"@type":"WebSite","@id":"https:\/\/www.africa-press.net\/cameroun\/#website","url":"https:\/\/www.africa-press.net\/cameroun\/","name":"Cameroun","description":"Just another Africa News Agency Sites site","potentialAction":[{"@type":"SearchAction","target":{"@type":"EntryPoint","urlTemplate":"https:\/\/www.africa-press.net\/cameroun\/?s={search_term_string}"},"query-input":{"@type":"PropertyValueSpecification","valueRequired":true,"valueName":"search_term_string"}}],"inLanguage":"fr-FR"},{"@type":"Person","@id":"https:\/\/www.africa-press.net\/cameroun\/#\/schema\/person\/2b1cf3cd81a31e3cd26889ca66d677f1","name":"cfeditorfr"}]}},"_links":{"self":[{"href":"https:\/\/www.africa-press.net\/cameroun\/wp-json\/wp\/v2\/posts\/40019","targetHints":{"allow":["GET"]}}],"collection":[{"href":"https:\/\/www.africa-press.net\/cameroun\/wp-json\/wp\/v2\/posts"}],"about":[{"href":"https:\/\/www.africa-press.net\/cameroun\/wp-json\/wp\/v2\/types\/post"}],"author":[{"embeddable":true,"href":"https:\/\/www.africa-press.net\/cameroun\/wp-json\/wp\/v2\/users\/82"}],"replies":[{"embeddable":true,"href":"https:\/\/www.africa-press.net\/cameroun\/wp-json\/wp\/v2\/comments?post=40019"}],"version-history":[{"count":0,"href":"https:\/\/www.africa-press.net\/cameroun\/wp-json\/wp\/v2\/posts\/40019\/revisions"}],"wp:featuredmedia":[{"embeddable":true,"href":"https:\/\/www.africa-press.net\/cameroun\/wp-json\/wp\/v2\/media\/40018"}],"wp:attachment":[{"href":"https:\/\/www.africa-press.net\/cameroun\/wp-json\/wp\/v2\/media?parent=40019"}],"wp:term":[{"taxonomy":"category","embeddable":true,"href":"https:\/\/www.africa-press.net\/cameroun\/wp-json\/wp\/v2\/categories?post=40019"},{"taxonomy":"post_tag","embeddable":true,"href":"https:\/\/www.africa-press.net\/cameroun\/wp-json\/wp\/v2\/tags?post=40019"}],"curies":[{"name":"wp","href":"https:\/\/api.w.org\/{rel}","templated":true}]}}