{"id":40025,"date":"2023-03-22T22:01:57","date_gmt":"2023-03-22T22:01:57","guid":{"rendered":"https:\/\/www.africa-press.net\/cameroun\/politique\/ego-des-haut-places-mvondo-ayolo-debarque-dans-son-village-et-humilie-ses-parents"},"modified":"2023-03-22T22:37:49","modified_gmt":"2023-03-22T22:37:49","slug":"ego-des-haut-places-mvondo-ayolo-debarque-dans-son-village-et-humilie-ses-parents","status":"publish","type":"post","link":"https:\/\/www.africa-press.net\/cameroun\/politique\/ego-des-haut-places-mvondo-ayolo-debarque-dans-son-village-et-humilie-ses-parents","title":{"rendered":"Ego des haut plac\u00e9s : Mvondo Ayolo d\u00e9barque dans son village et humilie ses parents"},"content":{"rendered":"<p><span style=\"color: #ff6600\"><strong>Africa-Press &#8211; Cameroun. <\/strong><\/span>La pre\u0301carite\u0301 dans les villages est une re\u0301alite\u0301 au pays. Les conditions de vie et de travail dans plusieurs localite\u0301s rurales sont exe\u0301crables. Et les e\u0301lites qui se sont fait une place dans la capitale, pre\u0300s du re\u0301gime de Yaounde\u0301, n\u2019arrivent pas a\u0300 renverser la situation.<\/p>\n<p>Pour une raison ou une autre, les hauts cadres peinent a\u0300 e\u0301lever le niveau de vie dans leur village de provenance. Pas me\u0302me le directeur du cabinet civil de la pre\u0301sidence de la Re\u0301publique Samuel Mvondo Ayolo n\u2019a re\u0301ussi. Sa famille vit dans la pauvrete\u0301 extre\u0302me chez lui. La vide\u0301o ci-dessous publie\u0301e a e\u0301te\u0301 prise lors d\u2019une de ses visites rendues a\u0300 ses parents.<\/p>\n<p>L\u2019activiste Jacques Jorel Zang se de\u0301sole que les choses se passent ainsi : \u00ab Samuel Mvondo ayolo le tre\u0300s puissant directeur du cabinet civil dans sa famille du village. Vous-me\u0302mes voyez dans quel milieu et environnement vit sa propre famille au village avec tout le pouvoir et les milliards qu&rsquo;il a.<\/p>\n<p>Aux tribalistes bamile\u0301ke\u0301s qui aiment tant dire que les bulus ont le pouvoir ou sont \u00ab\u00a0proprie\u0301taires du pays\u00a0\u00bb. Quand vous voyez ces parents, vous pensez toujours que les bulus ont effectivement le pouvoir<\/p>\n<p>Quand je vous dis que les villages au sud c&rsquo;est la magie du sous-de\u0301veloppement apre\u0300s quarante (40) ans de pouvoir et que le sud est l&rsquo;une des re\u0301gions sinon peut e\u0302tre la re\u0301gion la plus enclave\u0301e du Cameroun, vous pensez que c&rsquo;est la blague.<\/p>\n<p>Il y a des endroits au sud ou\u0300 les autochtones ne connaissent pas ce qu&rsquo;on appelle courant ou routes. Je vous le redis : Ceux qui de\u0301tiennent le pouvoir re\u0301ellement sont un groupuscule d&rsquo;individus de diffe\u0301rentes tribus du Cameroun.<\/p>\n<p>Le peuple bulu. Le vrai peuple du bas peuple la\u0300 est le peuple le plus le\u0301se\u0301 du renouveau. Vous-me\u0302mes regardez le village du directeur du cabinet civil et dans quelle mise\u0300re vivent les siens. Et vous allez voir qu&rsquo;il a alors construit un domaine digne des re\u0301sidences hollywoodiennes dans ce me\u0302me village au me\u0301pris des souffrances des siens.<\/p>\n<p>Si donc ils sont incapables de faire e\u0301voluer leurs propres fre\u0300res, s\u0153urs du village, ils sont incapables de de\u0301velopper leurs re\u0301gions natales, c&rsquo;est construire et de\u0301velopper le Cameroun tout entier et aider les camerounais qu&rsquo;ils feront.<\/p>\n<p>PS : cette vide\u0301o devrait vous faire comprendre que les re\u0301alite\u0301s sociales sont l&rsquo;apanage et les re\u0301alite\u0301s de tous les Camerounais au-dela\u0300 de leurs tribus donc arre\u0302tez le tribalisme car vous jouez le jeu du pouvoir en vous hai\u0308ssant gratuitement.<\/p>\n<p>La seule diffe\u0301rence entre les e\u0301lites d&rsquo;ailleurs par exemple ceux de l&rsquo;ouest et les e\u0301lites bulus c&rsquo;est qu&rsquo;au moins les e\u0301lites bamile\u0301ke\u0301s malgre\u0301 leur sardinisme de\u0301veloppent leur re\u0301gion.<\/p>\n<p>Les e\u0301lites ekangs sont foncie\u0300rement me\u0301chants avec les leurs et malheureusement le peuple ekang accepte c\u0327a et ceux-la\u0300 me\u0302mes de ce peuple qui essaient de se re\u0301volter face a\u0300 cette situation sont souvent de\u0301truits. C\u2019est cela le plus terrible et triste \u00bb.<\/p>\n<p><strong>Pour plus d&rsquo;informations et d&rsquo;analyses sur la <a href=\"https:\/\/www.africa-press.net\/cameroun\">Cameroun<\/a>, suivez <a href=\"https:\/\/www.africa-press.net\/\">Africa-Press<\/a><\/strong><\/p>\n","protected":false},"excerpt":{"rendered":"<p>Africa-Press &#8211; Cameroun. La pre\u0301carite\u0301 dans les villages est une re\u0301alite\u0301 au pays. Les conditions de vie et de travail dans plusieurs localite\u0301s rurales sont exe\u0301crables. Et les e\u0301lites qui se sont fait une place dans la capitale, pre\u0300s du re\u0301gime de Yaounde\u0301, n\u2019arrivent pas a\u0300 renverser la situation. Pour une raison ou une autre, [&hellip;]<\/p>\n","protected":false},"author":82,"featured_media":40024,"comment_status":"open","ping_status":"closed","sticky":false,"template":"","format":"standard","meta":{"footnotes":""},"categories":[2,10],"tags":[36,50,49],"class_list":["post-40025","post","type-post","status-publish","format-standard","has-post-thumbnail","hentry","category-politique","category-toutes-les-actualites","tag-africa-press","tag-africa-press-cameroun","tag-cameroun"],"yoast_head":"<!-- This site is optimized with the Yoast SEO Premium plugin v26.1 (Yoast SEO v27.0) - https:\/\/yoast.com\/product\/yoast-seo-premium-wordpress\/ -->\n<title>Ego des haut plac\u00e9s : Mvondo Ayolo d\u00e9barque dans son village et humilie ses parents - Cameroun<\/title>\n<meta name=\"description\" content=\"La pre\u0301carite\u0301 dans les villages est une re\u0301alite\u0301 au pays. Les conditions de vie et de travail dans plusieurs localite\u0301 ...\" \/>\n<meta name=\"robots\" content=\"index, follow, max-snippet:-1, max-image-preview:large, max-video-preview:-1\" \/>\n<link rel=\"canonical\" href=\"https:\/\/www.africa-press.net\/cameroun\/politique\/ego-des-haut-places-mvondo-ayolo-debarque-dans-son-village-et-humilie-ses-parents\" \/>\n<meta property=\"og:locale\" content=\"fr_FR\" \/>\n<meta property=\"og:type\" content=\"article\" \/>\n<meta property=\"og:title\" content=\"Ego des haut plac\u00e9s : Mvondo Ayolo d\u00e9barque dans son village et humilie ses parents\" \/>\n<meta property=\"og:description\" content=\"La pre\u0301carite\u0301 dans les villages est une re\u0301alite\u0301 au pays. Les conditions de vie et de travail dans plusieurs localite\u0301 ...\" \/>\n<meta property=\"og:url\" content=\"https:\/\/www.africa-press.net\/cameroun\/politique\/ego-des-haut-places-mvondo-ayolo-debarque-dans-son-village-et-humilie-ses-parents\" \/>\n<meta property=\"og:site_name\" content=\"Cameroun\" \/>\n<meta property=\"article:published_time\" content=\"2023-03-22T22:01:57+00:00\" \/>\n<meta property=\"article:modified_time\" content=\"2023-03-22T22:37:49+00:00\" \/>\n<meta property=\"og:image\" content=\"https:\/\/static.africa-press.net\/cameroun\/sites\/57\/2023\/03\/postQueueImg_1679506322.54.jpg\" \/>\n\t<meta property=\"og:image:width\" content=\"720\" \/>\n\t<meta property=\"og:image:height\" content=\"400\" \/>\n\t<meta property=\"og:image:type\" content=\"image\/jpeg\" \/>\n<meta name=\"author\" content=\"cfeditorfr\" \/>\n<meta name=\"twitter:card\" content=\"summary_large_image\" \/>\n<meta name=\"twitter:label1\" content=\"\u00c9crit par\" \/>\n\t<meta name=\"twitter:data1\" content=\"cfeditorfr\" \/>\n\t<meta name=\"twitter:label2\" content=\"Dur\u00e9e de lecture estim\u00e9e\" \/>\n\t<meta name=\"twitter:data2\" content=\"3 minutes\" \/>\n<script type=\"application\/ld+json\" class=\"yoast-schema-graph\">{\"@context\":\"https:\/\/schema.org\",\"@graph\":[{\"@type\":\"Article\",\"@id\":\"https:\/\/www.africa-press.net\/cameroun\/politique\/ego-des-haut-places-mvondo-ayolo-debarque-dans-son-village-et-humilie-ses-parents#article\",\"isPartOf\":{\"@id\":\"https:\/\/www.africa-press.net\/cameroun\/politique\/ego-des-haut-places-mvondo-ayolo-debarque-dans-son-village-et-humilie-ses-parents\"},\"author\":{\"name\":\"cfeditorfr\",\"@id\":\"https:\/\/www.africa-press.net\/cameroun\/#\/schema\/person\/2b1cf3cd81a31e3cd26889ca66d677f1\"},\"headline\":\"Ego des haut plac\u00e9s : Mvondo Ayolo d\u00e9barque dans son village et humilie ses parents\",\"datePublished\":\"2023-03-22T22:01:57+00:00\",\"dateModified\":\"2023-03-22T22:37:49+00:00\",\"mainEntityOfPage\":{\"@id\":\"https:\/\/www.africa-press.net\/cameroun\/politique\/ego-des-haut-places-mvondo-ayolo-debarque-dans-son-village-et-humilie-ses-parents\"},\"wordCount\":590,\"commentCount\":0,\"image\":{\"@id\":\"https:\/\/www.africa-press.net\/cameroun\/politique\/ego-des-haut-places-mvondo-ayolo-debarque-dans-son-village-et-humilie-ses-parents#primaryimage\"},\"thumbnailUrl\":\"https:\/\/static.africa-press.net\/cameroun\/sites\/57\/2023\/03\/postQueueImg_1679506322.54.jpg\",\"keywords\":[\"Africa Press\",\"Africa Press-Cameroun\",\"Cameroun\"],\"articleSection\":[\"Politique\",\"Toutes les actualit\u00e9s\"],\"inLanguage\":\"fr-FR\",\"potentialAction\":[{\"@type\":\"CommentAction\",\"name\":\"Comment\",\"target\":[\"https:\/\/www.africa-press.net\/cameroun\/politique\/ego-des-haut-places-mvondo-ayolo-debarque-dans-son-village-et-humilie-ses-parents#respond\"]}]},{\"@type\":\"WebPage\",\"@id\":\"https:\/\/www.africa-press.net\/cameroun\/politique\/ego-des-haut-places-mvondo-ayolo-debarque-dans-son-village-et-humilie-ses-parents\",\"url\":\"https:\/\/www.africa-press.net\/cameroun\/politique\/ego-des-haut-places-mvondo-ayolo-debarque-dans-son-village-et-humilie-ses-parents\",\"name\":\"Ego des haut plac\u00e9s : Mvondo Ayolo d\u00e9barque dans son village et humilie ses parents - Cameroun\",\"isPartOf\":{\"@id\":\"https:\/\/www.africa-press.net\/cameroun\/#website\"},\"primaryImageOfPage\":{\"@id\":\"https:\/\/www.africa-press.net\/cameroun\/politique\/ego-des-haut-places-mvondo-ayolo-debarque-dans-son-village-et-humilie-ses-parents#primaryimage\"},\"image\":{\"@id\":\"https:\/\/www.africa-press.net\/cameroun\/politique\/ego-des-haut-places-mvondo-ayolo-debarque-dans-son-village-et-humilie-ses-parents#primaryimage\"},\"thumbnailUrl\":\"https:\/\/static.africa-press.net\/cameroun\/sites\/57\/2023\/03\/postQueueImg_1679506322.54.jpg\",\"datePublished\":\"2023-03-22T22:01:57+00:00\",\"dateModified\":\"2023-03-22T22:37:49+00:00\",\"author\":{\"@id\":\"https:\/\/www.africa-press.net\/cameroun\/#\/schema\/person\/2b1cf3cd81a31e3cd26889ca66d677f1\"},\"description\":\"La pre\u0301carite\u0301 dans les villages est une re\u0301alite\u0301 au pays. Les conditions de vie et de travail dans plusieurs localite\u0301 ...\",\"breadcrumb\":{\"@id\":\"https:\/\/www.africa-press.net\/cameroun\/politique\/ego-des-haut-places-mvondo-ayolo-debarque-dans-son-village-et-humilie-ses-parents#breadcrumb\"},\"inLanguage\":\"fr-FR\",\"potentialAction\":[{\"@type\":\"ReadAction\",\"target\":[\"https:\/\/www.africa-press.net\/cameroun\/politique\/ego-des-haut-places-mvondo-ayolo-debarque-dans-son-village-et-humilie-ses-parents\"]}]},{\"@type\":\"ImageObject\",\"inLanguage\":\"fr-FR\",\"@id\":\"https:\/\/www.africa-press.net\/cameroun\/politique\/ego-des-haut-places-mvondo-ayolo-debarque-dans-son-village-et-humilie-ses-parents#primaryimage\",\"url\":\"https:\/\/static.africa-press.net\/cameroun\/sites\/57\/2023\/03\/postQueueImg_1679506322.54.jpg\",\"contentUrl\":\"https:\/\/static.africa-press.net\/cameroun\/sites\/57\/2023\/03\/postQueueImg_1679506322.54.jpg\",\"width\":720,\"height\":400,\"caption\":\"Ego des haut plac\u00e9s : Mvondo Ayolo d\u00e9barque dans son village et humilie ses parents\"},{\"@type\":\"BreadcrumbList\",\"@id\":\"https:\/\/www.africa-press.net\/cameroun\/politique\/ego-des-haut-places-mvondo-ayolo-debarque-dans-son-village-et-humilie-ses-parents#breadcrumb\",\"itemListElement\":[{\"@type\":\"ListItem\",\"position\":1,\"name\":\"Accueil\",\"item\":\"https:\/\/www.africa-press.net\/cameroun\/\"},{\"@type\":\"ListItem\",\"position\":2,\"name\":\"Ego des haut plac\u00e9s : Mvondo Ayolo d\u00e9barque dans son village et humilie ses parents\"}]},{\"@type\":\"WebSite\",\"@id\":\"https:\/\/www.africa-press.net\/cameroun\/#website\",\"url\":\"https:\/\/www.africa-press.net\/cameroun\/\",\"name\":\"Cameroun\",\"description\":\"Just another Africa News Agency Sites site\",\"potentialAction\":[{\"@type\":\"SearchAction\",\"target\":{\"@type\":\"EntryPoint\",\"urlTemplate\":\"https:\/\/www.africa-press.net\/cameroun\/?s={search_term_string}\"},\"query-input\":{\"@type\":\"PropertyValueSpecification\",\"valueRequired\":true,\"valueName\":\"search_term_string\"}}],\"inLanguage\":\"fr-FR\"},{\"@type\":\"Person\",\"@id\":\"https:\/\/www.africa-press.net\/cameroun\/#\/schema\/person\/2b1cf3cd81a31e3cd26889ca66d677f1\",\"name\":\"cfeditorfr\"}]}<\/script>\n<!-- \/ Yoast SEO Premium plugin. -->","yoast_head_json":{"title":"Ego des haut plac\u00e9s : Mvondo Ayolo d\u00e9barque dans son village et humilie ses parents - Cameroun","description":"La pre\u0301carite\u0301 dans les villages est une re\u0301alite\u0301 au pays. Les conditions de vie et de travail dans plusieurs localite\u0301 ...","robots":{"index":"index","follow":"follow","max-snippet":"max-snippet:-1","max-image-preview":"max-image-preview:large","max-video-preview":"max-video-preview:-1"},"canonical":"https:\/\/www.africa-press.net\/cameroun\/politique\/ego-des-haut-places-mvondo-ayolo-debarque-dans-son-village-et-humilie-ses-parents","og_locale":"fr_FR","og_type":"article","og_title":"Ego des haut plac\u00e9s : Mvondo Ayolo d\u00e9barque dans son village et humilie ses parents","og_description":"La pre\u0301carite\u0301 dans les villages est une re\u0301alite\u0301 au pays. Les conditions de vie et de travail dans plusieurs localite\u0301 ...","og_url":"https:\/\/www.africa-press.net\/cameroun\/politique\/ego-des-haut-places-mvondo-ayolo-debarque-dans-son-village-et-humilie-ses-parents","og_site_name":"Cameroun","article_published_time":"2023-03-22T22:01:57+00:00","article_modified_time":"2023-03-22T22:37:49+00:00","og_image":[{"width":720,"height":400,"url":"https:\/\/static.africa-press.net\/cameroun\/sites\/57\/2023\/03\/postQueueImg_1679506322.54.jpg","type":"image\/jpeg"}],"author":"cfeditorfr","twitter_card":"summary_large_image","twitter_misc":{"\u00c9crit par":"cfeditorfr","Dur\u00e9e de lecture estim\u00e9e":"3 minutes"},"schema":{"@context":"https:\/\/schema.org","@graph":[{"@type":"Article","@id":"https:\/\/www.africa-press.net\/cameroun\/politique\/ego-des-haut-places-mvondo-ayolo-debarque-dans-son-village-et-humilie-ses-parents#article","isPartOf":{"@id":"https:\/\/www.africa-press.net\/cameroun\/politique\/ego-des-haut-places-mvondo-ayolo-debarque-dans-son-village-et-humilie-ses-parents"},"author":{"name":"cfeditorfr","@id":"https:\/\/www.africa-press.net\/cameroun\/#\/schema\/person\/2b1cf3cd81a31e3cd26889ca66d677f1"},"headline":"Ego des haut plac\u00e9s : Mvondo Ayolo d\u00e9barque dans son village et humilie ses parents","datePublished":"2023-03-22T22:01:57+00:00","dateModified":"2023-03-22T22:37:49+00:00","mainEntityOfPage":{"@id":"https:\/\/www.africa-press.net\/cameroun\/politique\/ego-des-haut-places-mvondo-ayolo-debarque-dans-son-village-et-humilie-ses-parents"},"wordCount":590,"commentCount":0,"image":{"@id":"https:\/\/www.africa-press.net\/cameroun\/politique\/ego-des-haut-places-mvondo-ayolo-debarque-dans-son-village-et-humilie-ses-parents#primaryimage"},"thumbnailUrl":"https:\/\/static.africa-press.net\/cameroun\/sites\/57\/2023\/03\/postQueueImg_1679506322.54.jpg","keywords":["Africa Press","Africa Press-Cameroun","Cameroun"],"articleSection":["Politique","Toutes les actualit\u00e9s"],"inLanguage":"fr-FR","potentialAction":[{"@type":"CommentAction","name":"Comment","target":["https:\/\/www.africa-press.net\/cameroun\/politique\/ego-des-haut-places-mvondo-ayolo-debarque-dans-son-village-et-humilie-ses-parents#respond"]}]},{"@type":"WebPage","@id":"https:\/\/www.africa-press.net\/cameroun\/politique\/ego-des-haut-places-mvondo-ayolo-debarque-dans-son-village-et-humilie-ses-parents","url":"https:\/\/www.africa-press.net\/cameroun\/politique\/ego-des-haut-places-mvondo-ayolo-debarque-dans-son-village-et-humilie-ses-parents","name":"Ego des haut plac\u00e9s : Mvondo Ayolo d\u00e9barque dans son village et humilie ses parents - Cameroun","isPartOf":{"@id":"https:\/\/www.africa-press.net\/cameroun\/#website"},"primaryImageOfPage":{"@id":"https:\/\/www.africa-press.net\/cameroun\/politique\/ego-des-haut-places-mvondo-ayolo-debarque-dans-son-village-et-humilie-ses-parents#primaryimage"},"image":{"@id":"https:\/\/www.africa-press.net\/cameroun\/politique\/ego-des-haut-places-mvondo-ayolo-debarque-dans-son-village-et-humilie-ses-parents#primaryimage"},"thumbnailUrl":"https:\/\/static.africa-press.net\/cameroun\/sites\/57\/2023\/03\/postQueueImg_1679506322.54.jpg","datePublished":"2023-03-22T22:01:57+00:00","dateModified":"2023-03-22T22:37:49+00:00","author":{"@id":"https:\/\/www.africa-press.net\/cameroun\/#\/schema\/person\/2b1cf3cd81a31e3cd26889ca66d677f1"},"description":"La pre\u0301carite\u0301 dans les villages est une re\u0301alite\u0301 au pays. Les conditions de vie et de travail dans plusieurs localite\u0301 ...","breadcrumb":{"@id":"https:\/\/www.africa-press.net\/cameroun\/politique\/ego-des-haut-places-mvondo-ayolo-debarque-dans-son-village-et-humilie-ses-parents#breadcrumb"},"inLanguage":"fr-FR","potentialAction":[{"@type":"ReadAction","target":["https:\/\/www.africa-press.net\/cameroun\/politique\/ego-des-haut-places-mvondo-ayolo-debarque-dans-son-village-et-humilie-ses-parents"]}]},{"@type":"ImageObject","inLanguage":"fr-FR","@id":"https:\/\/www.africa-press.net\/cameroun\/politique\/ego-des-haut-places-mvondo-ayolo-debarque-dans-son-village-et-humilie-ses-parents#primaryimage","url":"https:\/\/static.africa-press.net\/cameroun\/sites\/57\/2023\/03\/postQueueImg_1679506322.54.jpg","contentUrl":"https:\/\/static.africa-press.net\/cameroun\/sites\/57\/2023\/03\/postQueueImg_1679506322.54.jpg","width":720,"height":400,"caption":"Ego des haut plac\u00e9s : Mvondo Ayolo d\u00e9barque dans son village et humilie ses parents"},{"@type":"BreadcrumbList","@id":"https:\/\/www.africa-press.net\/cameroun\/politique\/ego-des-haut-places-mvondo-ayolo-debarque-dans-son-village-et-humilie-ses-parents#breadcrumb","itemListElement":[{"@type":"ListItem","position":1,"name":"Accueil","item":"https:\/\/www.africa-press.net\/cameroun\/"},{"@type":"ListItem","position":2,"name":"Ego des haut plac\u00e9s : Mvondo Ayolo d\u00e9barque dans son village et humilie ses parents"}]},{"@type":"WebSite","@id":"https:\/\/www.africa-press.net\/cameroun\/#website","url":"https:\/\/www.africa-press.net\/cameroun\/","name":"Cameroun","description":"Just another Africa News Agency Sites site","potentialAction":[{"@type":"SearchAction","target":{"@type":"EntryPoint","urlTemplate":"https:\/\/www.africa-press.net\/cameroun\/?s={search_term_string}"},"query-input":{"@type":"PropertyValueSpecification","valueRequired":true,"valueName":"search_term_string"}}],"inLanguage":"fr-FR"},{"@type":"Person","@id":"https:\/\/www.africa-press.net\/cameroun\/#\/schema\/person\/2b1cf3cd81a31e3cd26889ca66d677f1","name":"cfeditorfr"}]}},"_links":{"self":[{"href":"https:\/\/www.africa-press.net\/cameroun\/wp-json\/wp\/v2\/posts\/40025","targetHints":{"allow":["GET"]}}],"collection":[{"href":"https:\/\/www.africa-press.net\/cameroun\/wp-json\/wp\/v2\/posts"}],"about":[{"href":"https:\/\/www.africa-press.net\/cameroun\/wp-json\/wp\/v2\/types\/post"}],"author":[{"embeddable":true,"href":"https:\/\/www.africa-press.net\/cameroun\/wp-json\/wp\/v2\/users\/82"}],"replies":[{"embeddable":true,"href":"https:\/\/www.africa-press.net\/cameroun\/wp-json\/wp\/v2\/comments?post=40025"}],"version-history":[{"count":0,"href":"https:\/\/www.africa-press.net\/cameroun\/wp-json\/wp\/v2\/posts\/40025\/revisions"}],"wp:featuredmedia":[{"embeddable":true,"href":"https:\/\/www.africa-press.net\/cameroun\/wp-json\/wp\/v2\/media\/40024"}],"wp:attachment":[{"href":"https:\/\/www.africa-press.net\/cameroun\/wp-json\/wp\/v2\/media?parent=40025"}],"wp:term":[{"taxonomy":"category","embeddable":true,"href":"https:\/\/www.africa-press.net\/cameroun\/wp-json\/wp\/v2\/categories?post=40025"},{"taxonomy":"post_tag","embeddable":true,"href":"https:\/\/www.africa-press.net\/cameroun\/wp-json\/wp\/v2\/tags?post=40025"}],"curies":[{"name":"wp","href":"https:\/\/api.w.org\/{rel}","templated":true}]}}