{"id":40037,"date":"2023-03-22T22:02:17","date_gmt":"2023-03-22T22:02:17","guid":{"rendered":"https:\/\/www.africa-press.net\/cameroun\/politique\/succession-de-paul-biya-voici-langlophone-qui-part-favori-surprise-generale-dans-le-serail"},"modified":"2023-03-22T22:39:51","modified_gmt":"2023-03-22T22:39:51","slug":"succession-de-paul-biya-voici-langlophone-qui-part-favori-surprise-generale-dans-le-serail","status":"publish","type":"post","link":"https:\/\/www.africa-press.net\/cameroun\/politique\/succession-de-paul-biya-voici-langlophone-qui-part-favori-surprise-generale-dans-le-serail","title":{"rendered":"Succession de Paul Biya : voici l\u2019anglophone qui part favori, surprise g\u00e9n\u00e9rale dans le s\u00e9rail"},"content":{"rendered":"<p><span style=\"color: #ff6600\"><strong>Africa-Press &#8211; Cameroun. <\/strong><\/span>Selon Jeune Afrique, le premier ministre Dion Ngute n\u2019est pas totalement out dans la course a\u0300 la succession de Paul Biya, me\u0302me si celui-ci se fait discret. Mais beaucoup de parame\u0300tres militent en sa faveur notamment son implication dans la re\u0301solution du conflit anglophone.<\/p>\n<p>\u00ab La me\u0301diation canadienne a tourne\u0301 court, mais Dion Ngute n\u2019a pas perdu sur toute la ligne. Le communique\u0301 signe\u0301 des repre\u0301sentants des plus puissantes factions se\u0301cessionnistes, dont Lucas Ayaba Cho (Amabazonia Goberning council) et Ebenezer E. Akwanga, le patron de l\u2019African People\u2019s Liberation Movement, est en soi une victoire pour le Premier ministre. Re\u0301unir ces chefs de guerre autour de la me\u0302me table est la preuve qu\u2019il a e\u0301tabli des relations de confiance avec les insurge\u0301s anglophones.S\u2019il e\u0301tait candidat a\u0300 la pre\u0301sidence un jour, son meilleur atout serait sa capacite\u0301 a\u0300 re\u0301inte\u0301grer les se\u0301cessionnistes dans la Re\u0301publique. Il se poserait ainsi en rassembleur et en homme de paix porteur d\u2019une solution durable de la crise qui menace de de\u0301membrer le Cameroun de sa partie anglophone \u00bb, relate Jeune Afrique.<\/p>\n<p>Le magazine panafricain revient sur la succession de Paul Biya et le ro\u0302le que pourrait jouer le premier ministre. \u00ab Alors, qui est le plus malin ? C\u2019est assure\u0301ment \u00ab Chief \u00bb Dion Ngute. S\u2019il n\u2019en reste qu\u2019un a\u0300 l\u2019heure de la passation de te\u0301moin au sommet de l\u2019E\u0301tat, ce sera lui. En effet, a\u0300 bien l\u2019observer, Joseph Dion Ngute calque ses pas sur ceux de Paul Biya, qui fut Premier ministre de 1975 a\u0300 1982 et auquel le pre\u0301sident Ahmadou Ahidjo avait fini par confier les re\u0302nes du pays, en de\u0301pit de l\u2019opposition acharne\u0301e du secre\u0301taire ge\u0301ne\u0301ral de la pre\u0301sidence, Samuel Eboua, et du tout-puissant ministre de l\u2019Administration territoriale, Victor Ayissi Mvodo. Les deux hommes avaient sous-estime\u0301 ce Premier ministre si efface\u0301 qu\u2019ils le crurent de\u0301nue\u0301 de caracte\u0300re \u00bb, pre\u0301cise le confre\u0300re.<\/p>\n<p>Mais dans le se\u0301rail, la guerre reste fe\u0301roce. \u00ab Personne ne dirait cela de l\u2019actuel locataire de la primature, me\u0302me s\u2019il reste difficile de cerner la ve\u0301ritable personnalite\u0301 de Dion Ngute. Face a\u0300 ses rivaux, ce dernier s\u2019en tient a\u0300 une strate\u0301gie de l\u2019e\u0301vitement. Quitte a\u0300 prendre des coups sans en donner. Ne\u0301anmoins, si on le voit et l\u2019entend peu, on sait que le chef du gouvernement ne fait pas que regarder passer les trains. Il suffit d\u2019observer son activisme dans la re\u0301solution de la crise anglophone pour s\u2019en convaincre. A\u0300 Etoudi, personne ne s\u2019y trompe. Dion Ngute n\u2019est pas une potiche. Il a un avantage sur les autres pre\u0301tendants : repre\u0301sentant quasi-permanent d\u2019un pre\u0301sident peu assidu aux rendez-vous internationaux, il tisse sereinement son carnet d\u2019adresses a\u0300 l\u2019e\u0301tranger. En juillet 2022, Paul Biya l\u2019a de\u0301signe\u0301 pour aller accueillir le pre\u0301sident franc\u0327ais Emmanuel Macron, en visite officielle a\u0300 Yaounde\u0301. \u00bb, a pointe\u0301 Jeune Afrique.<\/p>\n<p>Dion Ngute est e\u0301galement pre\u0301sente\u0301 comme un Anglophone francophile<\/p>\n<p>\u00ab Une belle exposition pour cet anglophone francophile issu de la notabilite\u0301 traditionnelle du Sud-Ouest. L\u2019entourage pre\u0301sidentiel a conscience qu\u2019il en profitera pour soigner ses relations avec Paris. Des limites ont tout de me\u0302me e\u0301te\u0301 fixe\u0301es. Pas question, par exemple, de laisser les deux hommes effectuer dans le me\u0302me ve\u0301hicule le trajet entre l\u2019ae\u0301roport et l\u2019ho\u0302tel. Le chef du gouvernement camerounais aura eu l\u2019occasion de revoir le chef de l\u2019E\u0301tat franc\u0327ais le 2 mars dernier, a\u0300 Libreville, lors du One Forrest Summit&#8230; ou\u0300 il repre\u0301sentait Paul Biya \u00bb, souligne le Magazine panafricain.<\/p>\n<p>\u00ab Ses re\u0301seaux s\u2019enracinent plus profonde\u0301ment au Commonwealth, dont il a e\u0301te\u0301 le point focal pendant vingt-et-un ans au sein du gouvernement, en tant que ministre de\u0301le\u0301gue\u0301 aux Relations exte\u0301rieures. Professeur de droit diplo\u0302me\u0301 des universite\u0301s de Yaounde\u0301, mais aussi du Queen-Mary College et de l\u2019universite\u0301 de Warwick au Royaume-Uni, Dion Ngute y e\u0301volue en terrain conquis.<\/p>\n<p>Au sein de la communaute\u0301 anglophone, son leadership n\u2019aura aucune difficulte\u0301 a\u0300 s\u2019imposer. Certes, il devra surmonter la rivalite\u0301 avec l\u2019avocat Ake\u0301re\u0301 Muna, qui ira a\u0300 la compe\u0301tition avec des atouts similaires. Si ce n\u2019est que Dion be\u0301ne\u0301ficie d\u2019un avantage du\u0302 a\u0300 son expe\u0301rience dans la gestion au plus haut niveau des affaires publiques. Dans la course a\u0300 la succession de Paul Biya, il faudra compter avec cet homme politique trop intelligent pour n\u2019e\u0302tre qu\u2019un faire-valoir \u00bb, renche\u0301rit Jeune Afrique.<\/p>\n<p><strong>Pour plus d&rsquo;informations et d&rsquo;analyses sur la <a href=\"https:\/\/www.africa-press.net\/cameroun\">Cameroun<\/a>, suivez <a href=\"https:\/\/www.africa-press.net\/\">Africa-Press<\/a><\/strong><\/p>\n","protected":false},"excerpt":{"rendered":"<p>Africa-Press &#8211; Cameroun. Selon Jeune Afrique, le premier ministre Dion Ngute n\u2019est pas totalement out dans la course a\u0300 la succession de Paul Biya, me\u0302me si celui-ci se fait discret. Mais beaucoup de parame\u0300tres militent en sa faveur notamment son implication dans la re\u0301solution du conflit anglophone. \u00ab La me\u0301diation canadienne a tourne\u0301 court, mais [&hellip;]<\/p>\n","protected":false},"author":82,"featured_media":40036,"comment_status":"open","ping_status":"closed","sticky":false,"template":"","format":"standard","meta":{"footnotes":""},"categories":[2,10],"tags":[36,50,49],"class_list":["post-40037","post","type-post","status-publish","format-standard","has-post-thumbnail","hentry","category-politique","category-toutes-les-actualites","tag-africa-press","tag-africa-press-cameroun","tag-cameroun"],"yoast_head":"<!-- This site is optimized with the Yoast SEO Premium plugin v26.1 (Yoast SEO v27.0) - https:\/\/yoast.com\/product\/yoast-seo-premium-wordpress\/ -->\n<title>Succession de Paul Biya : voici l\u2019anglophone qui part favori, surprise g\u00e9n\u00e9rale dans le s\u00e9rail - Cameroun<\/title>\n<meta name=\"description\" content=\"Selon Jeune Afrique, le premier ministre Dion Ngute n\u2019est pas totalement out dans la course a\u0300 la succession de Paul Biy ...\" \/>\n<meta name=\"robots\" content=\"index, follow, max-snippet:-1, max-image-preview:large, max-video-preview:-1\" \/>\n<link rel=\"canonical\" href=\"https:\/\/www.africa-press.net\/cameroun\/politique\/succession-de-paul-biya-voici-langlophone-qui-part-favori-surprise-generale-dans-le-serail\" \/>\n<meta property=\"og:locale\" content=\"fr_FR\" \/>\n<meta property=\"og:type\" content=\"article\" \/>\n<meta property=\"og:title\" content=\"Succession de Paul Biya : voici l\u2019anglophone qui part favori, surprise g\u00e9n\u00e9rale dans le s\u00e9rail\" \/>\n<meta property=\"og:description\" content=\"Selon Jeune Afrique, le premier ministre Dion Ngute n\u2019est pas totalement out dans la course a\u0300 la succession de Paul Biy ...\" \/>\n<meta property=\"og:url\" content=\"https:\/\/www.africa-press.net\/cameroun\/politique\/succession-de-paul-biya-voici-langlophone-qui-part-favori-surprise-generale-dans-le-serail\" \/>\n<meta property=\"og:site_name\" content=\"Cameroun\" \/>\n<meta property=\"article:published_time\" content=\"2023-03-22T22:02:17+00:00\" \/>\n<meta property=\"article:modified_time\" content=\"2023-03-22T22:39:51+00:00\" \/>\n<meta property=\"og:image\" content=\"https:\/\/static.africa-press.net\/cameroun\/sites\/57\/2023\/03\/postQueueImg_1679506342.88.jpg\" \/>\n\t<meta property=\"og:image:width\" content=\"720\" \/>\n\t<meta property=\"og:image:height\" content=\"360\" \/>\n\t<meta property=\"og:image:type\" content=\"image\/jpeg\" \/>\n<meta name=\"author\" content=\"cfeditorfr\" \/>\n<meta name=\"twitter:card\" content=\"summary_large_image\" \/>\n<meta name=\"twitter:label1\" content=\"\u00c9crit par\" \/>\n\t<meta name=\"twitter:data1\" content=\"cfeditorfr\" \/>\n\t<meta name=\"twitter:label2\" content=\"Dur\u00e9e de lecture estim\u00e9e\" \/>\n\t<meta name=\"twitter:data2\" content=\"4 minutes\" \/>\n<script type=\"application\/ld+json\" class=\"yoast-schema-graph\">{\"@context\":\"https:\/\/schema.org\",\"@graph\":[{\"@type\":\"Article\",\"@id\":\"https:\/\/www.africa-press.net\/cameroun\/politique\/succession-de-paul-biya-voici-langlophone-qui-part-favori-surprise-generale-dans-le-serail#article\",\"isPartOf\":{\"@id\":\"https:\/\/www.africa-press.net\/cameroun\/politique\/succession-de-paul-biya-voici-langlophone-qui-part-favori-surprise-generale-dans-le-serail\"},\"author\":{\"name\":\"cfeditorfr\",\"@id\":\"https:\/\/www.africa-press.net\/cameroun\/#\/schema\/person\/2b1cf3cd81a31e3cd26889ca66d677f1\"},\"headline\":\"Succession de Paul Biya : voici l\u2019anglophone qui part favori, surprise g\u00e9n\u00e9rale dans le s\u00e9rail\",\"datePublished\":\"2023-03-22T22:02:17+00:00\",\"dateModified\":\"2023-03-22T22:39:51+00:00\",\"mainEntityOfPage\":{\"@id\":\"https:\/\/www.africa-press.net\/cameroun\/politique\/succession-de-paul-biya-voici-langlophone-qui-part-favori-surprise-generale-dans-le-serail\"},\"wordCount\":836,\"commentCount\":0,\"image\":{\"@id\":\"https:\/\/www.africa-press.net\/cameroun\/politique\/succession-de-paul-biya-voici-langlophone-qui-part-favori-surprise-generale-dans-le-serail#primaryimage\"},\"thumbnailUrl\":\"https:\/\/static.africa-press.net\/cameroun\/sites\/57\/2023\/03\/postQueueImg_1679506342.88.jpg\",\"keywords\":[\"Africa Press\",\"Africa Press-Cameroun\",\"Cameroun\"],\"articleSection\":[\"Politique\",\"Toutes les actualit\u00e9s\"],\"inLanguage\":\"fr-FR\",\"potentialAction\":[{\"@type\":\"CommentAction\",\"name\":\"Comment\",\"target\":[\"https:\/\/www.africa-press.net\/cameroun\/politique\/succession-de-paul-biya-voici-langlophone-qui-part-favori-surprise-generale-dans-le-serail#respond\"]}]},{\"@type\":\"WebPage\",\"@id\":\"https:\/\/www.africa-press.net\/cameroun\/politique\/succession-de-paul-biya-voici-langlophone-qui-part-favori-surprise-generale-dans-le-serail\",\"url\":\"https:\/\/www.africa-press.net\/cameroun\/politique\/succession-de-paul-biya-voici-langlophone-qui-part-favori-surprise-generale-dans-le-serail\",\"name\":\"Succession de Paul Biya : voici l\u2019anglophone qui part favori, surprise g\u00e9n\u00e9rale dans le s\u00e9rail - Cameroun\",\"isPartOf\":{\"@id\":\"https:\/\/www.africa-press.net\/cameroun\/#website\"},\"primaryImageOfPage\":{\"@id\":\"https:\/\/www.africa-press.net\/cameroun\/politique\/succession-de-paul-biya-voici-langlophone-qui-part-favori-surprise-generale-dans-le-serail#primaryimage\"},\"image\":{\"@id\":\"https:\/\/www.africa-press.net\/cameroun\/politique\/succession-de-paul-biya-voici-langlophone-qui-part-favori-surprise-generale-dans-le-serail#primaryimage\"},\"thumbnailUrl\":\"https:\/\/static.africa-press.net\/cameroun\/sites\/57\/2023\/03\/postQueueImg_1679506342.88.jpg\",\"datePublished\":\"2023-03-22T22:02:17+00:00\",\"dateModified\":\"2023-03-22T22:39:51+00:00\",\"author\":{\"@id\":\"https:\/\/www.africa-press.net\/cameroun\/#\/schema\/person\/2b1cf3cd81a31e3cd26889ca66d677f1\"},\"description\":\"Selon Jeune Afrique, le premier ministre Dion Ngute n\u2019est pas totalement out dans la course a\u0300 la succession de Paul Biy ...\",\"breadcrumb\":{\"@id\":\"https:\/\/www.africa-press.net\/cameroun\/politique\/succession-de-paul-biya-voici-langlophone-qui-part-favori-surprise-generale-dans-le-serail#breadcrumb\"},\"inLanguage\":\"fr-FR\",\"potentialAction\":[{\"@type\":\"ReadAction\",\"target\":[\"https:\/\/www.africa-press.net\/cameroun\/politique\/succession-de-paul-biya-voici-langlophone-qui-part-favori-surprise-generale-dans-le-serail\"]}]},{\"@type\":\"ImageObject\",\"inLanguage\":\"fr-FR\",\"@id\":\"https:\/\/www.africa-press.net\/cameroun\/politique\/succession-de-paul-biya-voici-langlophone-qui-part-favori-surprise-generale-dans-le-serail#primaryimage\",\"url\":\"https:\/\/static.africa-press.net\/cameroun\/sites\/57\/2023\/03\/postQueueImg_1679506342.88.jpg\",\"contentUrl\":\"https:\/\/static.africa-press.net\/cameroun\/sites\/57\/2023\/03\/postQueueImg_1679506342.88.jpg\",\"width\":720,\"height\":360,\"caption\":\"Succession de Paul Biya : voici l\u2019anglophone qui part favori, surprise g\u00e9n\u00e9rale dans le s\u00e9rail\"},{\"@type\":\"BreadcrumbList\",\"@id\":\"https:\/\/www.africa-press.net\/cameroun\/politique\/succession-de-paul-biya-voici-langlophone-qui-part-favori-surprise-generale-dans-le-serail#breadcrumb\",\"itemListElement\":[{\"@type\":\"ListItem\",\"position\":1,\"name\":\"Accueil\",\"item\":\"https:\/\/www.africa-press.net\/cameroun\/\"},{\"@type\":\"ListItem\",\"position\":2,\"name\":\"Succession de Paul Biya : voici l\u2019anglophone qui part favori, surprise g\u00e9n\u00e9rale dans le s\u00e9rail\"}]},{\"@type\":\"WebSite\",\"@id\":\"https:\/\/www.africa-press.net\/cameroun\/#website\",\"url\":\"https:\/\/www.africa-press.net\/cameroun\/\",\"name\":\"Cameroun\",\"description\":\"Just another Africa News Agency Sites site\",\"potentialAction\":[{\"@type\":\"SearchAction\",\"target\":{\"@type\":\"EntryPoint\",\"urlTemplate\":\"https:\/\/www.africa-press.net\/cameroun\/?s={search_term_string}\"},\"query-input\":{\"@type\":\"PropertyValueSpecification\",\"valueRequired\":true,\"valueName\":\"search_term_string\"}}],\"inLanguage\":\"fr-FR\"},{\"@type\":\"Person\",\"@id\":\"https:\/\/www.africa-press.net\/cameroun\/#\/schema\/person\/2b1cf3cd81a31e3cd26889ca66d677f1\",\"name\":\"cfeditorfr\"}]}<\/script>\n<!-- \/ Yoast SEO Premium plugin. -->","yoast_head_json":{"title":"Succession de Paul Biya : voici l\u2019anglophone qui part favori, surprise g\u00e9n\u00e9rale dans le s\u00e9rail - Cameroun","description":"Selon Jeune Afrique, le premier ministre Dion Ngute n\u2019est pas totalement out dans la course a\u0300 la succession de Paul Biy ...","robots":{"index":"index","follow":"follow","max-snippet":"max-snippet:-1","max-image-preview":"max-image-preview:large","max-video-preview":"max-video-preview:-1"},"canonical":"https:\/\/www.africa-press.net\/cameroun\/politique\/succession-de-paul-biya-voici-langlophone-qui-part-favori-surprise-generale-dans-le-serail","og_locale":"fr_FR","og_type":"article","og_title":"Succession de Paul Biya : voici l\u2019anglophone qui part favori, surprise g\u00e9n\u00e9rale dans le s\u00e9rail","og_description":"Selon Jeune Afrique, le premier ministre Dion Ngute n\u2019est pas totalement out dans la course a\u0300 la succession de Paul Biy ...","og_url":"https:\/\/www.africa-press.net\/cameroun\/politique\/succession-de-paul-biya-voici-langlophone-qui-part-favori-surprise-generale-dans-le-serail","og_site_name":"Cameroun","article_published_time":"2023-03-22T22:02:17+00:00","article_modified_time":"2023-03-22T22:39:51+00:00","og_image":[{"width":720,"height":360,"url":"https:\/\/static.africa-press.net\/cameroun\/sites\/57\/2023\/03\/postQueueImg_1679506342.88.jpg","type":"image\/jpeg"}],"author":"cfeditorfr","twitter_card":"summary_large_image","twitter_misc":{"\u00c9crit par":"cfeditorfr","Dur\u00e9e de lecture estim\u00e9e":"4 minutes"},"schema":{"@context":"https:\/\/schema.org","@graph":[{"@type":"Article","@id":"https:\/\/www.africa-press.net\/cameroun\/politique\/succession-de-paul-biya-voici-langlophone-qui-part-favori-surprise-generale-dans-le-serail#article","isPartOf":{"@id":"https:\/\/www.africa-press.net\/cameroun\/politique\/succession-de-paul-biya-voici-langlophone-qui-part-favori-surprise-generale-dans-le-serail"},"author":{"name":"cfeditorfr","@id":"https:\/\/www.africa-press.net\/cameroun\/#\/schema\/person\/2b1cf3cd81a31e3cd26889ca66d677f1"},"headline":"Succession de Paul Biya : voici l\u2019anglophone qui part favori, surprise g\u00e9n\u00e9rale dans le s\u00e9rail","datePublished":"2023-03-22T22:02:17+00:00","dateModified":"2023-03-22T22:39:51+00:00","mainEntityOfPage":{"@id":"https:\/\/www.africa-press.net\/cameroun\/politique\/succession-de-paul-biya-voici-langlophone-qui-part-favori-surprise-generale-dans-le-serail"},"wordCount":836,"commentCount":0,"image":{"@id":"https:\/\/www.africa-press.net\/cameroun\/politique\/succession-de-paul-biya-voici-langlophone-qui-part-favori-surprise-generale-dans-le-serail#primaryimage"},"thumbnailUrl":"https:\/\/static.africa-press.net\/cameroun\/sites\/57\/2023\/03\/postQueueImg_1679506342.88.jpg","keywords":["Africa Press","Africa Press-Cameroun","Cameroun"],"articleSection":["Politique","Toutes les actualit\u00e9s"],"inLanguage":"fr-FR","potentialAction":[{"@type":"CommentAction","name":"Comment","target":["https:\/\/www.africa-press.net\/cameroun\/politique\/succession-de-paul-biya-voici-langlophone-qui-part-favori-surprise-generale-dans-le-serail#respond"]}]},{"@type":"WebPage","@id":"https:\/\/www.africa-press.net\/cameroun\/politique\/succession-de-paul-biya-voici-langlophone-qui-part-favori-surprise-generale-dans-le-serail","url":"https:\/\/www.africa-press.net\/cameroun\/politique\/succession-de-paul-biya-voici-langlophone-qui-part-favori-surprise-generale-dans-le-serail","name":"Succession de Paul Biya : voici l\u2019anglophone qui part favori, surprise g\u00e9n\u00e9rale dans le s\u00e9rail - Cameroun","isPartOf":{"@id":"https:\/\/www.africa-press.net\/cameroun\/#website"},"primaryImageOfPage":{"@id":"https:\/\/www.africa-press.net\/cameroun\/politique\/succession-de-paul-biya-voici-langlophone-qui-part-favori-surprise-generale-dans-le-serail#primaryimage"},"image":{"@id":"https:\/\/www.africa-press.net\/cameroun\/politique\/succession-de-paul-biya-voici-langlophone-qui-part-favori-surprise-generale-dans-le-serail#primaryimage"},"thumbnailUrl":"https:\/\/static.africa-press.net\/cameroun\/sites\/57\/2023\/03\/postQueueImg_1679506342.88.jpg","datePublished":"2023-03-22T22:02:17+00:00","dateModified":"2023-03-22T22:39:51+00:00","author":{"@id":"https:\/\/www.africa-press.net\/cameroun\/#\/schema\/person\/2b1cf3cd81a31e3cd26889ca66d677f1"},"description":"Selon Jeune Afrique, le premier ministre Dion Ngute n\u2019est pas totalement out dans la course a\u0300 la succession de Paul Biy ...","breadcrumb":{"@id":"https:\/\/www.africa-press.net\/cameroun\/politique\/succession-de-paul-biya-voici-langlophone-qui-part-favori-surprise-generale-dans-le-serail#breadcrumb"},"inLanguage":"fr-FR","potentialAction":[{"@type":"ReadAction","target":["https:\/\/www.africa-press.net\/cameroun\/politique\/succession-de-paul-biya-voici-langlophone-qui-part-favori-surprise-generale-dans-le-serail"]}]},{"@type":"ImageObject","inLanguage":"fr-FR","@id":"https:\/\/www.africa-press.net\/cameroun\/politique\/succession-de-paul-biya-voici-langlophone-qui-part-favori-surprise-generale-dans-le-serail#primaryimage","url":"https:\/\/static.africa-press.net\/cameroun\/sites\/57\/2023\/03\/postQueueImg_1679506342.88.jpg","contentUrl":"https:\/\/static.africa-press.net\/cameroun\/sites\/57\/2023\/03\/postQueueImg_1679506342.88.jpg","width":720,"height":360,"caption":"Succession de Paul Biya : voici l\u2019anglophone qui part favori, surprise g\u00e9n\u00e9rale dans le s\u00e9rail"},{"@type":"BreadcrumbList","@id":"https:\/\/www.africa-press.net\/cameroun\/politique\/succession-de-paul-biya-voici-langlophone-qui-part-favori-surprise-generale-dans-le-serail#breadcrumb","itemListElement":[{"@type":"ListItem","position":1,"name":"Accueil","item":"https:\/\/www.africa-press.net\/cameroun\/"},{"@type":"ListItem","position":2,"name":"Succession de Paul Biya : voici l\u2019anglophone qui part favori, surprise g\u00e9n\u00e9rale dans le s\u00e9rail"}]},{"@type":"WebSite","@id":"https:\/\/www.africa-press.net\/cameroun\/#website","url":"https:\/\/www.africa-press.net\/cameroun\/","name":"Cameroun","description":"Just another Africa News Agency Sites site","potentialAction":[{"@type":"SearchAction","target":{"@type":"EntryPoint","urlTemplate":"https:\/\/www.africa-press.net\/cameroun\/?s={search_term_string}"},"query-input":{"@type":"PropertyValueSpecification","valueRequired":true,"valueName":"search_term_string"}}],"inLanguage":"fr-FR"},{"@type":"Person","@id":"https:\/\/www.africa-press.net\/cameroun\/#\/schema\/person\/2b1cf3cd81a31e3cd26889ca66d677f1","name":"cfeditorfr"}]}},"_links":{"self":[{"href":"https:\/\/www.africa-press.net\/cameroun\/wp-json\/wp\/v2\/posts\/40037","targetHints":{"allow":["GET"]}}],"collection":[{"href":"https:\/\/www.africa-press.net\/cameroun\/wp-json\/wp\/v2\/posts"}],"about":[{"href":"https:\/\/www.africa-press.net\/cameroun\/wp-json\/wp\/v2\/types\/post"}],"author":[{"embeddable":true,"href":"https:\/\/www.africa-press.net\/cameroun\/wp-json\/wp\/v2\/users\/82"}],"replies":[{"embeddable":true,"href":"https:\/\/www.africa-press.net\/cameroun\/wp-json\/wp\/v2\/comments?post=40037"}],"version-history":[{"count":0,"href":"https:\/\/www.africa-press.net\/cameroun\/wp-json\/wp\/v2\/posts\/40037\/revisions"}],"wp:featuredmedia":[{"embeddable":true,"href":"https:\/\/www.africa-press.net\/cameroun\/wp-json\/wp\/v2\/media\/40036"}],"wp:attachment":[{"href":"https:\/\/www.africa-press.net\/cameroun\/wp-json\/wp\/v2\/media?parent=40037"}],"wp:term":[{"taxonomy":"category","embeddable":true,"href":"https:\/\/www.africa-press.net\/cameroun\/wp-json\/wp\/v2\/categories?post=40037"},{"taxonomy":"post_tag","embeddable":true,"href":"https:\/\/www.africa-press.net\/cameroun\/wp-json\/wp\/v2\/tags?post=40037"}],"curies":[{"name":"wp","href":"https:\/\/api.w.org\/{rel}","templated":true}]}}