{"id":40040,"date":"2023-03-22T22:02:25","date_gmt":"2023-03-22T22:02:25","guid":{"rendered":"https:\/\/www.africa-press.net\/cameroun\/politique\/mort-trop-tot-paul-erick-kingue-deux-ans-deja"},"modified":"2023-03-22T22:40:21","modified_gmt":"2023-03-22T22:40:21","slug":"mort-trop-tot-paul-erick-kingue-deux-ans-deja","status":"publish","type":"post","link":"https:\/\/www.africa-press.net\/cameroun\/politique\/mort-trop-tot-paul-erick-kingue-deux-ans-deja","title":{"rendered":"Mort trop t\u00f4t : Paul Erick Kingu\u00e9 deux ans d\u00e9j\u00e0"},"content":{"rendered":"<p><span style=\"color: #ff6600\"><strong>Africa-Press &#8211; Cameroun. <\/strong><\/span>22 mars 2021-22 mars 2023, il y a deux ans jour pour jour, l\u2019homme politique camerounais Paul Erick Kingue\u0301 rendait l\u2019a\u0302me a\u0300 Douala. L\u2019ancien maire de Njombe-Penja laisse derrie\u0300re lui une famille politique et de nombreux sympathisants inconsolables. CamerounWeb vous propose, la biographie du porte-parole de Maurice Kamto, lors de la pre\u0301sidentielle de 2018.<\/p>\n<p>Ne\u0301 le 20 aou\u0302t 1966, Paul E\u0301ric Kingue e\u0301tait Maire de la Commune de Njombe-Penja, Vice-Pre\u0301sident des Communes et Villes Unies du Cameroun (CVUC), Pre\u0301sident National du Mouvement Patriotique pour un Cameroun Nouveau (MPCN) et promoteur de la te\u0301le\u0301vision SCHOOL TV AFRICA.<\/p>\n<p>Il e\u0301tait e\u0301galement ex-directeur de campagne de Maurice Kamto pendant l\u2019e\u0301lection pre\u0301sidentielle de 2018. En janvier 2019, sans avoir manifeste\u0301, il a e\u0301te\u0301 interpelle\u0301 a\u0300 Yaounde\u0301, puis e\u0301croue\u0301 a\u0300 la prison principale de Yaounde\u0301 ou\u0300 il y passera 09 mois dans la me\u0302me cellule que son ancien allie\u0301 Maurice Kamto dont il s\u2019e\u0301tait de\u0301ja\u0300 pourtant de\u0301solidarise\u0301. Et la cohabitation n\u2019aura pas e\u0301te\u0301 facile. A\u0300 sa sortie de prison, il passe dans plusieurs me\u0301dias, tirant a\u0300 boulets rouges sur le pre\u0301sident du MRC qui a refuse\u0301 d\u2019aller aux e\u0301lections le\u0301gislatives et municipales de fe\u0301vrier 2020, promettant de publier un livre choc. \u201d Kamto ne vaut pas la peine, il ne peut pas diriger ce pays\u201d, clame celui qui qualifiait les militants du MRC de \u201d Talibans \u201c.<\/p>\n<p>Kingue\u0301, est un homme politique qui a fait face a\u0300 l&rsquo;adversite\u0301 du re\u0301gime au Cameroun et lutte contre le tribalisme au Cameroun. Il a fonde\u0301 sa vie sur des valeurs morales, e\u0301thiques, re\u0301publicaines et patriotiques. Il est radicalement oppose\u0301 a\u0300 toutes les formes d&rsquo;injustice et d&rsquo;ine\u0301galite\u0301s sociales. Pour lui, la refondation du Cameroun passe par ces valeurs. C&rsquo;est entre autres pour cette raison qu&rsquo;il a accepte\u0301, le 4 juin 2017, d&rsquo;e\u0302tre investi a\u0300 la te\u0302te du parti politique a\u0300 des fins humanitaires; le Mouvement patriotique pour un nouveau Cameroun (MPCN) dont la devise est: CAMEROUN D&rsquo;ABORD.<\/p>\n<p>Candidat a\u0300 la mairie de Njombe\u0301-Penja avec son parti le MPCN aux dernie\u0300res e\u0301lections, Paul E\u0301ric Kingue sortira vainqueur et reprendra les affaires 13 ans apre\u0300s son premier mandat qu\u2019il n\u2019avait pas pu achever a\u0300 cause de sa premie\u0300re mise en de\u0301tention. Teigneux et ne reculant devant rien, l\u2019homme politique e\u0301tait engage\u0301 dans un bras de fer avec les autorite\u0301s administratives du Moungo relativement au de\u0301veloppement de sa municipalite\u0301.<\/p>\n<p>Un an a\u0300 peine passe\u0301 a\u0300 la te\u0302te de l\u2019exe\u0301cutif communal de Njombe\u0301-Penja, Paul E\u0301ric Kingue, 55 ans, rend de\u0301finitivement son e\u0301charpe, il de\u0301ce\u0300de le lundi 22 mars 2021 aux environs de 01h45 a\u0300 Douala des suites de maladie. Son corps a e\u0301te\u0301 transfe\u0301re\u0301 de Douala pour Njombe\u0301-Penja, puis, est retourne\u0301 a\u0300 la morgue a\u0300 l\u2019ho\u0302pital Laquintini.<\/p>\n<p><strong>Pour plus d&rsquo;informations et d&rsquo;analyses sur la <a href=\"https:\/\/www.africa-press.net\/cameroun\">Cameroun<\/a>, suivez <a href=\"https:\/\/www.africa-press.net\/\">Africa-Press<\/a><\/strong><\/p>\n","protected":false},"excerpt":{"rendered":"<p>Africa-Press &#8211; Cameroun. 22 mars 2021-22 mars 2023, il y a deux ans jour pour jour, l\u2019homme politique camerounais Paul Erick Kingue\u0301 rendait l\u2019a\u0302me a\u0300 Douala. L\u2019ancien maire de Njombe-Penja laisse derrie\u0300re lui une famille politique et de nombreux sympathisants inconsolables. CamerounWeb vous propose, la biographie du porte-parole de Maurice Kamto, lors de la pre\u0301sidentielle [&hellip;]<\/p>\n","protected":false},"author":82,"featured_media":40038,"comment_status":"open","ping_status":"closed","sticky":false,"template":"","format":"standard","meta":{"footnotes":""},"categories":[2,10],"tags":[36,50,49],"class_list":["post-40040","post","type-post","status-publish","format-standard","has-post-thumbnail","hentry","category-politique","category-toutes-les-actualites","tag-africa-press","tag-africa-press-cameroun","tag-cameroun"],"yoast_head":"<!-- This site is optimized with the Yoast SEO Premium plugin v26.1 (Yoast SEO v27.0) - https:\/\/yoast.com\/product\/yoast-seo-premium-wordpress\/ -->\n<title>Mort trop t\u00f4t : Paul Erick Kingu\u00e9 deux ans d\u00e9j\u00e0 - Cameroun<\/title>\n<meta name=\"description\" content=\"22 mars 2021-22 mars 2023, il y a deux ans jour pour jour, l\u2019homme politique camerounais Paul Erick Kingue\u0301 rendait l\u2019a\u0302 ...\" \/>\n<meta name=\"robots\" content=\"index, follow, max-snippet:-1, max-image-preview:large, max-video-preview:-1\" \/>\n<link rel=\"canonical\" href=\"https:\/\/www.africa-press.net\/cameroun\/politique\/mort-trop-tot-paul-erick-kingue-deux-ans-deja\" \/>\n<meta property=\"og:locale\" content=\"fr_FR\" \/>\n<meta property=\"og:type\" content=\"article\" \/>\n<meta property=\"og:title\" content=\"Mort trop t\u00f4t : Paul Erick Kingu\u00e9 deux ans d\u00e9j\u00e0\" \/>\n<meta property=\"og:description\" content=\"22 mars 2021-22 mars 2023, il y a deux ans jour pour jour, l\u2019homme politique camerounais Paul Erick Kingue\u0301 rendait l\u2019a\u0302 ...\" \/>\n<meta property=\"og:url\" content=\"https:\/\/www.africa-press.net\/cameroun\/politique\/mort-trop-tot-paul-erick-kingue-deux-ans-deja\" \/>\n<meta property=\"og:site_name\" content=\"Cameroun\" \/>\n<meta property=\"article:published_time\" content=\"2023-03-22T22:02:25+00:00\" \/>\n<meta property=\"article:modified_time\" content=\"2023-03-22T22:40:21+00:00\" \/>\n<meta property=\"og:image\" content=\"https:\/\/static.africa-press.net\/cameroun\/sites\/57\/2023\/03\/postQueueImg_1679506349.92.jpg\" \/>\n\t<meta property=\"og:image:width\" content=\"1280\" \/>\n\t<meta property=\"og:image:height\" content=\"720\" \/>\n\t<meta property=\"og:image:type\" content=\"image\/jpeg\" \/>\n<meta name=\"author\" content=\"cfeditorfr\" \/>\n<meta name=\"twitter:card\" content=\"summary_large_image\" \/>\n<meta name=\"twitter:label1\" content=\"\u00c9crit par\" \/>\n\t<meta name=\"twitter:data1\" content=\"cfeditorfr\" \/>\n\t<meta name=\"twitter:label2\" content=\"Dur\u00e9e de lecture estim\u00e9e\" \/>\n\t<meta name=\"twitter:data2\" content=\"3 minutes\" \/>\n<script type=\"application\/ld+json\" class=\"yoast-schema-graph\">{\"@context\":\"https:\/\/schema.org\",\"@graph\":[{\"@type\":\"Article\",\"@id\":\"https:\/\/www.africa-press.net\/cameroun\/politique\/mort-trop-tot-paul-erick-kingue-deux-ans-deja#article\",\"isPartOf\":{\"@id\":\"https:\/\/www.africa-press.net\/cameroun\/politique\/mort-trop-tot-paul-erick-kingue-deux-ans-deja\"},\"author\":{\"name\":\"cfeditorfr\",\"@id\":\"https:\/\/www.africa-press.net\/cameroun\/#\/schema\/person\/2b1cf3cd81a31e3cd26889ca66d677f1\"},\"headline\":\"Mort trop t\u00f4t : Paul Erick Kingu\u00e9 deux ans d\u00e9j\u00e0\",\"datePublished\":\"2023-03-22T22:02:25+00:00\",\"dateModified\":\"2023-03-22T22:40:21+00:00\",\"mainEntityOfPage\":{\"@id\":\"https:\/\/www.africa-press.net\/cameroun\/politique\/mort-trop-tot-paul-erick-kingue-deux-ans-deja\"},\"wordCount\":526,\"commentCount\":0,\"image\":{\"@id\":\"https:\/\/www.africa-press.net\/cameroun\/politique\/mort-trop-tot-paul-erick-kingue-deux-ans-deja#primaryimage\"},\"thumbnailUrl\":\"https:\/\/static.africa-press.net\/cameroun\/sites\/57\/2023\/03\/postQueueImg_1679506349.92.jpg\",\"keywords\":[\"Africa Press\",\"Africa Press-Cameroun\",\"Cameroun\"],\"articleSection\":[\"Politique\",\"Toutes les actualit\u00e9s\"],\"inLanguage\":\"fr-FR\",\"potentialAction\":[{\"@type\":\"CommentAction\",\"name\":\"Comment\",\"target\":[\"https:\/\/www.africa-press.net\/cameroun\/politique\/mort-trop-tot-paul-erick-kingue-deux-ans-deja#respond\"]}]},{\"@type\":\"WebPage\",\"@id\":\"https:\/\/www.africa-press.net\/cameroun\/politique\/mort-trop-tot-paul-erick-kingue-deux-ans-deja\",\"url\":\"https:\/\/www.africa-press.net\/cameroun\/politique\/mort-trop-tot-paul-erick-kingue-deux-ans-deja\",\"name\":\"Mort trop t\u00f4t : Paul Erick Kingu\u00e9 deux ans d\u00e9j\u00e0 - Cameroun\",\"isPartOf\":{\"@id\":\"https:\/\/www.africa-press.net\/cameroun\/#website\"},\"primaryImageOfPage\":{\"@id\":\"https:\/\/www.africa-press.net\/cameroun\/politique\/mort-trop-tot-paul-erick-kingue-deux-ans-deja#primaryimage\"},\"image\":{\"@id\":\"https:\/\/www.africa-press.net\/cameroun\/politique\/mort-trop-tot-paul-erick-kingue-deux-ans-deja#primaryimage\"},\"thumbnailUrl\":\"https:\/\/static.africa-press.net\/cameroun\/sites\/57\/2023\/03\/postQueueImg_1679506349.92.jpg\",\"datePublished\":\"2023-03-22T22:02:25+00:00\",\"dateModified\":\"2023-03-22T22:40:21+00:00\",\"author\":{\"@id\":\"https:\/\/www.africa-press.net\/cameroun\/#\/schema\/person\/2b1cf3cd81a31e3cd26889ca66d677f1\"},\"description\":\"22 mars 2021-22 mars 2023, il y a deux ans jour pour jour, l\u2019homme politique camerounais Paul Erick Kingue\u0301 rendait l\u2019a\u0302 ...\",\"breadcrumb\":{\"@id\":\"https:\/\/www.africa-press.net\/cameroun\/politique\/mort-trop-tot-paul-erick-kingue-deux-ans-deja#breadcrumb\"},\"inLanguage\":\"fr-FR\",\"potentialAction\":[{\"@type\":\"ReadAction\",\"target\":[\"https:\/\/www.africa-press.net\/cameroun\/politique\/mort-trop-tot-paul-erick-kingue-deux-ans-deja\"]}]},{\"@type\":\"ImageObject\",\"inLanguage\":\"fr-FR\",\"@id\":\"https:\/\/www.africa-press.net\/cameroun\/politique\/mort-trop-tot-paul-erick-kingue-deux-ans-deja#primaryimage\",\"url\":\"https:\/\/static.africa-press.net\/cameroun\/sites\/57\/2023\/03\/postQueueImg_1679506349.92.jpg\",\"contentUrl\":\"https:\/\/static.africa-press.net\/cameroun\/sites\/57\/2023\/03\/postQueueImg_1679506349.92.jpg\",\"width\":1280,\"height\":720,\"caption\":\"Mort trop t\u00f4t : Paul Erick Kingu\u00e9 deux ans d\u00e9j\u00e0\"},{\"@type\":\"BreadcrumbList\",\"@id\":\"https:\/\/www.africa-press.net\/cameroun\/politique\/mort-trop-tot-paul-erick-kingue-deux-ans-deja#breadcrumb\",\"itemListElement\":[{\"@type\":\"ListItem\",\"position\":1,\"name\":\"Accueil\",\"item\":\"https:\/\/www.africa-press.net\/cameroun\/\"},{\"@type\":\"ListItem\",\"position\":2,\"name\":\"Mort trop t\u00f4t : Paul Erick Kingu\u00e9 deux ans d\u00e9j\u00e0\"}]},{\"@type\":\"WebSite\",\"@id\":\"https:\/\/www.africa-press.net\/cameroun\/#website\",\"url\":\"https:\/\/www.africa-press.net\/cameroun\/\",\"name\":\"Cameroun\",\"description\":\"Just another Africa News Agency Sites site\",\"potentialAction\":[{\"@type\":\"SearchAction\",\"target\":{\"@type\":\"EntryPoint\",\"urlTemplate\":\"https:\/\/www.africa-press.net\/cameroun\/?s={search_term_string}\"},\"query-input\":{\"@type\":\"PropertyValueSpecification\",\"valueRequired\":true,\"valueName\":\"search_term_string\"}}],\"inLanguage\":\"fr-FR\"},{\"@type\":\"Person\",\"@id\":\"https:\/\/www.africa-press.net\/cameroun\/#\/schema\/person\/2b1cf3cd81a31e3cd26889ca66d677f1\",\"name\":\"cfeditorfr\"}]}<\/script>\n<!-- \/ Yoast SEO Premium plugin. -->","yoast_head_json":{"title":"Mort trop t\u00f4t : Paul Erick Kingu\u00e9 deux ans d\u00e9j\u00e0 - Cameroun","description":"22 mars 2021-22 mars 2023, il y a deux ans jour pour jour, l\u2019homme politique camerounais Paul Erick Kingue\u0301 rendait l\u2019a\u0302 ...","robots":{"index":"index","follow":"follow","max-snippet":"max-snippet:-1","max-image-preview":"max-image-preview:large","max-video-preview":"max-video-preview:-1"},"canonical":"https:\/\/www.africa-press.net\/cameroun\/politique\/mort-trop-tot-paul-erick-kingue-deux-ans-deja","og_locale":"fr_FR","og_type":"article","og_title":"Mort trop t\u00f4t : Paul Erick Kingu\u00e9 deux ans d\u00e9j\u00e0","og_description":"22 mars 2021-22 mars 2023, il y a deux ans jour pour jour, l\u2019homme politique camerounais Paul Erick Kingue\u0301 rendait l\u2019a\u0302 ...","og_url":"https:\/\/www.africa-press.net\/cameroun\/politique\/mort-trop-tot-paul-erick-kingue-deux-ans-deja","og_site_name":"Cameroun","article_published_time":"2023-03-22T22:02:25+00:00","article_modified_time":"2023-03-22T22:40:21+00:00","og_image":[{"width":1280,"height":720,"url":"https:\/\/static.africa-press.net\/cameroun\/sites\/57\/2023\/03\/postQueueImg_1679506349.92.jpg","type":"image\/jpeg"}],"author":"cfeditorfr","twitter_card":"summary_large_image","twitter_misc":{"\u00c9crit par":"cfeditorfr","Dur\u00e9e de lecture estim\u00e9e":"3 minutes"},"schema":{"@context":"https:\/\/schema.org","@graph":[{"@type":"Article","@id":"https:\/\/www.africa-press.net\/cameroun\/politique\/mort-trop-tot-paul-erick-kingue-deux-ans-deja#article","isPartOf":{"@id":"https:\/\/www.africa-press.net\/cameroun\/politique\/mort-trop-tot-paul-erick-kingue-deux-ans-deja"},"author":{"name":"cfeditorfr","@id":"https:\/\/www.africa-press.net\/cameroun\/#\/schema\/person\/2b1cf3cd81a31e3cd26889ca66d677f1"},"headline":"Mort trop t\u00f4t : Paul Erick Kingu\u00e9 deux ans d\u00e9j\u00e0","datePublished":"2023-03-22T22:02:25+00:00","dateModified":"2023-03-22T22:40:21+00:00","mainEntityOfPage":{"@id":"https:\/\/www.africa-press.net\/cameroun\/politique\/mort-trop-tot-paul-erick-kingue-deux-ans-deja"},"wordCount":526,"commentCount":0,"image":{"@id":"https:\/\/www.africa-press.net\/cameroun\/politique\/mort-trop-tot-paul-erick-kingue-deux-ans-deja#primaryimage"},"thumbnailUrl":"https:\/\/static.africa-press.net\/cameroun\/sites\/57\/2023\/03\/postQueueImg_1679506349.92.jpg","keywords":["Africa Press","Africa Press-Cameroun","Cameroun"],"articleSection":["Politique","Toutes les actualit\u00e9s"],"inLanguage":"fr-FR","potentialAction":[{"@type":"CommentAction","name":"Comment","target":["https:\/\/www.africa-press.net\/cameroun\/politique\/mort-trop-tot-paul-erick-kingue-deux-ans-deja#respond"]}]},{"@type":"WebPage","@id":"https:\/\/www.africa-press.net\/cameroun\/politique\/mort-trop-tot-paul-erick-kingue-deux-ans-deja","url":"https:\/\/www.africa-press.net\/cameroun\/politique\/mort-trop-tot-paul-erick-kingue-deux-ans-deja","name":"Mort trop t\u00f4t : Paul Erick Kingu\u00e9 deux ans d\u00e9j\u00e0 - Cameroun","isPartOf":{"@id":"https:\/\/www.africa-press.net\/cameroun\/#website"},"primaryImageOfPage":{"@id":"https:\/\/www.africa-press.net\/cameroun\/politique\/mort-trop-tot-paul-erick-kingue-deux-ans-deja#primaryimage"},"image":{"@id":"https:\/\/www.africa-press.net\/cameroun\/politique\/mort-trop-tot-paul-erick-kingue-deux-ans-deja#primaryimage"},"thumbnailUrl":"https:\/\/static.africa-press.net\/cameroun\/sites\/57\/2023\/03\/postQueueImg_1679506349.92.jpg","datePublished":"2023-03-22T22:02:25+00:00","dateModified":"2023-03-22T22:40:21+00:00","author":{"@id":"https:\/\/www.africa-press.net\/cameroun\/#\/schema\/person\/2b1cf3cd81a31e3cd26889ca66d677f1"},"description":"22 mars 2021-22 mars 2023, il y a deux ans jour pour jour, l\u2019homme politique camerounais Paul Erick Kingue\u0301 rendait l\u2019a\u0302 ...","breadcrumb":{"@id":"https:\/\/www.africa-press.net\/cameroun\/politique\/mort-trop-tot-paul-erick-kingue-deux-ans-deja#breadcrumb"},"inLanguage":"fr-FR","potentialAction":[{"@type":"ReadAction","target":["https:\/\/www.africa-press.net\/cameroun\/politique\/mort-trop-tot-paul-erick-kingue-deux-ans-deja"]}]},{"@type":"ImageObject","inLanguage":"fr-FR","@id":"https:\/\/www.africa-press.net\/cameroun\/politique\/mort-trop-tot-paul-erick-kingue-deux-ans-deja#primaryimage","url":"https:\/\/static.africa-press.net\/cameroun\/sites\/57\/2023\/03\/postQueueImg_1679506349.92.jpg","contentUrl":"https:\/\/static.africa-press.net\/cameroun\/sites\/57\/2023\/03\/postQueueImg_1679506349.92.jpg","width":1280,"height":720,"caption":"Mort trop t\u00f4t : Paul Erick Kingu\u00e9 deux ans d\u00e9j\u00e0"},{"@type":"BreadcrumbList","@id":"https:\/\/www.africa-press.net\/cameroun\/politique\/mort-trop-tot-paul-erick-kingue-deux-ans-deja#breadcrumb","itemListElement":[{"@type":"ListItem","position":1,"name":"Accueil","item":"https:\/\/www.africa-press.net\/cameroun\/"},{"@type":"ListItem","position":2,"name":"Mort trop t\u00f4t : Paul Erick Kingu\u00e9 deux ans d\u00e9j\u00e0"}]},{"@type":"WebSite","@id":"https:\/\/www.africa-press.net\/cameroun\/#website","url":"https:\/\/www.africa-press.net\/cameroun\/","name":"Cameroun","description":"Just another Africa News Agency Sites site","potentialAction":[{"@type":"SearchAction","target":{"@type":"EntryPoint","urlTemplate":"https:\/\/www.africa-press.net\/cameroun\/?s={search_term_string}"},"query-input":{"@type":"PropertyValueSpecification","valueRequired":true,"valueName":"search_term_string"}}],"inLanguage":"fr-FR"},{"@type":"Person","@id":"https:\/\/www.africa-press.net\/cameroun\/#\/schema\/person\/2b1cf3cd81a31e3cd26889ca66d677f1","name":"cfeditorfr"}]}},"_links":{"self":[{"href":"https:\/\/www.africa-press.net\/cameroun\/wp-json\/wp\/v2\/posts\/40040","targetHints":{"allow":["GET"]}}],"collection":[{"href":"https:\/\/www.africa-press.net\/cameroun\/wp-json\/wp\/v2\/posts"}],"about":[{"href":"https:\/\/www.africa-press.net\/cameroun\/wp-json\/wp\/v2\/types\/post"}],"author":[{"embeddable":true,"href":"https:\/\/www.africa-press.net\/cameroun\/wp-json\/wp\/v2\/users\/82"}],"replies":[{"embeddable":true,"href":"https:\/\/www.africa-press.net\/cameroun\/wp-json\/wp\/v2\/comments?post=40040"}],"version-history":[{"count":0,"href":"https:\/\/www.africa-press.net\/cameroun\/wp-json\/wp\/v2\/posts\/40040\/revisions"}],"wp:featuredmedia":[{"embeddable":true,"href":"https:\/\/www.africa-press.net\/cameroun\/wp-json\/wp\/v2\/media\/40038"}],"wp:attachment":[{"href":"https:\/\/www.africa-press.net\/cameroun\/wp-json\/wp\/v2\/media?parent=40040"}],"wp:term":[{"taxonomy":"category","embeddable":true,"href":"https:\/\/www.africa-press.net\/cameroun\/wp-json\/wp\/v2\/categories?post=40040"},{"taxonomy":"post_tag","embeddable":true,"href":"https:\/\/www.africa-press.net\/cameroun\/wp-json\/wp\/v2\/tags?post=40040"}],"curies":[{"name":"wp","href":"https:\/\/api.w.org\/{rel}","templated":true}]}}