{"id":40060,"date":"2023-03-22T22:03:06","date_gmt":"2023-03-22T22:03:06","guid":{"rendered":"https:\/\/www.africa-press.net\/cameroun\/politique\/nomination-les-populations-disent-merci-a-paul-biya"},"modified":"2023-03-22T22:43:04","modified_gmt":"2023-03-22T22:43:04","slug":"nomination-les-populations-disent-merci-a-paul-biya","status":"publish","type":"post","link":"https:\/\/www.africa-press.net\/cameroun\/politique\/nomination-les-populations-disent-merci-a-paul-biya","title":{"rendered":"Nomination : les populations disent merci \u00e0 Paul Biya"},"content":{"rendered":"<p><span style=\"color: #ff6600\"><strong>Africa-Press &#8211; Cameroun. <\/strong><\/span>Mardi 21 mars 2023, esplanade de la chefferie de Salak. Une mobilisation de grands jours a lieu. Chefs traditionnels, jeunes et moins jeunes, groupes de danse, mouvements associatifs, forces vives de la localite\u0301 ; tous s&rsquo;y sont donne\u0301s rendezvous. De\u0301nominateur commun de leur rencontre : exprimer leur gratitude au chef de l&rsquo;E\u0301tat Paul Biya.<\/p>\n<p>Inde\u0301pendamment de leur appartenance politique, de leur obe\u0301dience religieuse, les populations ont tenu a\u0300 porter en triomphe leur fils, Robert Bakary Yaouare, porte\u0301 le 18 janvier dernier au poste de directeur ge\u0301ne\u0301ral de la Mission de de\u0301veloppement inte\u0301gre\u0301 des Monts Mandara, succe\u0301dant ainsi a\u0300 Tchari Boulama, de\u0301ce\u0301de\u0301 au mois d&rsquo;aou\u0302t 2022.<\/p>\n<p>Les populations n&rsquo;ont donc pas voulu rater le rendez-vous pour exprimer leur reconnaissance vis-a\u0300-vis du chef de l&rsquo;E\u0301tat Paul Biya. Et c&rsquo;est au Lawane de Salak, sa Majeste\u0301 Boubakary Souai\u0308bou que reviendra la responsabilite\u0301 d&rsquo;ouvrir les hostilite\u0301s. Au nom de tous les fils et filles de Salak, il a salue\u0301 leur mobilisation massive, te\u0301moignant ainsi leur gratitude au pre\u0301sident de la Re\u0301publique.<\/p>\n<p>La nomination de Bakary Robert Yaouare au prestigieux poste de directeur ge\u0301ne\u0301ral de la mission de de\u0301veloppement inte\u0301gre\u0301 des Monts Mandara est donc perc\u0327ue ici comme une manifestation de la confiance historique entre les fils de Salak et leur chef de l&rsquo;E\u0301tat.<\/p>\n<p>\u00abHier, aujourd&rsquo;hui comme demain, nous sommes derrie\u0300re le chef de l&rsquo;E\u0301tat Paul Biya. Et en nommant notre fils Bakary Robert Yaouare au poste de Directeur ge\u0301ne\u0301ral de la Midima, le pre\u0301sident de la Re\u0301publique fait ainsi honneur a\u0300 tout le canton de Salak.<\/p>\n<p>Un canton qui sait se mobiliser comme un seul homme pour dire merci quand il est honore\u0301. La seule chose que nous puissions lui dire c&rsquo;est merci. \u00bb a-t-il indique\u0301. Dans une motion de soutien lue pour la circonstance par Doubla Bitang Bitang, les populations ont renouvele\u0301 leur soutien au chef de l&rsquo;E\u0301tat.<\/p>\n<p>A\u0300 l&rsquo;unisson, elles ont demande\u0301 \u00abla protection divine\u00bb et promis de l&rsquo;accompagner dans sa lourde mission de de\u0301veloppement du pays au profit de tous ses fils et filles.<\/p>\n<p>\u00abCe n&rsquo;est pas toujours facile de me\u0301riter la confiance.Le chef de l&rsquo;E\u0301tat vient de renouveler a\u0300 notre fre\u0300re, notre ai\u0302ne\u0301 Bakary Robert, en le nommant au prestigieux poste de directeur ge\u0301ne\u0301ral de la Midima.<\/p>\n<p>C&rsquo;est un fils de Salak, on ne pouvait rester insensible face a\u0300 une telle sollicitude. Et notre mobilisation est la manifestation de notre gratitude a\u0300 son Excellence Paul Biya, pre\u0301sident de la Re\u0301publique.\u00bb<\/p>\n<p><strong>Pour plus d&rsquo;informations et d&rsquo;analyses sur la <a href=\"https:\/\/www.africa-press.net\/cameroun\">Cameroun<\/a>, suivez <a href=\"https:\/\/www.africa-press.net\/\">Africa-Press<\/a><\/strong><\/p>\n","protected":false},"excerpt":{"rendered":"<p>Africa-Press &#8211; Cameroun. Mardi 21 mars 2023, esplanade de la chefferie de Salak. Une mobilisation de grands jours a lieu. Chefs traditionnels, jeunes et moins jeunes, groupes de danse, mouvements associatifs, forces vives de la localite\u0301 ; tous s&rsquo;y sont donne\u0301s rendezvous. De\u0301nominateur commun de leur rencontre : exprimer leur gratitude au chef de l&rsquo;E\u0301tat [&hellip;]<\/p>\n","protected":false},"author":82,"featured_media":40058,"comment_status":"open","ping_status":"closed","sticky":false,"template":"","format":"standard","meta":{"footnotes":""},"categories":[2,10],"tags":[36,50,49],"class_list":["post-40060","post","type-post","status-publish","format-standard","has-post-thumbnail","hentry","category-politique","category-toutes-les-actualites","tag-africa-press","tag-africa-press-cameroun","tag-cameroun"],"yoast_head":"<!-- This site is optimized with the Yoast SEO Premium plugin v26.1 (Yoast SEO v27.0) - https:\/\/yoast.com\/product\/yoast-seo-premium-wordpress\/ -->\n<title>Nomination : les populations disent merci \u00e0 Paul Biya - Cameroun<\/title>\n<meta name=\"description\" content=\"Mardi 21 mars 2023, esplanade de la chefferie de Salak. Une mobilisation de grands jours a lieu. Chefs traditionnels, je ...\" \/>\n<meta name=\"robots\" content=\"index, follow, max-snippet:-1, max-image-preview:large, max-video-preview:-1\" \/>\n<link rel=\"canonical\" href=\"https:\/\/www.africa-press.net\/cameroun\/politique\/nomination-les-populations-disent-merci-a-paul-biya\" \/>\n<meta property=\"og:locale\" content=\"fr_FR\" \/>\n<meta property=\"og:type\" content=\"article\" \/>\n<meta property=\"og:title\" content=\"Nomination : les populations disent merci \u00e0 Paul Biya\" \/>\n<meta property=\"og:description\" content=\"Mardi 21 mars 2023, esplanade de la chefferie de Salak. Une mobilisation de grands jours a lieu. Chefs traditionnels, je ...\" \/>\n<meta property=\"og:url\" content=\"https:\/\/www.africa-press.net\/cameroun\/politique\/nomination-les-populations-disent-merci-a-paul-biya\" \/>\n<meta property=\"og:site_name\" content=\"Cameroun\" \/>\n<meta property=\"article:published_time\" content=\"2023-03-22T22:03:06+00:00\" \/>\n<meta property=\"article:modified_time\" content=\"2023-03-22T22:43:04+00:00\" \/>\n<meta property=\"og:image\" content=\"https:\/\/static.africa-press.net\/cameroun\/sites\/57\/2023\/03\/postQueueImg_1679506405.06.jpg\" \/>\n\t<meta property=\"og:image:width\" content=\"720\" \/>\n\t<meta property=\"og:image:height\" content=\"477\" \/>\n\t<meta property=\"og:image:type\" content=\"image\/jpeg\" \/>\n<meta name=\"author\" content=\"cfeditorfr\" \/>\n<meta name=\"twitter:card\" content=\"summary_large_image\" \/>\n<meta name=\"twitter:label1\" content=\"\u00c9crit par\" \/>\n\t<meta name=\"twitter:data1\" content=\"cfeditorfr\" \/>\n\t<meta name=\"twitter:label2\" content=\"Dur\u00e9e de lecture estim\u00e9e\" \/>\n\t<meta name=\"twitter:data2\" content=\"2 minutes\" \/>\n<script type=\"application\/ld+json\" class=\"yoast-schema-graph\">{\"@context\":\"https:\/\/schema.org\",\"@graph\":[{\"@type\":\"Article\",\"@id\":\"https:\/\/www.africa-press.net\/cameroun\/politique\/nomination-les-populations-disent-merci-a-paul-biya#article\",\"isPartOf\":{\"@id\":\"https:\/\/www.africa-press.net\/cameroun\/politique\/nomination-les-populations-disent-merci-a-paul-biya\"},\"author\":{\"name\":\"cfeditorfr\",\"@id\":\"https:\/\/www.africa-press.net\/cameroun\/#\/schema\/person\/2b1cf3cd81a31e3cd26889ca66d677f1\"},\"headline\":\"Nomination : les populations disent merci \u00e0 Paul Biya\",\"datePublished\":\"2023-03-22T22:03:06+00:00\",\"dateModified\":\"2023-03-22T22:43:04+00:00\",\"mainEntityOfPage\":{\"@id\":\"https:\/\/www.africa-press.net\/cameroun\/politique\/nomination-les-populations-disent-merci-a-paul-biya\"},\"wordCount\":475,\"commentCount\":0,\"image\":{\"@id\":\"https:\/\/www.africa-press.net\/cameroun\/politique\/nomination-les-populations-disent-merci-a-paul-biya#primaryimage\"},\"thumbnailUrl\":\"https:\/\/static.africa-press.net\/cameroun\/sites\/57\/2023\/03\/postQueueImg_1679506405.06.jpg\",\"keywords\":[\"Africa Press\",\"Africa Press-Cameroun\",\"Cameroun\"],\"articleSection\":[\"Politique\",\"Toutes les actualit\u00e9s\"],\"inLanguage\":\"fr-FR\",\"potentialAction\":[{\"@type\":\"CommentAction\",\"name\":\"Comment\",\"target\":[\"https:\/\/www.africa-press.net\/cameroun\/politique\/nomination-les-populations-disent-merci-a-paul-biya#respond\"]}]},{\"@type\":\"WebPage\",\"@id\":\"https:\/\/www.africa-press.net\/cameroun\/politique\/nomination-les-populations-disent-merci-a-paul-biya\",\"url\":\"https:\/\/www.africa-press.net\/cameroun\/politique\/nomination-les-populations-disent-merci-a-paul-biya\",\"name\":\"Nomination : les populations disent merci \u00e0 Paul Biya - Cameroun\",\"isPartOf\":{\"@id\":\"https:\/\/www.africa-press.net\/cameroun\/#website\"},\"primaryImageOfPage\":{\"@id\":\"https:\/\/www.africa-press.net\/cameroun\/politique\/nomination-les-populations-disent-merci-a-paul-biya#primaryimage\"},\"image\":{\"@id\":\"https:\/\/www.africa-press.net\/cameroun\/politique\/nomination-les-populations-disent-merci-a-paul-biya#primaryimage\"},\"thumbnailUrl\":\"https:\/\/static.africa-press.net\/cameroun\/sites\/57\/2023\/03\/postQueueImg_1679506405.06.jpg\",\"datePublished\":\"2023-03-22T22:03:06+00:00\",\"dateModified\":\"2023-03-22T22:43:04+00:00\",\"author\":{\"@id\":\"https:\/\/www.africa-press.net\/cameroun\/#\/schema\/person\/2b1cf3cd81a31e3cd26889ca66d677f1\"},\"description\":\"Mardi 21 mars 2023, esplanade de la chefferie de Salak. Une mobilisation de grands jours a lieu. Chefs traditionnels, je ...\",\"breadcrumb\":{\"@id\":\"https:\/\/www.africa-press.net\/cameroun\/politique\/nomination-les-populations-disent-merci-a-paul-biya#breadcrumb\"},\"inLanguage\":\"fr-FR\",\"potentialAction\":[{\"@type\":\"ReadAction\",\"target\":[\"https:\/\/www.africa-press.net\/cameroun\/politique\/nomination-les-populations-disent-merci-a-paul-biya\"]}]},{\"@type\":\"ImageObject\",\"inLanguage\":\"fr-FR\",\"@id\":\"https:\/\/www.africa-press.net\/cameroun\/politique\/nomination-les-populations-disent-merci-a-paul-biya#primaryimage\",\"url\":\"https:\/\/static.africa-press.net\/cameroun\/sites\/57\/2023\/03\/postQueueImg_1679506405.06.jpg\",\"contentUrl\":\"https:\/\/static.africa-press.net\/cameroun\/sites\/57\/2023\/03\/postQueueImg_1679506405.06.jpg\",\"width\":720,\"height\":477,\"caption\":\"Nomination : les populations disent merci \u00e0 Paul Biya\"},{\"@type\":\"BreadcrumbList\",\"@id\":\"https:\/\/www.africa-press.net\/cameroun\/politique\/nomination-les-populations-disent-merci-a-paul-biya#breadcrumb\",\"itemListElement\":[{\"@type\":\"ListItem\",\"position\":1,\"name\":\"Accueil\",\"item\":\"https:\/\/www.africa-press.net\/cameroun\/\"},{\"@type\":\"ListItem\",\"position\":2,\"name\":\"Nomination : les populations disent merci \u00e0 Paul Biya\"}]},{\"@type\":\"WebSite\",\"@id\":\"https:\/\/www.africa-press.net\/cameroun\/#website\",\"url\":\"https:\/\/www.africa-press.net\/cameroun\/\",\"name\":\"Cameroun\",\"description\":\"Just another Africa News Agency Sites site\",\"potentialAction\":[{\"@type\":\"SearchAction\",\"target\":{\"@type\":\"EntryPoint\",\"urlTemplate\":\"https:\/\/www.africa-press.net\/cameroun\/?s={search_term_string}\"},\"query-input\":{\"@type\":\"PropertyValueSpecification\",\"valueRequired\":true,\"valueName\":\"search_term_string\"}}],\"inLanguage\":\"fr-FR\"},{\"@type\":\"Person\",\"@id\":\"https:\/\/www.africa-press.net\/cameroun\/#\/schema\/person\/2b1cf3cd81a31e3cd26889ca66d677f1\",\"name\":\"cfeditorfr\"}]}<\/script>\n<!-- \/ Yoast SEO Premium plugin. -->","yoast_head_json":{"title":"Nomination : les populations disent merci \u00e0 Paul Biya - Cameroun","description":"Mardi 21 mars 2023, esplanade de la chefferie de Salak. Une mobilisation de grands jours a lieu. Chefs traditionnels, je ...","robots":{"index":"index","follow":"follow","max-snippet":"max-snippet:-1","max-image-preview":"max-image-preview:large","max-video-preview":"max-video-preview:-1"},"canonical":"https:\/\/www.africa-press.net\/cameroun\/politique\/nomination-les-populations-disent-merci-a-paul-biya","og_locale":"fr_FR","og_type":"article","og_title":"Nomination : les populations disent merci \u00e0 Paul Biya","og_description":"Mardi 21 mars 2023, esplanade de la chefferie de Salak. Une mobilisation de grands jours a lieu. Chefs traditionnels, je ...","og_url":"https:\/\/www.africa-press.net\/cameroun\/politique\/nomination-les-populations-disent-merci-a-paul-biya","og_site_name":"Cameroun","article_published_time":"2023-03-22T22:03:06+00:00","article_modified_time":"2023-03-22T22:43:04+00:00","og_image":[{"width":720,"height":477,"url":"https:\/\/static.africa-press.net\/cameroun\/sites\/57\/2023\/03\/postQueueImg_1679506405.06.jpg","type":"image\/jpeg"}],"author":"cfeditorfr","twitter_card":"summary_large_image","twitter_misc":{"\u00c9crit par":"cfeditorfr","Dur\u00e9e de lecture estim\u00e9e":"2 minutes"},"schema":{"@context":"https:\/\/schema.org","@graph":[{"@type":"Article","@id":"https:\/\/www.africa-press.net\/cameroun\/politique\/nomination-les-populations-disent-merci-a-paul-biya#article","isPartOf":{"@id":"https:\/\/www.africa-press.net\/cameroun\/politique\/nomination-les-populations-disent-merci-a-paul-biya"},"author":{"name":"cfeditorfr","@id":"https:\/\/www.africa-press.net\/cameroun\/#\/schema\/person\/2b1cf3cd81a31e3cd26889ca66d677f1"},"headline":"Nomination : les populations disent merci \u00e0 Paul Biya","datePublished":"2023-03-22T22:03:06+00:00","dateModified":"2023-03-22T22:43:04+00:00","mainEntityOfPage":{"@id":"https:\/\/www.africa-press.net\/cameroun\/politique\/nomination-les-populations-disent-merci-a-paul-biya"},"wordCount":475,"commentCount":0,"image":{"@id":"https:\/\/www.africa-press.net\/cameroun\/politique\/nomination-les-populations-disent-merci-a-paul-biya#primaryimage"},"thumbnailUrl":"https:\/\/static.africa-press.net\/cameroun\/sites\/57\/2023\/03\/postQueueImg_1679506405.06.jpg","keywords":["Africa Press","Africa Press-Cameroun","Cameroun"],"articleSection":["Politique","Toutes les actualit\u00e9s"],"inLanguage":"fr-FR","potentialAction":[{"@type":"CommentAction","name":"Comment","target":["https:\/\/www.africa-press.net\/cameroun\/politique\/nomination-les-populations-disent-merci-a-paul-biya#respond"]}]},{"@type":"WebPage","@id":"https:\/\/www.africa-press.net\/cameroun\/politique\/nomination-les-populations-disent-merci-a-paul-biya","url":"https:\/\/www.africa-press.net\/cameroun\/politique\/nomination-les-populations-disent-merci-a-paul-biya","name":"Nomination : les populations disent merci \u00e0 Paul Biya - Cameroun","isPartOf":{"@id":"https:\/\/www.africa-press.net\/cameroun\/#website"},"primaryImageOfPage":{"@id":"https:\/\/www.africa-press.net\/cameroun\/politique\/nomination-les-populations-disent-merci-a-paul-biya#primaryimage"},"image":{"@id":"https:\/\/www.africa-press.net\/cameroun\/politique\/nomination-les-populations-disent-merci-a-paul-biya#primaryimage"},"thumbnailUrl":"https:\/\/static.africa-press.net\/cameroun\/sites\/57\/2023\/03\/postQueueImg_1679506405.06.jpg","datePublished":"2023-03-22T22:03:06+00:00","dateModified":"2023-03-22T22:43:04+00:00","author":{"@id":"https:\/\/www.africa-press.net\/cameroun\/#\/schema\/person\/2b1cf3cd81a31e3cd26889ca66d677f1"},"description":"Mardi 21 mars 2023, esplanade de la chefferie de Salak. Une mobilisation de grands jours a lieu. Chefs traditionnels, je ...","breadcrumb":{"@id":"https:\/\/www.africa-press.net\/cameroun\/politique\/nomination-les-populations-disent-merci-a-paul-biya#breadcrumb"},"inLanguage":"fr-FR","potentialAction":[{"@type":"ReadAction","target":["https:\/\/www.africa-press.net\/cameroun\/politique\/nomination-les-populations-disent-merci-a-paul-biya"]}]},{"@type":"ImageObject","inLanguage":"fr-FR","@id":"https:\/\/www.africa-press.net\/cameroun\/politique\/nomination-les-populations-disent-merci-a-paul-biya#primaryimage","url":"https:\/\/static.africa-press.net\/cameroun\/sites\/57\/2023\/03\/postQueueImg_1679506405.06.jpg","contentUrl":"https:\/\/static.africa-press.net\/cameroun\/sites\/57\/2023\/03\/postQueueImg_1679506405.06.jpg","width":720,"height":477,"caption":"Nomination : les populations disent merci \u00e0 Paul Biya"},{"@type":"BreadcrumbList","@id":"https:\/\/www.africa-press.net\/cameroun\/politique\/nomination-les-populations-disent-merci-a-paul-biya#breadcrumb","itemListElement":[{"@type":"ListItem","position":1,"name":"Accueil","item":"https:\/\/www.africa-press.net\/cameroun\/"},{"@type":"ListItem","position":2,"name":"Nomination : les populations disent merci \u00e0 Paul Biya"}]},{"@type":"WebSite","@id":"https:\/\/www.africa-press.net\/cameroun\/#website","url":"https:\/\/www.africa-press.net\/cameroun\/","name":"Cameroun","description":"Just another Africa News Agency Sites site","potentialAction":[{"@type":"SearchAction","target":{"@type":"EntryPoint","urlTemplate":"https:\/\/www.africa-press.net\/cameroun\/?s={search_term_string}"},"query-input":{"@type":"PropertyValueSpecification","valueRequired":true,"valueName":"search_term_string"}}],"inLanguage":"fr-FR"},{"@type":"Person","@id":"https:\/\/www.africa-press.net\/cameroun\/#\/schema\/person\/2b1cf3cd81a31e3cd26889ca66d677f1","name":"cfeditorfr"}]}},"_links":{"self":[{"href":"https:\/\/www.africa-press.net\/cameroun\/wp-json\/wp\/v2\/posts\/40060","targetHints":{"allow":["GET"]}}],"collection":[{"href":"https:\/\/www.africa-press.net\/cameroun\/wp-json\/wp\/v2\/posts"}],"about":[{"href":"https:\/\/www.africa-press.net\/cameroun\/wp-json\/wp\/v2\/types\/post"}],"author":[{"embeddable":true,"href":"https:\/\/www.africa-press.net\/cameroun\/wp-json\/wp\/v2\/users\/82"}],"replies":[{"embeddable":true,"href":"https:\/\/www.africa-press.net\/cameroun\/wp-json\/wp\/v2\/comments?post=40060"}],"version-history":[{"count":0,"href":"https:\/\/www.africa-press.net\/cameroun\/wp-json\/wp\/v2\/posts\/40060\/revisions"}],"wp:featuredmedia":[{"embeddable":true,"href":"https:\/\/www.africa-press.net\/cameroun\/wp-json\/wp\/v2\/media\/40058"}],"wp:attachment":[{"href":"https:\/\/www.africa-press.net\/cameroun\/wp-json\/wp\/v2\/media?parent=40060"}],"wp:term":[{"taxonomy":"category","embeddable":true,"href":"https:\/\/www.africa-press.net\/cameroun\/wp-json\/wp\/v2\/categories?post=40060"},{"taxonomy":"post_tag","embeddable":true,"href":"https:\/\/www.africa-press.net\/cameroun\/wp-json\/wp\/v2\/tags?post=40060"}],"curies":[{"name":"wp","href":"https:\/\/api.w.org\/{rel}","templated":true}]}}