{"id":40065,"date":"2023-03-22T22:03:49","date_gmt":"2023-03-22T22:03:49","guid":{"rendered":"https:\/\/www.africa-press.net\/cameroun\/politique\/cameroun-islam-debut-du-mois-de-ramadan-fixe-officiel"},"modified":"2023-03-22T22:43:54","modified_gmt":"2023-03-22T22:43:54","slug":"cameroun-islam-debut-du-mois-de-ramadan-fixe-officiel","status":"publish","type":"post","link":"https:\/\/www.africa-press.net\/cameroun\/toutes-les-actualites\/cameroun-islam-debut-du-mois-de-ramadan-fixe-officiel","title":{"rendered":"Cameroun-Islam : d\u00e9but du mois de Ramadan fix\u00e9 (officiel)"},"content":{"rendered":"<p><span style=\"color: #ff6600\"><strong>Africa-Press &#8211; Cameroun. <\/strong><\/span>L\u2019annonce est de la Commission nationale du croissant lunaire dans un communique\u0301 en date du 21 mars 2023.<\/p>\n<p>A compter du jeudi 23 mars 2023, les fide\u0300les musulmans entrent dans le mois be\u0301ni du Ramadan. L\u2019information est connue depuis hier, le 21 mars. \u00ab Le croissant lunaire devant marquer le de\u0301but de Ramadan 2023, n\u2019a e\u0301te\u0301 aperc\u0327u nulle part sur l\u2019e\u0301tendue du territoire national ce 21 mars. Par conse\u0301quent, le mois de Cha\u0302bane sera comple\u0301te\u0301 a\u0300 30 jours et le jeu\u0302ne de\u0301butera, in cha Allah, le jeudi 23 mars 2023 \u00bb, informe la Commission nationale du croissant lunaire via un communique\u0301.<\/p>\n<p>L\u2019instance dont le Pr Souley Mane est le porte-parole \u00ab souhaite a\u0300 tous les musulmans un tre\u0300s bon de\u0301but du jeu\u0302ne et les invite a\u0300 intensifier les prie\u0300res durant tout le mois de Ramadan afin qu\u2019Allah, le Tre\u0300s-Haut, consolide la paix, la sante\u0301 et la prospe\u0301rite\u0301 au Cameroun et dans le monde \u00bb, peut-on lire. Pendant les 30 prochains jours a\u0300 compter du 23 mars, les fide\u0300les musulmans vont vivre au rythme d\u2019intenses prie\u0300res, de privations diverses et de partage selon les <b>prescriptions de l\u2019Islam<\/b>.<\/p>\n<p><strong>Pour plus d&rsquo;informations et d&rsquo;analyses sur la <a href=\"https:\/\/www.africa-press.net\/cameroun\">Cameroun<\/a>, suivez <a href=\"https:\/\/www.africa-press.net\/\">Africa-Press<\/a><\/strong><\/p>\n","protected":false},"excerpt":{"rendered":"<p>Africa-Press &#8211; Cameroun. L\u2019annonce est de la Commission nationale du croissant lunaire dans un communique\u0301 en date du 21 mars 2023. A compter du jeudi 23 mars 2023, les fide\u0300les musulmans entrent dans le mois be\u0301ni du Ramadan. L\u2019information est connue depuis hier, le 21 mars. \u00ab Le croissant lunaire devant marquer le de\u0301but de [&hellip;]<\/p>\n","protected":false},"author":82,"featured_media":40064,"comment_status":"open","ping_status":"closed","sticky":false,"template":"","format":"standard","meta":{"footnotes":""},"categories":[21,10],"tags":[36,50,49],"class_list":["post-40065","post","type-post","status-publish","format-standard","has-post-thumbnail","hentry","category-communaute","category-toutes-les-actualites","tag-africa-press","tag-africa-press-cameroun","tag-cameroun"],"yoast_head":"<!-- This site is optimized with the Yoast SEO Premium plugin v26.1 (Yoast SEO v27.0) - https:\/\/yoast.com\/product\/yoast-seo-premium-wordpress\/ -->\n<title>Cameroun-Islam : d\u00e9but du mois de Ramadan fix\u00e9 (officiel) - Cameroun<\/title>\n<meta name=\"description\" content=\"L\u2019annonce est de la Commission nationale du croissant lunaire dans un communique\u0301 en date du 21 mars 2023. A compter du ...\" \/>\n<meta name=\"robots\" content=\"index, follow, max-snippet:-1, max-image-preview:large, max-video-preview:-1\" \/>\n<link rel=\"canonical\" href=\"https:\/\/www.africa-press.net\/cameroun\/toutes-les-actualites\/cameroun-islam-debut-du-mois-de-ramadan-fixe-officiel\" \/>\n<meta property=\"og:locale\" content=\"fr_FR\" \/>\n<meta property=\"og:type\" content=\"article\" \/>\n<meta property=\"og:title\" content=\"Cameroun-Islam : d\u00e9but du mois de Ramadan fix\u00e9 (officiel)\" \/>\n<meta property=\"og:description\" content=\"L\u2019annonce est de la Commission nationale du croissant lunaire dans un communique\u0301 en date du 21 mars 2023. A compter du ...\" \/>\n<meta property=\"og:url\" content=\"https:\/\/www.africa-press.net\/cameroun\/toutes-les-actualites\/cameroun-islam-debut-du-mois-de-ramadan-fixe-officiel\" \/>\n<meta property=\"og:site_name\" content=\"Cameroun\" \/>\n<meta property=\"article:published_time\" content=\"2023-03-22T22:03:49+00:00\" \/>\n<meta property=\"article:modified_time\" content=\"2023-03-22T22:43:54+00:00\" \/>\n<meta property=\"og:image\" content=\"https:\/\/static.africa-press.net\/cameroun\/sites\/57\/2023\/03\/postQueueImg_1679506589.74.jpg\" \/>\n\t<meta property=\"og:image:width\" content=\"750\" \/>\n\t<meta property=\"og:image:height\" content=\"450\" \/>\n\t<meta property=\"og:image:type\" content=\"image\/jpeg\" \/>\n<meta name=\"author\" content=\"cfeditorfr\" \/>\n<meta name=\"twitter:card\" content=\"summary_large_image\" \/>\n<meta name=\"twitter:label1\" content=\"\u00c9crit par\" \/>\n\t<meta name=\"twitter:data1\" content=\"cfeditorfr\" \/>\n\t<meta name=\"twitter:label2\" content=\"Dur\u00e9e de lecture estim\u00e9e\" \/>\n\t<meta name=\"twitter:data2\" content=\"1 minute\" \/>\n<script type=\"application\/ld+json\" class=\"yoast-schema-graph\">{\"@context\":\"https:\/\/schema.org\",\"@graph\":[{\"@type\":\"Article\",\"@id\":\"https:\/\/www.africa-press.net\/cameroun\/toutes-les-actualites\/cameroun-islam-debut-du-mois-de-ramadan-fixe-officiel#article\",\"isPartOf\":{\"@id\":\"https:\/\/www.africa-press.net\/cameroun\/toutes-les-actualites\/cameroun-islam-debut-du-mois-de-ramadan-fixe-officiel\"},\"author\":{\"name\":\"cfeditorfr\",\"@id\":\"https:\/\/www.africa-press.net\/cameroun\/#\/schema\/person\/2b1cf3cd81a31e3cd26889ca66d677f1\"},\"headline\":\"Cameroun-Islam : d\u00e9but du mois de Ramadan fix\u00e9 (officiel)\",\"datePublished\":\"2023-03-22T22:03:49+00:00\",\"dateModified\":\"2023-03-22T22:43:54+00:00\",\"mainEntityOfPage\":{\"@id\":\"https:\/\/www.africa-press.net\/cameroun\/toutes-les-actualites\/cameroun-islam-debut-du-mois-de-ramadan-fixe-officiel\"},\"wordCount\":221,\"commentCount\":0,\"image\":{\"@id\":\"https:\/\/www.africa-press.net\/cameroun\/toutes-les-actualites\/cameroun-islam-debut-du-mois-de-ramadan-fixe-officiel#primaryimage\"},\"thumbnailUrl\":\"https:\/\/static.africa-press.net\/cameroun\/sites\/57\/2023\/03\/postQueueImg_1679506589.74.jpg\",\"keywords\":[\"Africa Press\",\"Africa Press-Cameroun\",\"Cameroun\"],\"articleSection\":[\"Communaut\u00e9\",\"Toutes les actualit\u00e9s\"],\"inLanguage\":\"fr-FR\",\"potentialAction\":[{\"@type\":\"CommentAction\",\"name\":\"Comment\",\"target\":[\"https:\/\/www.africa-press.net\/cameroun\/toutes-les-actualites\/cameroun-islam-debut-du-mois-de-ramadan-fixe-officiel#respond\"]}]},{\"@type\":\"WebPage\",\"@id\":\"https:\/\/www.africa-press.net\/cameroun\/toutes-les-actualites\/cameroun-islam-debut-du-mois-de-ramadan-fixe-officiel\",\"url\":\"https:\/\/www.africa-press.net\/cameroun\/toutes-les-actualites\/cameroun-islam-debut-du-mois-de-ramadan-fixe-officiel\",\"name\":\"Cameroun-Islam : d\u00e9but du mois de Ramadan fix\u00e9 (officiel) - Cameroun\",\"isPartOf\":{\"@id\":\"https:\/\/www.africa-press.net\/cameroun\/#website\"},\"primaryImageOfPage\":{\"@id\":\"https:\/\/www.africa-press.net\/cameroun\/toutes-les-actualites\/cameroun-islam-debut-du-mois-de-ramadan-fixe-officiel#primaryimage\"},\"image\":{\"@id\":\"https:\/\/www.africa-press.net\/cameroun\/toutes-les-actualites\/cameroun-islam-debut-du-mois-de-ramadan-fixe-officiel#primaryimage\"},\"thumbnailUrl\":\"https:\/\/static.africa-press.net\/cameroun\/sites\/57\/2023\/03\/postQueueImg_1679506589.74.jpg\",\"datePublished\":\"2023-03-22T22:03:49+00:00\",\"dateModified\":\"2023-03-22T22:43:54+00:00\",\"author\":{\"@id\":\"https:\/\/www.africa-press.net\/cameroun\/#\/schema\/person\/2b1cf3cd81a31e3cd26889ca66d677f1\"},\"description\":\"L\u2019annonce est de la Commission nationale du croissant lunaire dans un communique\u0301 en date du 21 mars 2023. A compter du ...\",\"breadcrumb\":{\"@id\":\"https:\/\/www.africa-press.net\/cameroun\/toutes-les-actualites\/cameroun-islam-debut-du-mois-de-ramadan-fixe-officiel#breadcrumb\"},\"inLanguage\":\"fr-FR\",\"potentialAction\":[{\"@type\":\"ReadAction\",\"target\":[\"https:\/\/www.africa-press.net\/cameroun\/toutes-les-actualites\/cameroun-islam-debut-du-mois-de-ramadan-fixe-officiel\"]}]},{\"@type\":\"ImageObject\",\"inLanguage\":\"fr-FR\",\"@id\":\"https:\/\/www.africa-press.net\/cameroun\/toutes-les-actualites\/cameroun-islam-debut-du-mois-de-ramadan-fixe-officiel#primaryimage\",\"url\":\"https:\/\/static.africa-press.net\/cameroun\/sites\/57\/2023\/03\/postQueueImg_1679506589.74.jpg\",\"contentUrl\":\"https:\/\/static.africa-press.net\/cameroun\/sites\/57\/2023\/03\/postQueueImg_1679506589.74.jpg\",\"width\":750,\"height\":450,\"caption\":\"Cameroun-Islam : d\u00e9but du mois de Ramadan fix\u00e9 (officiel)\"},{\"@type\":\"BreadcrumbList\",\"@id\":\"https:\/\/www.africa-press.net\/cameroun\/toutes-les-actualites\/cameroun-islam-debut-du-mois-de-ramadan-fixe-officiel#breadcrumb\",\"itemListElement\":[{\"@type\":\"ListItem\",\"position\":1,\"name\":\"Accueil\",\"item\":\"https:\/\/www.africa-press.net\/cameroun\/\"},{\"@type\":\"ListItem\",\"position\":2,\"name\":\"Cameroun-Islam : d\u00e9but du mois de Ramadan fix\u00e9 (officiel)\"}]},{\"@type\":\"WebSite\",\"@id\":\"https:\/\/www.africa-press.net\/cameroun\/#website\",\"url\":\"https:\/\/www.africa-press.net\/cameroun\/\",\"name\":\"Cameroun\",\"description\":\"Just another Africa News Agency Sites site\",\"potentialAction\":[{\"@type\":\"SearchAction\",\"target\":{\"@type\":\"EntryPoint\",\"urlTemplate\":\"https:\/\/www.africa-press.net\/cameroun\/?s={search_term_string}\"},\"query-input\":{\"@type\":\"PropertyValueSpecification\",\"valueRequired\":true,\"valueName\":\"search_term_string\"}}],\"inLanguage\":\"fr-FR\"},{\"@type\":\"Person\",\"@id\":\"https:\/\/www.africa-press.net\/cameroun\/#\/schema\/person\/2b1cf3cd81a31e3cd26889ca66d677f1\",\"name\":\"cfeditorfr\"}]}<\/script>\n<!-- \/ Yoast SEO Premium plugin. -->","yoast_head_json":{"title":"Cameroun-Islam : d\u00e9but du mois de Ramadan fix\u00e9 (officiel) - Cameroun","description":"L\u2019annonce est de la Commission nationale du croissant lunaire dans un communique\u0301 en date du 21 mars 2023. A compter du ...","robots":{"index":"index","follow":"follow","max-snippet":"max-snippet:-1","max-image-preview":"max-image-preview:large","max-video-preview":"max-video-preview:-1"},"canonical":"https:\/\/www.africa-press.net\/cameroun\/toutes-les-actualites\/cameroun-islam-debut-du-mois-de-ramadan-fixe-officiel","og_locale":"fr_FR","og_type":"article","og_title":"Cameroun-Islam : d\u00e9but du mois de Ramadan fix\u00e9 (officiel)","og_description":"L\u2019annonce est de la Commission nationale du croissant lunaire dans un communique\u0301 en date du 21 mars 2023. A compter du ...","og_url":"https:\/\/www.africa-press.net\/cameroun\/toutes-les-actualites\/cameroun-islam-debut-du-mois-de-ramadan-fixe-officiel","og_site_name":"Cameroun","article_published_time":"2023-03-22T22:03:49+00:00","article_modified_time":"2023-03-22T22:43:54+00:00","og_image":[{"width":750,"height":450,"url":"https:\/\/static.africa-press.net\/cameroun\/sites\/57\/2023\/03\/postQueueImg_1679506589.74.jpg","type":"image\/jpeg"}],"author":"cfeditorfr","twitter_card":"summary_large_image","twitter_misc":{"\u00c9crit par":"cfeditorfr","Dur\u00e9e de lecture estim\u00e9e":"1 minute"},"schema":{"@context":"https:\/\/schema.org","@graph":[{"@type":"Article","@id":"https:\/\/www.africa-press.net\/cameroun\/toutes-les-actualites\/cameroun-islam-debut-du-mois-de-ramadan-fixe-officiel#article","isPartOf":{"@id":"https:\/\/www.africa-press.net\/cameroun\/toutes-les-actualites\/cameroun-islam-debut-du-mois-de-ramadan-fixe-officiel"},"author":{"name":"cfeditorfr","@id":"https:\/\/www.africa-press.net\/cameroun\/#\/schema\/person\/2b1cf3cd81a31e3cd26889ca66d677f1"},"headline":"Cameroun-Islam : d\u00e9but du mois de Ramadan fix\u00e9 (officiel)","datePublished":"2023-03-22T22:03:49+00:00","dateModified":"2023-03-22T22:43:54+00:00","mainEntityOfPage":{"@id":"https:\/\/www.africa-press.net\/cameroun\/toutes-les-actualites\/cameroun-islam-debut-du-mois-de-ramadan-fixe-officiel"},"wordCount":221,"commentCount":0,"image":{"@id":"https:\/\/www.africa-press.net\/cameroun\/toutes-les-actualites\/cameroun-islam-debut-du-mois-de-ramadan-fixe-officiel#primaryimage"},"thumbnailUrl":"https:\/\/static.africa-press.net\/cameroun\/sites\/57\/2023\/03\/postQueueImg_1679506589.74.jpg","keywords":["Africa Press","Africa Press-Cameroun","Cameroun"],"articleSection":["Communaut\u00e9","Toutes les actualit\u00e9s"],"inLanguage":"fr-FR","potentialAction":[{"@type":"CommentAction","name":"Comment","target":["https:\/\/www.africa-press.net\/cameroun\/toutes-les-actualites\/cameroun-islam-debut-du-mois-de-ramadan-fixe-officiel#respond"]}]},{"@type":"WebPage","@id":"https:\/\/www.africa-press.net\/cameroun\/toutes-les-actualites\/cameroun-islam-debut-du-mois-de-ramadan-fixe-officiel","url":"https:\/\/www.africa-press.net\/cameroun\/toutes-les-actualites\/cameroun-islam-debut-du-mois-de-ramadan-fixe-officiel","name":"Cameroun-Islam : d\u00e9but du mois de Ramadan fix\u00e9 (officiel) - Cameroun","isPartOf":{"@id":"https:\/\/www.africa-press.net\/cameroun\/#website"},"primaryImageOfPage":{"@id":"https:\/\/www.africa-press.net\/cameroun\/toutes-les-actualites\/cameroun-islam-debut-du-mois-de-ramadan-fixe-officiel#primaryimage"},"image":{"@id":"https:\/\/www.africa-press.net\/cameroun\/toutes-les-actualites\/cameroun-islam-debut-du-mois-de-ramadan-fixe-officiel#primaryimage"},"thumbnailUrl":"https:\/\/static.africa-press.net\/cameroun\/sites\/57\/2023\/03\/postQueueImg_1679506589.74.jpg","datePublished":"2023-03-22T22:03:49+00:00","dateModified":"2023-03-22T22:43:54+00:00","author":{"@id":"https:\/\/www.africa-press.net\/cameroun\/#\/schema\/person\/2b1cf3cd81a31e3cd26889ca66d677f1"},"description":"L\u2019annonce est de la Commission nationale du croissant lunaire dans un communique\u0301 en date du 21 mars 2023. A compter du ...","breadcrumb":{"@id":"https:\/\/www.africa-press.net\/cameroun\/toutes-les-actualites\/cameroun-islam-debut-du-mois-de-ramadan-fixe-officiel#breadcrumb"},"inLanguage":"fr-FR","potentialAction":[{"@type":"ReadAction","target":["https:\/\/www.africa-press.net\/cameroun\/toutes-les-actualites\/cameroun-islam-debut-du-mois-de-ramadan-fixe-officiel"]}]},{"@type":"ImageObject","inLanguage":"fr-FR","@id":"https:\/\/www.africa-press.net\/cameroun\/toutes-les-actualites\/cameroun-islam-debut-du-mois-de-ramadan-fixe-officiel#primaryimage","url":"https:\/\/static.africa-press.net\/cameroun\/sites\/57\/2023\/03\/postQueueImg_1679506589.74.jpg","contentUrl":"https:\/\/static.africa-press.net\/cameroun\/sites\/57\/2023\/03\/postQueueImg_1679506589.74.jpg","width":750,"height":450,"caption":"Cameroun-Islam : d\u00e9but du mois de Ramadan fix\u00e9 (officiel)"},{"@type":"BreadcrumbList","@id":"https:\/\/www.africa-press.net\/cameroun\/toutes-les-actualites\/cameroun-islam-debut-du-mois-de-ramadan-fixe-officiel#breadcrumb","itemListElement":[{"@type":"ListItem","position":1,"name":"Accueil","item":"https:\/\/www.africa-press.net\/cameroun\/"},{"@type":"ListItem","position":2,"name":"Cameroun-Islam : d\u00e9but du mois de Ramadan fix\u00e9 (officiel)"}]},{"@type":"WebSite","@id":"https:\/\/www.africa-press.net\/cameroun\/#website","url":"https:\/\/www.africa-press.net\/cameroun\/","name":"Cameroun","description":"Just another Africa News Agency Sites site","potentialAction":[{"@type":"SearchAction","target":{"@type":"EntryPoint","urlTemplate":"https:\/\/www.africa-press.net\/cameroun\/?s={search_term_string}"},"query-input":{"@type":"PropertyValueSpecification","valueRequired":true,"valueName":"search_term_string"}}],"inLanguage":"fr-FR"},{"@type":"Person","@id":"https:\/\/www.africa-press.net\/cameroun\/#\/schema\/person\/2b1cf3cd81a31e3cd26889ca66d677f1","name":"cfeditorfr"}]}},"_links":{"self":[{"href":"https:\/\/www.africa-press.net\/cameroun\/wp-json\/wp\/v2\/posts\/40065","targetHints":{"allow":["GET"]}}],"collection":[{"href":"https:\/\/www.africa-press.net\/cameroun\/wp-json\/wp\/v2\/posts"}],"about":[{"href":"https:\/\/www.africa-press.net\/cameroun\/wp-json\/wp\/v2\/types\/post"}],"author":[{"embeddable":true,"href":"https:\/\/www.africa-press.net\/cameroun\/wp-json\/wp\/v2\/users\/82"}],"replies":[{"embeddable":true,"href":"https:\/\/www.africa-press.net\/cameroun\/wp-json\/wp\/v2\/comments?post=40065"}],"version-history":[{"count":0,"href":"https:\/\/www.africa-press.net\/cameroun\/wp-json\/wp\/v2\/posts\/40065\/revisions"}],"wp:featuredmedia":[{"embeddable":true,"href":"https:\/\/www.africa-press.net\/cameroun\/wp-json\/wp\/v2\/media\/40064"}],"wp:attachment":[{"href":"https:\/\/www.africa-press.net\/cameroun\/wp-json\/wp\/v2\/media?parent=40065"}],"wp:term":[{"taxonomy":"category","embeddable":true,"href":"https:\/\/www.africa-press.net\/cameroun\/wp-json\/wp\/v2\/categories?post=40065"},{"taxonomy":"post_tag","embeddable":true,"href":"https:\/\/www.africa-press.net\/cameroun\/wp-json\/wp\/v2\/tags?post=40065"}],"curies":[{"name":"wp","href":"https:\/\/api.w.org\/{rel}","templated":true}]}}