{"id":40114,"date":"2023-03-23T11:40:03","date_gmt":"2023-03-23T11:40:03","guid":{"rendered":"https:\/\/www.africa-press.net\/cameroun\/politique\/telesud-na-meme-pas-laudience-dun-compte-facebook"},"modified":"2023-03-23T11:59:54","modified_gmt":"2023-03-23T11:59:54","slug":"telesud-na-meme-pas-laudience-dun-compte-facebook","status":"publish","type":"post","link":"https:\/\/www.africa-press.net\/cameroun\/politique\/telesud-na-meme-pas-laudience-dun-compte-facebook","title":{"rendered":"\u2018Telesud n\u2019a m\u00eame pas l\u2019audience d\u2019un compte Facebook\u2019"},"content":{"rendered":"<p><span style=\"color: #ff6600\"><strong>Africa-Press &#8211; Cameroun. <\/strong><\/span>L&rsquo;aventure de 3A Telesud rachete\u0301e par l&rsquo;homme d&rsquo;affaires camerounais Amougou Belinga tend vers sa fin. Le me\u0301dia base\u0301 en France fait partie des moins suivi sur tous les bouquets re\u0301unis. Ne faisant pas de recette, le me\u0301dia roulait quasi exclusivement sur les fonds de son proprie\u0301taire.<\/p>\n<p>De\u0301sormais en prison dans l&rsquo;affaire d&rsquo;assassinat du journaliste Martinez Zogo, Amougou Belinga n&rsquo;est plus en mesure d&rsquo;arroser sa socie\u0301te\u0301 moribonde des deniers publics de l&rsquo;Etat du Cameroun. En effet selon les documents mis en circulation par Martinez Zogo avant sa mort, Telesud est finance\u0301e par l&rsquo;Etat du Cameroun. Les premiers responsables de ce me\u0301dia avaient d&rsquo;ailleurs e\u0301te\u0301 accueillis a\u0300 la pre\u0301sidence de la Re\u0301publique par le directeur du cabinet civil de la pre\u0301sidence de la Re\u0301publique, Samuel Mvondo Ayolo. Pour l&rsquo;e\u0301crivain Arol Ketch, l&rsquo;ope\u0301ration de rachat de Telesud ressemble a\u0300 une ope\u0301ration de blanchiment d&rsquo;argent.<\/p>\n<p>\u00ab En re\u0301alite\u0301, miser be\u0302tement des milliards pour acheter cette chai\u0302ne que personne ne regarde .<\/p>\n<p>Cela s\u2019apparente au blanchiment d\u2019argent . On de\u0301pense des milliards pour financer des projets inutiles et enrichir des copains pendant que le peuple manque d\u2019eau, d\u2019e\u0301lectricite\u0301, d\u2019infrastructures de sante\u0301 et d\u2019e\u0301ducation&#8230;Une chai\u0302ne qui n\u2019a me\u0302me pas l\u2019audience d\u2019un compte Facebook. Ces gens sont me\u0301chants \u00bb, de\u0301plore l\u2019archiviste du peuple.<\/p>\n<p>Telesud en vente<\/p>\n<p>C&rsquo;est une information exclusive qui vient de parvenir a\u0300 la re\u0301daction de Camerounweb.com . De sources concordantes et dignes, nous apprenons que la Dg de la te\u0301le\u0301vision Telesud, Vale\u0301rie Garrec a informe\u0301 ses collaborateurs ce jour a\u0300 Paris que la chai\u0302ne est mise en vente. Pour cause le promoteur Amougou Belinga actuellement en de\u0301tention a\u0300 la prison principale de Yaounde\u0301 dans le cardre de l&rsquo;affaire Martinez Zogo ne peut plus supporter les charges qui sont de 150 000 euros par mois.<\/p>\n<p>Par ailleurs ces collaborateurs ont jusqu\u2019a\u0300 une semaine pour libe\u0301rer les bureaux de MR Agid Andre\u0301 ancien Directeur de Telesud qui re\u0301clame 20 000 euros a\u0300 Amougou Belinga.<\/p>\n<p>Si il n\u2019est pas paye\u0301 d\u2019ici une semaine le signal de cette chai\u0302ne de te\u0301le\u0301vision sera coupe\u0301. Les employe\u0301s ont demande\u0301 a\u0300 la Dg de Telesud qu&rsquo;est-ce qui en est de leurs salaires, elle leur a rassure\u0301 qu&rsquo;ils auront leurs salaires du mois de mars.<\/p>\n<p>Il convient de souligner que les samedi 18 et lundi 20 mars, Vale\u0301rie Garrec, Dg de Telesud, accompagne\u0301e d&rsquo;un autre blanc et une autre personne se sont rendus a\u0300 la prison principale de Yaounde\u0301 ou\u0300 ils ont tenu une re\u0301union dans les bureaux de Guyegou Guy, le Chef de Bureau de l&rsquo;Action Sociale, des Activite\u0301s Culturelles et E\u0301ducatives (CBASACE). Ladite re\u0301union portait tre\u0300s certainement sur cette de\u0301cision inhe\u0301rente a\u0300 la vente de Telesud.<\/p>\n<p>Rappelons que selon certaines rumeurs, Telesud avait e\u0301te\u0301 achete\u0301 par Jean Pierre Amougou Belinga gra\u0302ce aux fonds de la ligne 94.<\/p>\n<p><strong>Pour plus d&rsquo;informations et d&rsquo;analyses sur la <a href=\"https:\/\/www.africa-press.net\/cameroun\">Cameroun<\/a>, suivez <a href=\"https:\/\/www.africa-press.net\/\">Africa-Press<\/a><\/strong><\/p>\n","protected":false},"excerpt":{"rendered":"<p>Africa-Press &#8211; Cameroun. L&rsquo;aventure de 3A Telesud rachete\u0301e par l&rsquo;homme d&rsquo;affaires camerounais Amougou Belinga tend vers sa fin. Le me\u0301dia base\u0301 en France fait partie des moins suivi sur tous les bouquets re\u0301unis. Ne faisant pas de recette, le me\u0301dia roulait quasi exclusivement sur les fonds de son proprie\u0301taire. De\u0301sormais en prison dans l&rsquo;affaire d&rsquo;assassinat [&hellip;]<\/p>\n","protected":false},"author":82,"featured_media":40111,"comment_status":"open","ping_status":"closed","sticky":false,"template":"","format":"standard","meta":{"footnotes":""},"categories":[2,10],"tags":[36,50,49],"class_list":["post-40114","post","type-post","status-publish","format-standard","has-post-thumbnail","hentry","category-politique","category-toutes-les-actualites","tag-africa-press","tag-africa-press-cameroun","tag-cameroun"],"yoast_head":"<!-- This site is optimized with the Yoast SEO Premium plugin v26.1 (Yoast SEO v27.0) - https:\/\/yoast.com\/product\/yoast-seo-premium-wordpress\/ -->\n<title>\u2018Telesud n\u2019a m\u00eame pas l\u2019audience d\u2019un compte Facebook\u2019 - Cameroun<\/title>\n<meta name=\"description\" content=\"L&#039;aventure de 3A Telesud rachete\u0301e par l&#039;homme d&#039;affaires camerounais Amougou Belinga tend vers sa fin. Le me\u0301dia base\u0301 ...\" \/>\n<meta name=\"robots\" content=\"index, follow, max-snippet:-1, max-image-preview:large, max-video-preview:-1\" \/>\n<link rel=\"canonical\" href=\"https:\/\/www.africa-press.net\/cameroun\/politique\/telesud-na-meme-pas-laudience-dun-compte-facebook\" \/>\n<meta property=\"og:locale\" content=\"fr_FR\" \/>\n<meta property=\"og:type\" content=\"article\" \/>\n<meta property=\"og:title\" content=\"\u2018Telesud n\u2019a m\u00eame pas l\u2019audience d\u2019un compte Facebook\u2019\" \/>\n<meta property=\"og:description\" content=\"L&#039;aventure de 3A Telesud rachete\u0301e par l&#039;homme d&#039;affaires camerounais Amougou Belinga tend vers sa fin. Le me\u0301dia base\u0301 ...\" \/>\n<meta property=\"og:url\" content=\"https:\/\/www.africa-press.net\/cameroun\/politique\/telesud-na-meme-pas-laudience-dun-compte-facebook\" \/>\n<meta property=\"og:site_name\" content=\"Cameroun\" \/>\n<meta property=\"article:published_time\" content=\"2023-03-23T11:40:03+00:00\" \/>\n<meta property=\"article:modified_time\" content=\"2023-03-23T11:59:54+00:00\" \/>\n<meta property=\"og:image\" content=\"https:\/\/static.africa-press.net\/cameroun\/sites\/57\/2023\/03\/postQueueImg_1679555406.51.jpg\" \/>\n\t<meta property=\"og:image:width\" content=\"720\" \/>\n\t<meta property=\"og:image:height\" content=\"404\" \/>\n\t<meta property=\"og:image:type\" content=\"image\/jpeg\" \/>\n<meta name=\"author\" content=\"cfeditorfr\" \/>\n<meta name=\"twitter:card\" content=\"summary_large_image\" \/>\n<meta name=\"twitter:label1\" content=\"\u00c9crit par\" \/>\n\t<meta name=\"twitter:data1\" content=\"cfeditorfr\" \/>\n\t<meta name=\"twitter:label2\" content=\"Dur\u00e9e de lecture estim\u00e9e\" \/>\n\t<meta name=\"twitter:data2\" content=\"3 minutes\" \/>\n<script type=\"application\/ld+json\" class=\"yoast-schema-graph\">{\"@context\":\"https:\/\/schema.org\",\"@graph\":[{\"@type\":\"Article\",\"@id\":\"https:\/\/www.africa-press.net\/cameroun\/politique\/telesud-na-meme-pas-laudience-dun-compte-facebook#article\",\"isPartOf\":{\"@id\":\"https:\/\/www.africa-press.net\/cameroun\/politique\/telesud-na-meme-pas-laudience-dun-compte-facebook\"},\"author\":{\"name\":\"cfeditorfr\",\"@id\":\"https:\/\/www.africa-press.net\/cameroun\/#\/schema\/person\/2b1cf3cd81a31e3cd26889ca66d677f1\"},\"headline\":\"\u2018Telesud n\u2019a m\u00eame pas l\u2019audience d\u2019un compte Facebook\u2019\",\"datePublished\":\"2023-03-23T11:40:03+00:00\",\"dateModified\":\"2023-03-23T11:59:54+00:00\",\"mainEntityOfPage\":{\"@id\":\"https:\/\/www.africa-press.net\/cameroun\/politique\/telesud-na-meme-pas-laudience-dun-compte-facebook\"},\"wordCount\":556,\"commentCount\":0,\"image\":{\"@id\":\"https:\/\/www.africa-press.net\/cameroun\/politique\/telesud-na-meme-pas-laudience-dun-compte-facebook#primaryimage\"},\"thumbnailUrl\":\"https:\/\/static.africa-press.net\/cameroun\/sites\/57\/2023\/03\/postQueueImg_1679555406.51.jpg\",\"keywords\":[\"Africa Press\",\"Africa Press-Cameroun\",\"Cameroun\"],\"articleSection\":[\"Politique\",\"Toutes les actualit\u00e9s\"],\"inLanguage\":\"fr-FR\",\"potentialAction\":[{\"@type\":\"CommentAction\",\"name\":\"Comment\",\"target\":[\"https:\/\/www.africa-press.net\/cameroun\/politique\/telesud-na-meme-pas-laudience-dun-compte-facebook#respond\"]}]},{\"@type\":\"WebPage\",\"@id\":\"https:\/\/www.africa-press.net\/cameroun\/politique\/telesud-na-meme-pas-laudience-dun-compte-facebook\",\"url\":\"https:\/\/www.africa-press.net\/cameroun\/politique\/telesud-na-meme-pas-laudience-dun-compte-facebook\",\"name\":\"\u2018Telesud n\u2019a m\u00eame pas l\u2019audience d\u2019un compte Facebook\u2019 - Cameroun\",\"isPartOf\":{\"@id\":\"https:\/\/www.africa-press.net\/cameroun\/#website\"},\"primaryImageOfPage\":{\"@id\":\"https:\/\/www.africa-press.net\/cameroun\/politique\/telesud-na-meme-pas-laudience-dun-compte-facebook#primaryimage\"},\"image\":{\"@id\":\"https:\/\/www.africa-press.net\/cameroun\/politique\/telesud-na-meme-pas-laudience-dun-compte-facebook#primaryimage\"},\"thumbnailUrl\":\"https:\/\/static.africa-press.net\/cameroun\/sites\/57\/2023\/03\/postQueueImg_1679555406.51.jpg\",\"datePublished\":\"2023-03-23T11:40:03+00:00\",\"dateModified\":\"2023-03-23T11:59:54+00:00\",\"author\":{\"@id\":\"https:\/\/www.africa-press.net\/cameroun\/#\/schema\/person\/2b1cf3cd81a31e3cd26889ca66d677f1\"},\"description\":\"L'aventure de 3A Telesud rachete\u0301e par l'homme d'affaires camerounais Amougou Belinga tend vers sa fin. Le me\u0301dia base\u0301 ...\",\"breadcrumb\":{\"@id\":\"https:\/\/www.africa-press.net\/cameroun\/politique\/telesud-na-meme-pas-laudience-dun-compte-facebook#breadcrumb\"},\"inLanguage\":\"fr-FR\",\"potentialAction\":[{\"@type\":\"ReadAction\",\"target\":[\"https:\/\/www.africa-press.net\/cameroun\/politique\/telesud-na-meme-pas-laudience-dun-compte-facebook\"]}]},{\"@type\":\"ImageObject\",\"inLanguage\":\"fr-FR\",\"@id\":\"https:\/\/www.africa-press.net\/cameroun\/politique\/telesud-na-meme-pas-laudience-dun-compte-facebook#primaryimage\",\"url\":\"https:\/\/static.africa-press.net\/cameroun\/sites\/57\/2023\/03\/postQueueImg_1679555406.51.jpg\",\"contentUrl\":\"https:\/\/static.africa-press.net\/cameroun\/sites\/57\/2023\/03\/postQueueImg_1679555406.51.jpg\",\"width\":720,\"height\":404,\"caption\":\"\u2018Telesud n\u2019a m\u00eame pas l\u2019audience d\u2019un compte Facebook\u2019\"},{\"@type\":\"BreadcrumbList\",\"@id\":\"https:\/\/www.africa-press.net\/cameroun\/politique\/telesud-na-meme-pas-laudience-dun-compte-facebook#breadcrumb\",\"itemListElement\":[{\"@type\":\"ListItem\",\"position\":1,\"name\":\"Accueil\",\"item\":\"https:\/\/www.africa-press.net\/cameroun\/\"},{\"@type\":\"ListItem\",\"position\":2,\"name\":\"\u2018Telesud n\u2019a m\u00eame pas l\u2019audience d\u2019un compte Facebook\u2019\"}]},{\"@type\":\"WebSite\",\"@id\":\"https:\/\/www.africa-press.net\/cameroun\/#website\",\"url\":\"https:\/\/www.africa-press.net\/cameroun\/\",\"name\":\"Cameroun\",\"description\":\"Just another Africa News Agency Sites site\",\"potentialAction\":[{\"@type\":\"SearchAction\",\"target\":{\"@type\":\"EntryPoint\",\"urlTemplate\":\"https:\/\/www.africa-press.net\/cameroun\/?s={search_term_string}\"},\"query-input\":{\"@type\":\"PropertyValueSpecification\",\"valueRequired\":true,\"valueName\":\"search_term_string\"}}],\"inLanguage\":\"fr-FR\"},{\"@type\":\"Person\",\"@id\":\"https:\/\/www.africa-press.net\/cameroun\/#\/schema\/person\/2b1cf3cd81a31e3cd26889ca66d677f1\",\"name\":\"cfeditorfr\"}]}<\/script>\n<!-- \/ Yoast SEO Premium plugin. -->","yoast_head_json":{"title":"\u2018Telesud n\u2019a m\u00eame pas l\u2019audience d\u2019un compte Facebook\u2019 - Cameroun","description":"L'aventure de 3A Telesud rachete\u0301e par l'homme d'affaires camerounais Amougou Belinga tend vers sa fin. Le me\u0301dia base\u0301 ...","robots":{"index":"index","follow":"follow","max-snippet":"max-snippet:-1","max-image-preview":"max-image-preview:large","max-video-preview":"max-video-preview:-1"},"canonical":"https:\/\/www.africa-press.net\/cameroun\/politique\/telesud-na-meme-pas-laudience-dun-compte-facebook","og_locale":"fr_FR","og_type":"article","og_title":"\u2018Telesud n\u2019a m\u00eame pas l\u2019audience d\u2019un compte Facebook\u2019","og_description":"L'aventure de 3A Telesud rachete\u0301e par l'homme d'affaires camerounais Amougou Belinga tend vers sa fin. Le me\u0301dia base\u0301 ...","og_url":"https:\/\/www.africa-press.net\/cameroun\/politique\/telesud-na-meme-pas-laudience-dun-compte-facebook","og_site_name":"Cameroun","article_published_time":"2023-03-23T11:40:03+00:00","article_modified_time":"2023-03-23T11:59:54+00:00","og_image":[{"width":720,"height":404,"url":"https:\/\/static.africa-press.net\/cameroun\/sites\/57\/2023\/03\/postQueueImg_1679555406.51.jpg","type":"image\/jpeg"}],"author":"cfeditorfr","twitter_card":"summary_large_image","twitter_misc":{"\u00c9crit par":"cfeditorfr","Dur\u00e9e de lecture estim\u00e9e":"3 minutes"},"schema":{"@context":"https:\/\/schema.org","@graph":[{"@type":"Article","@id":"https:\/\/www.africa-press.net\/cameroun\/politique\/telesud-na-meme-pas-laudience-dun-compte-facebook#article","isPartOf":{"@id":"https:\/\/www.africa-press.net\/cameroun\/politique\/telesud-na-meme-pas-laudience-dun-compte-facebook"},"author":{"name":"cfeditorfr","@id":"https:\/\/www.africa-press.net\/cameroun\/#\/schema\/person\/2b1cf3cd81a31e3cd26889ca66d677f1"},"headline":"\u2018Telesud n\u2019a m\u00eame pas l\u2019audience d\u2019un compte Facebook\u2019","datePublished":"2023-03-23T11:40:03+00:00","dateModified":"2023-03-23T11:59:54+00:00","mainEntityOfPage":{"@id":"https:\/\/www.africa-press.net\/cameroun\/politique\/telesud-na-meme-pas-laudience-dun-compte-facebook"},"wordCount":556,"commentCount":0,"image":{"@id":"https:\/\/www.africa-press.net\/cameroun\/politique\/telesud-na-meme-pas-laudience-dun-compte-facebook#primaryimage"},"thumbnailUrl":"https:\/\/static.africa-press.net\/cameroun\/sites\/57\/2023\/03\/postQueueImg_1679555406.51.jpg","keywords":["Africa Press","Africa Press-Cameroun","Cameroun"],"articleSection":["Politique","Toutes les actualit\u00e9s"],"inLanguage":"fr-FR","potentialAction":[{"@type":"CommentAction","name":"Comment","target":["https:\/\/www.africa-press.net\/cameroun\/politique\/telesud-na-meme-pas-laudience-dun-compte-facebook#respond"]}]},{"@type":"WebPage","@id":"https:\/\/www.africa-press.net\/cameroun\/politique\/telesud-na-meme-pas-laudience-dun-compte-facebook","url":"https:\/\/www.africa-press.net\/cameroun\/politique\/telesud-na-meme-pas-laudience-dun-compte-facebook","name":"\u2018Telesud n\u2019a m\u00eame pas l\u2019audience d\u2019un compte Facebook\u2019 - Cameroun","isPartOf":{"@id":"https:\/\/www.africa-press.net\/cameroun\/#website"},"primaryImageOfPage":{"@id":"https:\/\/www.africa-press.net\/cameroun\/politique\/telesud-na-meme-pas-laudience-dun-compte-facebook#primaryimage"},"image":{"@id":"https:\/\/www.africa-press.net\/cameroun\/politique\/telesud-na-meme-pas-laudience-dun-compte-facebook#primaryimage"},"thumbnailUrl":"https:\/\/static.africa-press.net\/cameroun\/sites\/57\/2023\/03\/postQueueImg_1679555406.51.jpg","datePublished":"2023-03-23T11:40:03+00:00","dateModified":"2023-03-23T11:59:54+00:00","author":{"@id":"https:\/\/www.africa-press.net\/cameroun\/#\/schema\/person\/2b1cf3cd81a31e3cd26889ca66d677f1"},"description":"L'aventure de 3A Telesud rachete\u0301e par l'homme d'affaires camerounais Amougou Belinga tend vers sa fin. Le me\u0301dia base\u0301 ...","breadcrumb":{"@id":"https:\/\/www.africa-press.net\/cameroun\/politique\/telesud-na-meme-pas-laudience-dun-compte-facebook#breadcrumb"},"inLanguage":"fr-FR","potentialAction":[{"@type":"ReadAction","target":["https:\/\/www.africa-press.net\/cameroun\/politique\/telesud-na-meme-pas-laudience-dun-compte-facebook"]}]},{"@type":"ImageObject","inLanguage":"fr-FR","@id":"https:\/\/www.africa-press.net\/cameroun\/politique\/telesud-na-meme-pas-laudience-dun-compte-facebook#primaryimage","url":"https:\/\/static.africa-press.net\/cameroun\/sites\/57\/2023\/03\/postQueueImg_1679555406.51.jpg","contentUrl":"https:\/\/static.africa-press.net\/cameroun\/sites\/57\/2023\/03\/postQueueImg_1679555406.51.jpg","width":720,"height":404,"caption":"\u2018Telesud n\u2019a m\u00eame pas l\u2019audience d\u2019un compte Facebook\u2019"},{"@type":"BreadcrumbList","@id":"https:\/\/www.africa-press.net\/cameroun\/politique\/telesud-na-meme-pas-laudience-dun-compte-facebook#breadcrumb","itemListElement":[{"@type":"ListItem","position":1,"name":"Accueil","item":"https:\/\/www.africa-press.net\/cameroun\/"},{"@type":"ListItem","position":2,"name":"\u2018Telesud n\u2019a m\u00eame pas l\u2019audience d\u2019un compte Facebook\u2019"}]},{"@type":"WebSite","@id":"https:\/\/www.africa-press.net\/cameroun\/#website","url":"https:\/\/www.africa-press.net\/cameroun\/","name":"Cameroun","description":"Just another Africa News Agency Sites site","potentialAction":[{"@type":"SearchAction","target":{"@type":"EntryPoint","urlTemplate":"https:\/\/www.africa-press.net\/cameroun\/?s={search_term_string}"},"query-input":{"@type":"PropertyValueSpecification","valueRequired":true,"valueName":"search_term_string"}}],"inLanguage":"fr-FR"},{"@type":"Person","@id":"https:\/\/www.africa-press.net\/cameroun\/#\/schema\/person\/2b1cf3cd81a31e3cd26889ca66d677f1","name":"cfeditorfr"}]}},"_links":{"self":[{"href":"https:\/\/www.africa-press.net\/cameroun\/wp-json\/wp\/v2\/posts\/40114","targetHints":{"allow":["GET"]}}],"collection":[{"href":"https:\/\/www.africa-press.net\/cameroun\/wp-json\/wp\/v2\/posts"}],"about":[{"href":"https:\/\/www.africa-press.net\/cameroun\/wp-json\/wp\/v2\/types\/post"}],"author":[{"embeddable":true,"href":"https:\/\/www.africa-press.net\/cameroun\/wp-json\/wp\/v2\/users\/82"}],"replies":[{"embeddable":true,"href":"https:\/\/www.africa-press.net\/cameroun\/wp-json\/wp\/v2\/comments?post=40114"}],"version-history":[{"count":0,"href":"https:\/\/www.africa-press.net\/cameroun\/wp-json\/wp\/v2\/posts\/40114\/revisions"}],"wp:featuredmedia":[{"embeddable":true,"href":"https:\/\/www.africa-press.net\/cameroun\/wp-json\/wp\/v2\/media\/40111"}],"wp:attachment":[{"href":"https:\/\/www.africa-press.net\/cameroun\/wp-json\/wp\/v2\/media?parent=40114"}],"wp:term":[{"taxonomy":"category","embeddable":true,"href":"https:\/\/www.africa-press.net\/cameroun\/wp-json\/wp\/v2\/categories?post=40114"},{"taxonomy":"post_tag","embeddable":true,"href":"https:\/\/www.africa-press.net\/cameroun\/wp-json\/wp\/v2\/tags?post=40114"}],"curies":[{"name":"wp","href":"https:\/\/api.w.org\/{rel}","templated":true}]}}