{"id":40598,"date":"2023-03-29T12:40:37","date_gmt":"2023-03-29T12:40:37","guid":{"rendered":"https:\/\/www.africa-press.net\/cameroun\/politique\/cameroun-le-tout-premier-maire-de-la-ville-de-garoua-est-mort"},"modified":"2023-03-29T18:55:46","modified_gmt":"2023-03-29T18:55:46","slug":"cameroun-le-tout-premier-maire-de-la-ville-de-garoua-est-mort","status":"publish","type":"post","link":"https:\/\/www.africa-press.net\/cameroun\/parties\/cameroun-le-tout-premier-maire-de-la-ville-de-garoua-est-mort","title":{"rendered":"Cameroun : le tout premier maire de la ville de Garoua est mort"},"content":{"rendered":"<p><span style=\"color: #ff6600\"><strong>Africa-Press &#8211; Cameroun. <\/strong><\/span>Le Dr Ousmaila Mohamadou est de\u0301ce\u0301de\u0301 ce mercredi 29 mars 2023 a\u0300 Yaounde\u0301 des suites d\u2019une maladie a\u0300 l\u2019a\u0302ge de 59 ans.<\/p>\n<p><b>La communaute\u0301 urbaine de Garoua est en deui<\/b>l. Le tout premier maire de ville, Ousmaila Mohamadou, s\u2019en est alle\u0301. L\u2019homme politique vient de de\u0301poser de\u0301finitivement son e\u0301charpe tricolore de super maire, arbore\u0301 depuis son e\u0301lection en cette qualite\u0301 le 03 mars 2020. C\u2019e\u0301tait au cours d\u2019un conseil de la communaute\u0301, rassemblement lors duquel 81 conseillers municipaux ont jete\u0301 leur de\u0301volu sur lui, contre 15 pour son challenger Aliou Garga de l\u2019Undp.<\/p>\n<p>Membre du Rassemblement de\u0301mocratique du peuple camerounais, le <b>Dr Ousmaila Mohamadou<\/b> a e\u0301te\u0301 a\u0300 la te\u0302te de la mairie de ville de Garoua pendant trois ans. Il est e\u0301lu conseiller municipal puis maire a\u0300 la suite des e\u0301lections municipales du 09 fe\u0301vrier 2020. Il a remplace\u0301 le tout dernier de\u0301le\u0301gue\u0301 du gouvernement aupre\u0300s de la Communaute\u0301 urbaine de Garoua Ahmadou El Hadj Bouba.<\/p>\n<p>Ne\u0301 a\u0300 Garoua dans la localite\u0301 de Nassaro, il e\u0301tait nanti d\u2019un doctorat en science ve\u0301te\u0301rinaire, diplo\u0302me obtenu au Cameroun apre\u0300s une formation a\u0300 l\u2019universite\u0301 Cheickh Anta Diop au Se\u0301ne\u0301gal. Avant son arrive\u0301e a\u0300 la te\u0302te de la communaute\u0301 urbaine de Garoua, il e\u0301tait coordonnateur re\u0301gional du Programme national de de\u0301veloppement participatif (Pndp) pour la re\u0301gion du Nord depuis 2004. Il occupe ce poste apre\u0300s son passage en qualite\u0301 de responsable du Programme national de vulgarisation et de recherche agricole du Mayo-Louti. Il a aussi e\u0301te\u0301 cadre a\u0300 la de\u0301le\u0301gation re\u0301gionale de l\u2019e\u0301levage du Nord.<\/p>\n<p><strong>Pour plus d&rsquo;informations et d&rsquo;analyses sur la <a href=\"https:\/\/www.africa-press.net\/cameroun\">Cameroun<\/a>, suivez <a href=\"https:\/\/www.africa-press.net\/\">Africa-Press<\/a><\/strong><\/p>\n","protected":false},"excerpt":{"rendered":"<p>Africa-Press &#8211; Cameroun. Le Dr Ousmaila Mohamadou est de\u0301ce\u0301de\u0301 ce mercredi 29 mars 2023 a\u0300 Yaounde\u0301 des suites d\u2019une maladie a\u0300 l\u2019a\u0302ge de 59 ans. La communaute\u0301 urbaine de Garoua est en deuil. Le tout premier maire de ville, Ousmaila Mohamadou, s\u2019en est alle\u0301. L\u2019homme politique vient de de\u0301poser de\u0301finitivement son e\u0301charpe tricolore de super [&hellip;]<\/p>\n","protected":false},"author":82,"featured_media":40595,"comment_status":"open","ping_status":"closed","sticky":false,"template":"","format":"standard","meta":{"footnotes":""},"categories":[4,10],"tags":[36,50,49],"class_list":["post-40598","post","type-post","status-publish","format-standard","has-post-thumbnail","hentry","category-parties","category-toutes-les-actualites","tag-africa-press","tag-africa-press-cameroun","tag-cameroun"],"yoast_head":"<!-- This site is optimized with the Yoast SEO Premium plugin v26.1 (Yoast SEO v27.0) - https:\/\/yoast.com\/product\/yoast-seo-premium-wordpress\/ -->\n<title>Cameroun : le tout premier maire de la ville de Garoua est mort - Cameroun<\/title>\n<meta name=\"description\" content=\"Le Dr Ousmaila Mohamadou est de\u0301ce\u0301de\u0301 ce mercredi 29 mars 2023 a\u0300 Yaounde\u0301 des suites d\u2019une maladie a\u0300 l\u2019a\u0302ge de 59 ans ...\" \/>\n<meta name=\"robots\" content=\"index, follow, max-snippet:-1, max-image-preview:large, max-video-preview:-1\" \/>\n<link rel=\"canonical\" href=\"https:\/\/www.africa-press.net\/cameroun\/parties\/cameroun-le-tout-premier-maire-de-la-ville-de-garoua-est-mort\" \/>\n<meta property=\"og:locale\" content=\"fr_FR\" \/>\n<meta property=\"og:type\" content=\"article\" \/>\n<meta property=\"og:title\" content=\"Cameroun : le tout premier maire de la ville de Garoua est mort\" \/>\n<meta property=\"og:description\" content=\"Le Dr Ousmaila Mohamadou est de\u0301ce\u0301de\u0301 ce mercredi 29 mars 2023 a\u0300 Yaounde\u0301 des suites d\u2019une maladie a\u0300 l\u2019a\u0302ge de 59 ans ...\" \/>\n<meta property=\"og:url\" content=\"https:\/\/www.africa-press.net\/cameroun\/parties\/cameroun-le-tout-premier-maire-de-la-ville-de-garoua-est-mort\" \/>\n<meta property=\"og:site_name\" content=\"Cameroun\" \/>\n<meta property=\"article:published_time\" content=\"2023-03-29T12:40:37+00:00\" \/>\n<meta property=\"article:modified_time\" content=\"2023-03-29T18:55:46+00:00\" \/>\n<meta property=\"og:image\" content=\"https:\/\/static.africa-press.net\/cameroun\/sites\/57\/2023\/03\/postQueueImg_1680081567.69.jpg\" \/>\n\t<meta property=\"og:image:width\" content=\"720\" \/>\n\t<meta property=\"og:image:height\" content=\"480\" \/>\n\t<meta property=\"og:image:type\" content=\"image\/jpeg\" \/>\n<meta name=\"author\" content=\"cfeditorfr\" \/>\n<meta name=\"twitter:card\" content=\"summary_large_image\" \/>\n<meta name=\"twitter:label1\" content=\"\u00c9crit par\" \/>\n\t<meta name=\"twitter:data1\" content=\"cfeditorfr\" \/>\n\t<meta name=\"twitter:label2\" content=\"Dur\u00e9e de lecture estim\u00e9e\" \/>\n\t<meta name=\"twitter:data2\" content=\"2 minutes\" \/>\n<script type=\"application\/ld+json\" class=\"yoast-schema-graph\">{\"@context\":\"https:\/\/schema.org\",\"@graph\":[{\"@type\":\"Article\",\"@id\":\"https:\/\/www.africa-press.net\/cameroun\/parties\/cameroun-le-tout-premier-maire-de-la-ville-de-garoua-est-mort#article\",\"isPartOf\":{\"@id\":\"https:\/\/www.africa-press.net\/cameroun\/parties\/cameroun-le-tout-premier-maire-de-la-ville-de-garoua-est-mort\"},\"author\":{\"name\":\"cfeditorfr\",\"@id\":\"https:\/\/www.africa-press.net\/cameroun\/#\/schema\/person\/2b1cf3cd81a31e3cd26889ca66d677f1\"},\"headline\":\"Cameroun : le tout premier maire de la ville de Garoua est mort\",\"datePublished\":\"2023-03-29T12:40:37+00:00\",\"dateModified\":\"2023-03-29T18:55:46+00:00\",\"mainEntityOfPage\":{\"@id\":\"https:\/\/www.africa-press.net\/cameroun\/parties\/cameroun-le-tout-premier-maire-de-la-ville-de-garoua-est-mort\"},\"wordCount\":315,\"commentCount\":0,\"image\":{\"@id\":\"https:\/\/www.africa-press.net\/cameroun\/parties\/cameroun-le-tout-premier-maire-de-la-ville-de-garoua-est-mort#primaryimage\"},\"thumbnailUrl\":\"https:\/\/static.africa-press.net\/cameroun\/sites\/57\/2023\/03\/postQueueImg_1680081567.69.jpg\",\"keywords\":[\"Africa Press\",\"Africa Press-Cameroun\",\"Cameroun\"],\"articleSection\":[\"Parties\",\"Toutes les actualit\u00e9s\"],\"inLanguage\":\"fr-FR\",\"potentialAction\":[{\"@type\":\"CommentAction\",\"name\":\"Comment\",\"target\":[\"https:\/\/www.africa-press.net\/cameroun\/parties\/cameroun-le-tout-premier-maire-de-la-ville-de-garoua-est-mort#respond\"]}]},{\"@type\":\"WebPage\",\"@id\":\"https:\/\/www.africa-press.net\/cameroun\/parties\/cameroun-le-tout-premier-maire-de-la-ville-de-garoua-est-mort\",\"url\":\"https:\/\/www.africa-press.net\/cameroun\/parties\/cameroun-le-tout-premier-maire-de-la-ville-de-garoua-est-mort\",\"name\":\"Cameroun : le tout premier maire de la ville de Garoua est mort - Cameroun\",\"isPartOf\":{\"@id\":\"https:\/\/www.africa-press.net\/cameroun\/#website\"},\"primaryImageOfPage\":{\"@id\":\"https:\/\/www.africa-press.net\/cameroun\/parties\/cameroun-le-tout-premier-maire-de-la-ville-de-garoua-est-mort#primaryimage\"},\"image\":{\"@id\":\"https:\/\/www.africa-press.net\/cameroun\/parties\/cameroun-le-tout-premier-maire-de-la-ville-de-garoua-est-mort#primaryimage\"},\"thumbnailUrl\":\"https:\/\/static.africa-press.net\/cameroun\/sites\/57\/2023\/03\/postQueueImg_1680081567.69.jpg\",\"datePublished\":\"2023-03-29T12:40:37+00:00\",\"dateModified\":\"2023-03-29T18:55:46+00:00\",\"author\":{\"@id\":\"https:\/\/www.africa-press.net\/cameroun\/#\/schema\/person\/2b1cf3cd81a31e3cd26889ca66d677f1\"},\"description\":\"Le Dr Ousmaila Mohamadou est de\u0301ce\u0301de\u0301 ce mercredi 29 mars 2023 a\u0300 Yaounde\u0301 des suites d\u2019une maladie a\u0300 l\u2019a\u0302ge de 59 ans ...\",\"breadcrumb\":{\"@id\":\"https:\/\/www.africa-press.net\/cameroun\/parties\/cameroun-le-tout-premier-maire-de-la-ville-de-garoua-est-mort#breadcrumb\"},\"inLanguage\":\"fr-FR\",\"potentialAction\":[{\"@type\":\"ReadAction\",\"target\":[\"https:\/\/www.africa-press.net\/cameroun\/parties\/cameroun-le-tout-premier-maire-de-la-ville-de-garoua-est-mort\"]}]},{\"@type\":\"ImageObject\",\"inLanguage\":\"fr-FR\",\"@id\":\"https:\/\/www.africa-press.net\/cameroun\/parties\/cameroun-le-tout-premier-maire-de-la-ville-de-garoua-est-mort#primaryimage\",\"url\":\"https:\/\/static.africa-press.net\/cameroun\/sites\/57\/2023\/03\/postQueueImg_1680081567.69.jpg\",\"contentUrl\":\"https:\/\/static.africa-press.net\/cameroun\/sites\/57\/2023\/03\/postQueueImg_1680081567.69.jpg\",\"width\":720,\"height\":480,\"caption\":\"Cameroun : le tout premier maire de la ville de Garoua est mort\"},{\"@type\":\"BreadcrumbList\",\"@id\":\"https:\/\/www.africa-press.net\/cameroun\/parties\/cameroun-le-tout-premier-maire-de-la-ville-de-garoua-est-mort#breadcrumb\",\"itemListElement\":[{\"@type\":\"ListItem\",\"position\":1,\"name\":\"Accueil\",\"item\":\"https:\/\/www.africa-press.net\/cameroun\/\"},{\"@type\":\"ListItem\",\"position\":2,\"name\":\"Cameroun : le tout premier maire de la ville de Garoua est mort\"}]},{\"@type\":\"WebSite\",\"@id\":\"https:\/\/www.africa-press.net\/cameroun\/#website\",\"url\":\"https:\/\/www.africa-press.net\/cameroun\/\",\"name\":\"Cameroun\",\"description\":\"Just another Africa News Agency Sites site\",\"potentialAction\":[{\"@type\":\"SearchAction\",\"target\":{\"@type\":\"EntryPoint\",\"urlTemplate\":\"https:\/\/www.africa-press.net\/cameroun\/?s={search_term_string}\"},\"query-input\":{\"@type\":\"PropertyValueSpecification\",\"valueRequired\":true,\"valueName\":\"search_term_string\"}}],\"inLanguage\":\"fr-FR\"},{\"@type\":\"Person\",\"@id\":\"https:\/\/www.africa-press.net\/cameroun\/#\/schema\/person\/2b1cf3cd81a31e3cd26889ca66d677f1\",\"name\":\"cfeditorfr\"}]}<\/script>\n<!-- \/ Yoast SEO Premium plugin. -->","yoast_head_json":{"title":"Cameroun : le tout premier maire de la ville de Garoua est mort - Cameroun","description":"Le Dr Ousmaila Mohamadou est de\u0301ce\u0301de\u0301 ce mercredi 29 mars 2023 a\u0300 Yaounde\u0301 des suites d\u2019une maladie a\u0300 l\u2019a\u0302ge de 59 ans ...","robots":{"index":"index","follow":"follow","max-snippet":"max-snippet:-1","max-image-preview":"max-image-preview:large","max-video-preview":"max-video-preview:-1"},"canonical":"https:\/\/www.africa-press.net\/cameroun\/parties\/cameroun-le-tout-premier-maire-de-la-ville-de-garoua-est-mort","og_locale":"fr_FR","og_type":"article","og_title":"Cameroun : le tout premier maire de la ville de Garoua est mort","og_description":"Le Dr Ousmaila Mohamadou est de\u0301ce\u0301de\u0301 ce mercredi 29 mars 2023 a\u0300 Yaounde\u0301 des suites d\u2019une maladie a\u0300 l\u2019a\u0302ge de 59 ans ...","og_url":"https:\/\/www.africa-press.net\/cameroun\/parties\/cameroun-le-tout-premier-maire-de-la-ville-de-garoua-est-mort","og_site_name":"Cameroun","article_published_time":"2023-03-29T12:40:37+00:00","article_modified_time":"2023-03-29T18:55:46+00:00","og_image":[{"width":720,"height":480,"url":"https:\/\/static.africa-press.net\/cameroun\/sites\/57\/2023\/03\/postQueueImg_1680081567.69.jpg","type":"image\/jpeg"}],"author":"cfeditorfr","twitter_card":"summary_large_image","twitter_misc":{"\u00c9crit par":"cfeditorfr","Dur\u00e9e de lecture estim\u00e9e":"2 minutes"},"schema":{"@context":"https:\/\/schema.org","@graph":[{"@type":"Article","@id":"https:\/\/www.africa-press.net\/cameroun\/parties\/cameroun-le-tout-premier-maire-de-la-ville-de-garoua-est-mort#article","isPartOf":{"@id":"https:\/\/www.africa-press.net\/cameroun\/parties\/cameroun-le-tout-premier-maire-de-la-ville-de-garoua-est-mort"},"author":{"name":"cfeditorfr","@id":"https:\/\/www.africa-press.net\/cameroun\/#\/schema\/person\/2b1cf3cd81a31e3cd26889ca66d677f1"},"headline":"Cameroun : le tout premier maire de la ville de Garoua est mort","datePublished":"2023-03-29T12:40:37+00:00","dateModified":"2023-03-29T18:55:46+00:00","mainEntityOfPage":{"@id":"https:\/\/www.africa-press.net\/cameroun\/parties\/cameroun-le-tout-premier-maire-de-la-ville-de-garoua-est-mort"},"wordCount":315,"commentCount":0,"image":{"@id":"https:\/\/www.africa-press.net\/cameroun\/parties\/cameroun-le-tout-premier-maire-de-la-ville-de-garoua-est-mort#primaryimage"},"thumbnailUrl":"https:\/\/static.africa-press.net\/cameroun\/sites\/57\/2023\/03\/postQueueImg_1680081567.69.jpg","keywords":["Africa Press","Africa Press-Cameroun","Cameroun"],"articleSection":["Parties","Toutes les actualit\u00e9s"],"inLanguage":"fr-FR","potentialAction":[{"@type":"CommentAction","name":"Comment","target":["https:\/\/www.africa-press.net\/cameroun\/parties\/cameroun-le-tout-premier-maire-de-la-ville-de-garoua-est-mort#respond"]}]},{"@type":"WebPage","@id":"https:\/\/www.africa-press.net\/cameroun\/parties\/cameroun-le-tout-premier-maire-de-la-ville-de-garoua-est-mort","url":"https:\/\/www.africa-press.net\/cameroun\/parties\/cameroun-le-tout-premier-maire-de-la-ville-de-garoua-est-mort","name":"Cameroun : le tout premier maire de la ville de Garoua est mort - Cameroun","isPartOf":{"@id":"https:\/\/www.africa-press.net\/cameroun\/#website"},"primaryImageOfPage":{"@id":"https:\/\/www.africa-press.net\/cameroun\/parties\/cameroun-le-tout-premier-maire-de-la-ville-de-garoua-est-mort#primaryimage"},"image":{"@id":"https:\/\/www.africa-press.net\/cameroun\/parties\/cameroun-le-tout-premier-maire-de-la-ville-de-garoua-est-mort#primaryimage"},"thumbnailUrl":"https:\/\/static.africa-press.net\/cameroun\/sites\/57\/2023\/03\/postQueueImg_1680081567.69.jpg","datePublished":"2023-03-29T12:40:37+00:00","dateModified":"2023-03-29T18:55:46+00:00","author":{"@id":"https:\/\/www.africa-press.net\/cameroun\/#\/schema\/person\/2b1cf3cd81a31e3cd26889ca66d677f1"},"description":"Le Dr Ousmaila Mohamadou est de\u0301ce\u0301de\u0301 ce mercredi 29 mars 2023 a\u0300 Yaounde\u0301 des suites d\u2019une maladie a\u0300 l\u2019a\u0302ge de 59 ans ...","breadcrumb":{"@id":"https:\/\/www.africa-press.net\/cameroun\/parties\/cameroun-le-tout-premier-maire-de-la-ville-de-garoua-est-mort#breadcrumb"},"inLanguage":"fr-FR","potentialAction":[{"@type":"ReadAction","target":["https:\/\/www.africa-press.net\/cameroun\/parties\/cameroun-le-tout-premier-maire-de-la-ville-de-garoua-est-mort"]}]},{"@type":"ImageObject","inLanguage":"fr-FR","@id":"https:\/\/www.africa-press.net\/cameroun\/parties\/cameroun-le-tout-premier-maire-de-la-ville-de-garoua-est-mort#primaryimage","url":"https:\/\/static.africa-press.net\/cameroun\/sites\/57\/2023\/03\/postQueueImg_1680081567.69.jpg","contentUrl":"https:\/\/static.africa-press.net\/cameroun\/sites\/57\/2023\/03\/postQueueImg_1680081567.69.jpg","width":720,"height":480,"caption":"Cameroun : le tout premier maire de la ville de Garoua est mort"},{"@type":"BreadcrumbList","@id":"https:\/\/www.africa-press.net\/cameroun\/parties\/cameroun-le-tout-premier-maire-de-la-ville-de-garoua-est-mort#breadcrumb","itemListElement":[{"@type":"ListItem","position":1,"name":"Accueil","item":"https:\/\/www.africa-press.net\/cameroun\/"},{"@type":"ListItem","position":2,"name":"Cameroun : le tout premier maire de la ville de Garoua est mort"}]},{"@type":"WebSite","@id":"https:\/\/www.africa-press.net\/cameroun\/#website","url":"https:\/\/www.africa-press.net\/cameroun\/","name":"Cameroun","description":"Just another Africa News Agency Sites site","potentialAction":[{"@type":"SearchAction","target":{"@type":"EntryPoint","urlTemplate":"https:\/\/www.africa-press.net\/cameroun\/?s={search_term_string}"},"query-input":{"@type":"PropertyValueSpecification","valueRequired":true,"valueName":"search_term_string"}}],"inLanguage":"fr-FR"},{"@type":"Person","@id":"https:\/\/www.africa-press.net\/cameroun\/#\/schema\/person\/2b1cf3cd81a31e3cd26889ca66d677f1","name":"cfeditorfr"}]}},"_links":{"self":[{"href":"https:\/\/www.africa-press.net\/cameroun\/wp-json\/wp\/v2\/posts\/40598","targetHints":{"allow":["GET"]}}],"collection":[{"href":"https:\/\/www.africa-press.net\/cameroun\/wp-json\/wp\/v2\/posts"}],"about":[{"href":"https:\/\/www.africa-press.net\/cameroun\/wp-json\/wp\/v2\/types\/post"}],"author":[{"embeddable":true,"href":"https:\/\/www.africa-press.net\/cameroun\/wp-json\/wp\/v2\/users\/82"}],"replies":[{"embeddable":true,"href":"https:\/\/www.africa-press.net\/cameroun\/wp-json\/wp\/v2\/comments?post=40598"}],"version-history":[{"count":0,"href":"https:\/\/www.africa-press.net\/cameroun\/wp-json\/wp\/v2\/posts\/40598\/revisions"}],"wp:featuredmedia":[{"embeddable":true,"href":"https:\/\/www.africa-press.net\/cameroun\/wp-json\/wp\/v2\/media\/40595"}],"wp:attachment":[{"href":"https:\/\/www.africa-press.net\/cameroun\/wp-json\/wp\/v2\/media?parent=40598"}],"wp:term":[{"taxonomy":"category","embeddable":true,"href":"https:\/\/www.africa-press.net\/cameroun\/wp-json\/wp\/v2\/categories?post=40598"},{"taxonomy":"post_tag","embeddable":true,"href":"https:\/\/www.africa-press.net\/cameroun\/wp-json\/wp\/v2\/tags?post=40598"}],"curies":[{"name":"wp","href":"https:\/\/api.w.org\/{rel}","templated":true}]}}