{"id":42348,"date":"2023-04-20T19:26:45","date_gmt":"2023-04-20T19:26:45","guid":{"rendered":"https:\/\/www.africa-press.net\/cameroun\/politique\/condamne-et-sans-fortune-atangana-kouna-indesirable-au-rdpc"},"modified":"2023-04-20T20:03:32","modified_gmt":"2023-04-20T20:03:32","slug":"condamne-et-sans-fortune-atangana-kouna-indesirable-au-rdpc","status":"publish","type":"post","link":"https:\/\/www.africa-press.net\/cameroun\/politique\/condamne-et-sans-fortune-atangana-kouna-indesirable-au-rdpc","title":{"rendered":"Condamn\u00e9 et sans fortune, Atangana Kouna ind\u00e9sirable au RDPC"},"content":{"rendered":"<p><span style=\"color: #ff6600\"><strong>Africa-Press &#8211; Cameroun. <\/strong><\/span>Quelques jours apre\u0300s sa libe\u0301ration, Basile Atangana Kouna avait cre\u0301e\u0301 la pole\u0301mique en se rendant a\u0300 la pre\u0301sidence de la Re\u0301publique. Les photos de l&rsquo;ancien ministre de l&rsquo;eau et de l&rsquo;e\u0301nergie condamne\u0301 pour de\u0301tournement de deniers publics aux co\u0302te\u0301s du directeur du cabinet civil de la pre\u0301sidence de la Re\u0301publique avaient choque\u0301 plus d&rsquo;un. Ce de\u0301placement atypique selon certaines sources marquait la volonte\u0301 d&rsquo;Atangana Kouna de retourner aux affaires. Jeune Afrique vient de confirmer l&rsquo;information.<\/p>\n<p>L&rsquo;ancien ministre de Biya aurait de\u0301sespe\u0301re\u0301ment tente\u0301 de prendre la te\u0302te de la de\u0301le\u0301gation permanente du comite\u0301 central du RDPC dans le de\u0301partement de la Mefou-et-Akono. Les cadre du parti pre\u0301sidentiel n\u2019aurait pas valide\u0301 le projet.<\/p>\n<p>\u00ab Baron politique et cadre du Rassemblement de\u0301mocratique du peuple camerounais (RDPC), l\u2019ancien ministre n\u2019a non plus retrouve\u0301 ses fonctions au sein du parti de Paul Biya. Alors qu\u2019il souhaitait reprendre du service a\u0300 la te\u0302te de la de\u0301le\u0301gation permanente du comite\u0301 central du parti dans le de\u0301partement de la Mefou-et-Akono, ses camarades ont fait obstruction, arguant qu\u2019il restait frappe\u0301 de de\u0301che\u0301ance par la justice. \u00bb, fait savoir Jeune Afrique.<\/p>\n<p>L\u2019isolement d\u2019Atangana Kouna n\u2019est pas que politique. Il a e\u0301galement sa fortune scelle\u0301e par la justice. C\u2019est d\u2019ailleurs la raison pour laquelle il a saisit le tribunal criminel spe\u0301cial afin que lumie\u0300re soit faite sur son statut et celui de ses biens.<\/p>\n<p>\u00ab Une situation qu\u2019a d\u2019ailleurs de\u0301nonce\u0301e Me Luc Sack, l\u2019un des avocats d\u2019Atangana Kouna, lors de l\u2019audience qui s\u2019est tenue le 2 mars dernier. \u00ab Nous souhaitions que la cour apporte des clarifications sur l\u2019interpre\u0301tation a\u0300 donner a\u0300 cette de\u0301cision [la relaxe], explique-t-il a\u0300 Jeune Afrique. Cela aurait normalement du\u0302 annuler toutes les de\u0301cisions ante\u0301rieures prises contre l\u2019accuse\u0301. \u00bb, rapporte Jeune Afrique.<\/p>\n<p><strong>Pour plus d&rsquo;informations et d&rsquo;analyses sur la <a href=\"https:\/\/www.africa-press.net\/cameroun\">Cameroun<\/a>, suivez <a href=\"https:\/\/www.africa-press.net\/\">Africa-Press<\/a><\/strong><\/p>\n","protected":false},"excerpt":{"rendered":"<p>Africa-Press &#8211; Cameroun. Quelques jours apre\u0300s sa libe\u0301ration, Basile Atangana Kouna avait cre\u0301e\u0301 la pole\u0301mique en se rendant a\u0300 la pre\u0301sidence de la Re\u0301publique. Les photos de l&rsquo;ancien ministre de l&rsquo;eau et de l&rsquo;e\u0301nergie condamne\u0301 pour de\u0301tournement de deniers publics aux co\u0302te\u0301s du directeur du cabinet civil de la pre\u0301sidence de la Re\u0301publique avaient choque\u0301 [&hellip;]<\/p>\n","protected":false},"author":82,"featured_media":42347,"comment_status":"open","ping_status":"closed","sticky":false,"template":"","format":"standard","meta":{"footnotes":""},"categories":[2,10],"tags":[36,50,49],"class_list":["post-42348","post","type-post","status-publish","format-standard","has-post-thumbnail","hentry","category-politique","category-toutes-les-actualites","tag-africa-press","tag-africa-press-cameroun","tag-cameroun"],"yoast_head":"<!-- This site is optimized with the Yoast SEO Premium plugin v26.1 (Yoast SEO v27.0) - https:\/\/yoast.com\/product\/yoast-seo-premium-wordpress\/ -->\n<title>Condamn\u00e9 et sans fortune, Atangana Kouna ind\u00e9sirable au RDPC - Cameroun<\/title>\n<meta name=\"description\" content=\"Quelques jours apre\u0300s sa libe\u0301ration, Basile Atangana Kouna avait cre\u0301e\u0301 la pole\u0301mique en se rendant a\u0300 la pre\u0301sidence d ...\" \/>\n<meta name=\"robots\" content=\"index, follow, max-snippet:-1, max-image-preview:large, max-video-preview:-1\" \/>\n<link rel=\"canonical\" href=\"https:\/\/www.africa-press.net\/cameroun\/politique\/condamne-et-sans-fortune-atangana-kouna-indesirable-au-rdpc\" \/>\n<meta property=\"og:locale\" content=\"fr_FR\" \/>\n<meta property=\"og:type\" content=\"article\" \/>\n<meta property=\"og:title\" content=\"Condamn\u00e9 et sans fortune, Atangana Kouna ind\u00e9sirable au RDPC\" \/>\n<meta property=\"og:description\" content=\"Quelques jours apre\u0300s sa libe\u0301ration, Basile Atangana Kouna avait cre\u0301e\u0301 la pole\u0301mique en se rendant a\u0300 la pre\u0301sidence d ...\" \/>\n<meta property=\"og:url\" content=\"https:\/\/www.africa-press.net\/cameroun\/politique\/condamne-et-sans-fortune-atangana-kouna-indesirable-au-rdpc\" \/>\n<meta property=\"og:site_name\" content=\"Cameroun\" \/>\n<meta property=\"article:published_time\" content=\"2023-04-20T19:26:45+00:00\" \/>\n<meta property=\"article:modified_time\" content=\"2023-04-20T20:03:32+00:00\" \/>\n<meta property=\"og:image\" content=\"https:\/\/static.africa-press.net\/cameroun\/sites\/57\/2023\/04\/postQueueImg_1682006218.22.jpg\" \/>\n\t<meta property=\"og:image:width\" content=\"720\" \/>\n\t<meta property=\"og:image:height\" content=\"360\" \/>\n\t<meta property=\"og:image:type\" content=\"image\/jpeg\" \/>\n<meta name=\"author\" content=\"cfeditorfr\" \/>\n<meta name=\"twitter:card\" content=\"summary_large_image\" \/>\n<meta name=\"twitter:label1\" content=\"\u00c9crit par\" \/>\n\t<meta name=\"twitter:data1\" content=\"cfeditorfr\" \/>\n\t<meta name=\"twitter:label2\" content=\"Dur\u00e9e de lecture estim\u00e9e\" \/>\n\t<meta name=\"twitter:data2\" content=\"2 minutes\" \/>\n<script type=\"application\/ld+json\" class=\"yoast-schema-graph\">{\"@context\":\"https:\/\/schema.org\",\"@graph\":[{\"@type\":\"Article\",\"@id\":\"https:\/\/www.africa-press.net\/cameroun\/politique\/condamne-et-sans-fortune-atangana-kouna-indesirable-au-rdpc#article\",\"isPartOf\":{\"@id\":\"https:\/\/www.africa-press.net\/cameroun\/politique\/condamne-et-sans-fortune-atangana-kouna-indesirable-au-rdpc\"},\"author\":{\"name\":\"cfeditorfr\",\"@id\":\"https:\/\/www.africa-press.net\/cameroun\/#\/schema\/person\/2b1cf3cd81a31e3cd26889ca66d677f1\"},\"headline\":\"Condamn\u00e9 et sans fortune, Atangana Kouna ind\u00e9sirable au RDPC\",\"datePublished\":\"2023-04-20T19:26:45+00:00\",\"dateModified\":\"2023-04-20T20:03:32+00:00\",\"mainEntityOfPage\":{\"@id\":\"https:\/\/www.africa-press.net\/cameroun\/politique\/condamne-et-sans-fortune-atangana-kouna-indesirable-au-rdpc\"},\"wordCount\":367,\"commentCount\":0,\"image\":{\"@id\":\"https:\/\/www.africa-press.net\/cameroun\/politique\/condamne-et-sans-fortune-atangana-kouna-indesirable-au-rdpc#primaryimage\"},\"thumbnailUrl\":\"https:\/\/static.africa-press.net\/cameroun\/sites\/57\/2023\/04\/postQueueImg_1682006218.22.jpg\",\"keywords\":[\"Africa Press\",\"Africa Press-Cameroun\",\"Cameroun\"],\"articleSection\":[\"Politique\",\"Toutes les actualit\u00e9s\"],\"inLanguage\":\"fr-FR\",\"potentialAction\":[{\"@type\":\"CommentAction\",\"name\":\"Comment\",\"target\":[\"https:\/\/www.africa-press.net\/cameroun\/politique\/condamne-et-sans-fortune-atangana-kouna-indesirable-au-rdpc#respond\"]}]},{\"@type\":\"WebPage\",\"@id\":\"https:\/\/www.africa-press.net\/cameroun\/politique\/condamne-et-sans-fortune-atangana-kouna-indesirable-au-rdpc\",\"url\":\"https:\/\/www.africa-press.net\/cameroun\/politique\/condamne-et-sans-fortune-atangana-kouna-indesirable-au-rdpc\",\"name\":\"Condamn\u00e9 et sans fortune, Atangana Kouna ind\u00e9sirable au RDPC - Cameroun\",\"isPartOf\":{\"@id\":\"https:\/\/www.africa-press.net\/cameroun\/#website\"},\"primaryImageOfPage\":{\"@id\":\"https:\/\/www.africa-press.net\/cameroun\/politique\/condamne-et-sans-fortune-atangana-kouna-indesirable-au-rdpc#primaryimage\"},\"image\":{\"@id\":\"https:\/\/www.africa-press.net\/cameroun\/politique\/condamne-et-sans-fortune-atangana-kouna-indesirable-au-rdpc#primaryimage\"},\"thumbnailUrl\":\"https:\/\/static.africa-press.net\/cameroun\/sites\/57\/2023\/04\/postQueueImg_1682006218.22.jpg\",\"datePublished\":\"2023-04-20T19:26:45+00:00\",\"dateModified\":\"2023-04-20T20:03:32+00:00\",\"author\":{\"@id\":\"https:\/\/www.africa-press.net\/cameroun\/#\/schema\/person\/2b1cf3cd81a31e3cd26889ca66d677f1\"},\"description\":\"Quelques jours apre\u0300s sa libe\u0301ration, Basile Atangana Kouna avait cre\u0301e\u0301 la pole\u0301mique en se rendant a\u0300 la pre\u0301sidence d ...\",\"breadcrumb\":{\"@id\":\"https:\/\/www.africa-press.net\/cameroun\/politique\/condamne-et-sans-fortune-atangana-kouna-indesirable-au-rdpc#breadcrumb\"},\"inLanguage\":\"fr-FR\",\"potentialAction\":[{\"@type\":\"ReadAction\",\"target\":[\"https:\/\/www.africa-press.net\/cameroun\/politique\/condamne-et-sans-fortune-atangana-kouna-indesirable-au-rdpc\"]}]},{\"@type\":\"ImageObject\",\"inLanguage\":\"fr-FR\",\"@id\":\"https:\/\/www.africa-press.net\/cameroun\/politique\/condamne-et-sans-fortune-atangana-kouna-indesirable-au-rdpc#primaryimage\",\"url\":\"https:\/\/static.africa-press.net\/cameroun\/sites\/57\/2023\/04\/postQueueImg_1682006218.22.jpg\",\"contentUrl\":\"https:\/\/static.africa-press.net\/cameroun\/sites\/57\/2023\/04\/postQueueImg_1682006218.22.jpg\",\"width\":720,\"height\":360,\"caption\":\"Condamn\u00e9 et sans fortune, Atangana Kouna ind\u00e9sirable au RDPC\"},{\"@type\":\"BreadcrumbList\",\"@id\":\"https:\/\/www.africa-press.net\/cameroun\/politique\/condamne-et-sans-fortune-atangana-kouna-indesirable-au-rdpc#breadcrumb\",\"itemListElement\":[{\"@type\":\"ListItem\",\"position\":1,\"name\":\"Accueil\",\"item\":\"https:\/\/www.africa-press.net\/cameroun\/\"},{\"@type\":\"ListItem\",\"position\":2,\"name\":\"Condamn\u00e9 et sans fortune, Atangana Kouna ind\u00e9sirable au RDPC\"}]},{\"@type\":\"WebSite\",\"@id\":\"https:\/\/www.africa-press.net\/cameroun\/#website\",\"url\":\"https:\/\/www.africa-press.net\/cameroun\/\",\"name\":\"Cameroun\",\"description\":\"Just another Africa News Agency Sites site\",\"potentialAction\":[{\"@type\":\"SearchAction\",\"target\":{\"@type\":\"EntryPoint\",\"urlTemplate\":\"https:\/\/www.africa-press.net\/cameroun\/?s={search_term_string}\"},\"query-input\":{\"@type\":\"PropertyValueSpecification\",\"valueRequired\":true,\"valueName\":\"search_term_string\"}}],\"inLanguage\":\"fr-FR\"},{\"@type\":\"Person\",\"@id\":\"https:\/\/www.africa-press.net\/cameroun\/#\/schema\/person\/2b1cf3cd81a31e3cd26889ca66d677f1\",\"name\":\"cfeditorfr\"}]}<\/script>\n<!-- \/ Yoast SEO Premium plugin. -->","yoast_head_json":{"title":"Condamn\u00e9 et sans fortune, Atangana Kouna ind\u00e9sirable au RDPC - Cameroun","description":"Quelques jours apre\u0300s sa libe\u0301ration, Basile Atangana Kouna avait cre\u0301e\u0301 la pole\u0301mique en se rendant a\u0300 la pre\u0301sidence d ...","robots":{"index":"index","follow":"follow","max-snippet":"max-snippet:-1","max-image-preview":"max-image-preview:large","max-video-preview":"max-video-preview:-1"},"canonical":"https:\/\/www.africa-press.net\/cameroun\/politique\/condamne-et-sans-fortune-atangana-kouna-indesirable-au-rdpc","og_locale":"fr_FR","og_type":"article","og_title":"Condamn\u00e9 et sans fortune, Atangana Kouna ind\u00e9sirable au RDPC","og_description":"Quelques jours apre\u0300s sa libe\u0301ration, Basile Atangana Kouna avait cre\u0301e\u0301 la pole\u0301mique en se rendant a\u0300 la pre\u0301sidence d ...","og_url":"https:\/\/www.africa-press.net\/cameroun\/politique\/condamne-et-sans-fortune-atangana-kouna-indesirable-au-rdpc","og_site_name":"Cameroun","article_published_time":"2023-04-20T19:26:45+00:00","article_modified_time":"2023-04-20T20:03:32+00:00","og_image":[{"width":720,"height":360,"url":"https:\/\/static.africa-press.net\/cameroun\/sites\/57\/2023\/04\/postQueueImg_1682006218.22.jpg","type":"image\/jpeg"}],"author":"cfeditorfr","twitter_card":"summary_large_image","twitter_misc":{"\u00c9crit par":"cfeditorfr","Dur\u00e9e de lecture estim\u00e9e":"2 minutes"},"schema":{"@context":"https:\/\/schema.org","@graph":[{"@type":"Article","@id":"https:\/\/www.africa-press.net\/cameroun\/politique\/condamne-et-sans-fortune-atangana-kouna-indesirable-au-rdpc#article","isPartOf":{"@id":"https:\/\/www.africa-press.net\/cameroun\/politique\/condamne-et-sans-fortune-atangana-kouna-indesirable-au-rdpc"},"author":{"name":"cfeditorfr","@id":"https:\/\/www.africa-press.net\/cameroun\/#\/schema\/person\/2b1cf3cd81a31e3cd26889ca66d677f1"},"headline":"Condamn\u00e9 et sans fortune, Atangana Kouna ind\u00e9sirable au RDPC","datePublished":"2023-04-20T19:26:45+00:00","dateModified":"2023-04-20T20:03:32+00:00","mainEntityOfPage":{"@id":"https:\/\/www.africa-press.net\/cameroun\/politique\/condamne-et-sans-fortune-atangana-kouna-indesirable-au-rdpc"},"wordCount":367,"commentCount":0,"image":{"@id":"https:\/\/www.africa-press.net\/cameroun\/politique\/condamne-et-sans-fortune-atangana-kouna-indesirable-au-rdpc#primaryimage"},"thumbnailUrl":"https:\/\/static.africa-press.net\/cameroun\/sites\/57\/2023\/04\/postQueueImg_1682006218.22.jpg","keywords":["Africa Press","Africa Press-Cameroun","Cameroun"],"articleSection":["Politique","Toutes les actualit\u00e9s"],"inLanguage":"fr-FR","potentialAction":[{"@type":"CommentAction","name":"Comment","target":["https:\/\/www.africa-press.net\/cameroun\/politique\/condamne-et-sans-fortune-atangana-kouna-indesirable-au-rdpc#respond"]}]},{"@type":"WebPage","@id":"https:\/\/www.africa-press.net\/cameroun\/politique\/condamne-et-sans-fortune-atangana-kouna-indesirable-au-rdpc","url":"https:\/\/www.africa-press.net\/cameroun\/politique\/condamne-et-sans-fortune-atangana-kouna-indesirable-au-rdpc","name":"Condamn\u00e9 et sans fortune, Atangana Kouna ind\u00e9sirable au RDPC - Cameroun","isPartOf":{"@id":"https:\/\/www.africa-press.net\/cameroun\/#website"},"primaryImageOfPage":{"@id":"https:\/\/www.africa-press.net\/cameroun\/politique\/condamne-et-sans-fortune-atangana-kouna-indesirable-au-rdpc#primaryimage"},"image":{"@id":"https:\/\/www.africa-press.net\/cameroun\/politique\/condamne-et-sans-fortune-atangana-kouna-indesirable-au-rdpc#primaryimage"},"thumbnailUrl":"https:\/\/static.africa-press.net\/cameroun\/sites\/57\/2023\/04\/postQueueImg_1682006218.22.jpg","datePublished":"2023-04-20T19:26:45+00:00","dateModified":"2023-04-20T20:03:32+00:00","author":{"@id":"https:\/\/www.africa-press.net\/cameroun\/#\/schema\/person\/2b1cf3cd81a31e3cd26889ca66d677f1"},"description":"Quelques jours apre\u0300s sa libe\u0301ration, Basile Atangana Kouna avait cre\u0301e\u0301 la pole\u0301mique en se rendant a\u0300 la pre\u0301sidence d ...","breadcrumb":{"@id":"https:\/\/www.africa-press.net\/cameroun\/politique\/condamne-et-sans-fortune-atangana-kouna-indesirable-au-rdpc#breadcrumb"},"inLanguage":"fr-FR","potentialAction":[{"@type":"ReadAction","target":["https:\/\/www.africa-press.net\/cameroun\/politique\/condamne-et-sans-fortune-atangana-kouna-indesirable-au-rdpc"]}]},{"@type":"ImageObject","inLanguage":"fr-FR","@id":"https:\/\/www.africa-press.net\/cameroun\/politique\/condamne-et-sans-fortune-atangana-kouna-indesirable-au-rdpc#primaryimage","url":"https:\/\/static.africa-press.net\/cameroun\/sites\/57\/2023\/04\/postQueueImg_1682006218.22.jpg","contentUrl":"https:\/\/static.africa-press.net\/cameroun\/sites\/57\/2023\/04\/postQueueImg_1682006218.22.jpg","width":720,"height":360,"caption":"Condamn\u00e9 et sans fortune, Atangana Kouna ind\u00e9sirable au RDPC"},{"@type":"BreadcrumbList","@id":"https:\/\/www.africa-press.net\/cameroun\/politique\/condamne-et-sans-fortune-atangana-kouna-indesirable-au-rdpc#breadcrumb","itemListElement":[{"@type":"ListItem","position":1,"name":"Accueil","item":"https:\/\/www.africa-press.net\/cameroun\/"},{"@type":"ListItem","position":2,"name":"Condamn\u00e9 et sans fortune, Atangana Kouna ind\u00e9sirable au RDPC"}]},{"@type":"WebSite","@id":"https:\/\/www.africa-press.net\/cameroun\/#website","url":"https:\/\/www.africa-press.net\/cameroun\/","name":"Cameroun","description":"Just another Africa News Agency Sites site","potentialAction":[{"@type":"SearchAction","target":{"@type":"EntryPoint","urlTemplate":"https:\/\/www.africa-press.net\/cameroun\/?s={search_term_string}"},"query-input":{"@type":"PropertyValueSpecification","valueRequired":true,"valueName":"search_term_string"}}],"inLanguage":"fr-FR"},{"@type":"Person","@id":"https:\/\/www.africa-press.net\/cameroun\/#\/schema\/person\/2b1cf3cd81a31e3cd26889ca66d677f1","name":"cfeditorfr"}]}},"_links":{"self":[{"href":"https:\/\/www.africa-press.net\/cameroun\/wp-json\/wp\/v2\/posts\/42348","targetHints":{"allow":["GET"]}}],"collection":[{"href":"https:\/\/www.africa-press.net\/cameroun\/wp-json\/wp\/v2\/posts"}],"about":[{"href":"https:\/\/www.africa-press.net\/cameroun\/wp-json\/wp\/v2\/types\/post"}],"author":[{"embeddable":true,"href":"https:\/\/www.africa-press.net\/cameroun\/wp-json\/wp\/v2\/users\/82"}],"replies":[{"embeddable":true,"href":"https:\/\/www.africa-press.net\/cameroun\/wp-json\/wp\/v2\/comments?post=42348"}],"version-history":[{"count":0,"href":"https:\/\/www.africa-press.net\/cameroun\/wp-json\/wp\/v2\/posts\/42348\/revisions"}],"wp:featuredmedia":[{"embeddable":true,"href":"https:\/\/www.africa-press.net\/cameroun\/wp-json\/wp\/v2\/media\/42347"}],"wp:attachment":[{"href":"https:\/\/www.africa-press.net\/cameroun\/wp-json\/wp\/v2\/media?parent=42348"}],"wp:term":[{"taxonomy":"category","embeddable":true,"href":"https:\/\/www.africa-press.net\/cameroun\/wp-json\/wp\/v2\/categories?post=42348"},{"taxonomy":"post_tag","embeddable":true,"href":"https:\/\/www.africa-press.net\/cameroun\/wp-json\/wp\/v2\/tags?post=42348"}],"curies":[{"name":"wp","href":"https:\/\/api.w.org\/{rel}","templated":true}]}}