{"id":49356,"date":"2023-08-22T17:22:31","date_gmt":"2023-08-22T17:22:31","guid":{"rendered":"https:\/\/www.africa-press.net\/cameroun\/politique\/camtel-a-decide-de-rendre-la-vie-dure-aux-camerounais"},"modified":"2023-08-22T20:39:27","modified_gmt":"2023-08-22T20:39:27","slug":"camtel-a-decide-de-rendre-la-vie-dure-aux-camerounais","status":"publish","type":"post","link":"https:\/\/www.africa-press.net\/cameroun\/politique\/camtel-a-decide-de-rendre-la-vie-dure-aux-camerounais","title":{"rendered":"Camtel a d\u00e9cid\u00e9 de rendre la vie dure aux Camerounais"},"content":{"rendered":"<p><span style=\"color: #ff6600\"><strong>Africa-Press &#8211; Cameroun. <\/strong><\/span>En plus de l&rsquo;inertie et de l&rsquo;apraxie, la socie\u0301te\u0301 Camtel brille maintenant par un manque d&rsquo;inspiration. La socie\u0301te\u0301 de te\u0301le\u0301phonie vient d&rsquo;adopter des nouveaux modes de paiement.<\/p>\n<p>Les factures de ceux qui utilisent la fibre optique (FTTH ) ne seront plus paye\u0301es au guichet ou\u0300 a\u0300 la caisse. Les clients sont maintenant oblige\u0301s d&rsquo;aller payer dans une banque ou\u0300 Camtel a un compte bancaire puis retourner avec le rec\u0327u a\u0300 Camtel pour apurement. Ceci ne concerne pas les paiements des services mobiles (Blue etc) qui continuent d&rsquo;e\u0302tre paye\u0301s au guichet.<\/p>\n<p>Les diffe\u0301rents comptes communique\u0301 par Camtel se trouvent dans les banques suivantes :<\/p>\n<p>&#8211; UBA<\/p>\n<p>&#8211; EXPRESS UNION<\/p>\n<p>&#8211; UBC<\/p>\n<p>&#8211; SGC<\/p>\n<p>-BICEC<\/p>\n<p>&#8211; AFB<\/p>\n<p>Au lieu d&rsquo;avancer, on recule pluto\u0302t. C&rsquo;est me\u0302me de l&rsquo;incompe\u0301tence car c\u0327a devient pe\u0301nible de payer ta facture a\u0300 la banque pour retourner pre\u0301senter ton rec\u0327u a\u0300 la Camtel pour qu&rsquo;on active ta connexion. Ils devaient pluto\u0302t trouver comment les clients peuvent re\u0301gler leurs factures sans se de\u0301placer comme c\u0327a se fait ailleurs. Malheureusement ils ont pluto\u0302t rendu le paiement plus complique\u0301 avec les tracasseries.<\/p>\n<p>Ce qui est encore grave dans cette histoire c&rsquo;est que Camtel ne fait rien pour ame\u0301liorer sa qualite\u0301 de service qui fait l&rsquo;objet des critiques. Ce qu&rsquo;elle trouve a\u0300 faire c&rsquo;est punir sa cliente\u0300le pour un service de pie\u0300tre qualite\u0301.<\/p>\n<p><strong>Pour plus d&rsquo;informations et d&rsquo;analyses sur la <a href=\"https:\/\/www.africa-press.net\/cameroun\">Cameroun<\/a>, suivez <a href=\"https:\/\/www.africa-press.net\/\">Africa-Press<\/a><\/strong><\/p>\n","protected":false},"excerpt":{"rendered":"<p>Africa-Press &#8211; Cameroun. En plus de l&rsquo;inertie et de l&rsquo;apraxie, la socie\u0301te\u0301 Camtel brille maintenant par un manque d&rsquo;inspiration. La socie\u0301te\u0301 de te\u0301le\u0301phonie vient d&rsquo;adopter des nouveaux modes de paiement. Les factures de ceux qui utilisent la fibre optique (FTTH ) ne seront plus paye\u0301es au guichet ou\u0300 a\u0300 la caisse. Les clients sont maintenant [&hellip;]<\/p>\n","protected":false},"author":82,"featured_media":49355,"comment_status":"open","ping_status":"closed","sticky":false,"template":"","format":"standard","meta":{"footnotes":""},"categories":[2,10],"tags":[36,50,49],"class_list":["post-49356","post","type-post","status-publish","format-standard","has-post-thumbnail","hentry","category-politique","category-toutes-les-actualites","tag-africa-press","tag-africa-press-cameroun","tag-cameroun"],"yoast_head":"<!-- This site is optimized with the Yoast SEO Premium plugin v26.1 (Yoast SEO v27.0) - https:\/\/yoast.com\/product\/yoast-seo-premium-wordpress\/ -->\n<title>Camtel a d\u00e9cid\u00e9 de rendre la vie dure aux Camerounais - Cameroun<\/title>\n<meta name=\"description\" content=\"En plus de l&#039;inertie et de l&#039;apraxie, la socie\u0301te\u0301 Camtel brille maintenant par un manque d&#039;inspiration. La socie\u0301te\u0301 de ...\" \/>\n<meta name=\"robots\" content=\"index, follow, max-snippet:-1, max-image-preview:large, max-video-preview:-1\" \/>\n<link rel=\"canonical\" href=\"https:\/\/www.africa-press.net\/cameroun\/politique\/camtel-a-decide-de-rendre-la-vie-dure-aux-camerounais\" \/>\n<meta property=\"og:locale\" content=\"fr_FR\" \/>\n<meta property=\"og:type\" content=\"article\" \/>\n<meta property=\"og:title\" content=\"Camtel a d\u00e9cid\u00e9 de rendre la vie dure aux Camerounais\" \/>\n<meta property=\"og:description\" content=\"En plus de l&#039;inertie et de l&#039;apraxie, la socie\u0301te\u0301 Camtel brille maintenant par un manque d&#039;inspiration. La socie\u0301te\u0301 de ...\" \/>\n<meta property=\"og:url\" content=\"https:\/\/www.africa-press.net\/cameroun\/politique\/camtel-a-decide-de-rendre-la-vie-dure-aux-camerounais\" \/>\n<meta property=\"og:site_name\" content=\"Cameroun\" \/>\n<meta property=\"article:published_time\" content=\"2023-08-22T17:22:31+00:00\" \/>\n<meta property=\"article:modified_time\" content=\"2023-08-22T20:39:27+00:00\" \/>\n<meta property=\"og:image\" content=\"https:\/\/static.africa-press.net\/cameroun\/sites\/57\/2023\/08\/sm_1692724091.697295.jpg\" \/>\n\t<meta property=\"og:image:width\" content=\"720\" \/>\n\t<meta property=\"og:image:height\" content=\"355\" \/>\n\t<meta property=\"og:image:type\" content=\"image\/jpeg\" \/>\n<meta name=\"author\" content=\"cfeditorfr\" \/>\n<meta name=\"twitter:card\" content=\"summary_large_image\" \/>\n<meta name=\"twitter:label1\" content=\"\u00c9crit par\" \/>\n\t<meta name=\"twitter:data1\" content=\"cfeditorfr\" \/>\n\t<meta name=\"twitter:label2\" content=\"Dur\u00e9e de lecture estim\u00e9e\" \/>\n\t<meta name=\"twitter:data2\" content=\"2 minutes\" \/>\n<script type=\"application\/ld+json\" class=\"yoast-schema-graph\">{\"@context\":\"https:\/\/schema.org\",\"@graph\":[{\"@type\":\"Article\",\"@id\":\"https:\/\/www.africa-press.net\/cameroun\/politique\/camtel-a-decide-de-rendre-la-vie-dure-aux-camerounais#article\",\"isPartOf\":{\"@id\":\"https:\/\/www.africa-press.net\/cameroun\/politique\/camtel-a-decide-de-rendre-la-vie-dure-aux-camerounais\"},\"author\":{\"name\":\"cfeditorfr\",\"@id\":\"https:\/\/www.africa-press.net\/cameroun\/#\/schema\/person\/2b1cf3cd81a31e3cd26889ca66d677f1\"},\"headline\":\"Camtel a d\u00e9cid\u00e9 de rendre la vie dure aux Camerounais\",\"datePublished\":\"2023-08-22T17:22:31+00:00\",\"dateModified\":\"2023-08-22T20:39:27+00:00\",\"mainEntityOfPage\":{\"@id\":\"https:\/\/www.africa-press.net\/cameroun\/politique\/camtel-a-decide-de-rendre-la-vie-dure-aux-camerounais\"},\"wordCount\":283,\"commentCount\":0,\"image\":{\"@id\":\"https:\/\/www.africa-press.net\/cameroun\/politique\/camtel-a-decide-de-rendre-la-vie-dure-aux-camerounais#primaryimage\"},\"thumbnailUrl\":\"https:\/\/static.africa-press.net\/cameroun\/sites\/57\/2023\/08\/sm_1692724091.697295.jpg\",\"keywords\":[\"Africa Press\",\"Africa Press-Cameroun\",\"Cameroun\"],\"articleSection\":[\"Politique\",\"Toutes les actualit\u00e9s\"],\"inLanguage\":\"fr-FR\",\"potentialAction\":[{\"@type\":\"CommentAction\",\"name\":\"Comment\",\"target\":[\"https:\/\/www.africa-press.net\/cameroun\/politique\/camtel-a-decide-de-rendre-la-vie-dure-aux-camerounais#respond\"]}]},{\"@type\":\"WebPage\",\"@id\":\"https:\/\/www.africa-press.net\/cameroun\/politique\/camtel-a-decide-de-rendre-la-vie-dure-aux-camerounais\",\"url\":\"https:\/\/www.africa-press.net\/cameroun\/politique\/camtel-a-decide-de-rendre-la-vie-dure-aux-camerounais\",\"name\":\"Camtel a d\u00e9cid\u00e9 de rendre la vie dure aux Camerounais - Cameroun\",\"isPartOf\":{\"@id\":\"https:\/\/www.africa-press.net\/cameroun\/#website\"},\"primaryImageOfPage\":{\"@id\":\"https:\/\/www.africa-press.net\/cameroun\/politique\/camtel-a-decide-de-rendre-la-vie-dure-aux-camerounais#primaryimage\"},\"image\":{\"@id\":\"https:\/\/www.africa-press.net\/cameroun\/politique\/camtel-a-decide-de-rendre-la-vie-dure-aux-camerounais#primaryimage\"},\"thumbnailUrl\":\"https:\/\/static.africa-press.net\/cameroun\/sites\/57\/2023\/08\/sm_1692724091.697295.jpg\",\"datePublished\":\"2023-08-22T17:22:31+00:00\",\"dateModified\":\"2023-08-22T20:39:27+00:00\",\"author\":{\"@id\":\"https:\/\/www.africa-press.net\/cameroun\/#\/schema\/person\/2b1cf3cd81a31e3cd26889ca66d677f1\"},\"description\":\"En plus de l'inertie et de l'apraxie, la socie\u0301te\u0301 Camtel brille maintenant par un manque d'inspiration. La socie\u0301te\u0301 de ...\",\"breadcrumb\":{\"@id\":\"https:\/\/www.africa-press.net\/cameroun\/politique\/camtel-a-decide-de-rendre-la-vie-dure-aux-camerounais#breadcrumb\"},\"inLanguage\":\"fr-FR\",\"potentialAction\":[{\"@type\":\"ReadAction\",\"target\":[\"https:\/\/www.africa-press.net\/cameroun\/politique\/camtel-a-decide-de-rendre-la-vie-dure-aux-camerounais\"]}]},{\"@type\":\"ImageObject\",\"inLanguage\":\"fr-FR\",\"@id\":\"https:\/\/www.africa-press.net\/cameroun\/politique\/camtel-a-decide-de-rendre-la-vie-dure-aux-camerounais#primaryimage\",\"url\":\"https:\/\/static.africa-press.net\/cameroun\/sites\/57\/2023\/08\/sm_1692724091.697295.jpg\",\"contentUrl\":\"https:\/\/static.africa-press.net\/cameroun\/sites\/57\/2023\/08\/sm_1692724091.697295.jpg\",\"width\":720,\"height\":355,\"caption\":\"Camtel a d\u00e9cid\u00e9 de rendre la vie dure aux Camerounais\"},{\"@type\":\"BreadcrumbList\",\"@id\":\"https:\/\/www.africa-press.net\/cameroun\/politique\/camtel-a-decide-de-rendre-la-vie-dure-aux-camerounais#breadcrumb\",\"itemListElement\":[{\"@type\":\"ListItem\",\"position\":1,\"name\":\"Accueil\",\"item\":\"https:\/\/www.africa-press.net\/cameroun\/\"},{\"@type\":\"ListItem\",\"position\":2,\"name\":\"Camtel a d\u00e9cid\u00e9 de rendre la vie dure aux Camerounais\"}]},{\"@type\":\"WebSite\",\"@id\":\"https:\/\/www.africa-press.net\/cameroun\/#website\",\"url\":\"https:\/\/www.africa-press.net\/cameroun\/\",\"name\":\"Cameroun\",\"description\":\"Just another Africa News Agency Sites site\",\"potentialAction\":[{\"@type\":\"SearchAction\",\"target\":{\"@type\":\"EntryPoint\",\"urlTemplate\":\"https:\/\/www.africa-press.net\/cameroun\/?s={search_term_string}\"},\"query-input\":{\"@type\":\"PropertyValueSpecification\",\"valueRequired\":true,\"valueName\":\"search_term_string\"}}],\"inLanguage\":\"fr-FR\"},{\"@type\":\"Person\",\"@id\":\"https:\/\/www.africa-press.net\/cameroun\/#\/schema\/person\/2b1cf3cd81a31e3cd26889ca66d677f1\",\"name\":\"cfeditorfr\"}]}<\/script>\n<!-- \/ Yoast SEO Premium plugin. -->","yoast_head_json":{"title":"Camtel a d\u00e9cid\u00e9 de rendre la vie dure aux Camerounais - Cameroun","description":"En plus de l'inertie et de l'apraxie, la socie\u0301te\u0301 Camtel brille maintenant par un manque d'inspiration. La socie\u0301te\u0301 de ...","robots":{"index":"index","follow":"follow","max-snippet":"max-snippet:-1","max-image-preview":"max-image-preview:large","max-video-preview":"max-video-preview:-1"},"canonical":"https:\/\/www.africa-press.net\/cameroun\/politique\/camtel-a-decide-de-rendre-la-vie-dure-aux-camerounais","og_locale":"fr_FR","og_type":"article","og_title":"Camtel a d\u00e9cid\u00e9 de rendre la vie dure aux Camerounais","og_description":"En plus de l'inertie et de l'apraxie, la socie\u0301te\u0301 Camtel brille maintenant par un manque d'inspiration. La socie\u0301te\u0301 de ...","og_url":"https:\/\/www.africa-press.net\/cameroun\/politique\/camtel-a-decide-de-rendre-la-vie-dure-aux-camerounais","og_site_name":"Cameroun","article_published_time":"2023-08-22T17:22:31+00:00","article_modified_time":"2023-08-22T20:39:27+00:00","og_image":[{"width":720,"height":355,"url":"https:\/\/static.africa-press.net\/cameroun\/sites\/57\/2023\/08\/sm_1692724091.697295.jpg","type":"image\/jpeg"}],"author":"cfeditorfr","twitter_card":"summary_large_image","twitter_misc":{"\u00c9crit par":"cfeditorfr","Dur\u00e9e de lecture estim\u00e9e":"2 minutes"},"schema":{"@context":"https:\/\/schema.org","@graph":[{"@type":"Article","@id":"https:\/\/www.africa-press.net\/cameroun\/politique\/camtel-a-decide-de-rendre-la-vie-dure-aux-camerounais#article","isPartOf":{"@id":"https:\/\/www.africa-press.net\/cameroun\/politique\/camtel-a-decide-de-rendre-la-vie-dure-aux-camerounais"},"author":{"name":"cfeditorfr","@id":"https:\/\/www.africa-press.net\/cameroun\/#\/schema\/person\/2b1cf3cd81a31e3cd26889ca66d677f1"},"headline":"Camtel a d\u00e9cid\u00e9 de rendre la vie dure aux Camerounais","datePublished":"2023-08-22T17:22:31+00:00","dateModified":"2023-08-22T20:39:27+00:00","mainEntityOfPage":{"@id":"https:\/\/www.africa-press.net\/cameroun\/politique\/camtel-a-decide-de-rendre-la-vie-dure-aux-camerounais"},"wordCount":283,"commentCount":0,"image":{"@id":"https:\/\/www.africa-press.net\/cameroun\/politique\/camtel-a-decide-de-rendre-la-vie-dure-aux-camerounais#primaryimage"},"thumbnailUrl":"https:\/\/static.africa-press.net\/cameroun\/sites\/57\/2023\/08\/sm_1692724091.697295.jpg","keywords":["Africa Press","Africa Press-Cameroun","Cameroun"],"articleSection":["Politique","Toutes les actualit\u00e9s"],"inLanguage":"fr-FR","potentialAction":[{"@type":"CommentAction","name":"Comment","target":["https:\/\/www.africa-press.net\/cameroun\/politique\/camtel-a-decide-de-rendre-la-vie-dure-aux-camerounais#respond"]}]},{"@type":"WebPage","@id":"https:\/\/www.africa-press.net\/cameroun\/politique\/camtel-a-decide-de-rendre-la-vie-dure-aux-camerounais","url":"https:\/\/www.africa-press.net\/cameroun\/politique\/camtel-a-decide-de-rendre-la-vie-dure-aux-camerounais","name":"Camtel a d\u00e9cid\u00e9 de rendre la vie dure aux Camerounais - Cameroun","isPartOf":{"@id":"https:\/\/www.africa-press.net\/cameroun\/#website"},"primaryImageOfPage":{"@id":"https:\/\/www.africa-press.net\/cameroun\/politique\/camtel-a-decide-de-rendre-la-vie-dure-aux-camerounais#primaryimage"},"image":{"@id":"https:\/\/www.africa-press.net\/cameroun\/politique\/camtel-a-decide-de-rendre-la-vie-dure-aux-camerounais#primaryimage"},"thumbnailUrl":"https:\/\/static.africa-press.net\/cameroun\/sites\/57\/2023\/08\/sm_1692724091.697295.jpg","datePublished":"2023-08-22T17:22:31+00:00","dateModified":"2023-08-22T20:39:27+00:00","author":{"@id":"https:\/\/www.africa-press.net\/cameroun\/#\/schema\/person\/2b1cf3cd81a31e3cd26889ca66d677f1"},"description":"En plus de l'inertie et de l'apraxie, la socie\u0301te\u0301 Camtel brille maintenant par un manque d'inspiration. La socie\u0301te\u0301 de ...","breadcrumb":{"@id":"https:\/\/www.africa-press.net\/cameroun\/politique\/camtel-a-decide-de-rendre-la-vie-dure-aux-camerounais#breadcrumb"},"inLanguage":"fr-FR","potentialAction":[{"@type":"ReadAction","target":["https:\/\/www.africa-press.net\/cameroun\/politique\/camtel-a-decide-de-rendre-la-vie-dure-aux-camerounais"]}]},{"@type":"ImageObject","inLanguage":"fr-FR","@id":"https:\/\/www.africa-press.net\/cameroun\/politique\/camtel-a-decide-de-rendre-la-vie-dure-aux-camerounais#primaryimage","url":"https:\/\/static.africa-press.net\/cameroun\/sites\/57\/2023\/08\/sm_1692724091.697295.jpg","contentUrl":"https:\/\/static.africa-press.net\/cameroun\/sites\/57\/2023\/08\/sm_1692724091.697295.jpg","width":720,"height":355,"caption":"Camtel a d\u00e9cid\u00e9 de rendre la vie dure aux Camerounais"},{"@type":"BreadcrumbList","@id":"https:\/\/www.africa-press.net\/cameroun\/politique\/camtel-a-decide-de-rendre-la-vie-dure-aux-camerounais#breadcrumb","itemListElement":[{"@type":"ListItem","position":1,"name":"Accueil","item":"https:\/\/www.africa-press.net\/cameroun\/"},{"@type":"ListItem","position":2,"name":"Camtel a d\u00e9cid\u00e9 de rendre la vie dure aux Camerounais"}]},{"@type":"WebSite","@id":"https:\/\/www.africa-press.net\/cameroun\/#website","url":"https:\/\/www.africa-press.net\/cameroun\/","name":"Cameroun","description":"Just another Africa News Agency Sites site","potentialAction":[{"@type":"SearchAction","target":{"@type":"EntryPoint","urlTemplate":"https:\/\/www.africa-press.net\/cameroun\/?s={search_term_string}"},"query-input":{"@type":"PropertyValueSpecification","valueRequired":true,"valueName":"search_term_string"}}],"inLanguage":"fr-FR"},{"@type":"Person","@id":"https:\/\/www.africa-press.net\/cameroun\/#\/schema\/person\/2b1cf3cd81a31e3cd26889ca66d677f1","name":"cfeditorfr"}]}},"_links":{"self":[{"href":"https:\/\/www.africa-press.net\/cameroun\/wp-json\/wp\/v2\/posts\/49356","targetHints":{"allow":["GET"]}}],"collection":[{"href":"https:\/\/www.africa-press.net\/cameroun\/wp-json\/wp\/v2\/posts"}],"about":[{"href":"https:\/\/www.africa-press.net\/cameroun\/wp-json\/wp\/v2\/types\/post"}],"author":[{"embeddable":true,"href":"https:\/\/www.africa-press.net\/cameroun\/wp-json\/wp\/v2\/users\/82"}],"replies":[{"embeddable":true,"href":"https:\/\/www.africa-press.net\/cameroun\/wp-json\/wp\/v2\/comments?post=49356"}],"version-history":[{"count":0,"href":"https:\/\/www.africa-press.net\/cameroun\/wp-json\/wp\/v2\/posts\/49356\/revisions"}],"wp:featuredmedia":[{"embeddable":true,"href":"https:\/\/www.africa-press.net\/cameroun\/wp-json\/wp\/v2\/media\/49355"}],"wp:attachment":[{"href":"https:\/\/www.africa-press.net\/cameroun\/wp-json\/wp\/v2\/media?parent=49356"}],"wp:term":[{"taxonomy":"category","embeddable":true,"href":"https:\/\/www.africa-press.net\/cameroun\/wp-json\/wp\/v2\/categories?post=49356"},{"taxonomy":"post_tag","embeddable":true,"href":"https:\/\/www.africa-press.net\/cameroun\/wp-json\/wp\/v2\/tags?post=49356"}],"curies":[{"name":"wp","href":"https:\/\/api.w.org\/{rel}","templated":true}]}}