{"id":50604,"date":"2023-09-12T23:13:12","date_gmt":"2023-09-12T23:13:12","guid":{"rendered":"https:\/\/www.africa-press.net\/cameroun\/politique\/le-geste-fort-de-samuel-etoo-qui-seduit-les-filles-de-garoua"},"modified":"2023-09-12T23:56:10","modified_gmt":"2023-09-12T23:56:10","slug":"le-geste-fort-de-samuel-etoo-qui-seduit-les-filles-de-garoua","status":"publish","type":"post","link":"https:\/\/www.africa-press.net\/cameroun\/sports\/le-geste-fort-de-samuel-etoo-qui-seduit-les-filles-de-garoua","title":{"rendered":"Le geste fort de Samuel Eto\u2019o qui s\u00e9duit les filles de Garoua"},"content":{"rendered":"<p><span style=\"color: #ff6600\"><strong>Africa-Press &#8211; Cameroun. <\/strong><\/span>De nombreux Camerounais fe\u0301licitent Samuel Eto&rsquo;o, le pre\u0301sident de la Fe\u0301de\u0301ration camerounaise de football (Fecafoot), pour avoir insiste\u0301 sur la se\u0301lection de jeunes femmes de la ville de Garoua, dans le nord du pays, pour servir d&rsquo;ho\u0302tesses lors du match entre le Cameroun et le Burundi qui aura lieu ce soir.<\/p>\n<p>Selon la radio Balafon, dans son e\u0301mission \u00ab\u00a0sacre\u0301 matin\u00a0\u00bb, l&rsquo;e\u0301quipe dirigeante d&rsquo;Eto&rsquo;o lui avait propose\u0301 de recruter des jeunes filles de Yaounde\u0301 et de Douala, les deux plus grandes villes du Cameroun, pour ce poste. Cependant, Eto&rsquo;o aurait rejete\u0301 la proposition, de\u0301clarant qu&rsquo;il n&rsquo;y avait aucune raison pour que des filles de Garoua ne puissent pas faire le travail tout aussi bien.<\/p>\n<p>\u00ab\u00a0Pourquoi des filles d&rsquo;autres re\u0301gions et pas de Garoua ? aurait demande\u0301 Eto&rsquo;o. \u00ab\u00a0Les filles du Nord ou de Garoua sont-elles des animaux ? Ne peuvent-elles pas e\u0302tre ho\u0302tesses elles aussi ? Pourquoi choisir des filles qui viennent de loin alors que nous avons des dames a\u0300 Garoua qui peuvent tre\u0300s bien faire le travail d&rsquo;ho\u0302tesse ?<\/p>\n<p>La de\u0301cision d&rsquo;Eto&rsquo;o a e\u0301te\u0301 largement salue\u0301e, de nombreuses personnes l&rsquo;ayant fe\u0301licite\u0301 pour sa transparence, son inclusivite\u0301 et sa ge\u0301ne\u0301rosite\u0301.<\/p>\n<p>\u00ab\u00a0C&rsquo;est un grand geste de la part d&rsquo;Eto&rsquo;o\u00a0\u00bb, a de\u0301clare\u0301 un utilisateur des me\u0301dias sociaux, Giresse Legrand. \u00ab\u00a0Cela montre qu&rsquo;il est un homme du peuple et qu&rsquo;il se soucie de tous les Camerounais, quelle que soit leur origine.<\/p>\n<p>Un autre utilisateur, Marcelle Leukam, a de\u0301clare\u0301 : \u00ab\u00a0C&rsquo;est le genre de leadership dont nous avons besoin au Cameroun. Eto&rsquo;o est un exemple a\u0300 suivre\u00a0\u00bb.<\/p>\n<p><strong>Pour plus d&rsquo;informations et d&rsquo;analyses sur la <a href=\"https:\/\/www.africa-press.net\/cameroun\">Cameroun<\/a>, suivez <a href=\"https:\/\/www.africa-press.net\/\">Africa-Press<\/a><\/strong><\/p>\n","protected":false},"excerpt":{"rendered":"<p>Africa-Press &#8211; Cameroun. De nombreux Camerounais fe\u0301licitent Samuel Eto&rsquo;o, le pre\u0301sident de la Fe\u0301de\u0301ration camerounaise de football (Fecafoot), pour avoir insiste\u0301 sur la se\u0301lection de jeunes femmes de la ville de Garoua, dans le nord du pays, pour servir d&rsquo;ho\u0302tesses lors du match entre le Cameroun et le Burundi qui aura lieu ce soir. Selon [&hellip;]<\/p>\n","protected":false},"author":82,"featured_media":50603,"comment_status":"open","ping_status":"closed","sticky":false,"template":"","format":"standard","meta":{"footnotes":""},"categories":[6,10],"tags":[36,50,49],"class_list":["post-50604","post","type-post","status-publish","format-standard","has-post-thumbnail","hentry","category-sports","category-toutes-les-actualites","tag-africa-press","tag-africa-press-cameroun","tag-cameroun"],"yoast_head":"<!-- This site is optimized with the Yoast SEO Premium plugin v26.1 (Yoast SEO v27.0) - https:\/\/yoast.com\/product\/yoast-seo-premium-wordpress\/ -->\n<title>Le geste fort de Samuel Eto\u2019o qui s\u00e9duit les filles de Garoua - Cameroun<\/title>\n<meta name=\"description\" content=\"De nombreux Camerounais fe\u0301licitent Samuel Eto&#039;o, le pre\u0301sident de la Fe\u0301de\u0301ration camerounaise de football (Fecafoot), ...\" \/>\n<meta name=\"robots\" content=\"index, follow, max-snippet:-1, max-image-preview:large, max-video-preview:-1\" \/>\n<link rel=\"canonical\" href=\"https:\/\/www.africa-press.net\/cameroun\/sports\/le-geste-fort-de-samuel-etoo-qui-seduit-les-filles-de-garoua\" \/>\n<meta property=\"og:locale\" content=\"fr_FR\" \/>\n<meta property=\"og:type\" content=\"article\" \/>\n<meta property=\"og:title\" content=\"Le geste fort de Samuel Eto\u2019o qui s\u00e9duit les filles de Garoua\" \/>\n<meta property=\"og:description\" content=\"De nombreux Camerounais fe\u0301licitent Samuel Eto&#039;o, le pre\u0301sident de la Fe\u0301de\u0301ration camerounaise de football (Fecafoot), ...\" \/>\n<meta property=\"og:url\" content=\"https:\/\/www.africa-press.net\/cameroun\/sports\/le-geste-fort-de-samuel-etoo-qui-seduit-les-filles-de-garoua\" \/>\n<meta property=\"og:site_name\" content=\"Cameroun\" \/>\n<meta property=\"article:published_time\" content=\"2023-09-12T23:13:12+00:00\" \/>\n<meta property=\"article:modified_time\" content=\"2023-09-12T23:56:10+00:00\" \/>\n<meta property=\"og:image\" content=\"https:\/\/static.africa-press.net\/cameroun\/sites\/57\/2023\/09\/sm_1694549967.818369.jpg\" \/>\n\t<meta property=\"og:image:width\" content=\"720\" \/>\n\t<meta property=\"og:image:height\" content=\"477\" \/>\n\t<meta property=\"og:image:type\" content=\"image\/jpeg\" \/>\n<meta name=\"author\" content=\"cfeditorfr\" \/>\n<meta name=\"twitter:card\" content=\"summary_large_image\" \/>\n<meta name=\"twitter:label1\" content=\"\u00c9crit par\" \/>\n\t<meta name=\"twitter:data1\" content=\"cfeditorfr\" \/>\n\t<meta name=\"twitter:label2\" content=\"Dur\u00e9e de lecture estim\u00e9e\" \/>\n\t<meta name=\"twitter:data2\" content=\"1 minute\" \/>\n<script type=\"application\/ld+json\" class=\"yoast-schema-graph\">{\"@context\":\"https:\/\/schema.org\",\"@graph\":[{\"@type\":\"Article\",\"@id\":\"https:\/\/www.africa-press.net\/cameroun\/sports\/le-geste-fort-de-samuel-etoo-qui-seduit-les-filles-de-garoua#article\",\"isPartOf\":{\"@id\":\"https:\/\/www.africa-press.net\/cameroun\/sports\/le-geste-fort-de-samuel-etoo-qui-seduit-les-filles-de-garoua\"},\"author\":{\"name\":\"cfeditorfr\",\"@id\":\"https:\/\/www.africa-press.net\/cameroun\/#\/schema\/person\/2b1cf3cd81a31e3cd26889ca66d677f1\"},\"headline\":\"Le geste fort de Samuel Eto\u2019o qui s\u00e9duit les filles de Garoua\",\"datePublished\":\"2023-09-12T23:13:12+00:00\",\"dateModified\":\"2023-09-12T23:56:10+00:00\",\"mainEntityOfPage\":{\"@id\":\"https:\/\/www.africa-press.net\/cameroun\/sports\/le-geste-fort-de-samuel-etoo-qui-seduit-les-filles-de-garoua\"},\"wordCount\":321,\"commentCount\":0,\"image\":{\"@id\":\"https:\/\/www.africa-press.net\/cameroun\/sports\/le-geste-fort-de-samuel-etoo-qui-seduit-les-filles-de-garoua#primaryimage\"},\"thumbnailUrl\":\"https:\/\/static.africa-press.net\/cameroun\/sites\/57\/2023\/09\/sm_1694549967.818369.jpg\",\"keywords\":[\"Africa Press\",\"Africa Press-Cameroun\",\"Cameroun\"],\"articleSection\":[\"Sports\",\"Toutes les actualit\u00e9s\"],\"inLanguage\":\"fr-FR\",\"potentialAction\":[{\"@type\":\"CommentAction\",\"name\":\"Comment\",\"target\":[\"https:\/\/www.africa-press.net\/cameroun\/sports\/le-geste-fort-de-samuel-etoo-qui-seduit-les-filles-de-garoua#respond\"]}]},{\"@type\":\"WebPage\",\"@id\":\"https:\/\/www.africa-press.net\/cameroun\/sports\/le-geste-fort-de-samuel-etoo-qui-seduit-les-filles-de-garoua\",\"url\":\"https:\/\/www.africa-press.net\/cameroun\/sports\/le-geste-fort-de-samuel-etoo-qui-seduit-les-filles-de-garoua\",\"name\":\"Le geste fort de Samuel Eto\u2019o qui s\u00e9duit les filles de Garoua - Cameroun\",\"isPartOf\":{\"@id\":\"https:\/\/www.africa-press.net\/cameroun\/#website\"},\"primaryImageOfPage\":{\"@id\":\"https:\/\/www.africa-press.net\/cameroun\/sports\/le-geste-fort-de-samuel-etoo-qui-seduit-les-filles-de-garoua#primaryimage\"},\"image\":{\"@id\":\"https:\/\/www.africa-press.net\/cameroun\/sports\/le-geste-fort-de-samuel-etoo-qui-seduit-les-filles-de-garoua#primaryimage\"},\"thumbnailUrl\":\"https:\/\/static.africa-press.net\/cameroun\/sites\/57\/2023\/09\/sm_1694549967.818369.jpg\",\"datePublished\":\"2023-09-12T23:13:12+00:00\",\"dateModified\":\"2023-09-12T23:56:10+00:00\",\"author\":{\"@id\":\"https:\/\/www.africa-press.net\/cameroun\/#\/schema\/person\/2b1cf3cd81a31e3cd26889ca66d677f1\"},\"description\":\"De nombreux Camerounais fe\u0301licitent Samuel Eto'o, le pre\u0301sident de la Fe\u0301de\u0301ration camerounaise de football (Fecafoot), ...\",\"breadcrumb\":{\"@id\":\"https:\/\/www.africa-press.net\/cameroun\/sports\/le-geste-fort-de-samuel-etoo-qui-seduit-les-filles-de-garoua#breadcrumb\"},\"inLanguage\":\"fr-FR\",\"potentialAction\":[{\"@type\":\"ReadAction\",\"target\":[\"https:\/\/www.africa-press.net\/cameroun\/sports\/le-geste-fort-de-samuel-etoo-qui-seduit-les-filles-de-garoua\"]}]},{\"@type\":\"ImageObject\",\"inLanguage\":\"fr-FR\",\"@id\":\"https:\/\/www.africa-press.net\/cameroun\/sports\/le-geste-fort-de-samuel-etoo-qui-seduit-les-filles-de-garoua#primaryimage\",\"url\":\"https:\/\/static.africa-press.net\/cameroun\/sites\/57\/2023\/09\/sm_1694549967.818369.jpg\",\"contentUrl\":\"https:\/\/static.africa-press.net\/cameroun\/sites\/57\/2023\/09\/sm_1694549967.818369.jpg\",\"width\":720,\"height\":477,\"caption\":\"Le geste fort de Samuel Eto\u2019o qui s\u00e9duit les filles de Garoua\"},{\"@type\":\"BreadcrumbList\",\"@id\":\"https:\/\/www.africa-press.net\/cameroun\/sports\/le-geste-fort-de-samuel-etoo-qui-seduit-les-filles-de-garoua#breadcrumb\",\"itemListElement\":[{\"@type\":\"ListItem\",\"position\":1,\"name\":\"Accueil\",\"item\":\"https:\/\/www.africa-press.net\/cameroun\/\"},{\"@type\":\"ListItem\",\"position\":2,\"name\":\"Le geste fort de Samuel Eto\u2019o qui s\u00e9duit les filles de Garoua\"}]},{\"@type\":\"WebSite\",\"@id\":\"https:\/\/www.africa-press.net\/cameroun\/#website\",\"url\":\"https:\/\/www.africa-press.net\/cameroun\/\",\"name\":\"Cameroun\",\"description\":\"Just another Africa News Agency Sites site\",\"potentialAction\":[{\"@type\":\"SearchAction\",\"target\":{\"@type\":\"EntryPoint\",\"urlTemplate\":\"https:\/\/www.africa-press.net\/cameroun\/?s={search_term_string}\"},\"query-input\":{\"@type\":\"PropertyValueSpecification\",\"valueRequired\":true,\"valueName\":\"search_term_string\"}}],\"inLanguage\":\"fr-FR\"},{\"@type\":\"Person\",\"@id\":\"https:\/\/www.africa-press.net\/cameroun\/#\/schema\/person\/2b1cf3cd81a31e3cd26889ca66d677f1\",\"name\":\"cfeditorfr\"}]}<\/script>\n<!-- \/ Yoast SEO Premium plugin. -->","yoast_head_json":{"title":"Le geste fort de Samuel Eto\u2019o qui s\u00e9duit les filles de Garoua - Cameroun","description":"De nombreux Camerounais fe\u0301licitent Samuel Eto'o, le pre\u0301sident de la Fe\u0301de\u0301ration camerounaise de football (Fecafoot), ...","robots":{"index":"index","follow":"follow","max-snippet":"max-snippet:-1","max-image-preview":"max-image-preview:large","max-video-preview":"max-video-preview:-1"},"canonical":"https:\/\/www.africa-press.net\/cameroun\/sports\/le-geste-fort-de-samuel-etoo-qui-seduit-les-filles-de-garoua","og_locale":"fr_FR","og_type":"article","og_title":"Le geste fort de Samuel Eto\u2019o qui s\u00e9duit les filles de Garoua","og_description":"De nombreux Camerounais fe\u0301licitent Samuel Eto'o, le pre\u0301sident de la Fe\u0301de\u0301ration camerounaise de football (Fecafoot), ...","og_url":"https:\/\/www.africa-press.net\/cameroun\/sports\/le-geste-fort-de-samuel-etoo-qui-seduit-les-filles-de-garoua","og_site_name":"Cameroun","article_published_time":"2023-09-12T23:13:12+00:00","article_modified_time":"2023-09-12T23:56:10+00:00","og_image":[{"width":720,"height":477,"url":"https:\/\/static.africa-press.net\/cameroun\/sites\/57\/2023\/09\/sm_1694549967.818369.jpg","type":"image\/jpeg"}],"author":"cfeditorfr","twitter_card":"summary_large_image","twitter_misc":{"\u00c9crit par":"cfeditorfr","Dur\u00e9e de lecture estim\u00e9e":"1 minute"},"schema":{"@context":"https:\/\/schema.org","@graph":[{"@type":"Article","@id":"https:\/\/www.africa-press.net\/cameroun\/sports\/le-geste-fort-de-samuel-etoo-qui-seduit-les-filles-de-garoua#article","isPartOf":{"@id":"https:\/\/www.africa-press.net\/cameroun\/sports\/le-geste-fort-de-samuel-etoo-qui-seduit-les-filles-de-garoua"},"author":{"name":"cfeditorfr","@id":"https:\/\/www.africa-press.net\/cameroun\/#\/schema\/person\/2b1cf3cd81a31e3cd26889ca66d677f1"},"headline":"Le geste fort de Samuel Eto\u2019o qui s\u00e9duit les filles de Garoua","datePublished":"2023-09-12T23:13:12+00:00","dateModified":"2023-09-12T23:56:10+00:00","mainEntityOfPage":{"@id":"https:\/\/www.africa-press.net\/cameroun\/sports\/le-geste-fort-de-samuel-etoo-qui-seduit-les-filles-de-garoua"},"wordCount":321,"commentCount":0,"image":{"@id":"https:\/\/www.africa-press.net\/cameroun\/sports\/le-geste-fort-de-samuel-etoo-qui-seduit-les-filles-de-garoua#primaryimage"},"thumbnailUrl":"https:\/\/static.africa-press.net\/cameroun\/sites\/57\/2023\/09\/sm_1694549967.818369.jpg","keywords":["Africa Press","Africa Press-Cameroun","Cameroun"],"articleSection":["Sports","Toutes les actualit\u00e9s"],"inLanguage":"fr-FR","potentialAction":[{"@type":"CommentAction","name":"Comment","target":["https:\/\/www.africa-press.net\/cameroun\/sports\/le-geste-fort-de-samuel-etoo-qui-seduit-les-filles-de-garoua#respond"]}]},{"@type":"WebPage","@id":"https:\/\/www.africa-press.net\/cameroun\/sports\/le-geste-fort-de-samuel-etoo-qui-seduit-les-filles-de-garoua","url":"https:\/\/www.africa-press.net\/cameroun\/sports\/le-geste-fort-de-samuel-etoo-qui-seduit-les-filles-de-garoua","name":"Le geste fort de Samuel Eto\u2019o qui s\u00e9duit les filles de Garoua - Cameroun","isPartOf":{"@id":"https:\/\/www.africa-press.net\/cameroun\/#website"},"primaryImageOfPage":{"@id":"https:\/\/www.africa-press.net\/cameroun\/sports\/le-geste-fort-de-samuel-etoo-qui-seduit-les-filles-de-garoua#primaryimage"},"image":{"@id":"https:\/\/www.africa-press.net\/cameroun\/sports\/le-geste-fort-de-samuel-etoo-qui-seduit-les-filles-de-garoua#primaryimage"},"thumbnailUrl":"https:\/\/static.africa-press.net\/cameroun\/sites\/57\/2023\/09\/sm_1694549967.818369.jpg","datePublished":"2023-09-12T23:13:12+00:00","dateModified":"2023-09-12T23:56:10+00:00","author":{"@id":"https:\/\/www.africa-press.net\/cameroun\/#\/schema\/person\/2b1cf3cd81a31e3cd26889ca66d677f1"},"description":"De nombreux Camerounais fe\u0301licitent Samuel Eto'o, le pre\u0301sident de la Fe\u0301de\u0301ration camerounaise de football (Fecafoot), ...","breadcrumb":{"@id":"https:\/\/www.africa-press.net\/cameroun\/sports\/le-geste-fort-de-samuel-etoo-qui-seduit-les-filles-de-garoua#breadcrumb"},"inLanguage":"fr-FR","potentialAction":[{"@type":"ReadAction","target":["https:\/\/www.africa-press.net\/cameroun\/sports\/le-geste-fort-de-samuel-etoo-qui-seduit-les-filles-de-garoua"]}]},{"@type":"ImageObject","inLanguage":"fr-FR","@id":"https:\/\/www.africa-press.net\/cameroun\/sports\/le-geste-fort-de-samuel-etoo-qui-seduit-les-filles-de-garoua#primaryimage","url":"https:\/\/static.africa-press.net\/cameroun\/sites\/57\/2023\/09\/sm_1694549967.818369.jpg","contentUrl":"https:\/\/static.africa-press.net\/cameroun\/sites\/57\/2023\/09\/sm_1694549967.818369.jpg","width":720,"height":477,"caption":"Le geste fort de Samuel Eto\u2019o qui s\u00e9duit les filles de Garoua"},{"@type":"BreadcrumbList","@id":"https:\/\/www.africa-press.net\/cameroun\/sports\/le-geste-fort-de-samuel-etoo-qui-seduit-les-filles-de-garoua#breadcrumb","itemListElement":[{"@type":"ListItem","position":1,"name":"Accueil","item":"https:\/\/www.africa-press.net\/cameroun\/"},{"@type":"ListItem","position":2,"name":"Le geste fort de Samuel Eto\u2019o qui s\u00e9duit les filles de Garoua"}]},{"@type":"WebSite","@id":"https:\/\/www.africa-press.net\/cameroun\/#website","url":"https:\/\/www.africa-press.net\/cameroun\/","name":"Cameroun","description":"Just another Africa News Agency Sites site","potentialAction":[{"@type":"SearchAction","target":{"@type":"EntryPoint","urlTemplate":"https:\/\/www.africa-press.net\/cameroun\/?s={search_term_string}"},"query-input":{"@type":"PropertyValueSpecification","valueRequired":true,"valueName":"search_term_string"}}],"inLanguage":"fr-FR"},{"@type":"Person","@id":"https:\/\/www.africa-press.net\/cameroun\/#\/schema\/person\/2b1cf3cd81a31e3cd26889ca66d677f1","name":"cfeditorfr"}]}},"_links":{"self":[{"href":"https:\/\/www.africa-press.net\/cameroun\/wp-json\/wp\/v2\/posts\/50604","targetHints":{"allow":["GET"]}}],"collection":[{"href":"https:\/\/www.africa-press.net\/cameroun\/wp-json\/wp\/v2\/posts"}],"about":[{"href":"https:\/\/www.africa-press.net\/cameroun\/wp-json\/wp\/v2\/types\/post"}],"author":[{"embeddable":true,"href":"https:\/\/www.africa-press.net\/cameroun\/wp-json\/wp\/v2\/users\/82"}],"replies":[{"embeddable":true,"href":"https:\/\/www.africa-press.net\/cameroun\/wp-json\/wp\/v2\/comments?post=50604"}],"version-history":[{"count":0,"href":"https:\/\/www.africa-press.net\/cameroun\/wp-json\/wp\/v2\/posts\/50604\/revisions"}],"wp:featuredmedia":[{"embeddable":true,"href":"https:\/\/www.africa-press.net\/cameroun\/wp-json\/wp\/v2\/media\/50603"}],"wp:attachment":[{"href":"https:\/\/www.africa-press.net\/cameroun\/wp-json\/wp\/v2\/media?parent=50604"}],"wp:term":[{"taxonomy":"category","embeddable":true,"href":"https:\/\/www.africa-press.net\/cameroun\/wp-json\/wp\/v2\/categories?post=50604"},{"taxonomy":"post_tag","embeddable":true,"href":"https:\/\/www.africa-press.net\/cameroun\/wp-json\/wp\/v2\/tags?post=50604"}],"curies":[{"name":"wp","href":"https:\/\/api.w.org\/{rel}","templated":true}]}}