{"id":50608,"date":"2023-09-12T23:13:22","date_gmt":"2023-09-12T23:13:22","guid":{"rendered":"https:\/\/www.africa-press.net\/cameroun\/politique\/paul-biya-remplace-voici-son-nouveau-suppleant-qui-fait-honneur-a-tout-le-pays"},"modified":"2023-09-12T23:56:43","modified_gmt":"2023-09-12T23:56:43","slug":"paul-biya-remplace-voici-son-nouveau-suppleant-qui-fait-honneur-a-tout-le-pays","status":"publish","type":"post","link":"https:\/\/www.africa-press.net\/cameroun\/politique\/paul-biya-remplace-voici-son-nouveau-suppleant-qui-fait-honneur-a-tout-le-pays","title":{"rendered":"Paul Biya remplac\u00e9, voici son nouveau suppl\u00e9ant qui fait honneur \u00e0 tout le pays"},"content":{"rendered":"<p><span style=\"color: #ff6600\"><strong>Africa-Press &#8211; Cameroun. <\/strong><\/span>Repre\u0301sentant personnel du pre\u0301sident de la Re\u0301publique, Paul Biya, au premier sommet africain sur le climat, le ministre des Transports, Jean Ernest Masse\u0301na Ngalle\u0300 Bibe\u0301he\u0300, en sa qualite\u0301 de pre\u0301sident de la Confe\u0301rence ministe\u0301rielle africaine sur la me\u0301te\u0301orologie (Amcomet), a eu l\u2019insigne honneur de prendre la parole a\u0300 la tribune dudit sommet pour porter haut la voix du Cameroun et de l\u2019Afrique sur les questions me\u0301te\u0301orologiques. Il fait ainsi partie de ceux-la\u0300 qui font honneur au pre\u0301sident Paul Biya.<\/p>\n<p>Jean Ernest Masse\u0301na Ngalle\u0300 Bibe\u0301he\u0300 fait partie de ces ministres qui font honneur au pre\u0301sident Paul Biya. C\u2019est le cas e\u0301galement du ministre d\u2019Etat secre\u0301taire ge\u0301ne\u0301ral de la pre\u0301sidence de la Re\u0301publique, Ferdinand Ngoh Ngoh, Joseph Beti Assomo, ministre de\u0301le\u0301gue\u0301 a\u0300 la pre\u0301sidence de la Re\u0301publique charge\u0301 de la De\u0301fense, Luc Magloire Mbarga Atangana, ministre du Commerce, Laurent Serge Etoundi Ngoa, ministre de l\u2019Education de Base et autres Gaston Eloundou Essomba, Jean Ernest Masse\u0301na Ngalle\u0300 Bibe\u0301he\u0300 est aujourd\u2019hui conside\u0301re\u0301 sur tous les fronts (politique, gouvernemental) comme l\u2019un des fers de lance du pre\u0301sident Paul Biya. La preuve ? C\u2019est lui qui a eu l\u2019honneur de repre\u0301senter le pre\u0301sident Paul Biya au premier sommet africain sur le climat qui s\u2019est acheve\u0301 le 6 septembre 2023 a\u0300 Nairobi au Kenya, apre\u0300s 3 jours d\u2019intenses discussions entre les chefs d\u2019Etat africains, J de gouvernement ou leurs repre\u0301sentants. Ce premier sommet africain sur le climat visait a\u0300 mettre en valeur les ressources inexploite\u0301es du continent pour les e\u0301nergies renouvelables, afin de permettre a\u0300 ces pays de se de\u0301velopper e\u0301conomiquement. La lutte contre le re\u0301chauffement climatique, dont ils sont une des principales victimes, tenait e\u0301galement une bonne place au cours desdits travaux qui ont de\u0301bouche\u0301 sur la \u00ab de\u0301claration de Nairobi \u00bb. Le Cameroun y a activement pris part a\u0300 travers le ministre des Transports, Jean Ernest Masse\u0301na Ngalle\u0300 Bibe\u0301he\u0300, repre\u0301sentant personnel du pre\u0301sident de la Re\u0301publique, Paul Biya. Et c\u2019est davantage en sa qualite\u0301 de pre\u0301sident de la Confe\u0301rence ministe\u0301rielle africaine sur la me\u0301te\u0301orologie (Amcomet), que le ministre des Transports a pris la parole a\u0300 la tribune de ce sommet.<\/p>\n<p>Dans sa de\u0301claration de haut vol a\u0300 la session de\u0301die\u0301e au lancement du plan d\u2019action de l\u2019initiative de fourniture des alertes pre\u0301coces pour tous en Afrique, il aura pluto\u0302t marque\u0301 les esprits par son e\u0301loquence et surtout la structuration claire de ladite de\u0301claration qui aura retenu la grande attention des participants. C\u2019est ainsi qu\u2019a\u0300 l\u2019entame de cette de\u0301claration, le ministre camerounais des Transports va remercier le secre\u0301taire ge\u0301ne\u0301ral de l\u2019Organisation des Nations Unies (Onu), Antonio Guterres, pre\u0301sente\u0301 comme le concepteur de cette initiative des alertes pre\u0301coces pour tous. Jean Ernest Masse\u0301na Ngalle\u0300 Bibe\u0301he\u0300 va relever que la strate\u0301gie inte\u0301gre\u0301e de l&rsquo;Amcomet en matie\u0300re de me\u0301te\u0301orologie, dont l&rsquo;un des piliers repose sur le renforcement des capacite\u0301s des services me\u0301te\u0301orologiques nationaux, s&rsquo;inscrit pleinement dans les objectifs de l&rsquo;initiative d&rsquo;alerte pre\u0301coce pour tous. Portant la voix de ses colle\u0300gues ministres charge\u0301s de la me\u0301te\u0301orologie en Afrique, le repre\u0301sentant personnel du chef de l\u2019Etat camerounais, a rassure\u0301 les participants du soutien total de l\u2019Amcomet dans la mise en \u0153uvre prioritaire de ce plan d\u2019action. Le pre\u0301sident de l\u2019Amcomet va par la suite lancer un appel a\u0300 tous les partenaires au de\u0301veloppement a\u0300 continuer d&rsquo;apporter leur soutien a\u0300 ce plan d&rsquo;action, afin de renforcer la fourniture des pre\u0301visions fiables et des alertes pre\u0301coces aux populations les plus vulne\u0301rables.<\/p>\n<p>Eve\u0300NEMENtS Me\u0301te\u0301oRologiquES<\/p>\n<p>Toujours dans son agenda surcharge\u0301 au cours de ce sommet, le ministre des Transports, toujours en sa qualite\u0301 de pre\u0301sident de l\u2019Amcomet, a pre\u0301side\u0301 la session de\u0301die\u0301e a\u0300 la publication du rapport annuel sur le climat en Afrique en 2022. Ce rapport sur l\u2019e\u0301tat du climat en Afrique, qui est le 4e\u0300me de la se\u0301rie, fournit des informations scientifiques sur les tendances climatiques en Afrique, les e\u0301ve\u0300nements me\u0301te\u0301orologiques et climatiques extre\u0302mes observe\u0301s et leurs impacts associe\u0301s dans des secteurs cle\u0301s et sensibles de de\u0301veloppement. Jean Ernest Masse\u0301na Ngalle\u0300 Bibe\u0301he\u0300 a releve\u0301 que \u00ab ce rapport est un pre\u0301cieux guide pour les de\u0301cideurs, les partenaires au de\u0301veloppement et toutes les parties prenantes aux ne\u0301gociations climatiques \u00bb. Il a renouvele\u0301 son appel lance\u0301 a\u0300 Maputo en 2022 pour un partenariat public prive\u0301 en vue du renforcement de la fourniture des services me\u0301te\u0301orolo giques et climatologiques. Si l\u2019actualite\u0301 a retenu que le Cameroun a activement pris part a\u0300 ce premier sommet africain sur le climat et que sa voix avait largement retenti a\u0300 Nairobi par le biais de son repre\u0301sentant personnel du chef de l\u2019Etat Paul Biya, son fide\u0300le serviteur Jean Ernest Masse\u0301na Ngalle\u0300 Bibe\u0301he\u0300, ce n\u2019est pas la premie\u0300re fois que ce dernier s\u2019illustre ainsi sur la sce\u0300ne internationale par une brillante et honorable repre\u0301sentation du Cameroun a\u0300 l\u2019exte\u0301rieur. Sans e\u0302tre exhaustif, on se souvient que c\u2019est au mois de juillet dernier que le ministre des Transports a se\u0301journe\u0301 au Maroc ou\u0300 il a paraphe\u0301 au nom du Cameroun, le me\u0301morandum d\u2019entente sur les pre\u0301visions me\u0301te\u0301orologiques et la climatologie entre le Cameroun et le Maroc. C\u2019est dans le me\u0302me e\u0301lan que sur instruction du pre\u0301sident de la Re\u0301publique, le ministre des Transports a signe\u0301 l\u2019accord ae\u0301rien entre le Cameroun et l\u2019Alge\u0301rie. C\u2019est encore lui qu\u2019on va se retrouver dans la signature de la convention relative a\u0300 la construction du chemin de fer MbalamKribi, de\u0301tonateur de l\u2019exploitation du gisement de fer MbalamNabeba.<\/p>\n<p>CAPC-AC<\/p>\n<p>A Nairobi donc, en marge du sommet proprement dit, le repre\u0301sentant personnel du chef de l\u2019Etat camerounais a e\u0301te\u0301 rec\u0327u en audience par le secre\u0301taire ge\u0301ne\u0301ral de l\u2019Organisation me\u0301te\u0301orologique mondiale (Omm). Audience au cours de laquelle les 2 personnalite\u0301s ont e\u0301change\u0301 sur la visibilite\u0301 a\u0300 donner a\u0300 l\u2019Amcomet, l\u2019accompagnement de l\u2019Omm en vue de l\u2019ope\u0301rationnalisation du Centre d\u2019application et de pre\u0301vision climatologique de l\u2019Afrique centrale (Capc-Ac) dont le sie\u0300ge se trouve a\u0300 Douala, et le soutien de cette organisation dans la modernisation du re\u0301seau de collecte des donne\u0301es au Cameroun. Le ministre des Transports e\u0301tait accompagne\u0301 a\u0300 cette audience de Madame le Consul du Cameroun a\u0300 Nairobi et du directeur de la me\u0301te\u0301orologie nationale. Du sommet de Nairobi, l\u2019on retiendra que l\u2019Afrique est le continent qui contribue de manie\u0300re marginale au re\u0301chauffement de la plane\u0300te, mais qui subit les conse\u0301quences les plus dramatiques du re\u0301chauffement climatique. C\u2019est pour cela que le sommet de Nairobi aura permis a\u0300 l\u2019Afrique de parler d\u2019une seule voix des questions climatiques. Le premier sommet africain sur le climat qui s\u2019est acheve\u0301 mer credi 6 septembre dernier avec l\u2019adoption d\u2019une \u00abDe\u0301claration dite de Nairobi\u00bb.<\/p>\n<p>Selon William Ruto, le pre\u0301sident ke\u0301nyan, ho\u0302te du sommet, le but est de concre\u0301tiser le potentiel du continent pour une \u00abcroissance verte\u00bb. \u00abCette de\u0301claration servira de base a\u0300 la position commune de l\u2019Afrique dans le processus mondial sur le changement climatique jusqu\u2019a\u0300 la Cop28 et audela\u0300\u00bb, affirment les signataires de ce texte, re\u0301unis sous l\u2019e\u0301gide de l\u2019Union africaine. \u00ab L\u2019Afrique posse\u0300de a\u0300 la fois le potentiel et l\u2019ambition d\u2019e\u0302tre un e\u0301le\u0301ment essentiel de la solution mondiale au changement climatique \u00bb, confirment encore les participants. Ainsi, ce premier sommet africain sur le climat visait e\u0301galement a\u0300 mettre en valeur les ressources inexploite\u0301es du continent pour les e\u0301nergies renouvelables afin de permettre a\u0300 ses pays de se de\u0301velopper e\u0301conomiquement. Dans leur de\u0301claration finale, les pays africains demandent notamment a\u0300 la communaute\u0301 internationale de contribuer a\u0300 \u00ab augmenter la capacite\u0301 de production d\u2019e\u0301nergies renouvelables de l\u2019Afrique de 56 gigawatts en 2022 a\u0300 au moins 300 gigawatts d\u2019ici 2030 pour lutter contre la pre\u0301carite\u0301 e\u0301nerge\u0301tique \u00bb. Un appel a aussi e\u0301te\u0301 lance\u0301 pour e\u0301tablir un re\u0301gime de taxe sur le carbone. Les signataires dont le Cameroun a\u0300 travers son ministre des Transports, Jean Ernest Masse\u0301na Ngalle\u0300 Bibe\u0301he\u0300, proposent e\u0301galement d\u2019e\u0301tablir \u00abune nouvelle architecture de financement adapte\u0301e aux besoins de l\u2019Afrique y compris la restructuration et l\u2019alle\u0301gement de la dette\u00bb. Un fardeau qui pe\u0300se lourdement sur leurs e\u0301conomies et qui entrave son potentiel a\u0300 \u00ab contribuer de manie\u0300re significative a\u0300 la de\u0301carbonation de l\u2019e\u0301conomie mondiale \u00bb.<\/p>\n<p>Un total de 21,3 milliards d\u2019euros d\u2019investissements internationaux a ainsi e\u0301te\u0301 promis durant les 3 jours de sommet, a de\u0301clare\u0301 William Ruto, dont environ 4 milliards d\u2019euros de la part des Emirats Arabes Unis. Le sommet de Nairobi a lance\u0301 4 mois de re\u0301unions internationales sur les questions climatiques, qui se sont poursuivies les 9 et 10 septembre avec le sommet du G20 en Inde et culmineront avec la confe\u0301rence de l\u2019Onu sur le climat (Cop28) de Dubai\u0308 en fin novembre. La promesse des riches pays pollueurs de fournir 100 milliards de dollars par an en financement climatique aux pays les plus pauvres sera scrute\u0301e de pre\u0300s par le continent africain, qui fait dore\u0301navant front commun.<\/p>\n<p><strong>Pour plus d&rsquo;informations et d&rsquo;analyses sur la <a href=\"https:\/\/www.africa-press.net\/cameroun\">Cameroun<\/a>, suivez <a href=\"https:\/\/www.africa-press.net\/\">Africa-Press<\/a><\/strong><\/p>\n","protected":false},"excerpt":{"rendered":"<p>Africa-Press &#8211; Cameroun. Repre\u0301sentant personnel du pre\u0301sident de la Re\u0301publique, Paul Biya, au premier sommet africain sur le climat, le ministre des Transports, Jean Ernest Masse\u0301na Ngalle\u0300 Bibe\u0301he\u0300, en sa qualite\u0301 de pre\u0301sident de la Confe\u0301rence ministe\u0301rielle africaine sur la me\u0301te\u0301orologie (Amcomet), a eu l\u2019insigne honneur de prendre la parole a\u0300 la tribune dudit sommet [&hellip;]<\/p>\n","protected":false},"author":82,"featured_media":50607,"comment_status":"open","ping_status":"closed","sticky":false,"template":"","format":"standard","meta":{"footnotes":""},"categories":[2,10],"tags":[36,50,49],"class_list":["post-50608","post","type-post","status-publish","format-standard","has-post-thumbnail","hentry","category-politique","category-toutes-les-actualites","tag-africa-press","tag-africa-press-cameroun","tag-cameroun"],"yoast_head":"<!-- This site is optimized with the Yoast SEO Premium plugin v26.1 (Yoast SEO v27.0) - https:\/\/yoast.com\/product\/yoast-seo-premium-wordpress\/ -->\n<title>Paul Biya remplac\u00e9, voici son nouveau suppl\u00e9ant qui fait honneur \u00e0 tout le pays - Cameroun<\/title>\n<meta name=\"description\" content=\"Repre\u0301sentant personnel du pre\u0301sident de la Re\u0301publique, Paul Biya, au premier sommet africain sur le climat, le ministr ...\" \/>\n<meta name=\"robots\" content=\"index, follow, max-snippet:-1, max-image-preview:large, max-video-preview:-1\" \/>\n<link rel=\"canonical\" href=\"https:\/\/www.africa-press.net\/cameroun\/politique\/paul-biya-remplace-voici-son-nouveau-suppleant-qui-fait-honneur-a-tout-le-pays\" \/>\n<meta property=\"og:locale\" content=\"fr_FR\" \/>\n<meta property=\"og:type\" content=\"article\" \/>\n<meta property=\"og:title\" content=\"Paul Biya remplac\u00e9, voici son nouveau suppl\u00e9ant qui fait honneur \u00e0 tout le pays\" \/>\n<meta property=\"og:description\" content=\"Repre\u0301sentant personnel du pre\u0301sident de la Re\u0301publique, Paul Biya, au premier sommet africain sur le climat, le ministr ...\" \/>\n<meta property=\"og:url\" content=\"https:\/\/www.africa-press.net\/cameroun\/politique\/paul-biya-remplace-voici-son-nouveau-suppleant-qui-fait-honneur-a-tout-le-pays\" \/>\n<meta property=\"og:site_name\" content=\"Cameroun\" \/>\n<meta property=\"article:published_time\" content=\"2023-09-12T23:13:22+00:00\" \/>\n<meta property=\"article:modified_time\" content=\"2023-09-12T23:56:43+00:00\" \/>\n<meta property=\"og:image\" content=\"https:\/\/static.africa-press.net\/cameroun\/sites\/57\/2023\/09\/sm_1694549995.953224.jpg\" \/>\n\t<meta property=\"og:image:width\" content=\"720\" \/>\n\t<meta property=\"og:image:height\" content=\"434\" \/>\n\t<meta property=\"og:image:type\" content=\"image\/jpeg\" \/>\n<meta name=\"author\" content=\"cfeditorfr\" \/>\n<meta name=\"twitter:card\" content=\"summary_large_image\" \/>\n<meta name=\"twitter:label1\" content=\"\u00c9crit par\" \/>\n\t<meta name=\"twitter:data1\" content=\"cfeditorfr\" \/>\n\t<meta name=\"twitter:label2\" content=\"Dur\u00e9e de lecture estim\u00e9e\" \/>\n\t<meta name=\"twitter:data2\" content=\"8 minutes\" \/>\n<script type=\"application\/ld+json\" class=\"yoast-schema-graph\">{\"@context\":\"https:\/\/schema.org\",\"@graph\":[{\"@type\":\"Article\",\"@id\":\"https:\/\/www.africa-press.net\/cameroun\/politique\/paul-biya-remplace-voici-son-nouveau-suppleant-qui-fait-honneur-a-tout-le-pays#article\",\"isPartOf\":{\"@id\":\"https:\/\/www.africa-press.net\/cameroun\/politique\/paul-biya-remplace-voici-son-nouveau-suppleant-qui-fait-honneur-a-tout-le-pays\"},\"author\":{\"name\":\"cfeditorfr\",\"@id\":\"https:\/\/www.africa-press.net\/cameroun\/#\/schema\/person\/2b1cf3cd81a31e3cd26889ca66d677f1\"},\"headline\":\"Paul Biya remplac\u00e9, voici son nouveau suppl\u00e9ant qui fait honneur \u00e0 tout le pays\",\"datePublished\":\"2023-09-12T23:13:22+00:00\",\"dateModified\":\"2023-09-12T23:56:43+00:00\",\"mainEntityOfPage\":{\"@id\":\"https:\/\/www.africa-press.net\/cameroun\/politique\/paul-biya-remplace-voici-son-nouveau-suppleant-qui-fait-honneur-a-tout-le-pays\"},\"wordCount\":1706,\"commentCount\":0,\"image\":{\"@id\":\"https:\/\/www.africa-press.net\/cameroun\/politique\/paul-biya-remplace-voici-son-nouveau-suppleant-qui-fait-honneur-a-tout-le-pays#primaryimage\"},\"thumbnailUrl\":\"https:\/\/static.africa-press.net\/cameroun\/sites\/57\/2023\/09\/sm_1694549995.953224.jpg\",\"keywords\":[\"Africa Press\",\"Africa Press-Cameroun\",\"Cameroun\"],\"articleSection\":[\"Politique\",\"Toutes les actualit\u00e9s\"],\"inLanguage\":\"fr-FR\",\"potentialAction\":[{\"@type\":\"CommentAction\",\"name\":\"Comment\",\"target\":[\"https:\/\/www.africa-press.net\/cameroun\/politique\/paul-biya-remplace-voici-son-nouveau-suppleant-qui-fait-honneur-a-tout-le-pays#respond\"]}]},{\"@type\":\"WebPage\",\"@id\":\"https:\/\/www.africa-press.net\/cameroun\/politique\/paul-biya-remplace-voici-son-nouveau-suppleant-qui-fait-honneur-a-tout-le-pays\",\"url\":\"https:\/\/www.africa-press.net\/cameroun\/politique\/paul-biya-remplace-voici-son-nouveau-suppleant-qui-fait-honneur-a-tout-le-pays\",\"name\":\"Paul Biya remplac\u00e9, voici son nouveau suppl\u00e9ant qui fait honneur \u00e0 tout le pays - Cameroun\",\"isPartOf\":{\"@id\":\"https:\/\/www.africa-press.net\/cameroun\/#website\"},\"primaryImageOfPage\":{\"@id\":\"https:\/\/www.africa-press.net\/cameroun\/politique\/paul-biya-remplace-voici-son-nouveau-suppleant-qui-fait-honneur-a-tout-le-pays#primaryimage\"},\"image\":{\"@id\":\"https:\/\/www.africa-press.net\/cameroun\/politique\/paul-biya-remplace-voici-son-nouveau-suppleant-qui-fait-honneur-a-tout-le-pays#primaryimage\"},\"thumbnailUrl\":\"https:\/\/static.africa-press.net\/cameroun\/sites\/57\/2023\/09\/sm_1694549995.953224.jpg\",\"datePublished\":\"2023-09-12T23:13:22+00:00\",\"dateModified\":\"2023-09-12T23:56:43+00:00\",\"author\":{\"@id\":\"https:\/\/www.africa-press.net\/cameroun\/#\/schema\/person\/2b1cf3cd81a31e3cd26889ca66d677f1\"},\"description\":\"Repre\u0301sentant personnel du pre\u0301sident de la Re\u0301publique, Paul Biya, au premier sommet africain sur le climat, le ministr ...\",\"breadcrumb\":{\"@id\":\"https:\/\/www.africa-press.net\/cameroun\/politique\/paul-biya-remplace-voici-son-nouveau-suppleant-qui-fait-honneur-a-tout-le-pays#breadcrumb\"},\"inLanguage\":\"fr-FR\",\"potentialAction\":[{\"@type\":\"ReadAction\",\"target\":[\"https:\/\/www.africa-press.net\/cameroun\/politique\/paul-biya-remplace-voici-son-nouveau-suppleant-qui-fait-honneur-a-tout-le-pays\"]}]},{\"@type\":\"ImageObject\",\"inLanguage\":\"fr-FR\",\"@id\":\"https:\/\/www.africa-press.net\/cameroun\/politique\/paul-biya-remplace-voici-son-nouveau-suppleant-qui-fait-honneur-a-tout-le-pays#primaryimage\",\"url\":\"https:\/\/static.africa-press.net\/cameroun\/sites\/57\/2023\/09\/sm_1694549995.953224.jpg\",\"contentUrl\":\"https:\/\/static.africa-press.net\/cameroun\/sites\/57\/2023\/09\/sm_1694549995.953224.jpg\",\"width\":720,\"height\":434,\"caption\":\"Paul Biya remplac\u00e9, voici son nouveau suppl\u00e9ant qui fait honneur \u00e0 tout le pays\"},{\"@type\":\"BreadcrumbList\",\"@id\":\"https:\/\/www.africa-press.net\/cameroun\/politique\/paul-biya-remplace-voici-son-nouveau-suppleant-qui-fait-honneur-a-tout-le-pays#breadcrumb\",\"itemListElement\":[{\"@type\":\"ListItem\",\"position\":1,\"name\":\"Accueil\",\"item\":\"https:\/\/www.africa-press.net\/cameroun\/\"},{\"@type\":\"ListItem\",\"position\":2,\"name\":\"Paul Biya remplac\u00e9, voici son nouveau suppl\u00e9ant qui fait honneur \u00e0 tout le pays\"}]},{\"@type\":\"WebSite\",\"@id\":\"https:\/\/www.africa-press.net\/cameroun\/#website\",\"url\":\"https:\/\/www.africa-press.net\/cameroun\/\",\"name\":\"Cameroun\",\"description\":\"Just another Africa News Agency Sites site\",\"potentialAction\":[{\"@type\":\"SearchAction\",\"target\":{\"@type\":\"EntryPoint\",\"urlTemplate\":\"https:\/\/www.africa-press.net\/cameroun\/?s={search_term_string}\"},\"query-input\":{\"@type\":\"PropertyValueSpecification\",\"valueRequired\":true,\"valueName\":\"search_term_string\"}}],\"inLanguage\":\"fr-FR\"},{\"@type\":\"Person\",\"@id\":\"https:\/\/www.africa-press.net\/cameroun\/#\/schema\/person\/2b1cf3cd81a31e3cd26889ca66d677f1\",\"name\":\"cfeditorfr\"}]}<\/script>\n<!-- \/ Yoast SEO Premium plugin. -->","yoast_head_json":{"title":"Paul Biya remplac\u00e9, voici son nouveau suppl\u00e9ant qui fait honneur \u00e0 tout le pays - Cameroun","description":"Repre\u0301sentant personnel du pre\u0301sident de la Re\u0301publique, Paul Biya, au premier sommet africain sur le climat, le ministr ...","robots":{"index":"index","follow":"follow","max-snippet":"max-snippet:-1","max-image-preview":"max-image-preview:large","max-video-preview":"max-video-preview:-1"},"canonical":"https:\/\/www.africa-press.net\/cameroun\/politique\/paul-biya-remplace-voici-son-nouveau-suppleant-qui-fait-honneur-a-tout-le-pays","og_locale":"fr_FR","og_type":"article","og_title":"Paul Biya remplac\u00e9, voici son nouveau suppl\u00e9ant qui fait honneur \u00e0 tout le pays","og_description":"Repre\u0301sentant personnel du pre\u0301sident de la Re\u0301publique, Paul Biya, au premier sommet africain sur le climat, le ministr ...","og_url":"https:\/\/www.africa-press.net\/cameroun\/politique\/paul-biya-remplace-voici-son-nouveau-suppleant-qui-fait-honneur-a-tout-le-pays","og_site_name":"Cameroun","article_published_time":"2023-09-12T23:13:22+00:00","article_modified_time":"2023-09-12T23:56:43+00:00","og_image":[{"width":720,"height":434,"url":"https:\/\/static.africa-press.net\/cameroun\/sites\/57\/2023\/09\/sm_1694549995.953224.jpg","type":"image\/jpeg"}],"author":"cfeditorfr","twitter_card":"summary_large_image","twitter_misc":{"\u00c9crit par":"cfeditorfr","Dur\u00e9e de lecture estim\u00e9e":"8 minutes"},"schema":{"@context":"https:\/\/schema.org","@graph":[{"@type":"Article","@id":"https:\/\/www.africa-press.net\/cameroun\/politique\/paul-biya-remplace-voici-son-nouveau-suppleant-qui-fait-honneur-a-tout-le-pays#article","isPartOf":{"@id":"https:\/\/www.africa-press.net\/cameroun\/politique\/paul-biya-remplace-voici-son-nouveau-suppleant-qui-fait-honneur-a-tout-le-pays"},"author":{"name":"cfeditorfr","@id":"https:\/\/www.africa-press.net\/cameroun\/#\/schema\/person\/2b1cf3cd81a31e3cd26889ca66d677f1"},"headline":"Paul Biya remplac\u00e9, voici son nouveau suppl\u00e9ant qui fait honneur \u00e0 tout le pays","datePublished":"2023-09-12T23:13:22+00:00","dateModified":"2023-09-12T23:56:43+00:00","mainEntityOfPage":{"@id":"https:\/\/www.africa-press.net\/cameroun\/politique\/paul-biya-remplace-voici-son-nouveau-suppleant-qui-fait-honneur-a-tout-le-pays"},"wordCount":1706,"commentCount":0,"image":{"@id":"https:\/\/www.africa-press.net\/cameroun\/politique\/paul-biya-remplace-voici-son-nouveau-suppleant-qui-fait-honneur-a-tout-le-pays#primaryimage"},"thumbnailUrl":"https:\/\/static.africa-press.net\/cameroun\/sites\/57\/2023\/09\/sm_1694549995.953224.jpg","keywords":["Africa Press","Africa Press-Cameroun","Cameroun"],"articleSection":["Politique","Toutes les actualit\u00e9s"],"inLanguage":"fr-FR","potentialAction":[{"@type":"CommentAction","name":"Comment","target":["https:\/\/www.africa-press.net\/cameroun\/politique\/paul-biya-remplace-voici-son-nouveau-suppleant-qui-fait-honneur-a-tout-le-pays#respond"]}]},{"@type":"WebPage","@id":"https:\/\/www.africa-press.net\/cameroun\/politique\/paul-biya-remplace-voici-son-nouveau-suppleant-qui-fait-honneur-a-tout-le-pays","url":"https:\/\/www.africa-press.net\/cameroun\/politique\/paul-biya-remplace-voici-son-nouveau-suppleant-qui-fait-honneur-a-tout-le-pays","name":"Paul Biya remplac\u00e9, voici son nouveau suppl\u00e9ant qui fait honneur \u00e0 tout le pays - Cameroun","isPartOf":{"@id":"https:\/\/www.africa-press.net\/cameroun\/#website"},"primaryImageOfPage":{"@id":"https:\/\/www.africa-press.net\/cameroun\/politique\/paul-biya-remplace-voici-son-nouveau-suppleant-qui-fait-honneur-a-tout-le-pays#primaryimage"},"image":{"@id":"https:\/\/www.africa-press.net\/cameroun\/politique\/paul-biya-remplace-voici-son-nouveau-suppleant-qui-fait-honneur-a-tout-le-pays#primaryimage"},"thumbnailUrl":"https:\/\/static.africa-press.net\/cameroun\/sites\/57\/2023\/09\/sm_1694549995.953224.jpg","datePublished":"2023-09-12T23:13:22+00:00","dateModified":"2023-09-12T23:56:43+00:00","author":{"@id":"https:\/\/www.africa-press.net\/cameroun\/#\/schema\/person\/2b1cf3cd81a31e3cd26889ca66d677f1"},"description":"Repre\u0301sentant personnel du pre\u0301sident de la Re\u0301publique, Paul Biya, au premier sommet africain sur le climat, le ministr ...","breadcrumb":{"@id":"https:\/\/www.africa-press.net\/cameroun\/politique\/paul-biya-remplace-voici-son-nouveau-suppleant-qui-fait-honneur-a-tout-le-pays#breadcrumb"},"inLanguage":"fr-FR","potentialAction":[{"@type":"ReadAction","target":["https:\/\/www.africa-press.net\/cameroun\/politique\/paul-biya-remplace-voici-son-nouveau-suppleant-qui-fait-honneur-a-tout-le-pays"]}]},{"@type":"ImageObject","inLanguage":"fr-FR","@id":"https:\/\/www.africa-press.net\/cameroun\/politique\/paul-biya-remplace-voici-son-nouveau-suppleant-qui-fait-honneur-a-tout-le-pays#primaryimage","url":"https:\/\/static.africa-press.net\/cameroun\/sites\/57\/2023\/09\/sm_1694549995.953224.jpg","contentUrl":"https:\/\/static.africa-press.net\/cameroun\/sites\/57\/2023\/09\/sm_1694549995.953224.jpg","width":720,"height":434,"caption":"Paul Biya remplac\u00e9, voici son nouveau suppl\u00e9ant qui fait honneur \u00e0 tout le pays"},{"@type":"BreadcrumbList","@id":"https:\/\/www.africa-press.net\/cameroun\/politique\/paul-biya-remplace-voici-son-nouveau-suppleant-qui-fait-honneur-a-tout-le-pays#breadcrumb","itemListElement":[{"@type":"ListItem","position":1,"name":"Accueil","item":"https:\/\/www.africa-press.net\/cameroun\/"},{"@type":"ListItem","position":2,"name":"Paul Biya remplac\u00e9, voici son nouveau suppl\u00e9ant qui fait honneur \u00e0 tout le pays"}]},{"@type":"WebSite","@id":"https:\/\/www.africa-press.net\/cameroun\/#website","url":"https:\/\/www.africa-press.net\/cameroun\/","name":"Cameroun","description":"Just another Africa News Agency Sites site","potentialAction":[{"@type":"SearchAction","target":{"@type":"EntryPoint","urlTemplate":"https:\/\/www.africa-press.net\/cameroun\/?s={search_term_string}"},"query-input":{"@type":"PropertyValueSpecification","valueRequired":true,"valueName":"search_term_string"}}],"inLanguage":"fr-FR"},{"@type":"Person","@id":"https:\/\/www.africa-press.net\/cameroun\/#\/schema\/person\/2b1cf3cd81a31e3cd26889ca66d677f1","name":"cfeditorfr"}]}},"_links":{"self":[{"href":"https:\/\/www.africa-press.net\/cameroun\/wp-json\/wp\/v2\/posts\/50608","targetHints":{"allow":["GET"]}}],"collection":[{"href":"https:\/\/www.africa-press.net\/cameroun\/wp-json\/wp\/v2\/posts"}],"about":[{"href":"https:\/\/www.africa-press.net\/cameroun\/wp-json\/wp\/v2\/types\/post"}],"author":[{"embeddable":true,"href":"https:\/\/www.africa-press.net\/cameroun\/wp-json\/wp\/v2\/users\/82"}],"replies":[{"embeddable":true,"href":"https:\/\/www.africa-press.net\/cameroun\/wp-json\/wp\/v2\/comments?post=50608"}],"version-history":[{"count":0,"href":"https:\/\/www.africa-press.net\/cameroun\/wp-json\/wp\/v2\/posts\/50608\/revisions"}],"wp:featuredmedia":[{"embeddable":true,"href":"https:\/\/www.africa-press.net\/cameroun\/wp-json\/wp\/v2\/media\/50607"}],"wp:attachment":[{"href":"https:\/\/www.africa-press.net\/cameroun\/wp-json\/wp\/v2\/media?parent=50608"}],"wp:term":[{"taxonomy":"category","embeddable":true,"href":"https:\/\/www.africa-press.net\/cameroun\/wp-json\/wp\/v2\/categories?post=50608"},{"taxonomy":"post_tag","embeddable":true,"href":"https:\/\/www.africa-press.net\/cameroun\/wp-json\/wp\/v2\/tags?post=50608"}],"curies":[{"name":"wp","href":"https:\/\/api.w.org\/{rel}","templated":true}]}}