{"id":50610,"date":"2023-09-12T23:13:32","date_gmt":"2023-09-12T23:13:32","guid":{"rendered":"https:\/\/www.africa-press.net\/cameroun\/politique\/mort-du-vice-consul-francais-la-verite-eclate"},"modified":"2023-09-12T23:56:58","modified_gmt":"2023-09-12T23:56:58","slug":"mort-du-vice-consul-francais-la-verite-eclate","status":"publish","type":"post","link":"https:\/\/www.africa-press.net\/cameroun\/politique\/mort-du-vice-consul-francais-la-verite-eclate","title":{"rendered":"Mort du vice-consul fran\u00e7ais : la v\u00e9rit\u00e9 \u00e9clate"},"content":{"rendered":"<p><span style=\"color: #ff6600\"><strong>Africa-Press &#8211; Cameroun. <\/strong><\/span>C\u2019est une de\u0301couverte totalement surprenante qui avait choque\u0301 toute la sce\u0300ne sociopolitique camerounaise et franc\u0327aise. Le consul adjoint Christian Andre\u0301 Marie Hue a perdu la vie, apparemment lui-me\u0302me s\u2019est suicide\u0301.<\/p>\n<p>Le journaliste Re\u0301my Ngono a re\u0301alise\u0301 un direct qu\u2019il a titre\u0301 : \u00ab Assassinat du vice-consul de France au Cameroun : la ve\u0301rite\u0301 e\u0301clate \u00bb. La piste du suicide serait-elle fausse ?<\/p>\n<p>Qu\u2019est-ce qu\u2019on ignore encore dans le dossier, ne serait-il plus question du chantage ayant conduit a\u0300 la de\u0301cision du suicide ? Re\u0301my Ngono livre des de\u0301tails.<\/p>\n<p>Lui il est cuit : voici l&rsquo;homme bamoun qui chantait le vice-consul de France<\/p>\n<p>Le de\u0301ce\u0300s du vice-consul de France a\u0300 Douala Christian Hue, est tellement choquant que tout le monde se demande ce qui a bien pu se passer. La situation nous a e\u0301te\u0301 explique\u0301e de fond en large et elle est totalement cauchemardesque, c\u2019est le moins qu\u2019on puisse dire.<\/p>\n<p>On ne peut pas dire que le fonctionnaire franc\u0327ais avait vraiment le choix, il devait agir et vite. Mais certainement pas se suicider. C\u2019est une option que bien de personnes lui aurait de\u0301conseille\u0301 s\u2019il avait eu l\u2019inge\u0301nieuse ide\u0301e de demander conseil.<\/p>\n<p>Le corps sans vie de Hue a e\u0301te\u0301 retrouve\u0301 pendu a\u0300 son domicile. Selon les premiers e\u0301le\u0301ments de l\u2019enque\u0302te, le compatriote d\u2019Emmanuel Macron subissait une menace de l\u2019ombre.<\/p>\n<p>On le faisait chanter, comme nous le pre\u0301cise une source proche du dossier dont la vide\u0301o d&rsquo;explication nous est parvenue.<\/p>\n<p>Le lanceur d&rsquo;alerte Nzui Manto re\u0301sume la situation en ces termes : \u00ab Le vice-consul de France a\u0300 Douala s\u2019est donne\u0301 la mort suite a\u0300 un scandale de pe\u0301dophilie ayant tourne\u0301 au chantage \u00bb.<\/p>\n<p>En effet, \u00ab pour ne pas laisser le scandale e\u0301clater, le vice-consul avait accorde\u0301 quatre cent quarante-six (446) visas Schengen a\u0300 son mai\u0302tre chanteur, un certain Njoya Ismae\u0308l \u00bb.<\/p>\n<p>Mais encore, pre\u0301cise la source \u00ab les me\u0302mes individus ont e\u0301galement soutire\u0301 plus de neuf cent millions (900 000 000) millions a\u0300 un directeur ge\u0301ne\u0301ral de la SGBC par les me\u0302mes me\u0301thodes \u00bb.<\/p>\n<p>Nous avons e\u0301galement appris que des arrestations ont de\u0301ja\u0300 commence\u0301 dans la ville, comment pouvait-il en e\u0302tre autrement. La mort de Christian Hue, me\u0302me si c\u2019est lui-me\u0302me qui a de\u0301cide\u0301 de partir de la sorte, ne resterait pas impunie.<\/p>\n<p>La loi condamne fermement les actes de chantage ou toute autre tentative destine\u0301e a\u0300 mettre la pression sur quelqu\u2019un pour obtenir indument un avantage quel qu\u2019il soit. C\u2019est une affaire qui risque de faire beaucoup de remous dans la socie\u0301te\u0301.<\/p>\n<p><iframe loading=\"lazy\" title=\"ASSA*SSINAT DU VICE-CONSUL DE FRANCE AU CAMEROUN: LA V\u00c9RITE \u00c9CLATE\" width=\"696\" height=\"392\" src=\"https:\/\/www.youtube.com\/embed\/jhE5zY91p64?feature=oembed\" frameborder=\"0\" allow=\"accelerometer; autoplay; clipboard-write; encrypted-media; gyroscope; picture-in-picture; web-share\" allowfullscreen><\/iframe><\/p>\n<p><strong>Pour plus d&rsquo;informations et d&rsquo;analyses sur la <a href=\"https:\/\/www.africa-press.net\/cameroun\">Cameroun<\/a>, suivez <a href=\"https:\/\/www.africa-press.net\/\">Africa-Press<\/a><\/strong><\/p>\n","protected":false},"excerpt":{"rendered":"<p>Africa-Press &#8211; Cameroun. C\u2019est une de\u0301couverte totalement surprenante qui avait choque\u0301 toute la sce\u0300ne sociopolitique camerounaise et franc\u0327aise. Le consul adjoint Christian Andre\u0301 Marie Hue a perdu la vie, apparemment lui-me\u0302me s\u2019est suicide\u0301. Le journaliste Re\u0301my Ngono a re\u0301alise\u0301 un direct qu\u2019il a titre\u0301 : \u00ab Assassinat du vice-consul de France au Cameroun : la [&hellip;]<\/p>\n","protected":false},"author":82,"featured_media":50609,"comment_status":"open","ping_status":"closed","sticky":false,"template":"","format":"standard","meta":{"footnotes":""},"categories":[2,10,9],"tags":[36,50,49],"class_list":["post-50610","post","type-post","status-publish","format-standard","has-post-thumbnail","hentry","category-politique","category-toutes-les-actualites","category-video","tag-africa-press","tag-africa-press-cameroun","tag-cameroun"],"yoast_head":"<!-- This site is optimized with the Yoast SEO Premium plugin v26.1 (Yoast SEO v27.0) - https:\/\/yoast.com\/product\/yoast-seo-premium-wordpress\/ -->\n<title>Mort du vice-consul fran\u00e7ais : la v\u00e9rit\u00e9 \u00e9clate - Cameroun<\/title>\n<meta name=\"description\" content=\"C\u2019est une de\u0301couverte totalement surprenante qui avait choque\u0301 toute la sce\u0300ne sociopolitique camerounaise et franc\u0327aise ...\" \/>\n<meta name=\"robots\" content=\"index, follow, max-snippet:-1, max-image-preview:large, max-video-preview:-1\" \/>\n<link rel=\"canonical\" href=\"https:\/\/www.africa-press.net\/cameroun\/politique\/mort-du-vice-consul-francais-la-verite-eclate\" \/>\n<meta property=\"og:locale\" content=\"fr_FR\" \/>\n<meta property=\"og:type\" content=\"article\" \/>\n<meta property=\"og:title\" content=\"Mort du vice-consul fran\u00e7ais : la v\u00e9rit\u00e9 \u00e9clate\" \/>\n<meta property=\"og:description\" content=\"C\u2019est une de\u0301couverte totalement surprenante qui avait choque\u0301 toute la sce\u0300ne sociopolitique camerounaise et franc\u0327aise ...\" \/>\n<meta property=\"og:url\" content=\"https:\/\/www.africa-press.net\/cameroun\/politique\/mort-du-vice-consul-francais-la-verite-eclate\" \/>\n<meta property=\"og:site_name\" content=\"Cameroun\" \/>\n<meta property=\"article:published_time\" content=\"2023-09-12T23:13:32+00:00\" \/>\n<meta property=\"article:modified_time\" content=\"2023-09-12T23:56:58+00:00\" \/>\n<meta property=\"og:image\" content=\"https:\/\/static.africa-press.net\/cameroun\/sites\/57\/2023\/09\/sm_1694550011.669045.jpg\" \/>\n\t<meta property=\"og:image:width\" content=\"1280\" \/>\n\t<meta property=\"og:image:height\" content=\"720\" \/>\n\t<meta property=\"og:image:type\" content=\"image\/jpeg\" \/>\n<meta name=\"author\" content=\"cfeditorfr\" \/>\n<meta name=\"twitter:card\" content=\"summary_large_image\" \/>\n<meta name=\"twitter:label1\" content=\"\u00c9crit par\" \/>\n\t<meta name=\"twitter:data1\" content=\"cfeditorfr\" \/>\n\t<meta name=\"twitter:label2\" content=\"Dur\u00e9e de lecture estim\u00e9e\" \/>\n\t<meta name=\"twitter:data2\" content=\"2 minutes\" \/>\n<script type=\"application\/ld+json\" class=\"yoast-schema-graph\">{\"@context\":\"https:\/\/schema.org\",\"@graph\":[{\"@type\":\"Article\",\"@id\":\"https:\/\/www.africa-press.net\/cameroun\/politique\/mort-du-vice-consul-francais-la-verite-eclate#article\",\"isPartOf\":{\"@id\":\"https:\/\/www.africa-press.net\/cameroun\/politique\/mort-du-vice-consul-francais-la-verite-eclate\"},\"author\":{\"name\":\"cfeditorfr\",\"@id\":\"https:\/\/www.africa-press.net\/cameroun\/#\/schema\/person\/2b1cf3cd81a31e3cd26889ca66d677f1\"},\"headline\":\"Mort du vice-consul fran\u00e7ais : la v\u00e9rit\u00e9 \u00e9clate\",\"datePublished\":\"2023-09-12T23:13:32+00:00\",\"dateModified\":\"2023-09-12T23:56:58+00:00\",\"mainEntityOfPage\":{\"@id\":\"https:\/\/www.africa-press.net\/cameroun\/politique\/mort-du-vice-consul-francais-la-verite-eclate\"},\"wordCount\":494,\"commentCount\":0,\"image\":{\"@id\":\"https:\/\/www.africa-press.net\/cameroun\/politique\/mort-du-vice-consul-francais-la-verite-eclate#primaryimage\"},\"thumbnailUrl\":\"https:\/\/static.africa-press.net\/cameroun\/sites\/57\/2023\/09\/sm_1694550011.669045.jpg\",\"keywords\":[\"Africa Press\",\"Africa Press-Cameroun\",\"Cameroun\"],\"articleSection\":[\"Politique\",\"Toutes les actualit\u00e9s\",\"vid\u00e9o\"],\"inLanguage\":\"fr-FR\",\"potentialAction\":[{\"@type\":\"CommentAction\",\"name\":\"Comment\",\"target\":[\"https:\/\/www.africa-press.net\/cameroun\/politique\/mort-du-vice-consul-francais-la-verite-eclate#respond\"]}]},{\"@type\":\"WebPage\",\"@id\":\"https:\/\/www.africa-press.net\/cameroun\/politique\/mort-du-vice-consul-francais-la-verite-eclate\",\"url\":\"https:\/\/www.africa-press.net\/cameroun\/politique\/mort-du-vice-consul-francais-la-verite-eclate\",\"name\":\"Mort du vice-consul fran\u00e7ais : la v\u00e9rit\u00e9 \u00e9clate - Cameroun\",\"isPartOf\":{\"@id\":\"https:\/\/www.africa-press.net\/cameroun\/#website\"},\"primaryImageOfPage\":{\"@id\":\"https:\/\/www.africa-press.net\/cameroun\/politique\/mort-du-vice-consul-francais-la-verite-eclate#primaryimage\"},\"image\":{\"@id\":\"https:\/\/www.africa-press.net\/cameroun\/politique\/mort-du-vice-consul-francais-la-verite-eclate#primaryimage\"},\"thumbnailUrl\":\"https:\/\/static.africa-press.net\/cameroun\/sites\/57\/2023\/09\/sm_1694550011.669045.jpg\",\"datePublished\":\"2023-09-12T23:13:32+00:00\",\"dateModified\":\"2023-09-12T23:56:58+00:00\",\"author\":{\"@id\":\"https:\/\/www.africa-press.net\/cameroun\/#\/schema\/person\/2b1cf3cd81a31e3cd26889ca66d677f1\"},\"description\":\"C\u2019est une de\u0301couverte totalement surprenante qui avait choque\u0301 toute la sce\u0300ne sociopolitique camerounaise et franc\u0327aise ...\",\"breadcrumb\":{\"@id\":\"https:\/\/www.africa-press.net\/cameroun\/politique\/mort-du-vice-consul-francais-la-verite-eclate#breadcrumb\"},\"inLanguage\":\"fr-FR\",\"potentialAction\":[{\"@type\":\"ReadAction\",\"target\":[\"https:\/\/www.africa-press.net\/cameroun\/politique\/mort-du-vice-consul-francais-la-verite-eclate\"]}]},{\"@type\":\"ImageObject\",\"inLanguage\":\"fr-FR\",\"@id\":\"https:\/\/www.africa-press.net\/cameroun\/politique\/mort-du-vice-consul-francais-la-verite-eclate#primaryimage\",\"url\":\"https:\/\/static.africa-press.net\/cameroun\/sites\/57\/2023\/09\/sm_1694550011.669045.jpg\",\"contentUrl\":\"https:\/\/static.africa-press.net\/cameroun\/sites\/57\/2023\/09\/sm_1694550011.669045.jpg\",\"width\":1280,\"height\":720,\"caption\":\"Mort du vice-consul fran\u00e7ais : la v\u00e9rit\u00e9 \u00e9clate\"},{\"@type\":\"BreadcrumbList\",\"@id\":\"https:\/\/www.africa-press.net\/cameroun\/politique\/mort-du-vice-consul-francais-la-verite-eclate#breadcrumb\",\"itemListElement\":[{\"@type\":\"ListItem\",\"position\":1,\"name\":\"Accueil\",\"item\":\"https:\/\/www.africa-press.net\/cameroun\/\"},{\"@type\":\"ListItem\",\"position\":2,\"name\":\"Mort du vice-consul fran\u00e7ais : la v\u00e9rit\u00e9 \u00e9clate\"}]},{\"@type\":\"WebSite\",\"@id\":\"https:\/\/www.africa-press.net\/cameroun\/#website\",\"url\":\"https:\/\/www.africa-press.net\/cameroun\/\",\"name\":\"Cameroun\",\"description\":\"Just another Africa News Agency Sites site\",\"potentialAction\":[{\"@type\":\"SearchAction\",\"target\":{\"@type\":\"EntryPoint\",\"urlTemplate\":\"https:\/\/www.africa-press.net\/cameroun\/?s={search_term_string}\"},\"query-input\":{\"@type\":\"PropertyValueSpecification\",\"valueRequired\":true,\"valueName\":\"search_term_string\"}}],\"inLanguage\":\"fr-FR\"},{\"@type\":\"Person\",\"@id\":\"https:\/\/www.africa-press.net\/cameroun\/#\/schema\/person\/2b1cf3cd81a31e3cd26889ca66d677f1\",\"name\":\"cfeditorfr\"}]}<\/script>\n<!-- \/ Yoast SEO Premium plugin. -->","yoast_head_json":{"title":"Mort du vice-consul fran\u00e7ais : la v\u00e9rit\u00e9 \u00e9clate - Cameroun","description":"C\u2019est une de\u0301couverte totalement surprenante qui avait choque\u0301 toute la sce\u0300ne sociopolitique camerounaise et franc\u0327aise ...","robots":{"index":"index","follow":"follow","max-snippet":"max-snippet:-1","max-image-preview":"max-image-preview:large","max-video-preview":"max-video-preview:-1"},"canonical":"https:\/\/www.africa-press.net\/cameroun\/politique\/mort-du-vice-consul-francais-la-verite-eclate","og_locale":"fr_FR","og_type":"article","og_title":"Mort du vice-consul fran\u00e7ais : la v\u00e9rit\u00e9 \u00e9clate","og_description":"C\u2019est une de\u0301couverte totalement surprenante qui avait choque\u0301 toute la sce\u0300ne sociopolitique camerounaise et franc\u0327aise ...","og_url":"https:\/\/www.africa-press.net\/cameroun\/politique\/mort-du-vice-consul-francais-la-verite-eclate","og_site_name":"Cameroun","article_published_time":"2023-09-12T23:13:32+00:00","article_modified_time":"2023-09-12T23:56:58+00:00","og_image":[{"width":1280,"height":720,"url":"https:\/\/static.africa-press.net\/cameroun\/sites\/57\/2023\/09\/sm_1694550011.669045.jpg","type":"image\/jpeg"}],"author":"cfeditorfr","twitter_card":"summary_large_image","twitter_misc":{"\u00c9crit par":"cfeditorfr","Dur\u00e9e de lecture estim\u00e9e":"2 minutes"},"schema":{"@context":"https:\/\/schema.org","@graph":[{"@type":"Article","@id":"https:\/\/www.africa-press.net\/cameroun\/politique\/mort-du-vice-consul-francais-la-verite-eclate#article","isPartOf":{"@id":"https:\/\/www.africa-press.net\/cameroun\/politique\/mort-du-vice-consul-francais-la-verite-eclate"},"author":{"name":"cfeditorfr","@id":"https:\/\/www.africa-press.net\/cameroun\/#\/schema\/person\/2b1cf3cd81a31e3cd26889ca66d677f1"},"headline":"Mort du vice-consul fran\u00e7ais : la v\u00e9rit\u00e9 \u00e9clate","datePublished":"2023-09-12T23:13:32+00:00","dateModified":"2023-09-12T23:56:58+00:00","mainEntityOfPage":{"@id":"https:\/\/www.africa-press.net\/cameroun\/politique\/mort-du-vice-consul-francais-la-verite-eclate"},"wordCount":494,"commentCount":0,"image":{"@id":"https:\/\/www.africa-press.net\/cameroun\/politique\/mort-du-vice-consul-francais-la-verite-eclate#primaryimage"},"thumbnailUrl":"https:\/\/static.africa-press.net\/cameroun\/sites\/57\/2023\/09\/sm_1694550011.669045.jpg","keywords":["Africa Press","Africa Press-Cameroun","Cameroun"],"articleSection":["Politique","Toutes les actualit\u00e9s","vid\u00e9o"],"inLanguage":"fr-FR","potentialAction":[{"@type":"CommentAction","name":"Comment","target":["https:\/\/www.africa-press.net\/cameroun\/politique\/mort-du-vice-consul-francais-la-verite-eclate#respond"]}]},{"@type":"WebPage","@id":"https:\/\/www.africa-press.net\/cameroun\/politique\/mort-du-vice-consul-francais-la-verite-eclate","url":"https:\/\/www.africa-press.net\/cameroun\/politique\/mort-du-vice-consul-francais-la-verite-eclate","name":"Mort du vice-consul fran\u00e7ais : la v\u00e9rit\u00e9 \u00e9clate - Cameroun","isPartOf":{"@id":"https:\/\/www.africa-press.net\/cameroun\/#website"},"primaryImageOfPage":{"@id":"https:\/\/www.africa-press.net\/cameroun\/politique\/mort-du-vice-consul-francais-la-verite-eclate#primaryimage"},"image":{"@id":"https:\/\/www.africa-press.net\/cameroun\/politique\/mort-du-vice-consul-francais-la-verite-eclate#primaryimage"},"thumbnailUrl":"https:\/\/static.africa-press.net\/cameroun\/sites\/57\/2023\/09\/sm_1694550011.669045.jpg","datePublished":"2023-09-12T23:13:32+00:00","dateModified":"2023-09-12T23:56:58+00:00","author":{"@id":"https:\/\/www.africa-press.net\/cameroun\/#\/schema\/person\/2b1cf3cd81a31e3cd26889ca66d677f1"},"description":"C\u2019est une de\u0301couverte totalement surprenante qui avait choque\u0301 toute la sce\u0300ne sociopolitique camerounaise et franc\u0327aise ...","breadcrumb":{"@id":"https:\/\/www.africa-press.net\/cameroun\/politique\/mort-du-vice-consul-francais-la-verite-eclate#breadcrumb"},"inLanguage":"fr-FR","potentialAction":[{"@type":"ReadAction","target":["https:\/\/www.africa-press.net\/cameroun\/politique\/mort-du-vice-consul-francais-la-verite-eclate"]}]},{"@type":"ImageObject","inLanguage":"fr-FR","@id":"https:\/\/www.africa-press.net\/cameroun\/politique\/mort-du-vice-consul-francais-la-verite-eclate#primaryimage","url":"https:\/\/static.africa-press.net\/cameroun\/sites\/57\/2023\/09\/sm_1694550011.669045.jpg","contentUrl":"https:\/\/static.africa-press.net\/cameroun\/sites\/57\/2023\/09\/sm_1694550011.669045.jpg","width":1280,"height":720,"caption":"Mort du vice-consul fran\u00e7ais : la v\u00e9rit\u00e9 \u00e9clate"},{"@type":"BreadcrumbList","@id":"https:\/\/www.africa-press.net\/cameroun\/politique\/mort-du-vice-consul-francais-la-verite-eclate#breadcrumb","itemListElement":[{"@type":"ListItem","position":1,"name":"Accueil","item":"https:\/\/www.africa-press.net\/cameroun\/"},{"@type":"ListItem","position":2,"name":"Mort du vice-consul fran\u00e7ais : la v\u00e9rit\u00e9 \u00e9clate"}]},{"@type":"WebSite","@id":"https:\/\/www.africa-press.net\/cameroun\/#website","url":"https:\/\/www.africa-press.net\/cameroun\/","name":"Cameroun","description":"Just another Africa News Agency Sites site","potentialAction":[{"@type":"SearchAction","target":{"@type":"EntryPoint","urlTemplate":"https:\/\/www.africa-press.net\/cameroun\/?s={search_term_string}"},"query-input":{"@type":"PropertyValueSpecification","valueRequired":true,"valueName":"search_term_string"}}],"inLanguage":"fr-FR"},{"@type":"Person","@id":"https:\/\/www.africa-press.net\/cameroun\/#\/schema\/person\/2b1cf3cd81a31e3cd26889ca66d677f1","name":"cfeditorfr"}]}},"_links":{"self":[{"href":"https:\/\/www.africa-press.net\/cameroun\/wp-json\/wp\/v2\/posts\/50610","targetHints":{"allow":["GET"]}}],"collection":[{"href":"https:\/\/www.africa-press.net\/cameroun\/wp-json\/wp\/v2\/posts"}],"about":[{"href":"https:\/\/www.africa-press.net\/cameroun\/wp-json\/wp\/v2\/types\/post"}],"author":[{"embeddable":true,"href":"https:\/\/www.africa-press.net\/cameroun\/wp-json\/wp\/v2\/users\/82"}],"replies":[{"embeddable":true,"href":"https:\/\/www.africa-press.net\/cameroun\/wp-json\/wp\/v2\/comments?post=50610"}],"version-history":[{"count":0,"href":"https:\/\/www.africa-press.net\/cameroun\/wp-json\/wp\/v2\/posts\/50610\/revisions"}],"wp:featuredmedia":[{"embeddable":true,"href":"https:\/\/www.africa-press.net\/cameroun\/wp-json\/wp\/v2\/media\/50609"}],"wp:attachment":[{"href":"https:\/\/www.africa-press.net\/cameroun\/wp-json\/wp\/v2\/media?parent=50610"}],"wp:term":[{"taxonomy":"category","embeddable":true,"href":"https:\/\/www.africa-press.net\/cameroun\/wp-json\/wp\/v2\/categories?post=50610"},{"taxonomy":"post_tag","embeddable":true,"href":"https:\/\/www.africa-press.net\/cameroun\/wp-json\/wp\/v2\/tags?post=50610"}],"curies":[{"name":"wp","href":"https:\/\/api.w.org\/{rel}","templated":true}]}}