{"id":50650,"date":"2023-09-13T23:51:40","date_gmt":"2023-09-13T23:51:40","guid":{"rendered":"https:\/\/www.africa-press.net\/cameroun\/politique\/coup-detat-les-generaux-de-biya-encore-en-activite"},"modified":"2023-09-14T00:22:05","modified_gmt":"2023-09-14T00:22:05","slug":"coup-detat-les-generaux-de-biya-encore-en-activite","status":"publish","type":"post","link":"https:\/\/www.africa-press.net\/cameroun\/politique\/coup-detat-les-generaux-de-biya-encore-en-activite","title":{"rendered":"Coup d&rsquo;Etat : les g\u00e9n\u00e9raux de Biya encore en activit\u00e9"},"content":{"rendered":"<p><span style=\"color: #ff6600\"><strong>Africa-Press &#8211; Cameroun. <\/strong><\/span>Depuis 207, l\u2019arme\u0301e camerounaise a connu un mouvement a\u0300 sa te\u0302te. Plusieurs Ge\u0301ne\u0301raux sont admis a\u0300 la retraite. D\u2019autres, gra\u0302ce au service rendu et a\u0300 leur fide\u0301lite\u0301 a\u0300 Paul Biya, ont e\u0301te\u0301 promus.<\/p>\n<p>Toutes les ethnies du Cameroun sont repre\u0301sente\u0301es dans la hie\u0301rarchie de la grande muette. Elle est toujours dirige\u0301e par le Ge\u0301ne\u0301ral de corps d\u2019arme\u0301e Rene\u0301 Claude Meka.<\/p>\n<p>La re\u0301daction de CamerounWeb vous propose la liste comple\u0300te des Ge\u0301ne\u0301raux en activite\u0301 depuis 2017.<\/p>\n<p>Ge\u0301ne\u0301ral de corps d\u2019arme\u0301e Rene\u0301 Claude Meka, chef d\u2019e\u0301tat-major des arme\u0301es<\/p>\n<p>Ge\u0301ne\u0301ral de division Ivo Desancio Yenwo<\/p>\n<p>Ge\u0301ne\u0301ral de division Baba Souley, chef d\u2019e\u0301tat-major de l\u2019Arme\u0301e de terre<\/p>\n<p>Ge\u0301ne\u0301ral de division Camille Nkoa Atenga, contro\u0302leur ge\u0301ne\u0301ral des Arme\u0301es<\/p>\n<p>Ge\u0301ne\u0301ral de division Philippe Mpay<\/p>\n<p>Vice-amiral Guillaume Ngouah Ngally, inspecteur ge\u0301ne\u0301ral des Arme\u0301es<\/p>\n<p>Ge\u0301ne\u0301ral de division Saly Mohamadou<\/p>\n<p>Ge\u0301ne\u0301ral de division Hector Marie Tchemo<\/p>\n<p>Ge\u0301ne\u0301ral de division Esai\u0308e Ngambou<\/p>\n<p>Ge\u0301ne\u0301ral de brigade ae\u0301rienne Jean Calvin Momha, chef d\u2019e\u0301tat-major de l\u2019Arme\u0301e de l\u2019air<\/p>\n<p>Ge\u0301ne\u0301ral de brigade ae\u0301rienne Emmanuel Amougou<\/p>\n<p>Ge\u0301ne\u0301ral de brigade Hypolite Ebaka<\/p>\n<p>Ge\u0301ne\u0301ral de bridage Daniel Njock Elokobi<\/p>\n<p>Ge\u0301ne\u0301ral de brigade Ahmed Mahamat<\/p>\n<p>Contre-amiral Jean Mendoua, chef d\u2019e\u0301tat-major de l\u2019arme\u0301e marine<\/p>\n<p>Contre-amiral Joseph Fouda<\/p>\n<p>Contre-amiral Pierre Njine Djonkam<\/p>\n<p>Ge\u0301ne\u0301ral de brigade Bouba Dobekreo<\/p>\n<p>Ge\u0301ne\u0301ral de brigade Simon Ezo\u2019o Mvondo<\/p>\n<p>Ge\u0301ne\u0301ral de brigade Fre\u0301de\u0301ric Djonkep<\/p>\n<p>Ge\u0301ne\u0301ral de brigade Vale\u0300re Nka<\/p>\n<p>Ge\u0301ne\u0301ral de brigade HOUSSEINI DJIBO<\/p>\n<p>Ge\u0301ne\u0301ral de brigade LOUBAZAL<\/p>\n<p>Ge\u0301ne\u0301ral de brigade BETOTE<\/p>\n<p>Ge\u0301ne\u0301ral de brigade ESSOH Jules Cesar<\/p>\n<p>Ge\u0301ne\u0301ral de brigade EKONGWESSE<\/p>\n<p>Ge\u0301ne\u0301ral de brigade TOUNGUE<\/p>\n<p>Ge\u0301ne\u0301ral de brigade MELINGUI<\/p>\n<p>Ge\u0301ne\u0301ral de brigade NOUMA Joseph<\/p>\n<p>Ge\u0301ne\u0301ral de brigade AGA Robinson<\/p>\n<p>Ge\u0301ne\u0301ral de brigade ASSOUALAI<\/p>\n<p>Ge\u0301ne\u0301ral de brigade EBA EBA<\/p>\n<p>Nouvelle liste des Ge\u0301ne\u0301raux a\u0300 la retraite (Deuxie\u0300me section des cadres d\u2019officiers ge\u0301ne\u0301raux)<\/p>\n<p>Ge\u0301ne\u0301ral d\u2019arme\u0301e Pierre Semengue<\/p>\n<p>Ge\u0301ne\u0301ral de corps d\u2019arme\u0301e Nganso Sunji<\/p>\n<p>Ge\u0301ne\u0301ral de corps d\u2019arme\u0301e Oumaroudjam Yaya<\/p>\n<p>Ge\u0301ne\u0301ral de division Tataw Tabe James<\/p>\n<p>Ge\u0301ne\u0301ral de Division Samobo Pierre<\/p>\n<p>Ge\u0301ne\u0301ral de Division Obama Isodore,<\/p>\n<p>Ge\u0301ne\u0301ral de Division Angouand Laurent,<\/p>\n<p>Ge\u0301ne\u0301ral de Division Daganfounassou Simon Pierre<\/p>\n<p>Ge\u0301ne\u0301ral de Division Youmba Jean Rene\u0301<\/p>\n<p><strong>Pour plus d&rsquo;informations et d&rsquo;analyses sur la <a href=\"https:\/\/www.africa-press.net\/cameroun\">Cameroun<\/a>, suivez <a href=\"https:\/\/www.africa-press.net\/\">Africa-Press<\/a><\/strong><\/p>\n","protected":false},"excerpt":{"rendered":"<p>Africa-Press &#8211; Cameroun. Depuis 207, l\u2019arme\u0301e camerounaise a connu un mouvement a\u0300 sa te\u0302te. Plusieurs Ge\u0301ne\u0301raux sont admis a\u0300 la retraite. D\u2019autres, gra\u0302ce au service rendu et a\u0300 leur fide\u0301lite\u0301 a\u0300 Paul Biya, ont e\u0301te\u0301 promus. Toutes les ethnies du Cameroun sont repre\u0301sente\u0301es dans la hie\u0301rarchie de la grande muette. Elle est toujours dirige\u0301e par [&hellip;]<\/p>\n","protected":false},"author":82,"featured_media":50649,"comment_status":"open","ping_status":"closed","sticky":false,"template":"","format":"standard","meta":{"footnotes":""},"categories":[2,10],"tags":[36,50,49],"class_list":["post-50650","post","type-post","status-publish","format-standard","has-post-thumbnail","hentry","category-politique","category-toutes-les-actualites","tag-africa-press","tag-africa-press-cameroun","tag-cameroun"],"yoast_head":"<!-- This site is optimized with the Yoast SEO Premium plugin v26.1 (Yoast SEO v27.0) - https:\/\/yoast.com\/product\/yoast-seo-premium-wordpress\/ -->\n<title>Coup d&#039;Etat : les g\u00e9n\u00e9raux de Biya encore en activit\u00e9 - Cameroun<\/title>\n<meta name=\"description\" content=\"Depuis 207, l\u2019arme\u0301e camerounaise a connu un mouvement a\u0300 sa te\u0302te. Plusieurs Ge\u0301ne\u0301raux sont admis a\u0300 la retraite. D\u2019au ...\" \/>\n<meta name=\"robots\" content=\"index, follow, max-snippet:-1, max-image-preview:large, max-video-preview:-1\" \/>\n<link rel=\"canonical\" href=\"https:\/\/www.africa-press.net\/cameroun\/politique\/coup-detat-les-generaux-de-biya-encore-en-activite\" \/>\n<meta property=\"og:locale\" content=\"fr_FR\" \/>\n<meta property=\"og:type\" content=\"article\" \/>\n<meta property=\"og:title\" content=\"Coup d&#039;Etat : les g\u00e9n\u00e9raux de Biya encore en activit\u00e9\" \/>\n<meta property=\"og:description\" content=\"Depuis 207, l\u2019arme\u0301e camerounaise a connu un mouvement a\u0300 sa te\u0302te. Plusieurs Ge\u0301ne\u0301raux sont admis a\u0300 la retraite. D\u2019au ...\" \/>\n<meta property=\"og:url\" content=\"https:\/\/www.africa-press.net\/cameroun\/politique\/coup-detat-les-generaux-de-biya-encore-en-activite\" \/>\n<meta property=\"og:site_name\" content=\"Cameroun\" \/>\n<meta property=\"article:published_time\" content=\"2023-09-13T23:51:40+00:00\" \/>\n<meta property=\"article:modified_time\" content=\"2023-09-14T00:22:05+00:00\" \/>\n<meta property=\"og:image\" content=\"https:\/\/static.africa-press.net\/cameroun\/sites\/57\/2023\/09\/sm_1694638096.307032.jpg\" \/>\n\t<meta property=\"og:image:width\" content=\"720\" \/>\n\t<meta property=\"og:image:height\" content=\"360\" \/>\n\t<meta property=\"og:image:type\" content=\"image\/jpeg\" \/>\n<meta name=\"author\" content=\"cfeditorfr\" \/>\n<meta name=\"twitter:card\" content=\"summary_large_image\" \/>\n<meta name=\"twitter:label1\" content=\"\u00c9crit par\" \/>\n\t<meta name=\"twitter:data1\" content=\"cfeditorfr\" \/>\n\t<meta name=\"twitter:label2\" content=\"Dur\u00e9e de lecture estim\u00e9e\" \/>\n\t<meta name=\"twitter:data2\" content=\"2 minutes\" \/>\n<script type=\"application\/ld+json\" class=\"yoast-schema-graph\">{\"@context\":\"https:\/\/schema.org\",\"@graph\":[{\"@type\":\"Article\",\"@id\":\"https:\/\/www.africa-press.net\/cameroun\/politique\/coup-detat-les-generaux-de-biya-encore-en-activite#article\",\"isPartOf\":{\"@id\":\"https:\/\/www.africa-press.net\/cameroun\/politique\/coup-detat-les-generaux-de-biya-encore-en-activite\"},\"author\":{\"name\":\"cfeditorfr\",\"@id\":\"https:\/\/www.africa-press.net\/cameroun\/#\/schema\/person\/2b1cf3cd81a31e3cd26889ca66d677f1\"},\"headline\":\"Coup d&rsquo;Etat : les g\u00e9n\u00e9raux de Biya encore en activit\u00e9\",\"datePublished\":\"2023-09-13T23:51:40+00:00\",\"dateModified\":\"2023-09-14T00:22:05+00:00\",\"mainEntityOfPage\":{\"@id\":\"https:\/\/www.africa-press.net\/cameroun\/politique\/coup-detat-les-generaux-de-biya-encore-en-activite\"},\"wordCount\":489,\"commentCount\":0,\"image\":{\"@id\":\"https:\/\/www.africa-press.net\/cameroun\/politique\/coup-detat-les-generaux-de-biya-encore-en-activite#primaryimage\"},\"thumbnailUrl\":\"https:\/\/static.africa-press.net\/cameroun\/sites\/57\/2023\/09\/sm_1694638096.307032.jpg\",\"keywords\":[\"Africa Press\",\"Africa Press-Cameroun\",\"Cameroun\"],\"articleSection\":[\"Politique\",\"Toutes les actualit\u00e9s\"],\"inLanguage\":\"fr-FR\",\"potentialAction\":[{\"@type\":\"CommentAction\",\"name\":\"Comment\",\"target\":[\"https:\/\/www.africa-press.net\/cameroun\/politique\/coup-detat-les-generaux-de-biya-encore-en-activite#respond\"]}]},{\"@type\":\"WebPage\",\"@id\":\"https:\/\/www.africa-press.net\/cameroun\/politique\/coup-detat-les-generaux-de-biya-encore-en-activite\",\"url\":\"https:\/\/www.africa-press.net\/cameroun\/politique\/coup-detat-les-generaux-de-biya-encore-en-activite\",\"name\":\"Coup d'Etat : les g\u00e9n\u00e9raux de Biya encore en activit\u00e9 - Cameroun\",\"isPartOf\":{\"@id\":\"https:\/\/www.africa-press.net\/cameroun\/#website\"},\"primaryImageOfPage\":{\"@id\":\"https:\/\/www.africa-press.net\/cameroun\/politique\/coup-detat-les-generaux-de-biya-encore-en-activite#primaryimage\"},\"image\":{\"@id\":\"https:\/\/www.africa-press.net\/cameroun\/politique\/coup-detat-les-generaux-de-biya-encore-en-activite#primaryimage\"},\"thumbnailUrl\":\"https:\/\/static.africa-press.net\/cameroun\/sites\/57\/2023\/09\/sm_1694638096.307032.jpg\",\"datePublished\":\"2023-09-13T23:51:40+00:00\",\"dateModified\":\"2023-09-14T00:22:05+00:00\",\"author\":{\"@id\":\"https:\/\/www.africa-press.net\/cameroun\/#\/schema\/person\/2b1cf3cd81a31e3cd26889ca66d677f1\"},\"description\":\"Depuis 207, l\u2019arme\u0301e camerounaise a connu un mouvement a\u0300 sa te\u0302te. Plusieurs Ge\u0301ne\u0301raux sont admis a\u0300 la retraite. D\u2019au ...\",\"breadcrumb\":{\"@id\":\"https:\/\/www.africa-press.net\/cameroun\/politique\/coup-detat-les-generaux-de-biya-encore-en-activite#breadcrumb\"},\"inLanguage\":\"fr-FR\",\"potentialAction\":[{\"@type\":\"ReadAction\",\"target\":[\"https:\/\/www.africa-press.net\/cameroun\/politique\/coup-detat-les-generaux-de-biya-encore-en-activite\"]}]},{\"@type\":\"ImageObject\",\"inLanguage\":\"fr-FR\",\"@id\":\"https:\/\/www.africa-press.net\/cameroun\/politique\/coup-detat-les-generaux-de-biya-encore-en-activite#primaryimage\",\"url\":\"https:\/\/static.africa-press.net\/cameroun\/sites\/57\/2023\/09\/sm_1694638096.307032.jpg\",\"contentUrl\":\"https:\/\/static.africa-press.net\/cameroun\/sites\/57\/2023\/09\/sm_1694638096.307032.jpg\",\"width\":720,\"height\":360,\"caption\":\"Coup d'Etat : les g\u00e9n\u00e9raux de Biya encore en activit\u00e9\"},{\"@type\":\"BreadcrumbList\",\"@id\":\"https:\/\/www.africa-press.net\/cameroun\/politique\/coup-detat-les-generaux-de-biya-encore-en-activite#breadcrumb\",\"itemListElement\":[{\"@type\":\"ListItem\",\"position\":1,\"name\":\"Accueil\",\"item\":\"https:\/\/www.africa-press.net\/cameroun\/\"},{\"@type\":\"ListItem\",\"position\":2,\"name\":\"Coup d&#8217;Etat : les g\u00e9n\u00e9raux de Biya encore en activit\u00e9\"}]},{\"@type\":\"WebSite\",\"@id\":\"https:\/\/www.africa-press.net\/cameroun\/#website\",\"url\":\"https:\/\/www.africa-press.net\/cameroun\/\",\"name\":\"Cameroun\",\"description\":\"Just another Africa News Agency Sites site\",\"potentialAction\":[{\"@type\":\"SearchAction\",\"target\":{\"@type\":\"EntryPoint\",\"urlTemplate\":\"https:\/\/www.africa-press.net\/cameroun\/?s={search_term_string}\"},\"query-input\":{\"@type\":\"PropertyValueSpecification\",\"valueRequired\":true,\"valueName\":\"search_term_string\"}}],\"inLanguage\":\"fr-FR\"},{\"@type\":\"Person\",\"@id\":\"https:\/\/www.africa-press.net\/cameroun\/#\/schema\/person\/2b1cf3cd81a31e3cd26889ca66d677f1\",\"name\":\"cfeditorfr\"}]}<\/script>\n<!-- \/ Yoast SEO Premium plugin. -->","yoast_head_json":{"title":"Coup d'Etat : les g\u00e9n\u00e9raux de Biya encore en activit\u00e9 - Cameroun","description":"Depuis 207, l\u2019arme\u0301e camerounaise a connu un mouvement a\u0300 sa te\u0302te. Plusieurs Ge\u0301ne\u0301raux sont admis a\u0300 la retraite. D\u2019au ...","robots":{"index":"index","follow":"follow","max-snippet":"max-snippet:-1","max-image-preview":"max-image-preview:large","max-video-preview":"max-video-preview:-1"},"canonical":"https:\/\/www.africa-press.net\/cameroun\/politique\/coup-detat-les-generaux-de-biya-encore-en-activite","og_locale":"fr_FR","og_type":"article","og_title":"Coup d'Etat : les g\u00e9n\u00e9raux de Biya encore en activit\u00e9","og_description":"Depuis 207, l\u2019arme\u0301e camerounaise a connu un mouvement a\u0300 sa te\u0302te. Plusieurs Ge\u0301ne\u0301raux sont admis a\u0300 la retraite. D\u2019au ...","og_url":"https:\/\/www.africa-press.net\/cameroun\/politique\/coup-detat-les-generaux-de-biya-encore-en-activite","og_site_name":"Cameroun","article_published_time":"2023-09-13T23:51:40+00:00","article_modified_time":"2023-09-14T00:22:05+00:00","og_image":[{"width":720,"height":360,"url":"https:\/\/static.africa-press.net\/cameroun\/sites\/57\/2023\/09\/sm_1694638096.307032.jpg","type":"image\/jpeg"}],"author":"cfeditorfr","twitter_card":"summary_large_image","twitter_misc":{"\u00c9crit par":"cfeditorfr","Dur\u00e9e de lecture estim\u00e9e":"2 minutes"},"schema":{"@context":"https:\/\/schema.org","@graph":[{"@type":"Article","@id":"https:\/\/www.africa-press.net\/cameroun\/politique\/coup-detat-les-generaux-de-biya-encore-en-activite#article","isPartOf":{"@id":"https:\/\/www.africa-press.net\/cameroun\/politique\/coup-detat-les-generaux-de-biya-encore-en-activite"},"author":{"name":"cfeditorfr","@id":"https:\/\/www.africa-press.net\/cameroun\/#\/schema\/person\/2b1cf3cd81a31e3cd26889ca66d677f1"},"headline":"Coup d&rsquo;Etat : les g\u00e9n\u00e9raux de Biya encore en activit\u00e9","datePublished":"2023-09-13T23:51:40+00:00","dateModified":"2023-09-14T00:22:05+00:00","mainEntityOfPage":{"@id":"https:\/\/www.africa-press.net\/cameroun\/politique\/coup-detat-les-generaux-de-biya-encore-en-activite"},"wordCount":489,"commentCount":0,"image":{"@id":"https:\/\/www.africa-press.net\/cameroun\/politique\/coup-detat-les-generaux-de-biya-encore-en-activite#primaryimage"},"thumbnailUrl":"https:\/\/static.africa-press.net\/cameroun\/sites\/57\/2023\/09\/sm_1694638096.307032.jpg","keywords":["Africa Press","Africa Press-Cameroun","Cameroun"],"articleSection":["Politique","Toutes les actualit\u00e9s"],"inLanguage":"fr-FR","potentialAction":[{"@type":"CommentAction","name":"Comment","target":["https:\/\/www.africa-press.net\/cameroun\/politique\/coup-detat-les-generaux-de-biya-encore-en-activite#respond"]}]},{"@type":"WebPage","@id":"https:\/\/www.africa-press.net\/cameroun\/politique\/coup-detat-les-generaux-de-biya-encore-en-activite","url":"https:\/\/www.africa-press.net\/cameroun\/politique\/coup-detat-les-generaux-de-biya-encore-en-activite","name":"Coup d'Etat : les g\u00e9n\u00e9raux de Biya encore en activit\u00e9 - Cameroun","isPartOf":{"@id":"https:\/\/www.africa-press.net\/cameroun\/#website"},"primaryImageOfPage":{"@id":"https:\/\/www.africa-press.net\/cameroun\/politique\/coup-detat-les-generaux-de-biya-encore-en-activite#primaryimage"},"image":{"@id":"https:\/\/www.africa-press.net\/cameroun\/politique\/coup-detat-les-generaux-de-biya-encore-en-activite#primaryimage"},"thumbnailUrl":"https:\/\/static.africa-press.net\/cameroun\/sites\/57\/2023\/09\/sm_1694638096.307032.jpg","datePublished":"2023-09-13T23:51:40+00:00","dateModified":"2023-09-14T00:22:05+00:00","author":{"@id":"https:\/\/www.africa-press.net\/cameroun\/#\/schema\/person\/2b1cf3cd81a31e3cd26889ca66d677f1"},"description":"Depuis 207, l\u2019arme\u0301e camerounaise a connu un mouvement a\u0300 sa te\u0302te. Plusieurs Ge\u0301ne\u0301raux sont admis a\u0300 la retraite. D\u2019au ...","breadcrumb":{"@id":"https:\/\/www.africa-press.net\/cameroun\/politique\/coup-detat-les-generaux-de-biya-encore-en-activite#breadcrumb"},"inLanguage":"fr-FR","potentialAction":[{"@type":"ReadAction","target":["https:\/\/www.africa-press.net\/cameroun\/politique\/coup-detat-les-generaux-de-biya-encore-en-activite"]}]},{"@type":"ImageObject","inLanguage":"fr-FR","@id":"https:\/\/www.africa-press.net\/cameroun\/politique\/coup-detat-les-generaux-de-biya-encore-en-activite#primaryimage","url":"https:\/\/static.africa-press.net\/cameroun\/sites\/57\/2023\/09\/sm_1694638096.307032.jpg","contentUrl":"https:\/\/static.africa-press.net\/cameroun\/sites\/57\/2023\/09\/sm_1694638096.307032.jpg","width":720,"height":360,"caption":"Coup d'Etat : les g\u00e9n\u00e9raux de Biya encore en activit\u00e9"},{"@type":"BreadcrumbList","@id":"https:\/\/www.africa-press.net\/cameroun\/politique\/coup-detat-les-generaux-de-biya-encore-en-activite#breadcrumb","itemListElement":[{"@type":"ListItem","position":1,"name":"Accueil","item":"https:\/\/www.africa-press.net\/cameroun\/"},{"@type":"ListItem","position":2,"name":"Coup d&#8217;Etat : les g\u00e9n\u00e9raux de Biya encore en activit\u00e9"}]},{"@type":"WebSite","@id":"https:\/\/www.africa-press.net\/cameroun\/#website","url":"https:\/\/www.africa-press.net\/cameroun\/","name":"Cameroun","description":"Just another Africa News Agency Sites site","potentialAction":[{"@type":"SearchAction","target":{"@type":"EntryPoint","urlTemplate":"https:\/\/www.africa-press.net\/cameroun\/?s={search_term_string}"},"query-input":{"@type":"PropertyValueSpecification","valueRequired":true,"valueName":"search_term_string"}}],"inLanguage":"fr-FR"},{"@type":"Person","@id":"https:\/\/www.africa-press.net\/cameroun\/#\/schema\/person\/2b1cf3cd81a31e3cd26889ca66d677f1","name":"cfeditorfr"}]}},"_links":{"self":[{"href":"https:\/\/www.africa-press.net\/cameroun\/wp-json\/wp\/v2\/posts\/50650","targetHints":{"allow":["GET"]}}],"collection":[{"href":"https:\/\/www.africa-press.net\/cameroun\/wp-json\/wp\/v2\/posts"}],"about":[{"href":"https:\/\/www.africa-press.net\/cameroun\/wp-json\/wp\/v2\/types\/post"}],"author":[{"embeddable":true,"href":"https:\/\/www.africa-press.net\/cameroun\/wp-json\/wp\/v2\/users\/82"}],"replies":[{"embeddable":true,"href":"https:\/\/www.africa-press.net\/cameroun\/wp-json\/wp\/v2\/comments?post=50650"}],"version-history":[{"count":0,"href":"https:\/\/www.africa-press.net\/cameroun\/wp-json\/wp\/v2\/posts\/50650\/revisions"}],"wp:featuredmedia":[{"embeddable":true,"href":"https:\/\/www.africa-press.net\/cameroun\/wp-json\/wp\/v2\/media\/50649"}],"wp:attachment":[{"href":"https:\/\/www.africa-press.net\/cameroun\/wp-json\/wp\/v2\/media?parent=50650"}],"wp:term":[{"taxonomy":"category","embeddable":true,"href":"https:\/\/www.africa-press.net\/cameroun\/wp-json\/wp\/v2\/categories?post=50650"},{"taxonomy":"post_tag","embeddable":true,"href":"https:\/\/www.africa-press.net\/cameroun\/wp-json\/wp\/v2\/tags?post=50650"}],"curies":[{"name":"wp","href":"https:\/\/api.w.org\/{rel}","templated":true}]}}