{"id":50687,"date":"2023-09-14T12:36:50","date_gmt":"2023-09-14T12:36:50","guid":{"rendered":"https:\/\/www.africa-press.net\/cameroun\/politique\/maurice-kamto-rappelle-pour-que-tous-le-sachent-lessence-du-combat-du-mrc"},"modified":"2023-09-14T12:43:36","modified_gmt":"2023-09-14T12:43:36","slug":"maurice-kamto-rappelle-pour-que-tous-le-sachent-lessence-du-combat-du-mrc","status":"publish","type":"post","link":"https:\/\/www.africa-press.net\/cameroun\/politique\/maurice-kamto-rappelle-pour-que-tous-le-sachent-lessence-du-combat-du-mrc","title":{"rendered":"Maurice Kamto rappelle pour que tous le sachent, l&rsquo;essence du combat du MRC"},"content":{"rendered":"<p><span style=\"color: #ff6600\"><strong>Africa-Press &#8211; Cameroun. <\/strong><\/span>Pour le pre\u0301sident national du Mouvement de la Renaissance du Cameroun (MRC), a re\u0301cemment fait une sortie pour comme\u0301morer l&rsquo;assassinat du he\u0301ro nationaliste Ruben Um Nyobe.<\/p>\n<p>Dans cette sortie, le Prof Maurice Kamto a profite\u0301 pour rappeler a\u0300 l&rsquo;opinion, les vrais combats du MRC, qui cadrent avec la lutte qu&rsquo;a faite Um Nyobe et pour laquelle il a e\u0301te\u0301 tue\u0301 il y a 65 ans.<\/p>\n<p>Communique\u0301<\/p>\n<p>\u00ab\u00a0Le 13 septembre 1958, Ruben UM NYOBE, le Secre\u0301taire ge\u0301ne\u0301ral de l&rsquo;Union des Populations du Cameroun (UPC) e\u0301tait assassine\u0301 a\u0300 Boumyebel par les forces e\u0301trange\u0300res et leurs supple\u0301tifs camerounais et africains, en raison de son amour pour son pays, le Cameroun.<\/p>\n<p>65 ans apre\u0300s cet assassinat a\u0300 la suite duquel notre pays acce\u0301da, de\u0301soriente\u0301, a\u0300 l&rsquo; inde\u0301pendance, le combat du Mpodol demeure d&rsquo;actualite\u0301 malgre\u0301 toutes les trahisons &#8211; et elles furent et demeurent nombreuses.<\/p>\n<p>En effet, la question de l&rsquo;e\u0301mancipation strate\u0301gique du Cameroun et de l&rsquo;e\u0301le\u0301vation du niveau de vie de nos compatriotes que posait UM NYOBE et ses camarades reste entie\u0300re.<\/p>\n<p>De\u0300s sa cre\u0301ation, le Mouvement pour la Renaissance du Cameroun (MRC) s&rsquo;est inscrit dans le combat politique authentique de ce patriote courageux et de ses compagnons, dignes fils et filles de notre pays. C&rsquo;est le combat de tous les Camerounais. Il doit s&rsquo;inscrire dans la lutte pour la dignite\u0301 des Africains et la construction d&rsquo;une Afrique forte, qui s&rsquo;impose dans le concert des Etats et des Peuples du monde et coope\u0300re avec les uns et les autres dans le respect mutuel\u00a0\u00bb.<\/p>\n<p><strong>Pour plus d&rsquo;informations et d&rsquo;analyses sur la <a href=\"https:\/\/www.africa-press.net\/cameroun\">Cameroun<\/a>, suivez <a href=\"https:\/\/www.africa-press.net\/\">Africa-Press<\/a><\/strong><\/p>\n","protected":false},"excerpt":{"rendered":"<p>Africa-Press &#8211; Cameroun. Pour le pre\u0301sident national du Mouvement de la Renaissance du Cameroun (MRC), a re\u0301cemment fait une sortie pour comme\u0301morer l&rsquo;assassinat du he\u0301ro nationaliste Ruben Um Nyobe. Dans cette sortie, le Prof Maurice Kamto a profite\u0301 pour rappeler a\u0300 l&rsquo;opinion, les vrais combats du MRC, qui cadrent avec la lutte qu&rsquo;a faite Um [&hellip;]<\/p>\n","protected":false},"author":82,"featured_media":50684,"comment_status":"open","ping_status":"closed","sticky":false,"template":"","format":"standard","meta":{"footnotes":""},"categories":[2,10],"tags":[36,50,49],"class_list":["post-50687","post","type-post","status-publish","format-standard","has-post-thumbnail","hentry","category-politique","category-toutes-les-actualites","tag-africa-press","tag-africa-press-cameroun","tag-cameroun"],"yoast_head":"<!-- This site is optimized with the Yoast SEO Premium plugin v26.1 (Yoast SEO v27.0) - https:\/\/yoast.com\/product\/yoast-seo-premium-wordpress\/ -->\n<title>Maurice Kamto rappelle pour que tous le sachent, l&#039;essence du combat du MRC - Cameroun<\/title>\n<meta name=\"description\" content=\"Pour le pre\u0301sident national du Mouvement de la Renaissance du Cameroun (MRC), a re\u0301cemment fait une sortie pour comme\u0301mo ...\" \/>\n<meta name=\"robots\" content=\"index, follow, max-snippet:-1, max-image-preview:large, max-video-preview:-1\" \/>\n<link rel=\"canonical\" href=\"https:\/\/www.africa-press.net\/cameroun\/politique\/maurice-kamto-rappelle-pour-que-tous-le-sachent-lessence-du-combat-du-mrc\" \/>\n<meta property=\"og:locale\" content=\"fr_FR\" \/>\n<meta property=\"og:type\" content=\"article\" \/>\n<meta property=\"og:title\" content=\"Maurice Kamto rappelle pour que tous le sachent, l&#039;essence du combat du MRC\" \/>\n<meta property=\"og:description\" content=\"Pour le pre\u0301sident national du Mouvement de la Renaissance du Cameroun (MRC), a re\u0301cemment fait une sortie pour comme\u0301mo ...\" \/>\n<meta property=\"og:url\" content=\"https:\/\/www.africa-press.net\/cameroun\/politique\/maurice-kamto-rappelle-pour-que-tous-le-sachent-lessence-du-combat-du-mrc\" \/>\n<meta property=\"og:site_name\" content=\"Cameroun\" \/>\n<meta property=\"article:published_time\" content=\"2023-09-14T12:36:50+00:00\" \/>\n<meta property=\"article:modified_time\" content=\"2023-09-14T12:43:36+00:00\" \/>\n<meta property=\"og:image\" content=\"https:\/\/static.africa-press.net\/cameroun\/sites\/57\/2023\/09\/sm_1694682606.32723.jpg\" \/>\n\t<meta property=\"og:image:width\" content=\"720\" \/>\n\t<meta property=\"og:image:height\" content=\"360\" \/>\n\t<meta property=\"og:image:type\" content=\"image\/jpeg\" \/>\n<meta name=\"author\" content=\"cfeditorfr\" \/>\n<meta name=\"twitter:card\" content=\"summary_large_image\" \/>\n<meta name=\"twitter:label1\" content=\"\u00c9crit par\" \/>\n\t<meta name=\"twitter:data1\" content=\"cfeditorfr\" \/>\n\t<meta name=\"twitter:label2\" content=\"Dur\u00e9e de lecture estim\u00e9e\" \/>\n\t<meta name=\"twitter:data2\" content=\"2 minutes\" \/>\n<script type=\"application\/ld+json\" class=\"yoast-schema-graph\">{\"@context\":\"https:\/\/schema.org\",\"@graph\":[{\"@type\":\"Article\",\"@id\":\"https:\/\/www.africa-press.net\/cameroun\/politique\/maurice-kamto-rappelle-pour-que-tous-le-sachent-lessence-du-combat-du-mrc#article\",\"isPartOf\":{\"@id\":\"https:\/\/www.africa-press.net\/cameroun\/politique\/maurice-kamto-rappelle-pour-que-tous-le-sachent-lessence-du-combat-du-mrc\"},\"author\":{\"name\":\"cfeditorfr\",\"@id\":\"https:\/\/www.africa-press.net\/cameroun\/#\/schema\/person\/2b1cf3cd81a31e3cd26889ca66d677f1\"},\"headline\":\"Maurice Kamto rappelle pour que tous le sachent, l&rsquo;essence du combat du MRC\",\"datePublished\":\"2023-09-14T12:36:50+00:00\",\"dateModified\":\"2023-09-14T12:43:36+00:00\",\"mainEntityOfPage\":{\"@id\":\"https:\/\/www.africa-press.net\/cameroun\/politique\/maurice-kamto-rappelle-pour-que-tous-le-sachent-lessence-du-combat-du-mrc\"},\"wordCount\":310,\"commentCount\":0,\"image\":{\"@id\":\"https:\/\/www.africa-press.net\/cameroun\/politique\/maurice-kamto-rappelle-pour-que-tous-le-sachent-lessence-du-combat-du-mrc#primaryimage\"},\"thumbnailUrl\":\"https:\/\/static.africa-press.net\/cameroun\/sites\/57\/2023\/09\/sm_1694682606.32723.jpg\",\"keywords\":[\"Africa Press\",\"Africa Press-Cameroun\",\"Cameroun\"],\"articleSection\":[\"Politique\",\"Toutes les actualit\u00e9s\"],\"inLanguage\":\"fr-FR\",\"potentialAction\":[{\"@type\":\"CommentAction\",\"name\":\"Comment\",\"target\":[\"https:\/\/www.africa-press.net\/cameroun\/politique\/maurice-kamto-rappelle-pour-que-tous-le-sachent-lessence-du-combat-du-mrc#respond\"]}]},{\"@type\":\"WebPage\",\"@id\":\"https:\/\/www.africa-press.net\/cameroun\/politique\/maurice-kamto-rappelle-pour-que-tous-le-sachent-lessence-du-combat-du-mrc\",\"url\":\"https:\/\/www.africa-press.net\/cameroun\/politique\/maurice-kamto-rappelle-pour-que-tous-le-sachent-lessence-du-combat-du-mrc\",\"name\":\"Maurice Kamto rappelle pour que tous le sachent, l'essence du combat du MRC - Cameroun\",\"isPartOf\":{\"@id\":\"https:\/\/www.africa-press.net\/cameroun\/#website\"},\"primaryImageOfPage\":{\"@id\":\"https:\/\/www.africa-press.net\/cameroun\/politique\/maurice-kamto-rappelle-pour-que-tous-le-sachent-lessence-du-combat-du-mrc#primaryimage\"},\"image\":{\"@id\":\"https:\/\/www.africa-press.net\/cameroun\/politique\/maurice-kamto-rappelle-pour-que-tous-le-sachent-lessence-du-combat-du-mrc#primaryimage\"},\"thumbnailUrl\":\"https:\/\/static.africa-press.net\/cameroun\/sites\/57\/2023\/09\/sm_1694682606.32723.jpg\",\"datePublished\":\"2023-09-14T12:36:50+00:00\",\"dateModified\":\"2023-09-14T12:43:36+00:00\",\"author\":{\"@id\":\"https:\/\/www.africa-press.net\/cameroun\/#\/schema\/person\/2b1cf3cd81a31e3cd26889ca66d677f1\"},\"description\":\"Pour le pre\u0301sident national du Mouvement de la Renaissance du Cameroun (MRC), a re\u0301cemment fait une sortie pour comme\u0301mo ...\",\"breadcrumb\":{\"@id\":\"https:\/\/www.africa-press.net\/cameroun\/politique\/maurice-kamto-rappelle-pour-que-tous-le-sachent-lessence-du-combat-du-mrc#breadcrumb\"},\"inLanguage\":\"fr-FR\",\"potentialAction\":[{\"@type\":\"ReadAction\",\"target\":[\"https:\/\/www.africa-press.net\/cameroun\/politique\/maurice-kamto-rappelle-pour-que-tous-le-sachent-lessence-du-combat-du-mrc\"]}]},{\"@type\":\"ImageObject\",\"inLanguage\":\"fr-FR\",\"@id\":\"https:\/\/www.africa-press.net\/cameroun\/politique\/maurice-kamto-rappelle-pour-que-tous-le-sachent-lessence-du-combat-du-mrc#primaryimage\",\"url\":\"https:\/\/static.africa-press.net\/cameroun\/sites\/57\/2023\/09\/sm_1694682606.32723.jpg\",\"contentUrl\":\"https:\/\/static.africa-press.net\/cameroun\/sites\/57\/2023\/09\/sm_1694682606.32723.jpg\",\"width\":720,\"height\":360,\"caption\":\"Maurice Kamto rappelle pour que tous le sachent, l'essence du combat du MRC\"},{\"@type\":\"BreadcrumbList\",\"@id\":\"https:\/\/www.africa-press.net\/cameroun\/politique\/maurice-kamto-rappelle-pour-que-tous-le-sachent-lessence-du-combat-du-mrc#breadcrumb\",\"itemListElement\":[{\"@type\":\"ListItem\",\"position\":1,\"name\":\"Accueil\",\"item\":\"https:\/\/www.africa-press.net\/cameroun\/\"},{\"@type\":\"ListItem\",\"position\":2,\"name\":\"Maurice Kamto rappelle pour que tous le sachent, l&#8217;essence du combat du MRC\"}]},{\"@type\":\"WebSite\",\"@id\":\"https:\/\/www.africa-press.net\/cameroun\/#website\",\"url\":\"https:\/\/www.africa-press.net\/cameroun\/\",\"name\":\"Cameroun\",\"description\":\"Just another Africa News Agency Sites site\",\"potentialAction\":[{\"@type\":\"SearchAction\",\"target\":{\"@type\":\"EntryPoint\",\"urlTemplate\":\"https:\/\/www.africa-press.net\/cameroun\/?s={search_term_string}\"},\"query-input\":{\"@type\":\"PropertyValueSpecification\",\"valueRequired\":true,\"valueName\":\"search_term_string\"}}],\"inLanguage\":\"fr-FR\"},{\"@type\":\"Person\",\"@id\":\"https:\/\/www.africa-press.net\/cameroun\/#\/schema\/person\/2b1cf3cd81a31e3cd26889ca66d677f1\",\"name\":\"cfeditorfr\"}]}<\/script>\n<!-- \/ Yoast SEO Premium plugin. -->","yoast_head_json":{"title":"Maurice Kamto rappelle pour que tous le sachent, l'essence du combat du MRC - Cameroun","description":"Pour le pre\u0301sident national du Mouvement de la Renaissance du Cameroun (MRC), a re\u0301cemment fait une sortie pour comme\u0301mo ...","robots":{"index":"index","follow":"follow","max-snippet":"max-snippet:-1","max-image-preview":"max-image-preview:large","max-video-preview":"max-video-preview:-1"},"canonical":"https:\/\/www.africa-press.net\/cameroun\/politique\/maurice-kamto-rappelle-pour-que-tous-le-sachent-lessence-du-combat-du-mrc","og_locale":"fr_FR","og_type":"article","og_title":"Maurice Kamto rappelle pour que tous le sachent, l'essence du combat du MRC","og_description":"Pour le pre\u0301sident national du Mouvement de la Renaissance du Cameroun (MRC), a re\u0301cemment fait une sortie pour comme\u0301mo ...","og_url":"https:\/\/www.africa-press.net\/cameroun\/politique\/maurice-kamto-rappelle-pour-que-tous-le-sachent-lessence-du-combat-du-mrc","og_site_name":"Cameroun","article_published_time":"2023-09-14T12:36:50+00:00","article_modified_time":"2023-09-14T12:43:36+00:00","og_image":[{"width":720,"height":360,"url":"https:\/\/static.africa-press.net\/cameroun\/sites\/57\/2023\/09\/sm_1694682606.32723.jpg","type":"image\/jpeg"}],"author":"cfeditorfr","twitter_card":"summary_large_image","twitter_misc":{"\u00c9crit par":"cfeditorfr","Dur\u00e9e de lecture estim\u00e9e":"2 minutes"},"schema":{"@context":"https:\/\/schema.org","@graph":[{"@type":"Article","@id":"https:\/\/www.africa-press.net\/cameroun\/politique\/maurice-kamto-rappelle-pour-que-tous-le-sachent-lessence-du-combat-du-mrc#article","isPartOf":{"@id":"https:\/\/www.africa-press.net\/cameroun\/politique\/maurice-kamto-rappelle-pour-que-tous-le-sachent-lessence-du-combat-du-mrc"},"author":{"name":"cfeditorfr","@id":"https:\/\/www.africa-press.net\/cameroun\/#\/schema\/person\/2b1cf3cd81a31e3cd26889ca66d677f1"},"headline":"Maurice Kamto rappelle pour que tous le sachent, l&rsquo;essence du combat du MRC","datePublished":"2023-09-14T12:36:50+00:00","dateModified":"2023-09-14T12:43:36+00:00","mainEntityOfPage":{"@id":"https:\/\/www.africa-press.net\/cameroun\/politique\/maurice-kamto-rappelle-pour-que-tous-le-sachent-lessence-du-combat-du-mrc"},"wordCount":310,"commentCount":0,"image":{"@id":"https:\/\/www.africa-press.net\/cameroun\/politique\/maurice-kamto-rappelle-pour-que-tous-le-sachent-lessence-du-combat-du-mrc#primaryimage"},"thumbnailUrl":"https:\/\/static.africa-press.net\/cameroun\/sites\/57\/2023\/09\/sm_1694682606.32723.jpg","keywords":["Africa Press","Africa Press-Cameroun","Cameroun"],"articleSection":["Politique","Toutes les actualit\u00e9s"],"inLanguage":"fr-FR","potentialAction":[{"@type":"CommentAction","name":"Comment","target":["https:\/\/www.africa-press.net\/cameroun\/politique\/maurice-kamto-rappelle-pour-que-tous-le-sachent-lessence-du-combat-du-mrc#respond"]}]},{"@type":"WebPage","@id":"https:\/\/www.africa-press.net\/cameroun\/politique\/maurice-kamto-rappelle-pour-que-tous-le-sachent-lessence-du-combat-du-mrc","url":"https:\/\/www.africa-press.net\/cameroun\/politique\/maurice-kamto-rappelle-pour-que-tous-le-sachent-lessence-du-combat-du-mrc","name":"Maurice Kamto rappelle pour que tous le sachent, l'essence du combat du MRC - Cameroun","isPartOf":{"@id":"https:\/\/www.africa-press.net\/cameroun\/#website"},"primaryImageOfPage":{"@id":"https:\/\/www.africa-press.net\/cameroun\/politique\/maurice-kamto-rappelle-pour-que-tous-le-sachent-lessence-du-combat-du-mrc#primaryimage"},"image":{"@id":"https:\/\/www.africa-press.net\/cameroun\/politique\/maurice-kamto-rappelle-pour-que-tous-le-sachent-lessence-du-combat-du-mrc#primaryimage"},"thumbnailUrl":"https:\/\/static.africa-press.net\/cameroun\/sites\/57\/2023\/09\/sm_1694682606.32723.jpg","datePublished":"2023-09-14T12:36:50+00:00","dateModified":"2023-09-14T12:43:36+00:00","author":{"@id":"https:\/\/www.africa-press.net\/cameroun\/#\/schema\/person\/2b1cf3cd81a31e3cd26889ca66d677f1"},"description":"Pour le pre\u0301sident national du Mouvement de la Renaissance du Cameroun (MRC), a re\u0301cemment fait une sortie pour comme\u0301mo ...","breadcrumb":{"@id":"https:\/\/www.africa-press.net\/cameroun\/politique\/maurice-kamto-rappelle-pour-que-tous-le-sachent-lessence-du-combat-du-mrc#breadcrumb"},"inLanguage":"fr-FR","potentialAction":[{"@type":"ReadAction","target":["https:\/\/www.africa-press.net\/cameroun\/politique\/maurice-kamto-rappelle-pour-que-tous-le-sachent-lessence-du-combat-du-mrc"]}]},{"@type":"ImageObject","inLanguage":"fr-FR","@id":"https:\/\/www.africa-press.net\/cameroun\/politique\/maurice-kamto-rappelle-pour-que-tous-le-sachent-lessence-du-combat-du-mrc#primaryimage","url":"https:\/\/static.africa-press.net\/cameroun\/sites\/57\/2023\/09\/sm_1694682606.32723.jpg","contentUrl":"https:\/\/static.africa-press.net\/cameroun\/sites\/57\/2023\/09\/sm_1694682606.32723.jpg","width":720,"height":360,"caption":"Maurice Kamto rappelle pour que tous le sachent, l'essence du combat du MRC"},{"@type":"BreadcrumbList","@id":"https:\/\/www.africa-press.net\/cameroun\/politique\/maurice-kamto-rappelle-pour-que-tous-le-sachent-lessence-du-combat-du-mrc#breadcrumb","itemListElement":[{"@type":"ListItem","position":1,"name":"Accueil","item":"https:\/\/www.africa-press.net\/cameroun\/"},{"@type":"ListItem","position":2,"name":"Maurice Kamto rappelle pour que tous le sachent, l&#8217;essence du combat du MRC"}]},{"@type":"WebSite","@id":"https:\/\/www.africa-press.net\/cameroun\/#website","url":"https:\/\/www.africa-press.net\/cameroun\/","name":"Cameroun","description":"Just another Africa News Agency Sites site","potentialAction":[{"@type":"SearchAction","target":{"@type":"EntryPoint","urlTemplate":"https:\/\/www.africa-press.net\/cameroun\/?s={search_term_string}"},"query-input":{"@type":"PropertyValueSpecification","valueRequired":true,"valueName":"search_term_string"}}],"inLanguage":"fr-FR"},{"@type":"Person","@id":"https:\/\/www.africa-press.net\/cameroun\/#\/schema\/person\/2b1cf3cd81a31e3cd26889ca66d677f1","name":"cfeditorfr"}]}},"_links":{"self":[{"href":"https:\/\/www.africa-press.net\/cameroun\/wp-json\/wp\/v2\/posts\/50687","targetHints":{"allow":["GET"]}}],"collection":[{"href":"https:\/\/www.africa-press.net\/cameroun\/wp-json\/wp\/v2\/posts"}],"about":[{"href":"https:\/\/www.africa-press.net\/cameroun\/wp-json\/wp\/v2\/types\/post"}],"author":[{"embeddable":true,"href":"https:\/\/www.africa-press.net\/cameroun\/wp-json\/wp\/v2\/users\/82"}],"replies":[{"embeddable":true,"href":"https:\/\/www.africa-press.net\/cameroun\/wp-json\/wp\/v2\/comments?post=50687"}],"version-history":[{"count":0,"href":"https:\/\/www.africa-press.net\/cameroun\/wp-json\/wp\/v2\/posts\/50687\/revisions"}],"wp:featuredmedia":[{"embeddable":true,"href":"https:\/\/www.africa-press.net\/cameroun\/wp-json\/wp\/v2\/media\/50684"}],"wp:attachment":[{"href":"https:\/\/www.africa-press.net\/cameroun\/wp-json\/wp\/v2\/media?parent=50687"}],"wp:term":[{"taxonomy":"category","embeddable":true,"href":"https:\/\/www.africa-press.net\/cameroun\/wp-json\/wp\/v2\/categories?post=50687"},{"taxonomy":"post_tag","embeddable":true,"href":"https:\/\/www.africa-press.net\/cameroun\/wp-json\/wp\/v2\/tags?post=50687"}],"curies":[{"name":"wp","href":"https:\/\/api.w.org\/{rel}","templated":true}]}}