{"id":50690,"date":"2023-09-14T12:36:54","date_gmt":"2023-09-14T12:36:54","guid":{"rendered":"https:\/\/www.africa-press.net\/cameroun\/politique\/revelation-une-autre-phobie-de-paul-biya-devoilee"},"modified":"2023-09-14T12:44:35","modified_gmt":"2023-09-14T12:44:35","slug":"revelation-une-autre-phobie-de-paul-biya-devoilee","status":"publish","type":"post","link":"https:\/\/www.africa-press.net\/cameroun\/politique\/revelation-une-autre-phobie-de-paul-biya-devoilee","title":{"rendered":"REVELATION : une autre phobie de Paul Biya d\u00e9voil\u00e9e"},"content":{"rendered":"<p><span style=\"color: #ff6600\"><strong>Africa-Press &#8211; Cameroun. <\/strong><\/span>La phobie des he\u0301ros nationaux entretenue par le re\u0301gime de Yaounde\u0301<\/p>\n<p>Ce mercredi, 13 septembre 2023 marque la comme\u0301moration du 65e\u0300me anniversaire du de\u0301ce\u0300s de l\u2019ancien secre\u0301taire ge\u0301ne\u0301ral de l&rsquo;Union des populations du Cameroun (Upc), figure historique et pe\u0300re de l&rsquo;inde\u0301pendance du Cameroun. En de\u0301pit de la promulgation, en 1991, d&rsquo;une loi reconnaissant certains de nos he\u0301ros natio- naux, il n&rsquo;en demeure pas moins aujourd&rsquo;hui que ce texte de loi est reste\u0301 au stade d&rsquo;un effet d&rsquo;annonce, voire d&rsquo;une de\u0301claration d&rsquo;intention.<\/p>\n<p>La promulgation d&rsquo;une loi, il y a trois de\u0301cennies, reconnaissant certains de nos he\u0301ros nationaux n&rsquo;a jamais e\u0301te\u0301 traduite en actes concrets et sa mise en \u0153uvre est demeure\u0301e sujet a\u0300 caution. Sinon, comment comprendre que plus d&rsquo;un demisie\u0300cle apre\u0300s sa disparition le 13 septembre 1958, Ruben Um Nyobe d&rsquo;une part, et, d&rsquo;autre part, Fe\u0301lix Roland Moumie, Ernest Ouandie, Abel Kingue, Ossende Afana, Paul Soppo Prison, etc n&rsquo;aient pas be\u0301ne\u0301ficie\u0301 d&rsquo;une attention singulie\u0300re de leurs concitoyens qui pre\u0301sident aux destine\u0301es du Cameroun aujourd&rsquo;hui ? L&rsquo;histoire de la de\u0301colonisation de l&rsquo;Afrique contemporaine nous renseigne, de nos jours, que tous les leaders inde\u0301pendantistes africains, apre\u0300s la guerre d&rsquo;inde\u0301pendance, ont fini par gouverner dans leur pays a\u0300 l&rsquo;exception de l&rsquo;Union des populations du Cameroun (Upc), ou\u0300 l&rsquo;administration coloniale a, contre toute attente, pre\u0301fe\u0301re\u0301 coopter au pouvoir ceux qui estimaient que le Cameroun n&rsquo;e\u0301tait pas mature pour acce\u0301der a\u0300 l&rsquo;inde\u0301pendance. C&rsquo;est probablement ce qui justifie le de\u0301sinte\u0301re\u0302t, voire la phobie entretenus par les dirigeants actuels a\u0300 l&rsquo;endroit des he\u0301ros nationaux, sans lesquels le Cameroun ne serait pas ce qu&rsquo;il est aujourd&rsquo;hui.<\/p>\n<p>Les noms efface\u0301s de l\u2019Histoire<\/p>\n<p>C&rsquo;est ce qui, par la me\u0302me occasion, explique l&rsquo;obscurantisme politique qui a enveloppe\u0301 d&rsquo;un voile e\u0301honte\u0301 les programmes d&rsquo;enseignement de l&rsquo;histoire du Cameroun a\u0300 la proge\u0301niture scolaire et universitaire. Quand bien me\u0302me l&rsquo;histoire du Cameroun est inscrite dans les programmes scolaires et acade\u0301miques, elle fait abstraction volontaire de mentionner les efforts consentis par les nationalistes camerounais pour sortir le pays du joug colonial. N&rsquo;est-ce pas la\u0300 la raison pour laquelle un Historien contemporain a observe\u0301 fort a\u0300 propos qu&rsquo; \u00ab a\u0300 la diffe\u0301rence du Kenya, ou\u0300 le mouvement \u00ab\u00a0Mau Mau\u00a0\u00bb fait partie de l&rsquo;he\u0301ritage colonial est glorifie\u0301 comme tel, au Cameroun, ceux qui combattirent et donne\u0300rent leur vie pour la Re\u0301unification et l&rsquo;inde\u0301pendance ne sont, aujourd&rsquo;hui, mentionne\u0301s dans les discours populistes que pour e\u0302tre condamne\u0301s \u00bb. La question qui taraude alors l&rsquo;esprit des Camerounais et des ge\u0301ne\u0301rations poste\u0301rieures au mouvement de libe\u0301ration du Cameroun est la suivante : quel crime odieux et irre\u0301parable ces nationalistes ont-ils commis pour me\u0301riter un destin implacable ayant anime\u0301 leurs rejetons posthumes a\u0300 effacer leurs noms de l&rsquo;histoire du Cameroun ? Ruben Um Nyobe, Fe\u0301lix Roland Moumie, Ernest Ouandie, Ossende Afana, Abel Kingue, Ndeh Ntumazah, John Ngu Foncha, Endeley ont-ils mal fait, en revendiquant, avec opinia\u0302trete\u0301 et te\u0301me\u0301rite\u0301 au prix de leur vie, la Re\u0301unification et l&rsquo;inde\u0301pendance du Cameroun ? Pourquoi cette haine visce\u0301rale nourrie contre ces pe\u0300res fondateurs de la nation camerounaise au point de refuser, manifestement, de les immortaliser, en leur de\u0301diant rues, boulevards, ae\u0301roports, universite\u0301s, stades de football, palais des sports, monuments, ste\u0300les et autres places publiques sur le territoire national ? Par contre, non loin de nous, d&rsquo;autres pays, qui ont su mettre en exergue la ritournelle populaire selon laquelle \u00abaux grands hommes la patrie reconnaissante \u00bb, ont de\u0301die\u0301, tour a\u0300 tour, leurs universite\u0301s, leurs rues, leurs ste\u0300les et autres places publiques a\u0300 ceux qui me\u0301ritent d&rsquo;e\u0302tre distingue\u0301s par la nation tout entie\u0300re.<\/p>\n<p>Figures emble\u0301matiques<\/p>\n<p>Ainsi, des Camerounais qui ont eu l&rsquo;occasion et l&rsquo;opportunite\u0301 de voyager dans certains pays africains ont de\u0301couvert l&rsquo;Universite\u0301 Cheikh Anta Diop au Se\u0301ne\u0301gal, Abomey Calavi au Be\u0301nin, Makerere en Ouganda, Nnamdi Azikiwe au Nige\u0301ria, Omar Bongo au Gabon et Marien Ngouabi au Congo. Au Cameroun, avec la re\u0301forme universitaire de 1990, l&rsquo;universite\u0301 camerounaise a fait nai\u0302tre sept universite\u0301s d&rsquo;E\u0301tat qui, curieusement, portent les noms des villes d&rsquo;implantation avec un de\u0301doublement en chiffres romains pour Yaounde\u0301 I et Yaounde\u0301 II. D&rsquo;autres universite\u0301s d&rsquo;E\u0301tat sont ne\u0301es ces dernie\u0300res anne\u0301es. Jusque-la\u0300, aucun nom de bapte\u0302me des pe\u0300res de l&rsquo;inde\u0301pendance et de la Re\u0301unification. Peut-on conclure, eu e\u0301gard a\u0300 ce qui pre\u0301ce\u0300de, qu&rsquo;il a manque\u0301 des figures emble\u0301matiques dans notre pays ou alors d&rsquo;e\u0301ve\u0301nements dignes d&rsquo;inte\u0301re\u0302t ayant marque\u0301 notre histoire pour e\u0302tre de\u0301die\u0301s a\u0300 nos he\u0301ros nationaux ? Que nenni !<\/p>\n<p><strong>Pour plus d&rsquo;informations et d&rsquo;analyses sur la <a href=\"https:\/\/www.africa-press.net\/cameroun\">Cameroun<\/a>, suivez <a href=\"https:\/\/www.africa-press.net\/\">Africa-Press<\/a><\/strong><\/p>\n","protected":false},"excerpt":{"rendered":"<p>Africa-Press &#8211; Cameroun. La phobie des he\u0301ros nationaux entretenue par le re\u0301gime de Yaounde\u0301 Ce mercredi, 13 septembre 2023 marque la comme\u0301moration du 65e\u0300me anniversaire du de\u0301ce\u0300s de l\u2019ancien secre\u0301taire ge\u0301ne\u0301ral de l&rsquo;Union des populations du Cameroun (Upc), figure historique et pe\u0300re de l&rsquo;inde\u0301pendance du Cameroun. En de\u0301pit de la promulgation, en 1991, d&rsquo;une loi [&hellip;]<\/p>\n","protected":false},"author":82,"featured_media":50689,"comment_status":"open","ping_status":"closed","sticky":false,"template":"","format":"standard","meta":{"footnotes":""},"categories":[2,10],"tags":[36,50,49],"class_list":["post-50690","post","type-post","status-publish","format-standard","has-post-thumbnail","hentry","category-politique","category-toutes-les-actualites","tag-africa-press","tag-africa-press-cameroun","tag-cameroun"],"yoast_head":"<!-- This site is optimized with the Yoast SEO Premium plugin v26.1 (Yoast SEO v27.0) - https:\/\/yoast.com\/product\/yoast-seo-premium-wordpress\/ -->\n<title>REVELATION : une autre phobie de Paul Biya d\u00e9voil\u00e9e - Cameroun<\/title>\n<meta name=\"description\" content=\"La phobie des he\u0301ros nationaux entretenue par le re\u0301gime de Yaounde\u0301 Ce mercredi, 13 septembre 2023 marque la comme\u0301mor ...\" \/>\n<meta name=\"robots\" content=\"index, follow, max-snippet:-1, max-image-preview:large, max-video-preview:-1\" \/>\n<link rel=\"canonical\" href=\"https:\/\/www.africa-press.net\/cameroun\/politique\/revelation-une-autre-phobie-de-paul-biya-devoilee\" \/>\n<meta property=\"og:locale\" content=\"fr_FR\" \/>\n<meta property=\"og:type\" content=\"article\" \/>\n<meta property=\"og:title\" content=\"REVELATION : une autre phobie de Paul Biya d\u00e9voil\u00e9e\" \/>\n<meta property=\"og:description\" content=\"La phobie des he\u0301ros nationaux entretenue par le re\u0301gime de Yaounde\u0301 Ce mercredi, 13 septembre 2023 marque la comme\u0301mor ...\" \/>\n<meta property=\"og:url\" content=\"https:\/\/www.africa-press.net\/cameroun\/politique\/revelation-une-autre-phobie-de-paul-biya-devoilee\" \/>\n<meta property=\"og:site_name\" content=\"Cameroun\" \/>\n<meta property=\"article:published_time\" content=\"2023-09-14T12:36:54+00:00\" \/>\n<meta property=\"article:modified_time\" content=\"2023-09-14T12:44:35+00:00\" \/>\n<meta property=\"og:image\" content=\"https:\/\/static.africa-press.net\/cameroun\/sites\/57\/2023\/09\/sm_1694682668.780766.jpg\" \/>\n\t<meta property=\"og:image:width\" content=\"720\" \/>\n\t<meta property=\"og:image:height\" content=\"404\" \/>\n\t<meta property=\"og:image:type\" content=\"image\/jpeg\" \/>\n<meta name=\"author\" content=\"cfeditorfr\" \/>\n<meta name=\"twitter:card\" content=\"summary_large_image\" \/>\n<meta name=\"twitter:label1\" content=\"\u00c9crit par\" \/>\n\t<meta name=\"twitter:data1\" content=\"cfeditorfr\" \/>\n\t<meta name=\"twitter:label2\" content=\"Dur\u00e9e de lecture estim\u00e9e\" \/>\n\t<meta name=\"twitter:data2\" content=\"4 minutes\" \/>\n<script type=\"application\/ld+json\" class=\"yoast-schema-graph\">{\"@context\":\"https:\/\/schema.org\",\"@graph\":[{\"@type\":\"Article\",\"@id\":\"https:\/\/www.africa-press.net\/cameroun\/politique\/revelation-une-autre-phobie-de-paul-biya-devoilee#article\",\"isPartOf\":{\"@id\":\"https:\/\/www.africa-press.net\/cameroun\/politique\/revelation-une-autre-phobie-de-paul-biya-devoilee\"},\"author\":{\"name\":\"cfeditorfr\",\"@id\":\"https:\/\/www.africa-press.net\/cameroun\/#\/schema\/person\/2b1cf3cd81a31e3cd26889ca66d677f1\"},\"headline\":\"REVELATION : une autre phobie de Paul Biya d\u00e9voil\u00e9e\",\"datePublished\":\"2023-09-14T12:36:54+00:00\",\"dateModified\":\"2023-09-14T12:44:35+00:00\",\"mainEntityOfPage\":{\"@id\":\"https:\/\/www.africa-press.net\/cameroun\/politique\/revelation-une-autre-phobie-de-paul-biya-devoilee\"},\"wordCount\":891,\"commentCount\":0,\"image\":{\"@id\":\"https:\/\/www.africa-press.net\/cameroun\/politique\/revelation-une-autre-phobie-de-paul-biya-devoilee#primaryimage\"},\"thumbnailUrl\":\"https:\/\/static.africa-press.net\/cameroun\/sites\/57\/2023\/09\/sm_1694682668.780766.jpg\",\"keywords\":[\"Africa Press\",\"Africa Press-Cameroun\",\"Cameroun\"],\"articleSection\":[\"Politique\",\"Toutes les actualit\u00e9s\"],\"inLanguage\":\"fr-FR\",\"potentialAction\":[{\"@type\":\"CommentAction\",\"name\":\"Comment\",\"target\":[\"https:\/\/www.africa-press.net\/cameroun\/politique\/revelation-une-autre-phobie-de-paul-biya-devoilee#respond\"]}]},{\"@type\":\"WebPage\",\"@id\":\"https:\/\/www.africa-press.net\/cameroun\/politique\/revelation-une-autre-phobie-de-paul-biya-devoilee\",\"url\":\"https:\/\/www.africa-press.net\/cameroun\/politique\/revelation-une-autre-phobie-de-paul-biya-devoilee\",\"name\":\"REVELATION : une autre phobie de Paul Biya d\u00e9voil\u00e9e - Cameroun\",\"isPartOf\":{\"@id\":\"https:\/\/www.africa-press.net\/cameroun\/#website\"},\"primaryImageOfPage\":{\"@id\":\"https:\/\/www.africa-press.net\/cameroun\/politique\/revelation-une-autre-phobie-de-paul-biya-devoilee#primaryimage\"},\"image\":{\"@id\":\"https:\/\/www.africa-press.net\/cameroun\/politique\/revelation-une-autre-phobie-de-paul-biya-devoilee#primaryimage\"},\"thumbnailUrl\":\"https:\/\/static.africa-press.net\/cameroun\/sites\/57\/2023\/09\/sm_1694682668.780766.jpg\",\"datePublished\":\"2023-09-14T12:36:54+00:00\",\"dateModified\":\"2023-09-14T12:44:35+00:00\",\"author\":{\"@id\":\"https:\/\/www.africa-press.net\/cameroun\/#\/schema\/person\/2b1cf3cd81a31e3cd26889ca66d677f1\"},\"description\":\"La phobie des he\u0301ros nationaux entretenue par le re\u0301gime de Yaounde\u0301 Ce mercredi, 13 septembre 2023 marque la comme\u0301mor ...\",\"breadcrumb\":{\"@id\":\"https:\/\/www.africa-press.net\/cameroun\/politique\/revelation-une-autre-phobie-de-paul-biya-devoilee#breadcrumb\"},\"inLanguage\":\"fr-FR\",\"potentialAction\":[{\"@type\":\"ReadAction\",\"target\":[\"https:\/\/www.africa-press.net\/cameroun\/politique\/revelation-une-autre-phobie-de-paul-biya-devoilee\"]}]},{\"@type\":\"ImageObject\",\"inLanguage\":\"fr-FR\",\"@id\":\"https:\/\/www.africa-press.net\/cameroun\/politique\/revelation-une-autre-phobie-de-paul-biya-devoilee#primaryimage\",\"url\":\"https:\/\/static.africa-press.net\/cameroun\/sites\/57\/2023\/09\/sm_1694682668.780766.jpg\",\"contentUrl\":\"https:\/\/static.africa-press.net\/cameroun\/sites\/57\/2023\/09\/sm_1694682668.780766.jpg\",\"width\":720,\"height\":404,\"caption\":\"REVELATION : une autre phobie de Paul Biya d\u00e9voil\u00e9e\"},{\"@type\":\"BreadcrumbList\",\"@id\":\"https:\/\/www.africa-press.net\/cameroun\/politique\/revelation-une-autre-phobie-de-paul-biya-devoilee#breadcrumb\",\"itemListElement\":[{\"@type\":\"ListItem\",\"position\":1,\"name\":\"Accueil\",\"item\":\"https:\/\/www.africa-press.net\/cameroun\/\"},{\"@type\":\"ListItem\",\"position\":2,\"name\":\"REVELATION : une autre phobie de Paul Biya d\u00e9voil\u00e9e\"}]},{\"@type\":\"WebSite\",\"@id\":\"https:\/\/www.africa-press.net\/cameroun\/#website\",\"url\":\"https:\/\/www.africa-press.net\/cameroun\/\",\"name\":\"Cameroun\",\"description\":\"Just another Africa News Agency Sites site\",\"potentialAction\":[{\"@type\":\"SearchAction\",\"target\":{\"@type\":\"EntryPoint\",\"urlTemplate\":\"https:\/\/www.africa-press.net\/cameroun\/?s={search_term_string}\"},\"query-input\":{\"@type\":\"PropertyValueSpecification\",\"valueRequired\":true,\"valueName\":\"search_term_string\"}}],\"inLanguage\":\"fr-FR\"},{\"@type\":\"Person\",\"@id\":\"https:\/\/www.africa-press.net\/cameroun\/#\/schema\/person\/2b1cf3cd81a31e3cd26889ca66d677f1\",\"name\":\"cfeditorfr\"}]}<\/script>\n<!-- \/ Yoast SEO Premium plugin. -->","yoast_head_json":{"title":"REVELATION : une autre phobie de Paul Biya d\u00e9voil\u00e9e - Cameroun","description":"La phobie des he\u0301ros nationaux entretenue par le re\u0301gime de Yaounde\u0301 Ce mercredi, 13 septembre 2023 marque la comme\u0301mor ...","robots":{"index":"index","follow":"follow","max-snippet":"max-snippet:-1","max-image-preview":"max-image-preview:large","max-video-preview":"max-video-preview:-1"},"canonical":"https:\/\/www.africa-press.net\/cameroun\/politique\/revelation-une-autre-phobie-de-paul-biya-devoilee","og_locale":"fr_FR","og_type":"article","og_title":"REVELATION : une autre phobie de Paul Biya d\u00e9voil\u00e9e","og_description":"La phobie des he\u0301ros nationaux entretenue par le re\u0301gime de Yaounde\u0301 Ce mercredi, 13 septembre 2023 marque la comme\u0301mor ...","og_url":"https:\/\/www.africa-press.net\/cameroun\/politique\/revelation-une-autre-phobie-de-paul-biya-devoilee","og_site_name":"Cameroun","article_published_time":"2023-09-14T12:36:54+00:00","article_modified_time":"2023-09-14T12:44:35+00:00","og_image":[{"width":720,"height":404,"url":"https:\/\/static.africa-press.net\/cameroun\/sites\/57\/2023\/09\/sm_1694682668.780766.jpg","type":"image\/jpeg"}],"author":"cfeditorfr","twitter_card":"summary_large_image","twitter_misc":{"\u00c9crit par":"cfeditorfr","Dur\u00e9e de lecture estim\u00e9e":"4 minutes"},"schema":{"@context":"https:\/\/schema.org","@graph":[{"@type":"Article","@id":"https:\/\/www.africa-press.net\/cameroun\/politique\/revelation-une-autre-phobie-de-paul-biya-devoilee#article","isPartOf":{"@id":"https:\/\/www.africa-press.net\/cameroun\/politique\/revelation-une-autre-phobie-de-paul-biya-devoilee"},"author":{"name":"cfeditorfr","@id":"https:\/\/www.africa-press.net\/cameroun\/#\/schema\/person\/2b1cf3cd81a31e3cd26889ca66d677f1"},"headline":"REVELATION : une autre phobie de Paul Biya d\u00e9voil\u00e9e","datePublished":"2023-09-14T12:36:54+00:00","dateModified":"2023-09-14T12:44:35+00:00","mainEntityOfPage":{"@id":"https:\/\/www.africa-press.net\/cameroun\/politique\/revelation-une-autre-phobie-de-paul-biya-devoilee"},"wordCount":891,"commentCount":0,"image":{"@id":"https:\/\/www.africa-press.net\/cameroun\/politique\/revelation-une-autre-phobie-de-paul-biya-devoilee#primaryimage"},"thumbnailUrl":"https:\/\/static.africa-press.net\/cameroun\/sites\/57\/2023\/09\/sm_1694682668.780766.jpg","keywords":["Africa Press","Africa Press-Cameroun","Cameroun"],"articleSection":["Politique","Toutes les actualit\u00e9s"],"inLanguage":"fr-FR","potentialAction":[{"@type":"CommentAction","name":"Comment","target":["https:\/\/www.africa-press.net\/cameroun\/politique\/revelation-une-autre-phobie-de-paul-biya-devoilee#respond"]}]},{"@type":"WebPage","@id":"https:\/\/www.africa-press.net\/cameroun\/politique\/revelation-une-autre-phobie-de-paul-biya-devoilee","url":"https:\/\/www.africa-press.net\/cameroun\/politique\/revelation-une-autre-phobie-de-paul-biya-devoilee","name":"REVELATION : une autre phobie de Paul Biya d\u00e9voil\u00e9e - Cameroun","isPartOf":{"@id":"https:\/\/www.africa-press.net\/cameroun\/#website"},"primaryImageOfPage":{"@id":"https:\/\/www.africa-press.net\/cameroun\/politique\/revelation-une-autre-phobie-de-paul-biya-devoilee#primaryimage"},"image":{"@id":"https:\/\/www.africa-press.net\/cameroun\/politique\/revelation-une-autre-phobie-de-paul-biya-devoilee#primaryimage"},"thumbnailUrl":"https:\/\/static.africa-press.net\/cameroun\/sites\/57\/2023\/09\/sm_1694682668.780766.jpg","datePublished":"2023-09-14T12:36:54+00:00","dateModified":"2023-09-14T12:44:35+00:00","author":{"@id":"https:\/\/www.africa-press.net\/cameroun\/#\/schema\/person\/2b1cf3cd81a31e3cd26889ca66d677f1"},"description":"La phobie des he\u0301ros nationaux entretenue par le re\u0301gime de Yaounde\u0301 Ce mercredi, 13 septembre 2023 marque la comme\u0301mor ...","breadcrumb":{"@id":"https:\/\/www.africa-press.net\/cameroun\/politique\/revelation-une-autre-phobie-de-paul-biya-devoilee#breadcrumb"},"inLanguage":"fr-FR","potentialAction":[{"@type":"ReadAction","target":["https:\/\/www.africa-press.net\/cameroun\/politique\/revelation-une-autre-phobie-de-paul-biya-devoilee"]}]},{"@type":"ImageObject","inLanguage":"fr-FR","@id":"https:\/\/www.africa-press.net\/cameroun\/politique\/revelation-une-autre-phobie-de-paul-biya-devoilee#primaryimage","url":"https:\/\/static.africa-press.net\/cameroun\/sites\/57\/2023\/09\/sm_1694682668.780766.jpg","contentUrl":"https:\/\/static.africa-press.net\/cameroun\/sites\/57\/2023\/09\/sm_1694682668.780766.jpg","width":720,"height":404,"caption":"REVELATION : une autre phobie de Paul Biya d\u00e9voil\u00e9e"},{"@type":"BreadcrumbList","@id":"https:\/\/www.africa-press.net\/cameroun\/politique\/revelation-une-autre-phobie-de-paul-biya-devoilee#breadcrumb","itemListElement":[{"@type":"ListItem","position":1,"name":"Accueil","item":"https:\/\/www.africa-press.net\/cameroun\/"},{"@type":"ListItem","position":2,"name":"REVELATION : une autre phobie de Paul Biya d\u00e9voil\u00e9e"}]},{"@type":"WebSite","@id":"https:\/\/www.africa-press.net\/cameroun\/#website","url":"https:\/\/www.africa-press.net\/cameroun\/","name":"Cameroun","description":"Just another Africa News Agency Sites site","potentialAction":[{"@type":"SearchAction","target":{"@type":"EntryPoint","urlTemplate":"https:\/\/www.africa-press.net\/cameroun\/?s={search_term_string}"},"query-input":{"@type":"PropertyValueSpecification","valueRequired":true,"valueName":"search_term_string"}}],"inLanguage":"fr-FR"},{"@type":"Person","@id":"https:\/\/www.africa-press.net\/cameroun\/#\/schema\/person\/2b1cf3cd81a31e3cd26889ca66d677f1","name":"cfeditorfr"}]}},"_links":{"self":[{"href":"https:\/\/www.africa-press.net\/cameroun\/wp-json\/wp\/v2\/posts\/50690","targetHints":{"allow":["GET"]}}],"collection":[{"href":"https:\/\/www.africa-press.net\/cameroun\/wp-json\/wp\/v2\/posts"}],"about":[{"href":"https:\/\/www.africa-press.net\/cameroun\/wp-json\/wp\/v2\/types\/post"}],"author":[{"embeddable":true,"href":"https:\/\/www.africa-press.net\/cameroun\/wp-json\/wp\/v2\/users\/82"}],"replies":[{"embeddable":true,"href":"https:\/\/www.africa-press.net\/cameroun\/wp-json\/wp\/v2\/comments?post=50690"}],"version-history":[{"count":0,"href":"https:\/\/www.africa-press.net\/cameroun\/wp-json\/wp\/v2\/posts\/50690\/revisions"}],"wp:featuredmedia":[{"embeddable":true,"href":"https:\/\/www.africa-press.net\/cameroun\/wp-json\/wp\/v2\/media\/50689"}],"wp:attachment":[{"href":"https:\/\/www.africa-press.net\/cameroun\/wp-json\/wp\/v2\/media?parent=50690"}],"wp:term":[{"taxonomy":"category","embeddable":true,"href":"https:\/\/www.africa-press.net\/cameroun\/wp-json\/wp\/v2\/categories?post=50690"},{"taxonomy":"post_tag","embeddable":true,"href":"https:\/\/www.africa-press.net\/cameroun\/wp-json\/wp\/v2\/tags?post=50690"}],"curies":[{"name":"wp","href":"https:\/\/api.w.org\/{rel}","templated":true}]}}