{"id":50704,"date":"2023-09-14T12:37:17","date_gmt":"2023-09-14T12:37:17","guid":{"rendered":"https:\/\/www.africa-press.net\/cameroun\/politique\/adamaoua-le-gouverneur-fait-arreter-un-journaliste"},"modified":"2023-09-14T12:47:46","modified_gmt":"2023-09-14T12:47:46","slug":"adamaoua-le-gouverneur-fait-arreter-un-journaliste","status":"publish","type":"post","link":"https:\/\/www.africa-press.net\/cameroun\/politique\/adamaoua-le-gouverneur-fait-arreter-un-journaliste","title":{"rendered":"Adamaoua: le gouverneur fait arr\u00eater un journaliste"},"content":{"rendered":"<p><span style=\"color: #ff6600\"><strong>Africa-Press &#8211; Cameroun. <\/strong><\/span>Le gouverneur de la re\u0301gion d&rsquo;Adamaoua, Kildadi Taguieke Boukar Ayissi, a ordonne\u0301 l&rsquo;arrestation de Bertrand Ayissi, journaliste au journal l&rsquo;Oeil du Sahel, pour avoir publie\u0301 un article d&rsquo;investigation sur la traite des e\u0302tres humains.<\/p>\n<p>L&rsquo;article sur la traite des e\u0302tres humains a e\u0301te\u0301 publie\u0301 dans l&rsquo;e\u0301dition du journal du 18 aou\u0302t 2023, en page de couverture, pages 6 et 7.<\/p>\n<p>Le 11 septembre 2023, le gouverneur a convoque\u0301 le journaliste a\u0300 se pre\u0301senter a\u0300 son bureau le 12 septembre a\u0300 10 heures.<\/p>\n<p>\u00ab\u00a0Le gouverneur de la re\u0301gion de l&rsquo;Adamaoua a\u0300 Ngaounde\u0301re\u0301 convoque M. AYISSI Bertrand&#8230; a\u0300 se pre\u0301senter a\u0300 son bureau le mardi 12 septembre 2023 a\u0300 10 heures pour des affaires le concernant\u00a0\u00bb, indique un communique\u0301 du gouverneur.<\/p>\n<p>Selon certaines informations, le gouverneur a accuse\u0301 le journaliste de vouloir \u00ab\u00a0troubler l&rsquo;ordre public\u00a0\u00bb.<\/p>\n<p>Il a ensuite e\u0301te\u0301 place\u0301 en garde a\u0300 vue pendant 24 heures. Il a e\u0301te\u0301 par la suite libe\u0301re\u0301 mais fait toujours l&rsquo;objet d&rsquo;une enque\u0302te.<\/p>\n<p>La CJTU re\u0301agit a\u0300 l&rsquo;intimidation<\/p>\n<p>Le Syndicat des journalistes du Cameroun (CJTU) a fermement condamne\u0301 l&rsquo;arrestation de M. Ayissi, la qualifiant d&rsquo;intimidation\u00a0\u00bb et d&rsquo;atteinte a\u0300 la liberte\u0301 de la presse\u00a0\u00bb.<\/p>\n<p>\u00ab\u00a0Ayant de\u0301fe\u0301re\u0301 a\u0300 la convocation administrative, Bertrand AYISSI a e\u0301te\u0301 traite\u0301 comme un \u00ab\u00a0journaliste a\u0300 gages manipule\u0301 par des hommes de l&rsquo;ombre pour noircir le travail effectue\u0301 sur le plan se\u0301curitaire dans la re\u0301gion\u00a0\u00bb et remis a\u0300 la gendarmerie de la Vina pour e\u0302tre place\u0301 en garde a\u0300 vue\u00a0\u00bb, re\u0301ve\u0300le le syndicat dans un communique\u0301 publie\u0301 ce jour, 13 septembre 2023<\/p>\n<p>\u00ab\u00a0Quelle autre preuve y a-t-il pour admettre que la presse vit de\u0301sormais dans l&rsquo;inse\u0301curite\u0301 et que la Justice doit e\u0302tre rendue pour re\u0301concilier le peuple camerounais, la presse et l&rsquo;Etat ? \u00ab\u00a0, poursuit le communique\u0301<\/p>\n<p>Dans cette optique, le syndicat a exhorte\u0301 tous ses membres et sympathisants a\u0300 rester mobilise\u0301s face a\u0300 cette adversite\u0301.<\/p>\n<p><strong>Pour plus d&rsquo;informations et d&rsquo;analyses sur la <a href=\"https:\/\/www.africa-press.net\/cameroun\">Cameroun<\/a>, suivez <a href=\"https:\/\/www.africa-press.net\/\">Africa-Press<\/a><\/strong><\/p>\n","protected":false},"excerpt":{"rendered":"<p>Africa-Press &#8211; Cameroun. Le gouverneur de la re\u0301gion d&rsquo;Adamaoua, Kildadi Taguieke Boukar Ayissi, a ordonne\u0301 l&rsquo;arrestation de Bertrand Ayissi, journaliste au journal l&rsquo;Oeil du Sahel, pour avoir publie\u0301 un article d&rsquo;investigation sur la traite des e\u0302tres humains. L&rsquo;article sur la traite des e\u0302tres humains a e\u0301te\u0301 publie\u0301 dans l&rsquo;e\u0301dition du journal du 18 aou\u0302t 2023, [&hellip;]<\/p>\n","protected":false},"author":82,"featured_media":50702,"comment_status":"open","ping_status":"closed","sticky":false,"template":"","format":"standard","meta":{"footnotes":""},"categories":[2,10],"tags":[36,50,49],"class_list":["post-50704","post","type-post","status-publish","format-standard","has-post-thumbnail","hentry","category-politique","category-toutes-les-actualites","tag-africa-press","tag-africa-press-cameroun","tag-cameroun"],"yoast_head":"<!-- This site is optimized with the Yoast SEO Premium plugin v26.1 (Yoast SEO v27.0) - https:\/\/yoast.com\/product\/yoast-seo-premium-wordpress\/ -->\n<title>Adamaoua: le gouverneur fait arr\u00eater un journaliste - Cameroun<\/title>\n<meta name=\"description\" content=\"Le gouverneur de la re\u0301gion d&#039;Adamaoua, Kildadi Taguieke Boukar Ayissi, a ordonne\u0301 l&#039;arrestation de Bertrand Ayissi, jou ...\" \/>\n<meta name=\"robots\" content=\"index, follow, max-snippet:-1, max-image-preview:large, max-video-preview:-1\" \/>\n<link rel=\"canonical\" href=\"https:\/\/www.africa-press.net\/cameroun\/politique\/adamaoua-le-gouverneur-fait-arreter-un-journaliste\" \/>\n<meta property=\"og:locale\" content=\"fr_FR\" \/>\n<meta property=\"og:type\" content=\"article\" \/>\n<meta property=\"og:title\" content=\"Adamaoua: le gouverneur fait arr\u00eater un journaliste\" \/>\n<meta property=\"og:description\" content=\"Le gouverneur de la re\u0301gion d&#039;Adamaoua, Kildadi Taguieke Boukar Ayissi, a ordonne\u0301 l&#039;arrestation de Bertrand Ayissi, jou ...\" \/>\n<meta property=\"og:url\" content=\"https:\/\/www.africa-press.net\/cameroun\/politique\/adamaoua-le-gouverneur-fait-arreter-un-journaliste\" \/>\n<meta property=\"og:site_name\" content=\"Cameroun\" \/>\n<meta property=\"article:published_time\" content=\"2023-09-14T12:37:17+00:00\" \/>\n<meta property=\"article:modified_time\" content=\"2023-09-14T12:47:46+00:00\" \/>\n<meta property=\"og:image\" content=\"https:\/\/static.africa-press.net\/cameroun\/sites\/57\/2023\/09\/sm_1694682843.61619.jpg\" \/>\n\t<meta property=\"og:image:width\" content=\"720\" \/>\n\t<meta property=\"og:image:height\" content=\"480\" \/>\n\t<meta property=\"og:image:type\" content=\"image\/jpeg\" \/>\n<meta name=\"author\" content=\"cfeditorfr\" \/>\n<meta name=\"twitter:card\" content=\"summary_large_image\" \/>\n<meta name=\"twitter:label1\" content=\"\u00c9crit par\" \/>\n\t<meta name=\"twitter:data1\" content=\"cfeditorfr\" \/>\n\t<meta name=\"twitter:label2\" content=\"Dur\u00e9e de lecture estim\u00e9e\" \/>\n\t<meta name=\"twitter:data2\" content=\"2 minutes\" \/>\n<script type=\"application\/ld+json\" class=\"yoast-schema-graph\">{\"@context\":\"https:\/\/schema.org\",\"@graph\":[{\"@type\":\"Article\",\"@id\":\"https:\/\/www.africa-press.net\/cameroun\/politique\/adamaoua-le-gouverneur-fait-arreter-un-journaliste#article\",\"isPartOf\":{\"@id\":\"https:\/\/www.africa-press.net\/cameroun\/politique\/adamaoua-le-gouverneur-fait-arreter-un-journaliste\"},\"author\":{\"name\":\"cfeditorfr\",\"@id\":\"https:\/\/www.africa-press.net\/cameroun\/#\/schema\/person\/2b1cf3cd81a31e3cd26889ca66d677f1\"},\"headline\":\"Adamaoua: le gouverneur fait arr\u00eater un journaliste\",\"datePublished\":\"2023-09-14T12:37:17+00:00\",\"dateModified\":\"2023-09-14T12:47:46+00:00\",\"mainEntityOfPage\":{\"@id\":\"https:\/\/www.africa-press.net\/cameroun\/politique\/adamaoua-le-gouverneur-fait-arreter-un-journaliste\"},\"wordCount\":355,\"commentCount\":0,\"image\":{\"@id\":\"https:\/\/www.africa-press.net\/cameroun\/politique\/adamaoua-le-gouverneur-fait-arreter-un-journaliste#primaryimage\"},\"thumbnailUrl\":\"https:\/\/static.africa-press.net\/cameroun\/sites\/57\/2023\/09\/sm_1694682843.61619.jpg\",\"keywords\":[\"Africa Press\",\"Africa Press-Cameroun\",\"Cameroun\"],\"articleSection\":[\"Politique\",\"Toutes les actualit\u00e9s\"],\"inLanguage\":\"fr-FR\",\"potentialAction\":[{\"@type\":\"CommentAction\",\"name\":\"Comment\",\"target\":[\"https:\/\/www.africa-press.net\/cameroun\/politique\/adamaoua-le-gouverneur-fait-arreter-un-journaliste#respond\"]}]},{\"@type\":\"WebPage\",\"@id\":\"https:\/\/www.africa-press.net\/cameroun\/politique\/adamaoua-le-gouverneur-fait-arreter-un-journaliste\",\"url\":\"https:\/\/www.africa-press.net\/cameroun\/politique\/adamaoua-le-gouverneur-fait-arreter-un-journaliste\",\"name\":\"Adamaoua: le gouverneur fait arr\u00eater un journaliste - Cameroun\",\"isPartOf\":{\"@id\":\"https:\/\/www.africa-press.net\/cameroun\/#website\"},\"primaryImageOfPage\":{\"@id\":\"https:\/\/www.africa-press.net\/cameroun\/politique\/adamaoua-le-gouverneur-fait-arreter-un-journaliste#primaryimage\"},\"image\":{\"@id\":\"https:\/\/www.africa-press.net\/cameroun\/politique\/adamaoua-le-gouverneur-fait-arreter-un-journaliste#primaryimage\"},\"thumbnailUrl\":\"https:\/\/static.africa-press.net\/cameroun\/sites\/57\/2023\/09\/sm_1694682843.61619.jpg\",\"datePublished\":\"2023-09-14T12:37:17+00:00\",\"dateModified\":\"2023-09-14T12:47:46+00:00\",\"author\":{\"@id\":\"https:\/\/www.africa-press.net\/cameroun\/#\/schema\/person\/2b1cf3cd81a31e3cd26889ca66d677f1\"},\"description\":\"Le gouverneur de la re\u0301gion d'Adamaoua, Kildadi Taguieke Boukar Ayissi, a ordonne\u0301 l'arrestation de Bertrand Ayissi, jou ...\",\"breadcrumb\":{\"@id\":\"https:\/\/www.africa-press.net\/cameroun\/politique\/adamaoua-le-gouverneur-fait-arreter-un-journaliste#breadcrumb\"},\"inLanguage\":\"fr-FR\",\"potentialAction\":[{\"@type\":\"ReadAction\",\"target\":[\"https:\/\/www.africa-press.net\/cameroun\/politique\/adamaoua-le-gouverneur-fait-arreter-un-journaliste\"]}]},{\"@type\":\"ImageObject\",\"inLanguage\":\"fr-FR\",\"@id\":\"https:\/\/www.africa-press.net\/cameroun\/politique\/adamaoua-le-gouverneur-fait-arreter-un-journaliste#primaryimage\",\"url\":\"https:\/\/static.africa-press.net\/cameroun\/sites\/57\/2023\/09\/sm_1694682843.61619.jpg\",\"contentUrl\":\"https:\/\/static.africa-press.net\/cameroun\/sites\/57\/2023\/09\/sm_1694682843.61619.jpg\",\"width\":720,\"height\":480,\"caption\":\"Adamaoua: le gouverneur fait arr\u00eater un journaliste\"},{\"@type\":\"BreadcrumbList\",\"@id\":\"https:\/\/www.africa-press.net\/cameroun\/politique\/adamaoua-le-gouverneur-fait-arreter-un-journaliste#breadcrumb\",\"itemListElement\":[{\"@type\":\"ListItem\",\"position\":1,\"name\":\"Accueil\",\"item\":\"https:\/\/www.africa-press.net\/cameroun\/\"},{\"@type\":\"ListItem\",\"position\":2,\"name\":\"Adamaoua: le gouverneur fait arr\u00eater un journaliste\"}]},{\"@type\":\"WebSite\",\"@id\":\"https:\/\/www.africa-press.net\/cameroun\/#website\",\"url\":\"https:\/\/www.africa-press.net\/cameroun\/\",\"name\":\"Cameroun\",\"description\":\"Just another Africa News Agency Sites site\",\"potentialAction\":[{\"@type\":\"SearchAction\",\"target\":{\"@type\":\"EntryPoint\",\"urlTemplate\":\"https:\/\/www.africa-press.net\/cameroun\/?s={search_term_string}\"},\"query-input\":{\"@type\":\"PropertyValueSpecification\",\"valueRequired\":true,\"valueName\":\"search_term_string\"}}],\"inLanguage\":\"fr-FR\"},{\"@type\":\"Person\",\"@id\":\"https:\/\/www.africa-press.net\/cameroun\/#\/schema\/person\/2b1cf3cd81a31e3cd26889ca66d677f1\",\"name\":\"cfeditorfr\"}]}<\/script>\n<!-- \/ Yoast SEO Premium plugin. -->","yoast_head_json":{"title":"Adamaoua: le gouverneur fait arr\u00eater un journaliste - Cameroun","description":"Le gouverneur de la re\u0301gion d'Adamaoua, Kildadi Taguieke Boukar Ayissi, a ordonne\u0301 l'arrestation de Bertrand Ayissi, jou ...","robots":{"index":"index","follow":"follow","max-snippet":"max-snippet:-1","max-image-preview":"max-image-preview:large","max-video-preview":"max-video-preview:-1"},"canonical":"https:\/\/www.africa-press.net\/cameroun\/politique\/adamaoua-le-gouverneur-fait-arreter-un-journaliste","og_locale":"fr_FR","og_type":"article","og_title":"Adamaoua: le gouverneur fait arr\u00eater un journaliste","og_description":"Le gouverneur de la re\u0301gion d'Adamaoua, Kildadi Taguieke Boukar Ayissi, a ordonne\u0301 l'arrestation de Bertrand Ayissi, jou ...","og_url":"https:\/\/www.africa-press.net\/cameroun\/politique\/adamaoua-le-gouverneur-fait-arreter-un-journaliste","og_site_name":"Cameroun","article_published_time":"2023-09-14T12:37:17+00:00","article_modified_time":"2023-09-14T12:47:46+00:00","og_image":[{"width":720,"height":480,"url":"https:\/\/static.africa-press.net\/cameroun\/sites\/57\/2023\/09\/sm_1694682843.61619.jpg","type":"image\/jpeg"}],"author":"cfeditorfr","twitter_card":"summary_large_image","twitter_misc":{"\u00c9crit par":"cfeditorfr","Dur\u00e9e de lecture estim\u00e9e":"2 minutes"},"schema":{"@context":"https:\/\/schema.org","@graph":[{"@type":"Article","@id":"https:\/\/www.africa-press.net\/cameroun\/politique\/adamaoua-le-gouverneur-fait-arreter-un-journaliste#article","isPartOf":{"@id":"https:\/\/www.africa-press.net\/cameroun\/politique\/adamaoua-le-gouverneur-fait-arreter-un-journaliste"},"author":{"name":"cfeditorfr","@id":"https:\/\/www.africa-press.net\/cameroun\/#\/schema\/person\/2b1cf3cd81a31e3cd26889ca66d677f1"},"headline":"Adamaoua: le gouverneur fait arr\u00eater un journaliste","datePublished":"2023-09-14T12:37:17+00:00","dateModified":"2023-09-14T12:47:46+00:00","mainEntityOfPage":{"@id":"https:\/\/www.africa-press.net\/cameroun\/politique\/adamaoua-le-gouverneur-fait-arreter-un-journaliste"},"wordCount":355,"commentCount":0,"image":{"@id":"https:\/\/www.africa-press.net\/cameroun\/politique\/adamaoua-le-gouverneur-fait-arreter-un-journaliste#primaryimage"},"thumbnailUrl":"https:\/\/static.africa-press.net\/cameroun\/sites\/57\/2023\/09\/sm_1694682843.61619.jpg","keywords":["Africa Press","Africa Press-Cameroun","Cameroun"],"articleSection":["Politique","Toutes les actualit\u00e9s"],"inLanguage":"fr-FR","potentialAction":[{"@type":"CommentAction","name":"Comment","target":["https:\/\/www.africa-press.net\/cameroun\/politique\/adamaoua-le-gouverneur-fait-arreter-un-journaliste#respond"]}]},{"@type":"WebPage","@id":"https:\/\/www.africa-press.net\/cameroun\/politique\/adamaoua-le-gouverneur-fait-arreter-un-journaliste","url":"https:\/\/www.africa-press.net\/cameroun\/politique\/adamaoua-le-gouverneur-fait-arreter-un-journaliste","name":"Adamaoua: le gouverneur fait arr\u00eater un journaliste - Cameroun","isPartOf":{"@id":"https:\/\/www.africa-press.net\/cameroun\/#website"},"primaryImageOfPage":{"@id":"https:\/\/www.africa-press.net\/cameroun\/politique\/adamaoua-le-gouverneur-fait-arreter-un-journaliste#primaryimage"},"image":{"@id":"https:\/\/www.africa-press.net\/cameroun\/politique\/adamaoua-le-gouverneur-fait-arreter-un-journaliste#primaryimage"},"thumbnailUrl":"https:\/\/static.africa-press.net\/cameroun\/sites\/57\/2023\/09\/sm_1694682843.61619.jpg","datePublished":"2023-09-14T12:37:17+00:00","dateModified":"2023-09-14T12:47:46+00:00","author":{"@id":"https:\/\/www.africa-press.net\/cameroun\/#\/schema\/person\/2b1cf3cd81a31e3cd26889ca66d677f1"},"description":"Le gouverneur de la re\u0301gion d'Adamaoua, Kildadi Taguieke Boukar Ayissi, a ordonne\u0301 l'arrestation de Bertrand Ayissi, jou ...","breadcrumb":{"@id":"https:\/\/www.africa-press.net\/cameroun\/politique\/adamaoua-le-gouverneur-fait-arreter-un-journaliste#breadcrumb"},"inLanguage":"fr-FR","potentialAction":[{"@type":"ReadAction","target":["https:\/\/www.africa-press.net\/cameroun\/politique\/adamaoua-le-gouverneur-fait-arreter-un-journaliste"]}]},{"@type":"ImageObject","inLanguage":"fr-FR","@id":"https:\/\/www.africa-press.net\/cameroun\/politique\/adamaoua-le-gouverneur-fait-arreter-un-journaliste#primaryimage","url":"https:\/\/static.africa-press.net\/cameroun\/sites\/57\/2023\/09\/sm_1694682843.61619.jpg","contentUrl":"https:\/\/static.africa-press.net\/cameroun\/sites\/57\/2023\/09\/sm_1694682843.61619.jpg","width":720,"height":480,"caption":"Adamaoua: le gouverneur fait arr\u00eater un journaliste"},{"@type":"BreadcrumbList","@id":"https:\/\/www.africa-press.net\/cameroun\/politique\/adamaoua-le-gouverneur-fait-arreter-un-journaliste#breadcrumb","itemListElement":[{"@type":"ListItem","position":1,"name":"Accueil","item":"https:\/\/www.africa-press.net\/cameroun\/"},{"@type":"ListItem","position":2,"name":"Adamaoua: le gouverneur fait arr\u00eater un journaliste"}]},{"@type":"WebSite","@id":"https:\/\/www.africa-press.net\/cameroun\/#website","url":"https:\/\/www.africa-press.net\/cameroun\/","name":"Cameroun","description":"Just another Africa News Agency Sites site","potentialAction":[{"@type":"SearchAction","target":{"@type":"EntryPoint","urlTemplate":"https:\/\/www.africa-press.net\/cameroun\/?s={search_term_string}"},"query-input":{"@type":"PropertyValueSpecification","valueRequired":true,"valueName":"search_term_string"}}],"inLanguage":"fr-FR"},{"@type":"Person","@id":"https:\/\/www.africa-press.net\/cameroun\/#\/schema\/person\/2b1cf3cd81a31e3cd26889ca66d677f1","name":"cfeditorfr"}]}},"_links":{"self":[{"href":"https:\/\/www.africa-press.net\/cameroun\/wp-json\/wp\/v2\/posts\/50704","targetHints":{"allow":["GET"]}}],"collection":[{"href":"https:\/\/www.africa-press.net\/cameroun\/wp-json\/wp\/v2\/posts"}],"about":[{"href":"https:\/\/www.africa-press.net\/cameroun\/wp-json\/wp\/v2\/types\/post"}],"author":[{"embeddable":true,"href":"https:\/\/www.africa-press.net\/cameroun\/wp-json\/wp\/v2\/users\/82"}],"replies":[{"embeddable":true,"href":"https:\/\/www.africa-press.net\/cameroun\/wp-json\/wp\/v2\/comments?post=50704"}],"version-history":[{"count":0,"href":"https:\/\/www.africa-press.net\/cameroun\/wp-json\/wp\/v2\/posts\/50704\/revisions"}],"wp:featuredmedia":[{"embeddable":true,"href":"https:\/\/www.africa-press.net\/cameroun\/wp-json\/wp\/v2\/media\/50702"}],"wp:attachment":[{"href":"https:\/\/www.africa-press.net\/cameroun\/wp-json\/wp\/v2\/media?parent=50704"}],"wp:term":[{"taxonomy":"category","embeddable":true,"href":"https:\/\/www.africa-press.net\/cameroun\/wp-json\/wp\/v2\/categories?post=50704"},{"taxonomy":"post_tag","embeddable":true,"href":"https:\/\/www.africa-press.net\/cameroun\/wp-json\/wp\/v2\/tags?post=50704"}],"curies":[{"name":"wp","href":"https:\/\/api.w.org\/{rel}","templated":true}]}}