{"id":50708,"date":"2023-09-14T12:37:24","date_gmt":"2023-09-14T12:37:24","guid":{"rendered":"https:\/\/www.africa-press.net\/cameroun\/politique\/revolution-de-palais-quelque-chose-se-prepare-a-lassemblee"},"modified":"2023-09-14T12:48:41","modified_gmt":"2023-09-14T12:48:41","slug":"revolution-de-palais-quelque-chose-se-prepare-a-lassemblee","status":"publish","type":"post","link":"https:\/\/www.africa-press.net\/cameroun\/politique\/revolution-de-palais-quelque-chose-se-prepare-a-lassemblee","title":{"rendered":"R\u00e9volution de palais : quelque chose se pr\u00e9pare \u00e0 l\u2019Assembl\u00e9e"},"content":{"rendered":"<p><span style=\"color: #ff6600\"><strong>Africa-Press &#8211; Cameroun. <\/strong><\/span>Dans un re\u0301cent article publie\u0301 par notre confre\u0300re de Jeune Afrique , l\u2019auteur explore la monte\u0301e en puissance de Boukar Abdourahim, qui, que ce soit volontairement ou non, se trouve de plus en plus sous les feux de la rampe, apre\u0300s avoir longtemps e\u0301volue\u0301 dans l&rsquo;ombre de Cavaye\u0301 Ye\u0301guie\u0301 Djibril.<\/p>\n<p>Avant que l&rsquo;affaire de re\u0301partition des postes a\u0300 l&rsquo;Assemble\u0301e nationale n&rsquo;e\u0301clate, le nom de Boukar Abdourahim, administrateur civil, e\u0301tait de\u0301ja\u0300 associe\u0301 aux difficulte\u0301s financie\u0300res auxquelles l&rsquo;institution e\u0301tait confronte\u0301e. Ces proble\u0300mes comprenaient des recrutements massifs, une dette insoutenable et un de\u0301ficit budge\u0301taire. Certains membres de l&rsquo;Assemble\u0301e n&rsquo;he\u0301sitent de\u0301sormais plus a\u0300 pointer du doigt ouvertement le cabinet pre\u0301sidentiel, qui de\u0301tient une grande partie des pouvoirs de gestion, renseigne Jeune Afrique.<\/p>\n<p>Jeune Afrique rappelle par ailleurs qu\u2019Boukar Abdourahim, qui occupe le poste de directeur de ce cabinet depuis 2015, est au c\u0153ur de toutes les de\u0301cisions prises par Cavaye\u0301 Ye\u0301guie\u0301 Djibril, dont la sante\u0301 s&rsquo;est gravement de\u0301te\u0301riore\u0301e ces dernie\u0300res anne\u0301es. Sa pre\u0301sence constante lors des re\u0301unions et audiences pre\u0301sidentielles ainsi que son ro\u0302le inde\u0301finissable dans la re\u0301daction d&rsquo;un myste\u0301rieux carnet font de lui un personnage central. Il est devenu le dernier rempart du pre\u0301sident, me\u0302me si d&rsquo;autres proches ont e\u0301te\u0301 victimes de sa toute-puissance, notamment l&rsquo;ancien aide de camp Bouba Simala et le de\u0301pute\u0301 Salmana Amadou Ali.<\/p>\n<p>Boukar Abdourahim est omnipre\u0301sent a\u0300 Yaounde\u0301 et a\u0300 Mada, ou\u0300 Cavaye\u0301 Ye\u0301guie\u0301 passe la majeure partie de son temps. Il semble e\u0302tre le patron bis de l&rsquo;Assemble\u0301e nationale, et ses liens familiaux avec Cavaye\u0301 Ye\u0301guie\u0301 Djibril remontent a\u0300 sa jeunesse. Sa carrie\u0300re a de\u0301colle\u0301 lorsqu&rsquo;il a e\u0301pouse\u0301 la fille du pre\u0301sident, ce qui lui a permis d&rsquo;inte\u0301grer l&rsquo;Assemble\u0301e nationale en tant que secre\u0301taire particulier du pre\u0301sident en 2003. Malgre\u0301 les accusations de ne\u0301potisme, il a gravi les e\u0301chelons pour devenir conseiller spe\u0301cial en 2007, puis directeur de cabinet en 2015.<\/p>\n<p>En tant que directeur de cabinet, Boukar Abdourahim est charge\u0301 d&rsquo;assister le pre\u0301sident dans la de\u0301finition des objectifs strate\u0301giques et leur mise en \u0153uvre. Cependant, son influence va bien au-dela\u0300 de ces fonctions officielles. Il semble avoir un contro\u0302le quasi absolu sur le fonctionnement du Parlement, au point que certains anciens secre\u0301taires ge\u0301ne\u0301raux de l&rsquo;Assemble\u0301e nationale affirment qu&rsquo;il empie\u0300te sur les pre\u0301rogatives du secre\u0301taire ge\u0301ne\u0301ral, ce qui est contraire a\u0300 la loi. De plus, il exerce un contro\u0302le sur les finances de l&rsquo;Assemble\u0301e, re\u0301ve\u0300le Jeune Afrique.<\/p>\n<p>Au fil des anne\u0301es, Boukar Abdourahim a e\u0301rige\u0301 une forteresse autour du pre\u0301sident Cavaye\u0301. Re\u0301cemment, il a annonce\u0301 la cre\u0301ation d&rsquo;une commission charge\u0301e de contro\u0302ler les actes soumis a\u0300 la signature du pre\u0301sident, dans le but de mettre fin aux re\u0301seaux paralle\u0300les.<\/p>\n<p>Il est difficile de pre\u0301dire jusqu&rsquo;ou\u0300 ira Boukar Abdourahim, mais il semble chercher a\u0300 renforcer son influence dans son arrondissement d&rsquo;origine, ou\u0300 il est devenu un acteur politique majeur. Ses actions suscitent de plus en plus l&rsquo;attention et l&rsquo;inquie\u0301tude, et il reste a\u0300 voir quelles seront les conse\u0301quences de son ascension continue.<\/p>\n<p><strong>Pour plus d&rsquo;informations et d&rsquo;analyses sur la <a href=\"https:\/\/www.africa-press.net\/cameroun\">Cameroun<\/a>, suivez <a href=\"https:\/\/www.africa-press.net\/\">Africa-Press<\/a><\/strong><\/p>\n","protected":false},"excerpt":{"rendered":"<p>Africa-Press &#8211; Cameroun. Dans un re\u0301cent article publie\u0301 par notre confre\u0300re de Jeune Afrique , l\u2019auteur explore la monte\u0301e en puissance de Boukar Abdourahim, qui, que ce soit volontairement ou non, se trouve de plus en plus sous les feux de la rampe, apre\u0300s avoir longtemps e\u0301volue\u0301 dans l&rsquo;ombre de Cavaye\u0301 Ye\u0301guie\u0301 Djibril. Avant que [&hellip;]<\/p>\n","protected":false},"author":82,"featured_media":50705,"comment_status":"open","ping_status":"closed","sticky":false,"template":"","format":"standard","meta":{"footnotes":""},"categories":[2,10],"tags":[36,50,49],"class_list":["post-50708","post","type-post","status-publish","format-standard","has-post-thumbnail","hentry","category-politique","category-toutes-les-actualites","tag-africa-press","tag-africa-press-cameroun","tag-cameroun"],"yoast_head":"<!-- This site is optimized with the Yoast SEO Premium plugin v26.1 (Yoast SEO v27.0) - https:\/\/yoast.com\/product\/yoast-seo-premium-wordpress\/ -->\n<title>R\u00e9volution de palais : quelque chose se pr\u00e9pare \u00e0 l\u2019Assembl\u00e9e - Cameroun<\/title>\n<meta name=\"description\" content=\"Dans un re\u0301cent article publie\u0301 par notre confre\u0300re de Jeune Afrique , l\u2019auteur explore la monte\u0301e en puissance de Bouka ...\" \/>\n<meta name=\"robots\" content=\"index, follow, max-snippet:-1, max-image-preview:large, max-video-preview:-1\" \/>\n<link rel=\"canonical\" href=\"https:\/\/www.africa-press.net\/cameroun\/politique\/revolution-de-palais-quelque-chose-se-prepare-a-lassemblee\" \/>\n<meta property=\"og:locale\" content=\"fr_FR\" \/>\n<meta property=\"og:type\" content=\"article\" \/>\n<meta property=\"og:title\" content=\"R\u00e9volution de palais : quelque chose se pr\u00e9pare \u00e0 l\u2019Assembl\u00e9e\" \/>\n<meta property=\"og:description\" content=\"Dans un re\u0301cent article publie\u0301 par notre confre\u0300re de Jeune Afrique , l\u2019auteur explore la monte\u0301e en puissance de Bouka ...\" \/>\n<meta property=\"og:url\" content=\"https:\/\/www.africa-press.net\/cameroun\/politique\/revolution-de-palais-quelque-chose-se-prepare-a-lassemblee\" \/>\n<meta property=\"og:site_name\" content=\"Cameroun\" \/>\n<meta property=\"article:published_time\" content=\"2023-09-14T12:37:24+00:00\" \/>\n<meta property=\"article:modified_time\" content=\"2023-09-14T12:48:41+00:00\" \/>\n<meta property=\"og:image\" content=\"https:\/\/static.africa-press.net\/cameroun\/sites\/57\/2023\/09\/sm_1694682907.800768.jpg\" \/>\n\t<meta property=\"og:image:width\" content=\"720\" \/>\n\t<meta property=\"og:image:height\" content=\"393\" \/>\n\t<meta property=\"og:image:type\" content=\"image\/jpeg\" \/>\n<meta name=\"author\" content=\"cfeditorfr\" \/>\n<meta name=\"twitter:card\" content=\"summary_large_image\" \/>\n<meta name=\"twitter:label1\" content=\"\u00c9crit par\" \/>\n\t<meta name=\"twitter:data1\" content=\"cfeditorfr\" \/>\n\t<meta name=\"twitter:label2\" content=\"Dur\u00e9e de lecture estim\u00e9e\" \/>\n\t<meta name=\"twitter:data2\" content=\"3 minutes\" \/>\n<script type=\"application\/ld+json\" class=\"yoast-schema-graph\">{\"@context\":\"https:\/\/schema.org\",\"@graph\":[{\"@type\":\"Article\",\"@id\":\"https:\/\/www.africa-press.net\/cameroun\/politique\/revolution-de-palais-quelque-chose-se-prepare-a-lassemblee#article\",\"isPartOf\":{\"@id\":\"https:\/\/www.africa-press.net\/cameroun\/politique\/revolution-de-palais-quelque-chose-se-prepare-a-lassemblee\"},\"author\":{\"name\":\"cfeditorfr\",\"@id\":\"https:\/\/www.africa-press.net\/cameroun\/#\/schema\/person\/2b1cf3cd81a31e3cd26889ca66d677f1\"},\"headline\":\"R\u00e9volution de palais : quelque chose se pr\u00e9pare \u00e0 l\u2019Assembl\u00e9e\",\"datePublished\":\"2023-09-14T12:37:24+00:00\",\"dateModified\":\"2023-09-14T12:48:41+00:00\",\"mainEntityOfPage\":{\"@id\":\"https:\/\/www.africa-press.net\/cameroun\/politique\/revolution-de-palais-quelque-chose-se-prepare-a-lassemblee\"},\"wordCount\":620,\"commentCount\":0,\"image\":{\"@id\":\"https:\/\/www.africa-press.net\/cameroun\/politique\/revolution-de-palais-quelque-chose-se-prepare-a-lassemblee#primaryimage\"},\"thumbnailUrl\":\"https:\/\/static.africa-press.net\/cameroun\/sites\/57\/2023\/09\/sm_1694682907.800768.jpg\",\"keywords\":[\"Africa Press\",\"Africa Press-Cameroun\",\"Cameroun\"],\"articleSection\":[\"Politique\",\"Toutes les actualit\u00e9s\"],\"inLanguage\":\"fr-FR\",\"potentialAction\":[{\"@type\":\"CommentAction\",\"name\":\"Comment\",\"target\":[\"https:\/\/www.africa-press.net\/cameroun\/politique\/revolution-de-palais-quelque-chose-se-prepare-a-lassemblee#respond\"]}]},{\"@type\":\"WebPage\",\"@id\":\"https:\/\/www.africa-press.net\/cameroun\/politique\/revolution-de-palais-quelque-chose-se-prepare-a-lassemblee\",\"url\":\"https:\/\/www.africa-press.net\/cameroun\/politique\/revolution-de-palais-quelque-chose-se-prepare-a-lassemblee\",\"name\":\"R\u00e9volution de palais : quelque chose se pr\u00e9pare \u00e0 l\u2019Assembl\u00e9e - Cameroun\",\"isPartOf\":{\"@id\":\"https:\/\/www.africa-press.net\/cameroun\/#website\"},\"primaryImageOfPage\":{\"@id\":\"https:\/\/www.africa-press.net\/cameroun\/politique\/revolution-de-palais-quelque-chose-se-prepare-a-lassemblee#primaryimage\"},\"image\":{\"@id\":\"https:\/\/www.africa-press.net\/cameroun\/politique\/revolution-de-palais-quelque-chose-se-prepare-a-lassemblee#primaryimage\"},\"thumbnailUrl\":\"https:\/\/static.africa-press.net\/cameroun\/sites\/57\/2023\/09\/sm_1694682907.800768.jpg\",\"datePublished\":\"2023-09-14T12:37:24+00:00\",\"dateModified\":\"2023-09-14T12:48:41+00:00\",\"author\":{\"@id\":\"https:\/\/www.africa-press.net\/cameroun\/#\/schema\/person\/2b1cf3cd81a31e3cd26889ca66d677f1\"},\"description\":\"Dans un re\u0301cent article publie\u0301 par notre confre\u0300re de Jeune Afrique , l\u2019auteur explore la monte\u0301e en puissance de Bouka ...\",\"breadcrumb\":{\"@id\":\"https:\/\/www.africa-press.net\/cameroun\/politique\/revolution-de-palais-quelque-chose-se-prepare-a-lassemblee#breadcrumb\"},\"inLanguage\":\"fr-FR\",\"potentialAction\":[{\"@type\":\"ReadAction\",\"target\":[\"https:\/\/www.africa-press.net\/cameroun\/politique\/revolution-de-palais-quelque-chose-se-prepare-a-lassemblee\"]}]},{\"@type\":\"ImageObject\",\"inLanguage\":\"fr-FR\",\"@id\":\"https:\/\/www.africa-press.net\/cameroun\/politique\/revolution-de-palais-quelque-chose-se-prepare-a-lassemblee#primaryimage\",\"url\":\"https:\/\/static.africa-press.net\/cameroun\/sites\/57\/2023\/09\/sm_1694682907.800768.jpg\",\"contentUrl\":\"https:\/\/static.africa-press.net\/cameroun\/sites\/57\/2023\/09\/sm_1694682907.800768.jpg\",\"width\":720,\"height\":393,\"caption\":\"R\u00e9volution de palais : quelque chose se pr\u00e9pare \u00e0 l\u2019Assembl\u00e9e\"},{\"@type\":\"BreadcrumbList\",\"@id\":\"https:\/\/www.africa-press.net\/cameroun\/politique\/revolution-de-palais-quelque-chose-se-prepare-a-lassemblee#breadcrumb\",\"itemListElement\":[{\"@type\":\"ListItem\",\"position\":1,\"name\":\"Accueil\",\"item\":\"https:\/\/www.africa-press.net\/cameroun\/\"},{\"@type\":\"ListItem\",\"position\":2,\"name\":\"R\u00e9volution de palais : quelque chose se pr\u00e9pare \u00e0 l\u2019Assembl\u00e9e\"}]},{\"@type\":\"WebSite\",\"@id\":\"https:\/\/www.africa-press.net\/cameroun\/#website\",\"url\":\"https:\/\/www.africa-press.net\/cameroun\/\",\"name\":\"Cameroun\",\"description\":\"Just another Africa News Agency Sites site\",\"potentialAction\":[{\"@type\":\"SearchAction\",\"target\":{\"@type\":\"EntryPoint\",\"urlTemplate\":\"https:\/\/www.africa-press.net\/cameroun\/?s={search_term_string}\"},\"query-input\":{\"@type\":\"PropertyValueSpecification\",\"valueRequired\":true,\"valueName\":\"search_term_string\"}}],\"inLanguage\":\"fr-FR\"},{\"@type\":\"Person\",\"@id\":\"https:\/\/www.africa-press.net\/cameroun\/#\/schema\/person\/2b1cf3cd81a31e3cd26889ca66d677f1\",\"name\":\"cfeditorfr\"}]}<\/script>\n<!-- \/ Yoast SEO Premium plugin. -->","yoast_head_json":{"title":"R\u00e9volution de palais : quelque chose se pr\u00e9pare \u00e0 l\u2019Assembl\u00e9e - Cameroun","description":"Dans un re\u0301cent article publie\u0301 par notre confre\u0300re de Jeune Afrique , l\u2019auteur explore la monte\u0301e en puissance de Bouka ...","robots":{"index":"index","follow":"follow","max-snippet":"max-snippet:-1","max-image-preview":"max-image-preview:large","max-video-preview":"max-video-preview:-1"},"canonical":"https:\/\/www.africa-press.net\/cameroun\/politique\/revolution-de-palais-quelque-chose-se-prepare-a-lassemblee","og_locale":"fr_FR","og_type":"article","og_title":"R\u00e9volution de palais : quelque chose se pr\u00e9pare \u00e0 l\u2019Assembl\u00e9e","og_description":"Dans un re\u0301cent article publie\u0301 par notre confre\u0300re de Jeune Afrique , l\u2019auteur explore la monte\u0301e en puissance de Bouka ...","og_url":"https:\/\/www.africa-press.net\/cameroun\/politique\/revolution-de-palais-quelque-chose-se-prepare-a-lassemblee","og_site_name":"Cameroun","article_published_time":"2023-09-14T12:37:24+00:00","article_modified_time":"2023-09-14T12:48:41+00:00","og_image":[{"width":720,"height":393,"url":"https:\/\/static.africa-press.net\/cameroun\/sites\/57\/2023\/09\/sm_1694682907.800768.jpg","type":"image\/jpeg"}],"author":"cfeditorfr","twitter_card":"summary_large_image","twitter_misc":{"\u00c9crit par":"cfeditorfr","Dur\u00e9e de lecture estim\u00e9e":"3 minutes"},"schema":{"@context":"https:\/\/schema.org","@graph":[{"@type":"Article","@id":"https:\/\/www.africa-press.net\/cameroun\/politique\/revolution-de-palais-quelque-chose-se-prepare-a-lassemblee#article","isPartOf":{"@id":"https:\/\/www.africa-press.net\/cameroun\/politique\/revolution-de-palais-quelque-chose-se-prepare-a-lassemblee"},"author":{"name":"cfeditorfr","@id":"https:\/\/www.africa-press.net\/cameroun\/#\/schema\/person\/2b1cf3cd81a31e3cd26889ca66d677f1"},"headline":"R\u00e9volution de palais : quelque chose se pr\u00e9pare \u00e0 l\u2019Assembl\u00e9e","datePublished":"2023-09-14T12:37:24+00:00","dateModified":"2023-09-14T12:48:41+00:00","mainEntityOfPage":{"@id":"https:\/\/www.africa-press.net\/cameroun\/politique\/revolution-de-palais-quelque-chose-se-prepare-a-lassemblee"},"wordCount":620,"commentCount":0,"image":{"@id":"https:\/\/www.africa-press.net\/cameroun\/politique\/revolution-de-palais-quelque-chose-se-prepare-a-lassemblee#primaryimage"},"thumbnailUrl":"https:\/\/static.africa-press.net\/cameroun\/sites\/57\/2023\/09\/sm_1694682907.800768.jpg","keywords":["Africa Press","Africa Press-Cameroun","Cameroun"],"articleSection":["Politique","Toutes les actualit\u00e9s"],"inLanguage":"fr-FR","potentialAction":[{"@type":"CommentAction","name":"Comment","target":["https:\/\/www.africa-press.net\/cameroun\/politique\/revolution-de-palais-quelque-chose-se-prepare-a-lassemblee#respond"]}]},{"@type":"WebPage","@id":"https:\/\/www.africa-press.net\/cameroun\/politique\/revolution-de-palais-quelque-chose-se-prepare-a-lassemblee","url":"https:\/\/www.africa-press.net\/cameroun\/politique\/revolution-de-palais-quelque-chose-se-prepare-a-lassemblee","name":"R\u00e9volution de palais : quelque chose se pr\u00e9pare \u00e0 l\u2019Assembl\u00e9e - Cameroun","isPartOf":{"@id":"https:\/\/www.africa-press.net\/cameroun\/#website"},"primaryImageOfPage":{"@id":"https:\/\/www.africa-press.net\/cameroun\/politique\/revolution-de-palais-quelque-chose-se-prepare-a-lassemblee#primaryimage"},"image":{"@id":"https:\/\/www.africa-press.net\/cameroun\/politique\/revolution-de-palais-quelque-chose-se-prepare-a-lassemblee#primaryimage"},"thumbnailUrl":"https:\/\/static.africa-press.net\/cameroun\/sites\/57\/2023\/09\/sm_1694682907.800768.jpg","datePublished":"2023-09-14T12:37:24+00:00","dateModified":"2023-09-14T12:48:41+00:00","author":{"@id":"https:\/\/www.africa-press.net\/cameroun\/#\/schema\/person\/2b1cf3cd81a31e3cd26889ca66d677f1"},"description":"Dans un re\u0301cent article publie\u0301 par notre confre\u0300re de Jeune Afrique , l\u2019auteur explore la monte\u0301e en puissance de Bouka ...","breadcrumb":{"@id":"https:\/\/www.africa-press.net\/cameroun\/politique\/revolution-de-palais-quelque-chose-se-prepare-a-lassemblee#breadcrumb"},"inLanguage":"fr-FR","potentialAction":[{"@type":"ReadAction","target":["https:\/\/www.africa-press.net\/cameroun\/politique\/revolution-de-palais-quelque-chose-se-prepare-a-lassemblee"]}]},{"@type":"ImageObject","inLanguage":"fr-FR","@id":"https:\/\/www.africa-press.net\/cameroun\/politique\/revolution-de-palais-quelque-chose-se-prepare-a-lassemblee#primaryimage","url":"https:\/\/static.africa-press.net\/cameroun\/sites\/57\/2023\/09\/sm_1694682907.800768.jpg","contentUrl":"https:\/\/static.africa-press.net\/cameroun\/sites\/57\/2023\/09\/sm_1694682907.800768.jpg","width":720,"height":393,"caption":"R\u00e9volution de palais : quelque chose se pr\u00e9pare \u00e0 l\u2019Assembl\u00e9e"},{"@type":"BreadcrumbList","@id":"https:\/\/www.africa-press.net\/cameroun\/politique\/revolution-de-palais-quelque-chose-se-prepare-a-lassemblee#breadcrumb","itemListElement":[{"@type":"ListItem","position":1,"name":"Accueil","item":"https:\/\/www.africa-press.net\/cameroun\/"},{"@type":"ListItem","position":2,"name":"R\u00e9volution de palais : quelque chose se pr\u00e9pare \u00e0 l\u2019Assembl\u00e9e"}]},{"@type":"WebSite","@id":"https:\/\/www.africa-press.net\/cameroun\/#website","url":"https:\/\/www.africa-press.net\/cameroun\/","name":"Cameroun","description":"Just another Africa News Agency Sites site","potentialAction":[{"@type":"SearchAction","target":{"@type":"EntryPoint","urlTemplate":"https:\/\/www.africa-press.net\/cameroun\/?s={search_term_string}"},"query-input":{"@type":"PropertyValueSpecification","valueRequired":true,"valueName":"search_term_string"}}],"inLanguage":"fr-FR"},{"@type":"Person","@id":"https:\/\/www.africa-press.net\/cameroun\/#\/schema\/person\/2b1cf3cd81a31e3cd26889ca66d677f1","name":"cfeditorfr"}]}},"_links":{"self":[{"href":"https:\/\/www.africa-press.net\/cameroun\/wp-json\/wp\/v2\/posts\/50708","targetHints":{"allow":["GET"]}}],"collection":[{"href":"https:\/\/www.africa-press.net\/cameroun\/wp-json\/wp\/v2\/posts"}],"about":[{"href":"https:\/\/www.africa-press.net\/cameroun\/wp-json\/wp\/v2\/types\/post"}],"author":[{"embeddable":true,"href":"https:\/\/www.africa-press.net\/cameroun\/wp-json\/wp\/v2\/users\/82"}],"replies":[{"embeddable":true,"href":"https:\/\/www.africa-press.net\/cameroun\/wp-json\/wp\/v2\/comments?post=50708"}],"version-history":[{"count":0,"href":"https:\/\/www.africa-press.net\/cameroun\/wp-json\/wp\/v2\/posts\/50708\/revisions"}],"wp:featuredmedia":[{"embeddable":true,"href":"https:\/\/www.africa-press.net\/cameroun\/wp-json\/wp\/v2\/media\/50705"}],"wp:attachment":[{"href":"https:\/\/www.africa-press.net\/cameroun\/wp-json\/wp\/v2\/media?parent=50708"}],"wp:term":[{"taxonomy":"category","embeddable":true,"href":"https:\/\/www.africa-press.net\/cameroun\/wp-json\/wp\/v2\/categories?post=50708"},{"taxonomy":"post_tag","embeddable":true,"href":"https:\/\/www.africa-press.net\/cameroun\/wp-json\/wp\/v2\/tags?post=50708"}],"curies":[{"name":"wp","href":"https:\/\/api.w.org\/{rel}","templated":true}]}}