{"id":50720,"date":"2023-09-14T12:37:58","date_gmt":"2023-09-14T12:37:58","guid":{"rendered":"https:\/\/www.africa-press.net\/cameroun\/politique\/ape-lacceleration-du-demantelement-tarifaire-fait-bondir-les-pertes-de-recettes-douanieres-de-61-a-fin-juin-2023"},"modified":"2023-09-14T12:50:25","modified_gmt":"2023-09-14T12:50:25","slug":"ape-lacceleration-du-demantelement-tarifaire-fait-bondir-les-pertes-de-recettes-douanieres-de-61-a-fin-juin-2023","status":"publish","type":"post","link":"https:\/\/www.africa-press.net\/cameroun\/economie\/ape-lacceleration-du-demantelement-tarifaire-fait-bondir-les-pertes-de-recettes-douanieres-de-61-a-fin-juin-2023","title":{"rendered":"APE\u00a0: l\u2019acc\u00e9l\u00e9ration du d\u00e9mant\u00e8lement tarifaire fait bondir les pertes de recettes douani\u00e8res de 61% \u00e0 fin juin 2023"},"content":{"rendered":"<p><span style=\"color: #ff6600\"><strong>Africa-Press &#8211; Cameroun. <\/strong><\/span>Investir au Cameroun) &#8211; Au cours des six premiers mois de l\u2019anne\u0301e 2023, les pertes de recettes douanie\u0300res lie\u0301es a\u0300 la mise en \u0153uvre de l\u2019Accord de partenariat e\u0301conomique (APE) entre le Cameroun et les pays de l\u2019Union europe\u0301enne (UE) ont atteint 8,6 milliards de FCFA. Selon les donne\u0301es re\u0301ve\u0301le\u0301es par la direction ge\u0301ne\u0301rale des douanes du ministe\u0300re des Finances, ce volume des pertes est en hausse de 61% en glissement annuel.<\/p>\n<p>L\u2019accroissement des pertes, dans le cadre de l\u2019accord commercial entre le Cameroun et l\u2019UE, qui vise a\u0300 ouvrir progressivement le marche\u0301 camerounais a\u0300 80% des importations en provenance des pays de l\u2019UE, s\u2019explique par l\u2019acce\u0301le\u0301ration des de\u0301mante\u0300lements tarifaires. En effet, la 7e phase du de\u0301mante\u0300lement a de\u0301bute\u0301 le 4 aou\u0302t 2022, avec notamment une re\u0301duction de 30% des tarifs douaniers sur les produits du 3e groupe, dits produits a\u0300 rendement fiscal e\u0301leve\u0301. Selon la liste dresse\u0301e par le Cameroun et l\u2019UE, l\u2019on retrouve dans ce groupe des produits tels que les ve\u0301hicules utilitaires, les carburants, les motos ou encore les ciments, etc.<\/p>\n<p>En outre, dans le cadre de cette 7e phase, qui s\u2019est acheve\u0301 le 3 aou\u0302t 2023, le taux de de\u0301mante\u0300lement des tarifs douaniers sur les produits du 1er groupe est demeure\u0301 a\u0300 100%, comme c\u2019est le cas depuis 2019 ; tandis que celui des produits du 2e groupe, lui, s\u2019est acce\u0301le\u0301re\u0301 a\u0300 90%.<\/p>\n<p>Les pertes de recettes enregistre\u0301es au cours du premier semestre 2023 devraient s\u2019intensifier au cours du 2e semestre courant, suite a\u0300 l\u2019entre\u0301e en vigueur de la 8e phase du de\u0301mante\u0300lement tarifaire, depuis le 4 aou\u0302t 2023. Depuis cette date, en effet, les marchandises importe\u0301es par le Cameroun depuis les pays de l\u2019UE sont e\u0301ligibles au be\u0301ne\u0301fice du tarif pre\u0301fe\u0301rentiel a\u0300 l\u2019importation, aux taux du de\u0301mante\u0300lement du droit de douane de 100% pour les produits du premier groupe, 100% pour les produits du 2e groupe et 40% pour les produits du 3e groupe.<\/p>\n<p><b>De\u0301cote<\/b><\/p>\n<p>Pour rappel, les produits du premier groupe, dont le de\u0301mante\u0300lement a de\u0301bute\u0301 le 4 aou\u0302t 2016, a\u0300 un rythme de de\u0301cote de 25% par an sur le droit de douane applicable, incluent les produits pharmaceutiques, les engrais, les pesticides, les tourteaux, les papiers et cartons, les bitumes et autres re\u0301sidus de pe\u0301trole, la soude, le gypse, la craie, la chaux, le gaz, les produits chimiques inorganiques et organiques, les ordinateurs, les ve\u0301hicules automobiles a\u0300 usages spe\u0301ciaux, les tracteurs, les parties et accessoires de motocycle, bicyclette et fauteuils roulants, les appareils pour laboratoire, etc. Sur ces produits, le de\u0301mante\u0300lement tarifaire est rendu a\u0300 100% depuis le 4 aou\u0302t 2019.<\/p>\n<p>Pour les produits du 2e groupe, dont le de\u0301mante\u0300lement a de\u0301bute\u0301 le 4 aou\u0302t 2017, au rythme d\u2019une de\u0301cote de 15% par an sur le droit de douane applicable, l\u2019objectif est d\u2019encourager la production locale. Le de\u0301mante\u0300lement est rendu a\u0300 100% depuis le 4 aou\u0302t 2023. Les produits concerne\u0301s ici sont les pla\u0302tres, chaux, marbres, clinkers, intrants pour industries alimentaires (me\u0301langes odorife\u0301rants&#8230; pour industries alimentaires ou des boissons, levures, etc.), fils machine, groupes e\u0301lectroge\u0300nes et convertisseurs rotatifs e\u0301lectriques, machines et appareils, ve\u0301hicules automobiles pour le transport de marchandises (camion, etc.), remorques et semi-remorques, brouettes, certains parties et accessoires de ve\u0301hicules (pare-chocs, ceintures, freins, roues, embrayages).<\/p>\n<p>Le 3e groupe concerne les produits a\u0300 rendement fiscal e\u0301leve\u0301 mentionne\u0301s plus haut. La de\u0301cote du droit de douane sur ces produits est de 10% par an. Ils seront comple\u0300tement exone\u0301re\u0301s de droits de douane a\u0300 partir de l\u2019anne\u0301e 2030, selon le calendrier du de\u0301mante\u0300lement tarifaire adopte\u0301 par le Cameroun et l\u2019UE.<\/p>\n<p><b>Brice R. Mbodiam<\/b><\/p>\n<p><strong>Pour plus d&rsquo;informations et d&rsquo;analyses sur la <a href=\"https:\/\/www.africa-press.net\/cameroun\">Cameroun<\/a>, suivez <a href=\"https:\/\/www.africa-press.net\/\">Africa-Press<\/a><\/strong><\/p>\n","protected":false},"excerpt":{"rendered":"<p>Africa-Press &#8211; Cameroun. Investir au Cameroun) &#8211; Au cours des six premiers mois de l\u2019anne\u0301e 2023, les pertes de recettes douanie\u0300res lie\u0301es a\u0300 la mise en \u0153uvre de l\u2019Accord de partenariat e\u0301conomique (APE) entre le Cameroun et les pays de l\u2019Union europe\u0301enne (UE) ont atteint 8,6 milliards de FCFA. Selon les donne\u0301es re\u0301ve\u0301le\u0301es par la [&hellip;]<\/p>\n","protected":false},"author":82,"featured_media":50716,"comment_status":"open","ping_status":"closed","sticky":false,"template":"","format":"standard","meta":{"footnotes":""},"categories":[3,10],"tags":[36,50,49],"class_list":["post-50720","post","type-post","status-publish","format-standard","has-post-thumbnail","hentry","category-economie","category-toutes-les-actualites","tag-africa-press","tag-africa-press-cameroun","tag-cameroun"],"yoast_head":"<!-- This site is optimized with the Yoast SEO Premium plugin v26.1 (Yoast SEO v27.0) - https:\/\/yoast.com\/product\/yoast-seo-premium-wordpress\/ -->\n<title>APE\u00a0: l\u2019acc\u00e9l\u00e9ration du d\u00e9mant\u00e8lement tarifaire fait bondir les pertes de recettes douani\u00e8res de 61% \u00e0 fin juin 2023 - Cameroun<\/title>\n<meta name=\"description\" content=\"Investir au Cameroun) - Au cours des six premiers mois de l\u2019anne\u0301e 2023, les pertes de recettes douanie\u0300res lie\u0301es a\u0300 la ...\" \/>\n<meta name=\"robots\" content=\"index, follow, max-snippet:-1, max-image-preview:large, max-video-preview:-1\" \/>\n<link rel=\"canonical\" href=\"https:\/\/www.africa-press.net\/cameroun\/economie\/ape-lacceleration-du-demantelement-tarifaire-fait-bondir-les-pertes-de-recettes-douanieres-de-61-a-fin-juin-2023\" \/>\n<meta property=\"og:locale\" content=\"fr_FR\" \/>\n<meta property=\"og:type\" content=\"article\" \/>\n<meta property=\"og:title\" content=\"APE\u00a0: l\u2019acc\u00e9l\u00e9ration du d\u00e9mant\u00e8lement tarifaire fait bondir les pertes de recettes douani\u00e8res de 61% \u00e0 fin juin 2023\" \/>\n<meta property=\"og:description\" content=\"Investir au Cameroun) - Au cours des six premiers mois de l\u2019anne\u0301e 2023, les pertes de recettes douanie\u0300res lie\u0301es a\u0300 la ...\" \/>\n<meta property=\"og:url\" content=\"https:\/\/www.africa-press.net\/cameroun\/economie\/ape-lacceleration-du-demantelement-tarifaire-fait-bondir-les-pertes-de-recettes-douanieres-de-61-a-fin-juin-2023\" \/>\n<meta property=\"og:site_name\" content=\"Cameroun\" \/>\n<meta property=\"article:published_time\" content=\"2023-09-14T12:37:58+00:00\" \/>\n<meta property=\"article:modified_time\" content=\"2023-09-14T12:50:25+00:00\" \/>\n<meta property=\"og:image\" content=\"https:\/\/static.africa-press.net\/cameroun\/sites\/57\/2023\/09\/sm_1694683017.422959.jpg\" \/>\n\t<meta property=\"og:image:width\" content=\"720\" \/>\n\t<meta property=\"og:image:height\" content=\"479\" \/>\n\t<meta property=\"og:image:type\" content=\"image\/jpeg\" \/>\n<meta name=\"author\" content=\"cfeditorfr\" \/>\n<meta name=\"twitter:card\" content=\"summary_large_image\" \/>\n<meta name=\"twitter:label1\" content=\"\u00c9crit par\" \/>\n\t<meta name=\"twitter:data1\" content=\"cfeditorfr\" \/>\n\t<meta name=\"twitter:label2\" content=\"Dur\u00e9e de lecture estim\u00e9e\" \/>\n\t<meta name=\"twitter:data2\" content=\"3 minutes\" \/>\n<script type=\"application\/ld+json\" class=\"yoast-schema-graph\">{\"@context\":\"https:\/\/schema.org\",\"@graph\":[{\"@type\":\"Article\",\"@id\":\"https:\/\/www.africa-press.net\/cameroun\/economie\/ape-lacceleration-du-demantelement-tarifaire-fait-bondir-les-pertes-de-recettes-douanieres-de-61-a-fin-juin-2023#article\",\"isPartOf\":{\"@id\":\"https:\/\/www.africa-press.net\/cameroun\/economie\/ape-lacceleration-du-demantelement-tarifaire-fait-bondir-les-pertes-de-recettes-douanieres-de-61-a-fin-juin-2023\"},\"author\":{\"name\":\"cfeditorfr\",\"@id\":\"https:\/\/www.africa-press.net\/cameroun\/#\/schema\/person\/2b1cf3cd81a31e3cd26889ca66d677f1\"},\"headline\":\"APE\u00a0: l\u2019acc\u00e9l\u00e9ration du d\u00e9mant\u00e8lement tarifaire fait bondir les pertes de recettes douani\u00e8res de 61% \u00e0 fin juin 2023\",\"datePublished\":\"2023-09-14T12:37:58+00:00\",\"dateModified\":\"2023-09-14T12:50:25+00:00\",\"mainEntityOfPage\":{\"@id\":\"https:\/\/www.africa-press.net\/cameroun\/economie\/ape-lacceleration-du-demantelement-tarifaire-fait-bondir-les-pertes-de-recettes-douanieres-de-61-a-fin-juin-2023\"},\"wordCount\":695,\"commentCount\":0,\"image\":{\"@id\":\"https:\/\/www.africa-press.net\/cameroun\/economie\/ape-lacceleration-du-demantelement-tarifaire-fait-bondir-les-pertes-de-recettes-douanieres-de-61-a-fin-juin-2023#primaryimage\"},\"thumbnailUrl\":\"https:\/\/static.africa-press.net\/cameroun\/sites\/57\/2023\/09\/sm_1694683017.422959.jpg\",\"keywords\":[\"Africa Press\",\"Africa Press-Cameroun\",\"Cameroun\"],\"articleSection\":[\"\u00c9conomie\",\"Toutes les actualit\u00e9s\"],\"inLanguage\":\"fr-FR\",\"potentialAction\":[{\"@type\":\"CommentAction\",\"name\":\"Comment\",\"target\":[\"https:\/\/www.africa-press.net\/cameroun\/economie\/ape-lacceleration-du-demantelement-tarifaire-fait-bondir-les-pertes-de-recettes-douanieres-de-61-a-fin-juin-2023#respond\"]}]},{\"@type\":\"WebPage\",\"@id\":\"https:\/\/www.africa-press.net\/cameroun\/economie\/ape-lacceleration-du-demantelement-tarifaire-fait-bondir-les-pertes-de-recettes-douanieres-de-61-a-fin-juin-2023\",\"url\":\"https:\/\/www.africa-press.net\/cameroun\/economie\/ape-lacceleration-du-demantelement-tarifaire-fait-bondir-les-pertes-de-recettes-douanieres-de-61-a-fin-juin-2023\",\"name\":\"APE\u00a0: l\u2019acc\u00e9l\u00e9ration du d\u00e9mant\u00e8lement tarifaire fait bondir les pertes de recettes douani\u00e8res de 61% \u00e0 fin juin 2023 - Cameroun\",\"isPartOf\":{\"@id\":\"https:\/\/www.africa-press.net\/cameroun\/#website\"},\"primaryImageOfPage\":{\"@id\":\"https:\/\/www.africa-press.net\/cameroun\/economie\/ape-lacceleration-du-demantelement-tarifaire-fait-bondir-les-pertes-de-recettes-douanieres-de-61-a-fin-juin-2023#primaryimage\"},\"image\":{\"@id\":\"https:\/\/www.africa-press.net\/cameroun\/economie\/ape-lacceleration-du-demantelement-tarifaire-fait-bondir-les-pertes-de-recettes-douanieres-de-61-a-fin-juin-2023#primaryimage\"},\"thumbnailUrl\":\"https:\/\/static.africa-press.net\/cameroun\/sites\/57\/2023\/09\/sm_1694683017.422959.jpg\",\"datePublished\":\"2023-09-14T12:37:58+00:00\",\"dateModified\":\"2023-09-14T12:50:25+00:00\",\"author\":{\"@id\":\"https:\/\/www.africa-press.net\/cameroun\/#\/schema\/person\/2b1cf3cd81a31e3cd26889ca66d677f1\"},\"description\":\"Investir au Cameroun) - Au cours des six premiers mois de l\u2019anne\u0301e 2023, les pertes de recettes douanie\u0300res lie\u0301es a\u0300 la ...\",\"breadcrumb\":{\"@id\":\"https:\/\/www.africa-press.net\/cameroun\/economie\/ape-lacceleration-du-demantelement-tarifaire-fait-bondir-les-pertes-de-recettes-douanieres-de-61-a-fin-juin-2023#breadcrumb\"},\"inLanguage\":\"fr-FR\",\"potentialAction\":[{\"@type\":\"ReadAction\",\"target\":[\"https:\/\/www.africa-press.net\/cameroun\/economie\/ape-lacceleration-du-demantelement-tarifaire-fait-bondir-les-pertes-de-recettes-douanieres-de-61-a-fin-juin-2023\"]}]},{\"@type\":\"ImageObject\",\"inLanguage\":\"fr-FR\",\"@id\":\"https:\/\/www.africa-press.net\/cameroun\/economie\/ape-lacceleration-du-demantelement-tarifaire-fait-bondir-les-pertes-de-recettes-douanieres-de-61-a-fin-juin-2023#primaryimage\",\"url\":\"https:\/\/static.africa-press.net\/cameroun\/sites\/57\/2023\/09\/sm_1694683017.422959.jpg\",\"contentUrl\":\"https:\/\/static.africa-press.net\/cameroun\/sites\/57\/2023\/09\/sm_1694683017.422959.jpg\",\"width\":720,\"height\":479,\"caption\":\"APE\u00a0: l\u2019acc\u00e9l\u00e9ration du d\u00e9mant\u00e8lement tarifaire fait bondir les pertes de recettes douani\u00e8res de 61% \u00e0 fin juin 2023\"},{\"@type\":\"BreadcrumbList\",\"@id\":\"https:\/\/www.africa-press.net\/cameroun\/economie\/ape-lacceleration-du-demantelement-tarifaire-fait-bondir-les-pertes-de-recettes-douanieres-de-61-a-fin-juin-2023#breadcrumb\",\"itemListElement\":[{\"@type\":\"ListItem\",\"position\":1,\"name\":\"Accueil\",\"item\":\"https:\/\/www.africa-press.net\/cameroun\/\"},{\"@type\":\"ListItem\",\"position\":2,\"name\":\"APE\u00a0: l\u2019acc\u00e9l\u00e9ration du d\u00e9mant\u00e8lement tarifaire fait bondir les pertes de recettes douani\u00e8res de 61% \u00e0 fin juin 2023\"}]},{\"@type\":\"WebSite\",\"@id\":\"https:\/\/www.africa-press.net\/cameroun\/#website\",\"url\":\"https:\/\/www.africa-press.net\/cameroun\/\",\"name\":\"Cameroun\",\"description\":\"Just another Africa News Agency Sites site\",\"potentialAction\":[{\"@type\":\"SearchAction\",\"target\":{\"@type\":\"EntryPoint\",\"urlTemplate\":\"https:\/\/www.africa-press.net\/cameroun\/?s={search_term_string}\"},\"query-input\":{\"@type\":\"PropertyValueSpecification\",\"valueRequired\":true,\"valueName\":\"search_term_string\"}}],\"inLanguage\":\"fr-FR\"},{\"@type\":\"Person\",\"@id\":\"https:\/\/www.africa-press.net\/cameroun\/#\/schema\/person\/2b1cf3cd81a31e3cd26889ca66d677f1\",\"name\":\"cfeditorfr\"}]}<\/script>\n<!-- \/ Yoast SEO Premium plugin. -->","yoast_head_json":{"title":"APE\u00a0: l\u2019acc\u00e9l\u00e9ration du d\u00e9mant\u00e8lement tarifaire fait bondir les pertes de recettes douani\u00e8res de 61% \u00e0 fin juin 2023 - Cameroun","description":"Investir au Cameroun) - Au cours des six premiers mois de l\u2019anne\u0301e 2023, les pertes de recettes douanie\u0300res lie\u0301es a\u0300 la ...","robots":{"index":"index","follow":"follow","max-snippet":"max-snippet:-1","max-image-preview":"max-image-preview:large","max-video-preview":"max-video-preview:-1"},"canonical":"https:\/\/www.africa-press.net\/cameroun\/economie\/ape-lacceleration-du-demantelement-tarifaire-fait-bondir-les-pertes-de-recettes-douanieres-de-61-a-fin-juin-2023","og_locale":"fr_FR","og_type":"article","og_title":"APE\u00a0: l\u2019acc\u00e9l\u00e9ration du d\u00e9mant\u00e8lement tarifaire fait bondir les pertes de recettes douani\u00e8res de 61% \u00e0 fin juin 2023","og_description":"Investir au Cameroun) - Au cours des six premiers mois de l\u2019anne\u0301e 2023, les pertes de recettes douanie\u0300res lie\u0301es a\u0300 la ...","og_url":"https:\/\/www.africa-press.net\/cameroun\/economie\/ape-lacceleration-du-demantelement-tarifaire-fait-bondir-les-pertes-de-recettes-douanieres-de-61-a-fin-juin-2023","og_site_name":"Cameroun","article_published_time":"2023-09-14T12:37:58+00:00","article_modified_time":"2023-09-14T12:50:25+00:00","og_image":[{"width":720,"height":479,"url":"https:\/\/static.africa-press.net\/cameroun\/sites\/57\/2023\/09\/sm_1694683017.422959.jpg","type":"image\/jpeg"}],"author":"cfeditorfr","twitter_card":"summary_large_image","twitter_misc":{"\u00c9crit par":"cfeditorfr","Dur\u00e9e de lecture estim\u00e9e":"3 minutes"},"schema":{"@context":"https:\/\/schema.org","@graph":[{"@type":"Article","@id":"https:\/\/www.africa-press.net\/cameroun\/economie\/ape-lacceleration-du-demantelement-tarifaire-fait-bondir-les-pertes-de-recettes-douanieres-de-61-a-fin-juin-2023#article","isPartOf":{"@id":"https:\/\/www.africa-press.net\/cameroun\/economie\/ape-lacceleration-du-demantelement-tarifaire-fait-bondir-les-pertes-de-recettes-douanieres-de-61-a-fin-juin-2023"},"author":{"name":"cfeditorfr","@id":"https:\/\/www.africa-press.net\/cameroun\/#\/schema\/person\/2b1cf3cd81a31e3cd26889ca66d677f1"},"headline":"APE\u00a0: l\u2019acc\u00e9l\u00e9ration du d\u00e9mant\u00e8lement tarifaire fait bondir les pertes de recettes douani\u00e8res de 61% \u00e0 fin juin 2023","datePublished":"2023-09-14T12:37:58+00:00","dateModified":"2023-09-14T12:50:25+00:00","mainEntityOfPage":{"@id":"https:\/\/www.africa-press.net\/cameroun\/economie\/ape-lacceleration-du-demantelement-tarifaire-fait-bondir-les-pertes-de-recettes-douanieres-de-61-a-fin-juin-2023"},"wordCount":695,"commentCount":0,"image":{"@id":"https:\/\/www.africa-press.net\/cameroun\/economie\/ape-lacceleration-du-demantelement-tarifaire-fait-bondir-les-pertes-de-recettes-douanieres-de-61-a-fin-juin-2023#primaryimage"},"thumbnailUrl":"https:\/\/static.africa-press.net\/cameroun\/sites\/57\/2023\/09\/sm_1694683017.422959.jpg","keywords":["Africa Press","Africa Press-Cameroun","Cameroun"],"articleSection":["\u00c9conomie","Toutes les actualit\u00e9s"],"inLanguage":"fr-FR","potentialAction":[{"@type":"CommentAction","name":"Comment","target":["https:\/\/www.africa-press.net\/cameroun\/economie\/ape-lacceleration-du-demantelement-tarifaire-fait-bondir-les-pertes-de-recettes-douanieres-de-61-a-fin-juin-2023#respond"]}]},{"@type":"WebPage","@id":"https:\/\/www.africa-press.net\/cameroun\/economie\/ape-lacceleration-du-demantelement-tarifaire-fait-bondir-les-pertes-de-recettes-douanieres-de-61-a-fin-juin-2023","url":"https:\/\/www.africa-press.net\/cameroun\/economie\/ape-lacceleration-du-demantelement-tarifaire-fait-bondir-les-pertes-de-recettes-douanieres-de-61-a-fin-juin-2023","name":"APE\u00a0: l\u2019acc\u00e9l\u00e9ration du d\u00e9mant\u00e8lement tarifaire fait bondir les pertes de recettes douani\u00e8res de 61% \u00e0 fin juin 2023 - Cameroun","isPartOf":{"@id":"https:\/\/www.africa-press.net\/cameroun\/#website"},"primaryImageOfPage":{"@id":"https:\/\/www.africa-press.net\/cameroun\/economie\/ape-lacceleration-du-demantelement-tarifaire-fait-bondir-les-pertes-de-recettes-douanieres-de-61-a-fin-juin-2023#primaryimage"},"image":{"@id":"https:\/\/www.africa-press.net\/cameroun\/economie\/ape-lacceleration-du-demantelement-tarifaire-fait-bondir-les-pertes-de-recettes-douanieres-de-61-a-fin-juin-2023#primaryimage"},"thumbnailUrl":"https:\/\/static.africa-press.net\/cameroun\/sites\/57\/2023\/09\/sm_1694683017.422959.jpg","datePublished":"2023-09-14T12:37:58+00:00","dateModified":"2023-09-14T12:50:25+00:00","author":{"@id":"https:\/\/www.africa-press.net\/cameroun\/#\/schema\/person\/2b1cf3cd81a31e3cd26889ca66d677f1"},"description":"Investir au Cameroun) - Au cours des six premiers mois de l\u2019anne\u0301e 2023, les pertes de recettes douanie\u0300res lie\u0301es a\u0300 la ...","breadcrumb":{"@id":"https:\/\/www.africa-press.net\/cameroun\/economie\/ape-lacceleration-du-demantelement-tarifaire-fait-bondir-les-pertes-de-recettes-douanieres-de-61-a-fin-juin-2023#breadcrumb"},"inLanguage":"fr-FR","potentialAction":[{"@type":"ReadAction","target":["https:\/\/www.africa-press.net\/cameroun\/economie\/ape-lacceleration-du-demantelement-tarifaire-fait-bondir-les-pertes-de-recettes-douanieres-de-61-a-fin-juin-2023"]}]},{"@type":"ImageObject","inLanguage":"fr-FR","@id":"https:\/\/www.africa-press.net\/cameroun\/economie\/ape-lacceleration-du-demantelement-tarifaire-fait-bondir-les-pertes-de-recettes-douanieres-de-61-a-fin-juin-2023#primaryimage","url":"https:\/\/static.africa-press.net\/cameroun\/sites\/57\/2023\/09\/sm_1694683017.422959.jpg","contentUrl":"https:\/\/static.africa-press.net\/cameroun\/sites\/57\/2023\/09\/sm_1694683017.422959.jpg","width":720,"height":479,"caption":"APE\u00a0: l\u2019acc\u00e9l\u00e9ration du d\u00e9mant\u00e8lement tarifaire fait bondir les pertes de recettes douani\u00e8res de 61% \u00e0 fin juin 2023"},{"@type":"BreadcrumbList","@id":"https:\/\/www.africa-press.net\/cameroun\/economie\/ape-lacceleration-du-demantelement-tarifaire-fait-bondir-les-pertes-de-recettes-douanieres-de-61-a-fin-juin-2023#breadcrumb","itemListElement":[{"@type":"ListItem","position":1,"name":"Accueil","item":"https:\/\/www.africa-press.net\/cameroun\/"},{"@type":"ListItem","position":2,"name":"APE\u00a0: l\u2019acc\u00e9l\u00e9ration du d\u00e9mant\u00e8lement tarifaire fait bondir les pertes de recettes douani\u00e8res de 61% \u00e0 fin juin 2023"}]},{"@type":"WebSite","@id":"https:\/\/www.africa-press.net\/cameroun\/#website","url":"https:\/\/www.africa-press.net\/cameroun\/","name":"Cameroun","description":"Just another Africa News Agency Sites site","potentialAction":[{"@type":"SearchAction","target":{"@type":"EntryPoint","urlTemplate":"https:\/\/www.africa-press.net\/cameroun\/?s={search_term_string}"},"query-input":{"@type":"PropertyValueSpecification","valueRequired":true,"valueName":"search_term_string"}}],"inLanguage":"fr-FR"},{"@type":"Person","@id":"https:\/\/www.africa-press.net\/cameroun\/#\/schema\/person\/2b1cf3cd81a31e3cd26889ca66d677f1","name":"cfeditorfr"}]}},"_links":{"self":[{"href":"https:\/\/www.africa-press.net\/cameroun\/wp-json\/wp\/v2\/posts\/50720","targetHints":{"allow":["GET"]}}],"collection":[{"href":"https:\/\/www.africa-press.net\/cameroun\/wp-json\/wp\/v2\/posts"}],"about":[{"href":"https:\/\/www.africa-press.net\/cameroun\/wp-json\/wp\/v2\/types\/post"}],"author":[{"embeddable":true,"href":"https:\/\/www.africa-press.net\/cameroun\/wp-json\/wp\/v2\/users\/82"}],"replies":[{"embeddable":true,"href":"https:\/\/www.africa-press.net\/cameroun\/wp-json\/wp\/v2\/comments?post=50720"}],"version-history":[{"count":0,"href":"https:\/\/www.africa-press.net\/cameroun\/wp-json\/wp\/v2\/posts\/50720\/revisions"}],"wp:featuredmedia":[{"embeddable":true,"href":"https:\/\/www.africa-press.net\/cameroun\/wp-json\/wp\/v2\/media\/50716"}],"wp:attachment":[{"href":"https:\/\/www.africa-press.net\/cameroun\/wp-json\/wp\/v2\/media?parent=50720"}],"wp:term":[{"taxonomy":"category","embeddable":true,"href":"https:\/\/www.africa-press.net\/cameroun\/wp-json\/wp\/v2\/categories?post=50720"},{"taxonomy":"post_tag","embeddable":true,"href":"https:\/\/www.africa-press.net\/cameroun\/wp-json\/wp\/v2\/tags?post=50720"}],"curies":[{"name":"wp","href":"https:\/\/api.w.org\/{rel}","templated":true}]}}