{"id":50724,"date":"2023-09-14T12:38:06","date_gmt":"2023-09-14T12:38:06","guid":{"rendered":"https:\/\/www.africa-press.net\/cameroun\/politique\/foire-exposition-la-chambre-dagriculture-vend-le-made-in-cameroon-a-des-maires-et-investisseurs-americains"},"modified":"2023-09-14T12:51:25","modified_gmt":"2023-09-14T12:51:25","slug":"foire-exposition-la-chambre-dagriculture-vend-le-made-in-cameroon-a-des-maires-et-investisseurs-americains","status":"publish","type":"post","link":"https:\/\/www.africa-press.net\/cameroun\/economie\/foire-exposition-la-chambre-dagriculture-vend-le-made-in-cameroon-a-des-maires-et-investisseurs-americains","title":{"rendered":"Foire-exposition\u00a0: la Chambre d\u2019agriculture vend le made in Cameroon \u00e0 des maires et investisseurs am\u00e9ricains"},"content":{"rendered":"<p><span style=\"color: #ff6600\"><strong>Africa-Press &#8211; Cameroun. <\/strong><\/span>Investir au Cameroun) &#8211; Ce 14 septembre 2023, s\u2019ouvre a\u0300 l\u2019esplanade de la Chambre d\u2019agriculture, des pe\u0302ches, de l\u2019e\u0301levage et des fore\u0302ts (Capef), a\u0300 Yaounde\u0301, une mini foire-exposition des produits made in Cameroon. Selon un communique\u0301 rendu public le 13 septembre 2023 par le secre\u0301taire ge\u0301ne\u0301ral de la Capef, cette foire-exposition est organise\u0301e dans le sillage du se\u0301jour au Cameroun, du 14 au 18 septembre, d\u2019une de\u0301le\u0301gation de maires noirs et des investisseurs ame\u0301ricains.<\/p>\n<p>Cette manifestation, qui s\u2019ache\u0300ve le 15 septembre 2023, verra la participation d\u2019une bonne \u00ab centaine d\u2019exposants mettant en valeur le made in Cameroon \u00bb, apprend-on. Des rencontres B to B sont e\u0301galement pre\u0301vues, dans l\u2019optique de pouvoir catalyser des opportunite\u0301s de partenariats.<\/p>\n<p>Depuis quelques anne\u0301es, les initiatives visant a\u0300 promouvoir le made in Cameroon foisonnent dans le pays, venant aussi bien du secteur public que du prive\u0301. L\u2019objectif affiche\u0301 est de susciter et de promouvoir la consommation des produits locaux. En effet, en de\u0301pit de leur potentiel e\u0301conomique et du savoir-faire des producteurs, ces produits sont encore marginaux sur le marche\u0301, largement domine\u0301 par les produits importe\u0301s.<\/p>\n<p><strong>Pour plus d&rsquo;informations et d&rsquo;analyses sur la <a href=\"https:\/\/www.africa-press.net\/cameroun\">Cameroun<\/a>, suivez <a href=\"https:\/\/www.africa-press.net\/\">Africa-Press<\/a><\/strong><\/p>\n","protected":false},"excerpt":{"rendered":"<p>Africa-Press &#8211; Cameroun. Investir au Cameroun) &#8211; Ce 14 septembre 2023, s\u2019ouvre a\u0300 l\u2019esplanade de la Chambre d\u2019agriculture, des pe\u0302ches, de l\u2019e\u0301levage et des fore\u0302ts (Capef), a\u0300 Yaounde\u0301, une mini foire-exposition des produits made in Cameroon. Selon un communique\u0301 rendu public le 13 septembre 2023 par le secre\u0301taire ge\u0301ne\u0301ral de la Capef, cette foire-exposition est [&hellip;]<\/p>\n","protected":false},"author":82,"featured_media":50721,"comment_status":"open","ping_status":"closed","sticky":false,"template":"","format":"standard","meta":{"footnotes":""},"categories":[3,10],"tags":[36,50,49],"class_list":["post-50724","post","type-post","status-publish","format-standard","has-post-thumbnail","hentry","category-economie","category-toutes-les-actualites","tag-africa-press","tag-africa-press-cameroun","tag-cameroun"],"yoast_head":"<!-- This site is optimized with the Yoast SEO Premium plugin v26.1 (Yoast SEO v27.0) - https:\/\/yoast.com\/product\/yoast-seo-premium-wordpress\/ -->\n<title>Foire-exposition\u00a0: la Chambre d\u2019agriculture vend le made in Cameroon \u00e0 des maires et investisseurs am\u00e9ricains - Cameroun<\/title>\n<meta name=\"description\" content=\"Investir au Cameroun) - Ce 14 septembre 2023, s\u2019ouvre a\u0300 l\u2019esplanade de la Chambre d\u2019agriculture, des pe\u0302ches, de l\u2019e\u0301le ...\" \/>\n<meta name=\"robots\" content=\"index, follow, max-snippet:-1, max-image-preview:large, max-video-preview:-1\" \/>\n<link rel=\"canonical\" href=\"https:\/\/www.africa-press.net\/cameroun\/economie\/foire-exposition-la-chambre-dagriculture-vend-le-made-in-cameroon-a-des-maires-et-investisseurs-americains\" \/>\n<meta property=\"og:locale\" content=\"fr_FR\" \/>\n<meta property=\"og:type\" content=\"article\" \/>\n<meta property=\"og:title\" content=\"Foire-exposition\u00a0: la Chambre d\u2019agriculture vend le made in Cameroon \u00e0 des maires et investisseurs am\u00e9ricains\" \/>\n<meta property=\"og:description\" content=\"Investir au Cameroun) - Ce 14 septembre 2023, s\u2019ouvre a\u0300 l\u2019esplanade de la Chambre d\u2019agriculture, des pe\u0302ches, de l\u2019e\u0301le ...\" \/>\n<meta property=\"og:url\" content=\"https:\/\/www.africa-press.net\/cameroun\/economie\/foire-exposition-la-chambre-dagriculture-vend-le-made-in-cameroon-a-des-maires-et-investisseurs-americains\" \/>\n<meta property=\"og:site_name\" content=\"Cameroun\" \/>\n<meta property=\"article:published_time\" content=\"2023-09-14T12:38:06+00:00\" \/>\n<meta property=\"article:modified_time\" content=\"2023-09-14T12:51:25+00:00\" \/>\n<meta property=\"og:image\" content=\"https:\/\/static.africa-press.net\/cameroun\/sites\/57\/2023\/09\/sm_1694683080.360254.jpg\" \/>\n\t<meta property=\"og:image:width\" content=\"720\" \/>\n\t<meta property=\"og:image:height\" content=\"479\" \/>\n\t<meta property=\"og:image:type\" content=\"image\/jpeg\" \/>\n<meta name=\"author\" content=\"cfeditorfr\" \/>\n<meta name=\"twitter:card\" content=\"summary_large_image\" \/>\n<meta name=\"twitter:label1\" content=\"\u00c9crit par\" \/>\n\t<meta name=\"twitter:data1\" content=\"cfeditorfr\" \/>\n\t<meta name=\"twitter:label2\" content=\"Dur\u00e9e de lecture estim\u00e9e\" \/>\n\t<meta name=\"twitter:data2\" content=\"1 minute\" \/>\n<script type=\"application\/ld+json\" class=\"yoast-schema-graph\">{\"@context\":\"https:\/\/schema.org\",\"@graph\":[{\"@type\":\"Article\",\"@id\":\"https:\/\/www.africa-press.net\/cameroun\/economie\/foire-exposition-la-chambre-dagriculture-vend-le-made-in-cameroon-a-des-maires-et-investisseurs-americains#article\",\"isPartOf\":{\"@id\":\"https:\/\/www.africa-press.net\/cameroun\/economie\/foire-exposition-la-chambre-dagriculture-vend-le-made-in-cameroon-a-des-maires-et-investisseurs-americains\"},\"author\":{\"name\":\"cfeditorfr\",\"@id\":\"https:\/\/www.africa-press.net\/cameroun\/#\/schema\/person\/2b1cf3cd81a31e3cd26889ca66d677f1\"},\"headline\":\"Foire-exposition\u00a0: la Chambre d\u2019agriculture vend le made in Cameroon \u00e0 des maires et investisseurs am\u00e9ricains\",\"datePublished\":\"2023-09-14T12:38:06+00:00\",\"dateModified\":\"2023-09-14T12:51:25+00:00\",\"mainEntityOfPage\":{\"@id\":\"https:\/\/www.africa-press.net\/cameroun\/economie\/foire-exposition-la-chambre-dagriculture-vend-le-made-in-cameroon-a-des-maires-et-investisseurs-americains\"},\"wordCount\":231,\"commentCount\":0,\"image\":{\"@id\":\"https:\/\/www.africa-press.net\/cameroun\/economie\/foire-exposition-la-chambre-dagriculture-vend-le-made-in-cameroon-a-des-maires-et-investisseurs-americains#primaryimage\"},\"thumbnailUrl\":\"https:\/\/static.africa-press.net\/cameroun\/sites\/57\/2023\/09\/sm_1694683080.360254.jpg\",\"keywords\":[\"Africa Press\",\"Africa Press-Cameroun\",\"Cameroun\"],\"articleSection\":[\"\u00c9conomie\",\"Toutes les actualit\u00e9s\"],\"inLanguage\":\"fr-FR\",\"potentialAction\":[{\"@type\":\"CommentAction\",\"name\":\"Comment\",\"target\":[\"https:\/\/www.africa-press.net\/cameroun\/economie\/foire-exposition-la-chambre-dagriculture-vend-le-made-in-cameroon-a-des-maires-et-investisseurs-americains#respond\"]}]},{\"@type\":\"WebPage\",\"@id\":\"https:\/\/www.africa-press.net\/cameroun\/economie\/foire-exposition-la-chambre-dagriculture-vend-le-made-in-cameroon-a-des-maires-et-investisseurs-americains\",\"url\":\"https:\/\/www.africa-press.net\/cameroun\/economie\/foire-exposition-la-chambre-dagriculture-vend-le-made-in-cameroon-a-des-maires-et-investisseurs-americains\",\"name\":\"Foire-exposition\u00a0: la Chambre d\u2019agriculture vend le made in Cameroon \u00e0 des maires et investisseurs am\u00e9ricains - Cameroun\",\"isPartOf\":{\"@id\":\"https:\/\/www.africa-press.net\/cameroun\/#website\"},\"primaryImageOfPage\":{\"@id\":\"https:\/\/www.africa-press.net\/cameroun\/economie\/foire-exposition-la-chambre-dagriculture-vend-le-made-in-cameroon-a-des-maires-et-investisseurs-americains#primaryimage\"},\"image\":{\"@id\":\"https:\/\/www.africa-press.net\/cameroun\/economie\/foire-exposition-la-chambre-dagriculture-vend-le-made-in-cameroon-a-des-maires-et-investisseurs-americains#primaryimage\"},\"thumbnailUrl\":\"https:\/\/static.africa-press.net\/cameroun\/sites\/57\/2023\/09\/sm_1694683080.360254.jpg\",\"datePublished\":\"2023-09-14T12:38:06+00:00\",\"dateModified\":\"2023-09-14T12:51:25+00:00\",\"author\":{\"@id\":\"https:\/\/www.africa-press.net\/cameroun\/#\/schema\/person\/2b1cf3cd81a31e3cd26889ca66d677f1\"},\"description\":\"Investir au Cameroun) - Ce 14 septembre 2023, s\u2019ouvre a\u0300 l\u2019esplanade de la Chambre d\u2019agriculture, des pe\u0302ches, de l\u2019e\u0301le ...\",\"breadcrumb\":{\"@id\":\"https:\/\/www.africa-press.net\/cameroun\/economie\/foire-exposition-la-chambre-dagriculture-vend-le-made-in-cameroon-a-des-maires-et-investisseurs-americains#breadcrumb\"},\"inLanguage\":\"fr-FR\",\"potentialAction\":[{\"@type\":\"ReadAction\",\"target\":[\"https:\/\/www.africa-press.net\/cameroun\/economie\/foire-exposition-la-chambre-dagriculture-vend-le-made-in-cameroon-a-des-maires-et-investisseurs-americains\"]}]},{\"@type\":\"ImageObject\",\"inLanguage\":\"fr-FR\",\"@id\":\"https:\/\/www.africa-press.net\/cameroun\/economie\/foire-exposition-la-chambre-dagriculture-vend-le-made-in-cameroon-a-des-maires-et-investisseurs-americains#primaryimage\",\"url\":\"https:\/\/static.africa-press.net\/cameroun\/sites\/57\/2023\/09\/sm_1694683080.360254.jpg\",\"contentUrl\":\"https:\/\/static.africa-press.net\/cameroun\/sites\/57\/2023\/09\/sm_1694683080.360254.jpg\",\"width\":720,\"height\":479,\"caption\":\"Foire-exposition\u00a0: la Chambre d\u2019agriculture vend le made in Cameroon \u00e0 des maires et investisseurs am\u00e9ricains\"},{\"@type\":\"BreadcrumbList\",\"@id\":\"https:\/\/www.africa-press.net\/cameroun\/economie\/foire-exposition-la-chambre-dagriculture-vend-le-made-in-cameroon-a-des-maires-et-investisseurs-americains#breadcrumb\",\"itemListElement\":[{\"@type\":\"ListItem\",\"position\":1,\"name\":\"Accueil\",\"item\":\"https:\/\/www.africa-press.net\/cameroun\/\"},{\"@type\":\"ListItem\",\"position\":2,\"name\":\"Foire-exposition\u00a0: la Chambre d\u2019agriculture vend le made in Cameroon \u00e0 des maires et investisseurs am\u00e9ricains\"}]},{\"@type\":\"WebSite\",\"@id\":\"https:\/\/www.africa-press.net\/cameroun\/#website\",\"url\":\"https:\/\/www.africa-press.net\/cameroun\/\",\"name\":\"Cameroun\",\"description\":\"Just another Africa News Agency Sites site\",\"potentialAction\":[{\"@type\":\"SearchAction\",\"target\":{\"@type\":\"EntryPoint\",\"urlTemplate\":\"https:\/\/www.africa-press.net\/cameroun\/?s={search_term_string}\"},\"query-input\":{\"@type\":\"PropertyValueSpecification\",\"valueRequired\":true,\"valueName\":\"search_term_string\"}}],\"inLanguage\":\"fr-FR\"},{\"@type\":\"Person\",\"@id\":\"https:\/\/www.africa-press.net\/cameroun\/#\/schema\/person\/2b1cf3cd81a31e3cd26889ca66d677f1\",\"name\":\"cfeditorfr\"}]}<\/script>\n<!-- \/ Yoast SEO Premium plugin. -->","yoast_head_json":{"title":"Foire-exposition\u00a0: la Chambre d\u2019agriculture vend le made in Cameroon \u00e0 des maires et investisseurs am\u00e9ricains - Cameroun","description":"Investir au Cameroun) - Ce 14 septembre 2023, s\u2019ouvre a\u0300 l\u2019esplanade de la Chambre d\u2019agriculture, des pe\u0302ches, de l\u2019e\u0301le ...","robots":{"index":"index","follow":"follow","max-snippet":"max-snippet:-1","max-image-preview":"max-image-preview:large","max-video-preview":"max-video-preview:-1"},"canonical":"https:\/\/www.africa-press.net\/cameroun\/economie\/foire-exposition-la-chambre-dagriculture-vend-le-made-in-cameroon-a-des-maires-et-investisseurs-americains","og_locale":"fr_FR","og_type":"article","og_title":"Foire-exposition\u00a0: la Chambre d\u2019agriculture vend le made in Cameroon \u00e0 des maires et investisseurs am\u00e9ricains","og_description":"Investir au Cameroun) - Ce 14 septembre 2023, s\u2019ouvre a\u0300 l\u2019esplanade de la Chambre d\u2019agriculture, des pe\u0302ches, de l\u2019e\u0301le ...","og_url":"https:\/\/www.africa-press.net\/cameroun\/economie\/foire-exposition-la-chambre-dagriculture-vend-le-made-in-cameroon-a-des-maires-et-investisseurs-americains","og_site_name":"Cameroun","article_published_time":"2023-09-14T12:38:06+00:00","article_modified_time":"2023-09-14T12:51:25+00:00","og_image":[{"width":720,"height":479,"url":"https:\/\/static.africa-press.net\/cameroun\/sites\/57\/2023\/09\/sm_1694683080.360254.jpg","type":"image\/jpeg"}],"author":"cfeditorfr","twitter_card":"summary_large_image","twitter_misc":{"\u00c9crit par":"cfeditorfr","Dur\u00e9e de lecture estim\u00e9e":"1 minute"},"schema":{"@context":"https:\/\/schema.org","@graph":[{"@type":"Article","@id":"https:\/\/www.africa-press.net\/cameroun\/economie\/foire-exposition-la-chambre-dagriculture-vend-le-made-in-cameroon-a-des-maires-et-investisseurs-americains#article","isPartOf":{"@id":"https:\/\/www.africa-press.net\/cameroun\/economie\/foire-exposition-la-chambre-dagriculture-vend-le-made-in-cameroon-a-des-maires-et-investisseurs-americains"},"author":{"name":"cfeditorfr","@id":"https:\/\/www.africa-press.net\/cameroun\/#\/schema\/person\/2b1cf3cd81a31e3cd26889ca66d677f1"},"headline":"Foire-exposition\u00a0: la Chambre d\u2019agriculture vend le made in Cameroon \u00e0 des maires et investisseurs am\u00e9ricains","datePublished":"2023-09-14T12:38:06+00:00","dateModified":"2023-09-14T12:51:25+00:00","mainEntityOfPage":{"@id":"https:\/\/www.africa-press.net\/cameroun\/economie\/foire-exposition-la-chambre-dagriculture-vend-le-made-in-cameroon-a-des-maires-et-investisseurs-americains"},"wordCount":231,"commentCount":0,"image":{"@id":"https:\/\/www.africa-press.net\/cameroun\/economie\/foire-exposition-la-chambre-dagriculture-vend-le-made-in-cameroon-a-des-maires-et-investisseurs-americains#primaryimage"},"thumbnailUrl":"https:\/\/static.africa-press.net\/cameroun\/sites\/57\/2023\/09\/sm_1694683080.360254.jpg","keywords":["Africa Press","Africa Press-Cameroun","Cameroun"],"articleSection":["\u00c9conomie","Toutes les actualit\u00e9s"],"inLanguage":"fr-FR","potentialAction":[{"@type":"CommentAction","name":"Comment","target":["https:\/\/www.africa-press.net\/cameroun\/economie\/foire-exposition-la-chambre-dagriculture-vend-le-made-in-cameroon-a-des-maires-et-investisseurs-americains#respond"]}]},{"@type":"WebPage","@id":"https:\/\/www.africa-press.net\/cameroun\/economie\/foire-exposition-la-chambre-dagriculture-vend-le-made-in-cameroon-a-des-maires-et-investisseurs-americains","url":"https:\/\/www.africa-press.net\/cameroun\/economie\/foire-exposition-la-chambre-dagriculture-vend-le-made-in-cameroon-a-des-maires-et-investisseurs-americains","name":"Foire-exposition\u00a0: la Chambre d\u2019agriculture vend le made in Cameroon \u00e0 des maires et investisseurs am\u00e9ricains - Cameroun","isPartOf":{"@id":"https:\/\/www.africa-press.net\/cameroun\/#website"},"primaryImageOfPage":{"@id":"https:\/\/www.africa-press.net\/cameroun\/economie\/foire-exposition-la-chambre-dagriculture-vend-le-made-in-cameroon-a-des-maires-et-investisseurs-americains#primaryimage"},"image":{"@id":"https:\/\/www.africa-press.net\/cameroun\/economie\/foire-exposition-la-chambre-dagriculture-vend-le-made-in-cameroon-a-des-maires-et-investisseurs-americains#primaryimage"},"thumbnailUrl":"https:\/\/static.africa-press.net\/cameroun\/sites\/57\/2023\/09\/sm_1694683080.360254.jpg","datePublished":"2023-09-14T12:38:06+00:00","dateModified":"2023-09-14T12:51:25+00:00","author":{"@id":"https:\/\/www.africa-press.net\/cameroun\/#\/schema\/person\/2b1cf3cd81a31e3cd26889ca66d677f1"},"description":"Investir au Cameroun) - Ce 14 septembre 2023, s\u2019ouvre a\u0300 l\u2019esplanade de la Chambre d\u2019agriculture, des pe\u0302ches, de l\u2019e\u0301le ...","breadcrumb":{"@id":"https:\/\/www.africa-press.net\/cameroun\/economie\/foire-exposition-la-chambre-dagriculture-vend-le-made-in-cameroon-a-des-maires-et-investisseurs-americains#breadcrumb"},"inLanguage":"fr-FR","potentialAction":[{"@type":"ReadAction","target":["https:\/\/www.africa-press.net\/cameroun\/economie\/foire-exposition-la-chambre-dagriculture-vend-le-made-in-cameroon-a-des-maires-et-investisseurs-americains"]}]},{"@type":"ImageObject","inLanguage":"fr-FR","@id":"https:\/\/www.africa-press.net\/cameroun\/economie\/foire-exposition-la-chambre-dagriculture-vend-le-made-in-cameroon-a-des-maires-et-investisseurs-americains#primaryimage","url":"https:\/\/static.africa-press.net\/cameroun\/sites\/57\/2023\/09\/sm_1694683080.360254.jpg","contentUrl":"https:\/\/static.africa-press.net\/cameroun\/sites\/57\/2023\/09\/sm_1694683080.360254.jpg","width":720,"height":479,"caption":"Foire-exposition\u00a0: la Chambre d\u2019agriculture vend le made in Cameroon \u00e0 des maires et investisseurs am\u00e9ricains"},{"@type":"BreadcrumbList","@id":"https:\/\/www.africa-press.net\/cameroun\/economie\/foire-exposition-la-chambre-dagriculture-vend-le-made-in-cameroon-a-des-maires-et-investisseurs-americains#breadcrumb","itemListElement":[{"@type":"ListItem","position":1,"name":"Accueil","item":"https:\/\/www.africa-press.net\/cameroun\/"},{"@type":"ListItem","position":2,"name":"Foire-exposition\u00a0: la Chambre d\u2019agriculture vend le made in Cameroon \u00e0 des maires et investisseurs am\u00e9ricains"}]},{"@type":"WebSite","@id":"https:\/\/www.africa-press.net\/cameroun\/#website","url":"https:\/\/www.africa-press.net\/cameroun\/","name":"Cameroun","description":"Just another Africa News Agency Sites site","potentialAction":[{"@type":"SearchAction","target":{"@type":"EntryPoint","urlTemplate":"https:\/\/www.africa-press.net\/cameroun\/?s={search_term_string}"},"query-input":{"@type":"PropertyValueSpecification","valueRequired":true,"valueName":"search_term_string"}}],"inLanguage":"fr-FR"},{"@type":"Person","@id":"https:\/\/www.africa-press.net\/cameroun\/#\/schema\/person\/2b1cf3cd81a31e3cd26889ca66d677f1","name":"cfeditorfr"}]}},"_links":{"self":[{"href":"https:\/\/www.africa-press.net\/cameroun\/wp-json\/wp\/v2\/posts\/50724","targetHints":{"allow":["GET"]}}],"collection":[{"href":"https:\/\/www.africa-press.net\/cameroun\/wp-json\/wp\/v2\/posts"}],"about":[{"href":"https:\/\/www.africa-press.net\/cameroun\/wp-json\/wp\/v2\/types\/post"}],"author":[{"embeddable":true,"href":"https:\/\/www.africa-press.net\/cameroun\/wp-json\/wp\/v2\/users\/82"}],"replies":[{"embeddable":true,"href":"https:\/\/www.africa-press.net\/cameroun\/wp-json\/wp\/v2\/comments?post=50724"}],"version-history":[{"count":0,"href":"https:\/\/www.africa-press.net\/cameroun\/wp-json\/wp\/v2\/posts\/50724\/revisions"}],"wp:featuredmedia":[{"embeddable":true,"href":"https:\/\/www.africa-press.net\/cameroun\/wp-json\/wp\/v2\/media\/50721"}],"wp:attachment":[{"href":"https:\/\/www.africa-press.net\/cameroun\/wp-json\/wp\/v2\/media?parent=50724"}],"wp:term":[{"taxonomy":"category","embeddable":true,"href":"https:\/\/www.africa-press.net\/cameroun\/wp-json\/wp\/v2\/categories?post=50724"},{"taxonomy":"post_tag","embeddable":true,"href":"https:\/\/www.africa-press.net\/cameroun\/wp-json\/wp\/v2\/tags?post=50724"}],"curies":[{"name":"wp","href":"https:\/\/api.w.org\/{rel}","templated":true}]}}