{"id":50729,"date":"2023-09-13T12:38:21","date_gmt":"2023-09-13T12:38:21","guid":{"rendered":"https:\/\/www.africa-press.net\/cameroun\/politique\/cooperation-un-forum-daffaires-cameroun-turquie-annonce-a-douala-du-3-au-4-octobre-2023"},"modified":"2023-09-14T12:52:54","modified_gmt":"2023-09-14T12:52:54","slug":"cooperation-un-forum-daffaires-cameroun-turquie-annonce-a-douala-du-3-au-4-octobre-2023","status":"publish","type":"post","link":"https:\/\/www.africa-press.net\/cameroun\/economie\/cooperation-un-forum-daffaires-cameroun-turquie-annonce-a-douala-du-3-au-4-octobre-2023","title":{"rendered":"Coop\u00e9ration\u00a0: un forum d\u2019affaires Cameroun-Turquie annonc\u00e9 \u00e0 Douala du 3 au 4 octobre 2023"},"content":{"rendered":"<p><span style=\"color: #ff6600\"><strong>Africa-Press &#8211; Cameroun. <\/strong><\/span>Investir au Cameroun) &#8211; Afin de dynamiser la coope\u0301ration e\u0301conomique entre le Cameroun et la Turquie, un forum d\u2019affaires entre les ope\u0301rateurs e\u0301conomiques des deux pays est annonce\u0301 pour les 3 et 4 octobre 2023 a\u0300 Douala, la capitale e\u0301conomique camerounaise. L\u2019information a filtre\u0301 le 8 septembre 2023 au cours d\u2019une audience que le ministre du Commerce, Luc Magloire Mbarga Atangana, a accorde\u0301e a\u0300 une de\u0301le\u0301gation de la Turkish and Cameroonian Businessmen\u2019s Association (Turcaba), qui supervise l\u2019organisation du forum.<\/p>\n<p>\u00ab Le pre\u0301sident Erdogan nous instruit de nouer des partenariats gagnants-gagnants avec l\u2019Afrique. Nous avons e\u0301te\u0301 dans plusieurs pays africains, nous irons en Tanzanie apre\u0300s cette foire pour organiser une ope\u0301ration similaire \u00bb, a de\u0301clare\u0301 Tuna Ozel, conseiller commercial a\u0300 l\u2019Ambassade de Turquie au Cameroun.<\/p>\n<p>A\u0300 en croire les organisateurs, ce forum verra la participation d\u2019au moins 25 entreprises turques. Celles-ci, apprend-on, sont actives dans des secteurs aussi varie\u0301s que la construction, l\u2019industrie chimique, la side\u0301rurgie, etc. \u00ab Nous souhaitons que de cette rencontre naissent des joint-ventures, qu\u2019il y ait des investissements qui se fassent au plan local \u00bb, souhaite le pre\u0301sident de Turcaba, Fabrice Funiba.<\/p>\n<p><strong>Pour plus d&rsquo;informations et d&rsquo;analyses sur la <a href=\"https:\/\/www.africa-press.net\/cameroun\">Cameroun<\/a>, suivez <a href=\"https:\/\/www.africa-press.net\/\">Africa-Press<\/a><\/strong><\/p>\n","protected":false},"excerpt":{"rendered":"<p>Africa-Press &#8211; Cameroun. Investir au Cameroun) &#8211; Afin de dynamiser la coope\u0301ration e\u0301conomique entre le Cameroun et la Turquie, un forum d\u2019affaires entre les ope\u0301rateurs e\u0301conomiques des deux pays est annonce\u0301 pour les 3 et 4 octobre 2023 a\u0300 Douala, la capitale e\u0301conomique camerounaise. L\u2019information a filtre\u0301 le 8 septembre 2023 au cours d\u2019une audience [&hellip;]<\/p>\n","protected":false},"author":82,"featured_media":50728,"comment_status":"open","ping_status":"closed","sticky":false,"template":"","format":"standard","meta":{"footnotes":""},"categories":[3,10],"tags":[36,50,49],"class_list":["post-50729","post","type-post","status-publish","format-standard","has-post-thumbnail","hentry","category-economie","category-toutes-les-actualites","tag-africa-press","tag-africa-press-cameroun","tag-cameroun"],"yoast_head":"<!-- This site is optimized with the Yoast SEO Premium plugin v26.1 (Yoast SEO v27.0) - https:\/\/yoast.com\/product\/yoast-seo-premium-wordpress\/ -->\n<title>Coop\u00e9ration\u00a0: un forum d\u2019affaires Cameroun-Turquie annonc\u00e9 \u00e0 Douala du 3 au 4 octobre 2023 - Cameroun<\/title>\n<meta name=\"description\" content=\"Investir au Cameroun) - Afin de dynamiser la coope\u0301ration e\u0301conomique entre le Cameroun et la Turquie, un forum d\u2019affair ...\" \/>\n<meta name=\"robots\" content=\"index, follow, max-snippet:-1, max-image-preview:large, max-video-preview:-1\" \/>\n<link rel=\"canonical\" href=\"https:\/\/www.africa-press.net\/cameroun\/economie\/cooperation-un-forum-daffaires-cameroun-turquie-annonce-a-douala-du-3-au-4-octobre-2023\" \/>\n<meta property=\"og:locale\" content=\"fr_FR\" \/>\n<meta property=\"og:type\" content=\"article\" \/>\n<meta property=\"og:title\" content=\"Coop\u00e9ration\u00a0: un forum d\u2019affaires Cameroun-Turquie annonc\u00e9 \u00e0 Douala du 3 au 4 octobre 2023\" \/>\n<meta property=\"og:description\" content=\"Investir au Cameroun) - Afin de dynamiser la coope\u0301ration e\u0301conomique entre le Cameroun et la Turquie, un forum d\u2019affair ...\" \/>\n<meta property=\"og:url\" content=\"https:\/\/www.africa-press.net\/cameroun\/economie\/cooperation-un-forum-daffaires-cameroun-turquie-annonce-a-douala-du-3-au-4-octobre-2023\" \/>\n<meta property=\"og:site_name\" content=\"Cameroun\" \/>\n<meta property=\"article:published_time\" content=\"2023-09-13T12:38:21+00:00\" \/>\n<meta property=\"article:modified_time\" content=\"2023-09-14T12:52:54+00:00\" \/>\n<meta property=\"og:image\" content=\"https:\/\/static.africa-press.net\/cameroun\/sites\/57\/2023\/09\/sm_1694683178.143066.jpg\" \/>\n\t<meta property=\"og:image:width\" content=\"720\" \/>\n\t<meta property=\"og:image:height\" content=\"479\" \/>\n\t<meta property=\"og:image:type\" content=\"image\/jpeg\" \/>\n<meta name=\"author\" content=\"cfeditorfr\" \/>\n<meta name=\"twitter:card\" content=\"summary_large_image\" \/>\n<meta name=\"twitter:label1\" content=\"\u00c9crit par\" \/>\n\t<meta name=\"twitter:data1\" content=\"cfeditorfr\" \/>\n\t<meta name=\"twitter:label2\" content=\"Dur\u00e9e de lecture estim\u00e9e\" \/>\n\t<meta name=\"twitter:data2\" content=\"1 minute\" \/>\n<script type=\"application\/ld+json\" class=\"yoast-schema-graph\">{\"@context\":\"https:\/\/schema.org\",\"@graph\":[{\"@type\":\"Article\",\"@id\":\"https:\/\/www.africa-press.net\/cameroun\/economie\/cooperation-un-forum-daffaires-cameroun-turquie-annonce-a-douala-du-3-au-4-octobre-2023#article\",\"isPartOf\":{\"@id\":\"https:\/\/www.africa-press.net\/cameroun\/economie\/cooperation-un-forum-daffaires-cameroun-turquie-annonce-a-douala-du-3-au-4-octobre-2023\"},\"author\":{\"name\":\"cfeditorfr\",\"@id\":\"https:\/\/www.africa-press.net\/cameroun\/#\/schema\/person\/2b1cf3cd81a31e3cd26889ca66d677f1\"},\"headline\":\"Coop\u00e9ration\u00a0: un forum d\u2019affaires Cameroun-Turquie annonc\u00e9 \u00e0 Douala du 3 au 4 octobre 2023\",\"datePublished\":\"2023-09-13T12:38:21+00:00\",\"dateModified\":\"2023-09-14T12:52:54+00:00\",\"mainEntityOfPage\":{\"@id\":\"https:\/\/www.africa-press.net\/cameroun\/economie\/cooperation-un-forum-daffaires-cameroun-turquie-annonce-a-douala-du-3-au-4-octobre-2023\"},\"wordCount\":228,\"commentCount\":0,\"image\":{\"@id\":\"https:\/\/www.africa-press.net\/cameroun\/economie\/cooperation-un-forum-daffaires-cameroun-turquie-annonce-a-douala-du-3-au-4-octobre-2023#primaryimage\"},\"thumbnailUrl\":\"https:\/\/static.africa-press.net\/cameroun\/sites\/57\/2023\/09\/sm_1694683178.143066.jpg\",\"keywords\":[\"Africa Press\",\"Africa Press-Cameroun\",\"Cameroun\"],\"articleSection\":[\"\u00c9conomie\",\"Toutes les actualit\u00e9s\"],\"inLanguage\":\"fr-FR\",\"potentialAction\":[{\"@type\":\"CommentAction\",\"name\":\"Comment\",\"target\":[\"https:\/\/www.africa-press.net\/cameroun\/economie\/cooperation-un-forum-daffaires-cameroun-turquie-annonce-a-douala-du-3-au-4-octobre-2023#respond\"]}]},{\"@type\":\"WebPage\",\"@id\":\"https:\/\/www.africa-press.net\/cameroun\/economie\/cooperation-un-forum-daffaires-cameroun-turquie-annonce-a-douala-du-3-au-4-octobre-2023\",\"url\":\"https:\/\/www.africa-press.net\/cameroun\/economie\/cooperation-un-forum-daffaires-cameroun-turquie-annonce-a-douala-du-3-au-4-octobre-2023\",\"name\":\"Coop\u00e9ration\u00a0: un forum d\u2019affaires Cameroun-Turquie annonc\u00e9 \u00e0 Douala du 3 au 4 octobre 2023 - Cameroun\",\"isPartOf\":{\"@id\":\"https:\/\/www.africa-press.net\/cameroun\/#website\"},\"primaryImageOfPage\":{\"@id\":\"https:\/\/www.africa-press.net\/cameroun\/economie\/cooperation-un-forum-daffaires-cameroun-turquie-annonce-a-douala-du-3-au-4-octobre-2023#primaryimage\"},\"image\":{\"@id\":\"https:\/\/www.africa-press.net\/cameroun\/economie\/cooperation-un-forum-daffaires-cameroun-turquie-annonce-a-douala-du-3-au-4-octobre-2023#primaryimage\"},\"thumbnailUrl\":\"https:\/\/static.africa-press.net\/cameroun\/sites\/57\/2023\/09\/sm_1694683178.143066.jpg\",\"datePublished\":\"2023-09-13T12:38:21+00:00\",\"dateModified\":\"2023-09-14T12:52:54+00:00\",\"author\":{\"@id\":\"https:\/\/www.africa-press.net\/cameroun\/#\/schema\/person\/2b1cf3cd81a31e3cd26889ca66d677f1\"},\"description\":\"Investir au Cameroun) - Afin de dynamiser la coope\u0301ration e\u0301conomique entre le Cameroun et la Turquie, un forum d\u2019affair ...\",\"breadcrumb\":{\"@id\":\"https:\/\/www.africa-press.net\/cameroun\/economie\/cooperation-un-forum-daffaires-cameroun-turquie-annonce-a-douala-du-3-au-4-octobre-2023#breadcrumb\"},\"inLanguage\":\"fr-FR\",\"potentialAction\":[{\"@type\":\"ReadAction\",\"target\":[\"https:\/\/www.africa-press.net\/cameroun\/economie\/cooperation-un-forum-daffaires-cameroun-turquie-annonce-a-douala-du-3-au-4-octobre-2023\"]}]},{\"@type\":\"ImageObject\",\"inLanguage\":\"fr-FR\",\"@id\":\"https:\/\/www.africa-press.net\/cameroun\/economie\/cooperation-un-forum-daffaires-cameroun-turquie-annonce-a-douala-du-3-au-4-octobre-2023#primaryimage\",\"url\":\"https:\/\/static.africa-press.net\/cameroun\/sites\/57\/2023\/09\/sm_1694683178.143066.jpg\",\"contentUrl\":\"https:\/\/static.africa-press.net\/cameroun\/sites\/57\/2023\/09\/sm_1694683178.143066.jpg\",\"width\":720,\"height\":479,\"caption\":\"Coop\u00e9ration\u00a0: un forum d\u2019affaires Cameroun-Turquie annonc\u00e9 \u00e0 Douala du 3 au 4 octobre 2023\"},{\"@type\":\"BreadcrumbList\",\"@id\":\"https:\/\/www.africa-press.net\/cameroun\/economie\/cooperation-un-forum-daffaires-cameroun-turquie-annonce-a-douala-du-3-au-4-octobre-2023#breadcrumb\",\"itemListElement\":[{\"@type\":\"ListItem\",\"position\":1,\"name\":\"Accueil\",\"item\":\"https:\/\/www.africa-press.net\/cameroun\/\"},{\"@type\":\"ListItem\",\"position\":2,\"name\":\"Coop\u00e9ration\u00a0: un forum d\u2019affaires Cameroun-Turquie annonc\u00e9 \u00e0 Douala du 3 au 4 octobre 2023\"}]},{\"@type\":\"WebSite\",\"@id\":\"https:\/\/www.africa-press.net\/cameroun\/#website\",\"url\":\"https:\/\/www.africa-press.net\/cameroun\/\",\"name\":\"Cameroun\",\"description\":\"Just another Africa News Agency Sites site\",\"potentialAction\":[{\"@type\":\"SearchAction\",\"target\":{\"@type\":\"EntryPoint\",\"urlTemplate\":\"https:\/\/www.africa-press.net\/cameroun\/?s={search_term_string}\"},\"query-input\":{\"@type\":\"PropertyValueSpecification\",\"valueRequired\":true,\"valueName\":\"search_term_string\"}}],\"inLanguage\":\"fr-FR\"},{\"@type\":\"Person\",\"@id\":\"https:\/\/www.africa-press.net\/cameroun\/#\/schema\/person\/2b1cf3cd81a31e3cd26889ca66d677f1\",\"name\":\"cfeditorfr\"}]}<\/script>\n<!-- \/ Yoast SEO Premium plugin. -->","yoast_head_json":{"title":"Coop\u00e9ration\u00a0: un forum d\u2019affaires Cameroun-Turquie annonc\u00e9 \u00e0 Douala du 3 au 4 octobre 2023 - Cameroun","description":"Investir au Cameroun) - Afin de dynamiser la coope\u0301ration e\u0301conomique entre le Cameroun et la Turquie, un forum d\u2019affair ...","robots":{"index":"index","follow":"follow","max-snippet":"max-snippet:-1","max-image-preview":"max-image-preview:large","max-video-preview":"max-video-preview:-1"},"canonical":"https:\/\/www.africa-press.net\/cameroun\/economie\/cooperation-un-forum-daffaires-cameroun-turquie-annonce-a-douala-du-3-au-4-octobre-2023","og_locale":"fr_FR","og_type":"article","og_title":"Coop\u00e9ration\u00a0: un forum d\u2019affaires Cameroun-Turquie annonc\u00e9 \u00e0 Douala du 3 au 4 octobre 2023","og_description":"Investir au Cameroun) - Afin de dynamiser la coope\u0301ration e\u0301conomique entre le Cameroun et la Turquie, un forum d\u2019affair ...","og_url":"https:\/\/www.africa-press.net\/cameroun\/economie\/cooperation-un-forum-daffaires-cameroun-turquie-annonce-a-douala-du-3-au-4-octobre-2023","og_site_name":"Cameroun","article_published_time":"2023-09-13T12:38:21+00:00","article_modified_time":"2023-09-14T12:52:54+00:00","og_image":[{"width":720,"height":479,"url":"https:\/\/static.africa-press.net\/cameroun\/sites\/57\/2023\/09\/sm_1694683178.143066.jpg","type":"image\/jpeg"}],"author":"cfeditorfr","twitter_card":"summary_large_image","twitter_misc":{"\u00c9crit par":"cfeditorfr","Dur\u00e9e de lecture estim\u00e9e":"1 minute"},"schema":{"@context":"https:\/\/schema.org","@graph":[{"@type":"Article","@id":"https:\/\/www.africa-press.net\/cameroun\/economie\/cooperation-un-forum-daffaires-cameroun-turquie-annonce-a-douala-du-3-au-4-octobre-2023#article","isPartOf":{"@id":"https:\/\/www.africa-press.net\/cameroun\/economie\/cooperation-un-forum-daffaires-cameroun-turquie-annonce-a-douala-du-3-au-4-octobre-2023"},"author":{"name":"cfeditorfr","@id":"https:\/\/www.africa-press.net\/cameroun\/#\/schema\/person\/2b1cf3cd81a31e3cd26889ca66d677f1"},"headline":"Coop\u00e9ration\u00a0: un forum d\u2019affaires Cameroun-Turquie annonc\u00e9 \u00e0 Douala du 3 au 4 octobre 2023","datePublished":"2023-09-13T12:38:21+00:00","dateModified":"2023-09-14T12:52:54+00:00","mainEntityOfPage":{"@id":"https:\/\/www.africa-press.net\/cameroun\/economie\/cooperation-un-forum-daffaires-cameroun-turquie-annonce-a-douala-du-3-au-4-octobre-2023"},"wordCount":228,"commentCount":0,"image":{"@id":"https:\/\/www.africa-press.net\/cameroun\/economie\/cooperation-un-forum-daffaires-cameroun-turquie-annonce-a-douala-du-3-au-4-octobre-2023#primaryimage"},"thumbnailUrl":"https:\/\/static.africa-press.net\/cameroun\/sites\/57\/2023\/09\/sm_1694683178.143066.jpg","keywords":["Africa Press","Africa Press-Cameroun","Cameroun"],"articleSection":["\u00c9conomie","Toutes les actualit\u00e9s"],"inLanguage":"fr-FR","potentialAction":[{"@type":"CommentAction","name":"Comment","target":["https:\/\/www.africa-press.net\/cameroun\/economie\/cooperation-un-forum-daffaires-cameroun-turquie-annonce-a-douala-du-3-au-4-octobre-2023#respond"]}]},{"@type":"WebPage","@id":"https:\/\/www.africa-press.net\/cameroun\/economie\/cooperation-un-forum-daffaires-cameroun-turquie-annonce-a-douala-du-3-au-4-octobre-2023","url":"https:\/\/www.africa-press.net\/cameroun\/economie\/cooperation-un-forum-daffaires-cameroun-turquie-annonce-a-douala-du-3-au-4-octobre-2023","name":"Coop\u00e9ration\u00a0: un forum d\u2019affaires Cameroun-Turquie annonc\u00e9 \u00e0 Douala du 3 au 4 octobre 2023 - Cameroun","isPartOf":{"@id":"https:\/\/www.africa-press.net\/cameroun\/#website"},"primaryImageOfPage":{"@id":"https:\/\/www.africa-press.net\/cameroun\/economie\/cooperation-un-forum-daffaires-cameroun-turquie-annonce-a-douala-du-3-au-4-octobre-2023#primaryimage"},"image":{"@id":"https:\/\/www.africa-press.net\/cameroun\/economie\/cooperation-un-forum-daffaires-cameroun-turquie-annonce-a-douala-du-3-au-4-octobre-2023#primaryimage"},"thumbnailUrl":"https:\/\/static.africa-press.net\/cameroun\/sites\/57\/2023\/09\/sm_1694683178.143066.jpg","datePublished":"2023-09-13T12:38:21+00:00","dateModified":"2023-09-14T12:52:54+00:00","author":{"@id":"https:\/\/www.africa-press.net\/cameroun\/#\/schema\/person\/2b1cf3cd81a31e3cd26889ca66d677f1"},"description":"Investir au Cameroun) - Afin de dynamiser la coope\u0301ration e\u0301conomique entre le Cameroun et la Turquie, un forum d\u2019affair ...","breadcrumb":{"@id":"https:\/\/www.africa-press.net\/cameroun\/economie\/cooperation-un-forum-daffaires-cameroun-turquie-annonce-a-douala-du-3-au-4-octobre-2023#breadcrumb"},"inLanguage":"fr-FR","potentialAction":[{"@type":"ReadAction","target":["https:\/\/www.africa-press.net\/cameroun\/economie\/cooperation-un-forum-daffaires-cameroun-turquie-annonce-a-douala-du-3-au-4-octobre-2023"]}]},{"@type":"ImageObject","inLanguage":"fr-FR","@id":"https:\/\/www.africa-press.net\/cameroun\/economie\/cooperation-un-forum-daffaires-cameroun-turquie-annonce-a-douala-du-3-au-4-octobre-2023#primaryimage","url":"https:\/\/static.africa-press.net\/cameroun\/sites\/57\/2023\/09\/sm_1694683178.143066.jpg","contentUrl":"https:\/\/static.africa-press.net\/cameroun\/sites\/57\/2023\/09\/sm_1694683178.143066.jpg","width":720,"height":479,"caption":"Coop\u00e9ration\u00a0: un forum d\u2019affaires Cameroun-Turquie annonc\u00e9 \u00e0 Douala du 3 au 4 octobre 2023"},{"@type":"BreadcrumbList","@id":"https:\/\/www.africa-press.net\/cameroun\/economie\/cooperation-un-forum-daffaires-cameroun-turquie-annonce-a-douala-du-3-au-4-octobre-2023#breadcrumb","itemListElement":[{"@type":"ListItem","position":1,"name":"Accueil","item":"https:\/\/www.africa-press.net\/cameroun\/"},{"@type":"ListItem","position":2,"name":"Coop\u00e9ration\u00a0: un forum d\u2019affaires Cameroun-Turquie annonc\u00e9 \u00e0 Douala du 3 au 4 octobre 2023"}]},{"@type":"WebSite","@id":"https:\/\/www.africa-press.net\/cameroun\/#website","url":"https:\/\/www.africa-press.net\/cameroun\/","name":"Cameroun","description":"Just another Africa News Agency Sites site","potentialAction":[{"@type":"SearchAction","target":{"@type":"EntryPoint","urlTemplate":"https:\/\/www.africa-press.net\/cameroun\/?s={search_term_string}"},"query-input":{"@type":"PropertyValueSpecification","valueRequired":true,"valueName":"search_term_string"}}],"inLanguage":"fr-FR"},{"@type":"Person","@id":"https:\/\/www.africa-press.net\/cameroun\/#\/schema\/person\/2b1cf3cd81a31e3cd26889ca66d677f1","name":"cfeditorfr"}]}},"_links":{"self":[{"href":"https:\/\/www.africa-press.net\/cameroun\/wp-json\/wp\/v2\/posts\/50729","targetHints":{"allow":["GET"]}}],"collection":[{"href":"https:\/\/www.africa-press.net\/cameroun\/wp-json\/wp\/v2\/posts"}],"about":[{"href":"https:\/\/www.africa-press.net\/cameroun\/wp-json\/wp\/v2\/types\/post"}],"author":[{"embeddable":true,"href":"https:\/\/www.africa-press.net\/cameroun\/wp-json\/wp\/v2\/users\/82"}],"replies":[{"embeddable":true,"href":"https:\/\/www.africa-press.net\/cameroun\/wp-json\/wp\/v2\/comments?post=50729"}],"version-history":[{"count":0,"href":"https:\/\/www.africa-press.net\/cameroun\/wp-json\/wp\/v2\/posts\/50729\/revisions"}],"wp:featuredmedia":[{"embeddable":true,"href":"https:\/\/www.africa-press.net\/cameroun\/wp-json\/wp\/v2\/media\/50728"}],"wp:attachment":[{"href":"https:\/\/www.africa-press.net\/cameroun\/wp-json\/wp\/v2\/media?parent=50729"}],"wp:term":[{"taxonomy":"category","embeddable":true,"href":"https:\/\/www.africa-press.net\/cameroun\/wp-json\/wp\/v2\/categories?post=50729"},{"taxonomy":"post_tag","embeddable":true,"href":"https:\/\/www.africa-press.net\/cameroun\/wp-json\/wp\/v2\/tags?post=50729"}],"curies":[{"name":"wp","href":"https:\/\/api.w.org\/{rel}","templated":true}]}}