{"id":50764,"date":"2023-09-14T21:45:59","date_gmt":"2023-09-14T21:45:59","guid":{"rendered":"https:\/\/www.africa-press.net\/cameroun\/politique\/crise-anglophone-un-grand-malheur-annonce-le-sous-prefet-de-ndu-prend-des-dispositions"},"modified":"2023-09-15T00:56:18","modified_gmt":"2023-09-15T00:56:18","slug":"crise-anglophone-un-grand-malheur-annonce-le-sous-prefet-de-ndu-prend-des-dispositions","status":"publish","type":"post","link":"https:\/\/www.africa-press.net\/cameroun\/toutes-les-actualites\/crise-anglophone-un-grand-malheur-annonce-le-sous-prefet-de-ndu-prend-des-dispositions","title":{"rendered":"Crise anglophone : un grand malheur annonc\u00e9, le sous-pr\u00e9fet de Ndu prend des dispositions"},"content":{"rendered":"<p><span style=\"color: #ff6600\"><strong>Africa-Press &#8211; Cameroun. <\/strong><\/span>Le sous-pre\u0301fet de l\u2019arrondissement de Ndu, de\u0301partement du Donga Mantung dans la re\u0301gion du Nord-Ouest a pris un arre\u0302te\u0301 limitant la circulation des voitures et des motos dans son unite\u0301 de commandement. Ainsi, la de\u0301cision du sous-pre\u0301fet Adamu Shuaibu Ibrahim interdit la circulation des motos et des ve\u0301hicules de 20h a\u0300 6h. Exception faite des ve\u0301hicules administratifs ou de ceux appartenant aux forces de de\u0301fense et de se\u0301curite\u0301.<\/p>\n<p>L\u2019autorite\u0301 administrative justifie cette de\u0301cision par la ne\u0301cessite\u0301 de lutte contre l\u2019inse\u0301curite\u0301, mais surtout le terrorisme des groupuscules se\u0301paratistes actifs dans la re\u0301gion.<\/p>\n<p>Contexte<\/p>\n<p>Le 1er octobre 1961, le Cameroun francophone et anglophone se sont officiellement re\u0301unis pour former un seul pays, la Re\u0301publique fe\u0301de\u0301rale du Cameroun, apre\u0300s que les Camerounais anglophones ont vote\u0301 pour rejoindre le Cameroun francophone lors d&rsquo;un ple\u0301biscite organise\u0301 par les Nations Unies le 11 fe\u0301vrier 1961.<\/p>\n<p>Le 1er octobre est la date comme\u0301morant la re\u0301unification en 1961 du Cameroun sous mandat franc\u0327ais et le Cameroun britannique \u2013 Southern Cameroon) pour former un pays fe\u0301de\u0301ral.<\/p>\n<p>Le syste\u0300me de gouvernement fe\u0301de\u0301raliste convenu par les deux parties ne durera qu&rsquo;une de\u0301cennie. Le pays l&rsquo;a abandonne\u0301 lors du re\u0301fe\u0301rendum constitutionnel de 1972, installant un syste\u0300me centralise\u0301 qui a permis au pouvoir de se concentrer dans la capitale, Yaounde\u0301.<\/p>\n<p>\u00ab Les Anglophones disent avoir souffert d&rsquo;une marginalisation accrue a\u0300 la suite de ce re\u0301fe\u0301rendum \u00bb, a souligne\u0301 mai\u0302tre Alice Nkom, avocate camerounaise.<\/p>\n<p>Depuis 1972, les Anglophones qui repre\u0301sentent 20% de la population camerounaise, se sont mis a\u0300 exprimer leurs frustrations car ils se sentaient largement marginalise\u0301s par la majorite\u0301 francophone repre\u0301sentant 80% de la population.<\/p>\n<p>En 2016, les frustrations se sont multiplie\u0301es. Les avocats et les enseignants anglophones se sont mis en gre\u0300ve a\u0300 Bamenda et Buea, les capitales des re\u0301gions du nord-ouest et du sud-ouest.<\/p>\n<p>Ils estiment que le gouvernement majoritairement francophone tente de de\u0301truire le syste\u0300me de common law et l&rsquo;enseignement en anglais pratique\u0301 dans ces re\u0301gions du pays.<\/p>\n<p>Les militaires adoptent une ligne dure, et les manifestations deviennent violentes. Les anglophones commencent alors a\u0300 re\u0301clamer plus d&rsquo;autonomie. Un mouvement se\u0301paratiste e\u0301merge, exigeant la se\u0301cession pure et simple et la cre\u0301ation d&rsquo;un nouvel E\u0301tat qu&rsquo;ils appellent \u00ab\u00a0Ambazonia\u00a0\u00bb.<\/p>\n<p>Le 1er octobre 2017, des dizaines de milliers d&rsquo;anglophones descendent dans les rues de plusieurs villes des deux re\u0301gions anglophones pour proclamer l&rsquo;inde\u0301pendance de l&rsquo;Ambazonie.<\/p>\n<p>Le choix de la date n&rsquo;e\u0301tait pas un hasard. Le 1er octobre 1961 est le jour ou\u0300 les Camerounais du Sud ont obtenu l&rsquo;inde\u0301pendance de la Grande-Bretagne.<\/p>\n<p>La violence s&rsquo;ensuit. Plus de 20 personnes sont abattues par les forces de se\u0301curite\u0301 et des centaines arre\u0302te\u0301es, selon Amnesty International. D&rsquo;apre\u0300s les chiffres du gouvernement, le nombre de morts s&rsquo;e\u0301le\u0300ve a\u0300 environ 10.<\/p>\n<p>Le pre\u0301sident du Cameroun, Paul Biya, maintient depuis le de\u0301but que le pays restera \u00ab\u00a0un et indivisible\u00a0\u00bb. Le pre\u0301sident de\u0301ploie l&rsquo;arme\u0301e dans les zones anglophones, s&rsquo;engageant a\u0300 \u00ab\u00a0de\u0301truire tous ceux qui veulent diviser la nation\u00a0\u00bb.<\/p>\n<p>Depuis plusieurs anne\u0301es, les se\u0301paratistes choisissent le 1er octobre pour mener des actions violentes d\u2019e\u0301clat dans ces deux re\u0301gions, d\u2019ou\u0300 les mesures de se\u0301curite\u0301 prises. Le couvre-feu de\u0301cre\u0301te\u0301 par le sous-pre\u0301fet de Ndu est d\u2019ailleurs valable un mois, renouvelable.<\/p>\n<p><strong>Pour plus d&rsquo;informations et d&rsquo;analyses sur la <a href=\"https:\/\/www.africa-press.net\/cameroun\">Cameroun<\/a>, suivez <a href=\"https:\/\/www.africa-press.net\/\">Africa-Press<\/a><\/strong><\/p>\n","protected":false},"excerpt":{"rendered":"<p>Africa-Press &#8211; Cameroun. Le sous-pre\u0301fet de l\u2019arrondissement de Ndu, de\u0301partement du Donga Mantung dans la re\u0301gion du Nord-Ouest a pris un arre\u0302te\u0301 limitant la circulation des voitures et des motos dans son unite\u0301 de commandement. Ainsi, la de\u0301cision du sous-pre\u0301fet Adamu Shuaibu Ibrahim interdit la circulation des motos et des ve\u0301hicules de 20h a\u0300 6h. [&hellip;]<\/p>\n","protected":false},"author":82,"featured_media":50763,"comment_status":"open","ping_status":"closed","sticky":false,"template":"","format":"standard","meta":{"footnotes":""},"categories":[21,10],"tags":[36,50,49],"class_list":["post-50764","post","type-post","status-publish","format-standard","has-post-thumbnail","hentry","category-communaute","category-toutes-les-actualites","tag-africa-press","tag-africa-press-cameroun","tag-cameroun"],"yoast_head":"<!-- This site is optimized with the Yoast SEO Premium plugin v26.1 (Yoast SEO v27.0) - https:\/\/yoast.com\/product\/yoast-seo-premium-wordpress\/ -->\n<title>Crise anglophone : un grand malheur annonc\u00e9, le sous-pr\u00e9fet de Ndu prend des dispositions - Cameroun<\/title>\n<meta name=\"description\" content=\"Le sous-pre\u0301fet de l\u2019arrondissement de Ndu, de\u0301partement du Donga Mantung dans la re\u0301gion du Nord-Ouest a pris un arre\u0302t ...\" \/>\n<meta name=\"robots\" content=\"index, follow, max-snippet:-1, max-image-preview:large, max-video-preview:-1\" \/>\n<link rel=\"canonical\" href=\"https:\/\/www.africa-press.net\/cameroun\/toutes-les-actualites\/crise-anglophone-un-grand-malheur-annonce-le-sous-prefet-de-ndu-prend-des-dispositions\" \/>\n<meta property=\"og:locale\" content=\"fr_FR\" \/>\n<meta property=\"og:type\" content=\"article\" \/>\n<meta property=\"og:title\" content=\"Crise anglophone : un grand malheur annonc\u00e9, le sous-pr\u00e9fet de Ndu prend des dispositions\" \/>\n<meta property=\"og:description\" content=\"Le sous-pre\u0301fet de l\u2019arrondissement de Ndu, de\u0301partement du Donga Mantung dans la re\u0301gion du Nord-Ouest a pris un arre\u0302t ...\" \/>\n<meta property=\"og:url\" content=\"https:\/\/www.africa-press.net\/cameroun\/toutes-les-actualites\/crise-anglophone-un-grand-malheur-annonce-le-sous-prefet-de-ndu-prend-des-dispositions\" \/>\n<meta property=\"og:site_name\" content=\"Cameroun\" \/>\n<meta property=\"article:published_time\" content=\"2023-09-14T21:45:59+00:00\" \/>\n<meta property=\"article:modified_time\" content=\"2023-09-15T00:56:18+00:00\" \/>\n<meta property=\"og:image\" content=\"https:\/\/static.africa-press.net\/cameroun\/sites\/57\/2023\/09\/sm_1694726730.31445.jpg\" \/>\n\t<meta property=\"og:image:width\" content=\"720\" \/>\n\t<meta property=\"og:image:height\" content=\"356\" \/>\n\t<meta property=\"og:image:type\" content=\"image\/jpeg\" \/>\n<meta name=\"author\" content=\"cfeditorfr\" \/>\n<meta name=\"twitter:card\" content=\"summary_large_image\" \/>\n<meta name=\"twitter:label1\" content=\"\u00c9crit par\" \/>\n\t<meta name=\"twitter:data1\" content=\"cfeditorfr\" \/>\n\t<meta name=\"twitter:label2\" content=\"Dur\u00e9e de lecture estim\u00e9e\" \/>\n\t<meta name=\"twitter:data2\" content=\"3 minutes\" \/>\n<script type=\"application\/ld+json\" class=\"yoast-schema-graph\">{\"@context\":\"https:\/\/schema.org\",\"@graph\":[{\"@type\":\"Article\",\"@id\":\"https:\/\/www.africa-press.net\/cameroun\/toutes-les-actualites\/crise-anglophone-un-grand-malheur-annonce-le-sous-prefet-de-ndu-prend-des-dispositions#article\",\"isPartOf\":{\"@id\":\"https:\/\/www.africa-press.net\/cameroun\/toutes-les-actualites\/crise-anglophone-un-grand-malheur-annonce-le-sous-prefet-de-ndu-prend-des-dispositions\"},\"author\":{\"name\":\"cfeditorfr\",\"@id\":\"https:\/\/www.africa-press.net\/cameroun\/#\/schema\/person\/2b1cf3cd81a31e3cd26889ca66d677f1\"},\"headline\":\"Crise anglophone : un grand malheur annonc\u00e9, le sous-pr\u00e9fet de Ndu prend des dispositions\",\"datePublished\":\"2023-09-14T21:45:59+00:00\",\"dateModified\":\"2023-09-15T00:56:18+00:00\",\"mainEntityOfPage\":{\"@id\":\"https:\/\/www.africa-press.net\/cameroun\/toutes-les-actualites\/crise-anglophone-un-grand-malheur-annonce-le-sous-prefet-de-ndu-prend-des-dispositions\"},\"wordCount\":630,\"commentCount\":0,\"image\":{\"@id\":\"https:\/\/www.africa-press.net\/cameroun\/toutes-les-actualites\/crise-anglophone-un-grand-malheur-annonce-le-sous-prefet-de-ndu-prend-des-dispositions#primaryimage\"},\"thumbnailUrl\":\"https:\/\/static.africa-press.net\/cameroun\/sites\/57\/2023\/09\/sm_1694726730.31445.jpg\",\"keywords\":[\"Africa Press\",\"Africa Press-Cameroun\",\"Cameroun\"],\"articleSection\":[\"Communaut\u00e9\",\"Toutes les actualit\u00e9s\"],\"inLanguage\":\"fr-FR\",\"potentialAction\":[{\"@type\":\"CommentAction\",\"name\":\"Comment\",\"target\":[\"https:\/\/www.africa-press.net\/cameroun\/toutes-les-actualites\/crise-anglophone-un-grand-malheur-annonce-le-sous-prefet-de-ndu-prend-des-dispositions#respond\"]}]},{\"@type\":\"WebPage\",\"@id\":\"https:\/\/www.africa-press.net\/cameroun\/toutes-les-actualites\/crise-anglophone-un-grand-malheur-annonce-le-sous-prefet-de-ndu-prend-des-dispositions\",\"url\":\"https:\/\/www.africa-press.net\/cameroun\/toutes-les-actualites\/crise-anglophone-un-grand-malheur-annonce-le-sous-prefet-de-ndu-prend-des-dispositions\",\"name\":\"Crise anglophone : un grand malheur annonc\u00e9, le sous-pr\u00e9fet de Ndu prend des dispositions - Cameroun\",\"isPartOf\":{\"@id\":\"https:\/\/www.africa-press.net\/cameroun\/#website\"},\"primaryImageOfPage\":{\"@id\":\"https:\/\/www.africa-press.net\/cameroun\/toutes-les-actualites\/crise-anglophone-un-grand-malheur-annonce-le-sous-prefet-de-ndu-prend-des-dispositions#primaryimage\"},\"image\":{\"@id\":\"https:\/\/www.africa-press.net\/cameroun\/toutes-les-actualites\/crise-anglophone-un-grand-malheur-annonce-le-sous-prefet-de-ndu-prend-des-dispositions#primaryimage\"},\"thumbnailUrl\":\"https:\/\/static.africa-press.net\/cameroun\/sites\/57\/2023\/09\/sm_1694726730.31445.jpg\",\"datePublished\":\"2023-09-14T21:45:59+00:00\",\"dateModified\":\"2023-09-15T00:56:18+00:00\",\"author\":{\"@id\":\"https:\/\/www.africa-press.net\/cameroun\/#\/schema\/person\/2b1cf3cd81a31e3cd26889ca66d677f1\"},\"description\":\"Le sous-pre\u0301fet de l\u2019arrondissement de Ndu, de\u0301partement du Donga Mantung dans la re\u0301gion du Nord-Ouest a pris un arre\u0302t ...\",\"breadcrumb\":{\"@id\":\"https:\/\/www.africa-press.net\/cameroun\/toutes-les-actualites\/crise-anglophone-un-grand-malheur-annonce-le-sous-prefet-de-ndu-prend-des-dispositions#breadcrumb\"},\"inLanguage\":\"fr-FR\",\"potentialAction\":[{\"@type\":\"ReadAction\",\"target\":[\"https:\/\/www.africa-press.net\/cameroun\/toutes-les-actualites\/crise-anglophone-un-grand-malheur-annonce-le-sous-prefet-de-ndu-prend-des-dispositions\"]}]},{\"@type\":\"ImageObject\",\"inLanguage\":\"fr-FR\",\"@id\":\"https:\/\/www.africa-press.net\/cameroun\/toutes-les-actualites\/crise-anglophone-un-grand-malheur-annonce-le-sous-prefet-de-ndu-prend-des-dispositions#primaryimage\",\"url\":\"https:\/\/static.africa-press.net\/cameroun\/sites\/57\/2023\/09\/sm_1694726730.31445.jpg\",\"contentUrl\":\"https:\/\/static.africa-press.net\/cameroun\/sites\/57\/2023\/09\/sm_1694726730.31445.jpg\",\"width\":720,\"height\":356,\"caption\":\"Crise anglophone : un grand malheur annonc\u00e9, le sous-pr\u00e9fet de Ndu prend des dispositions\"},{\"@type\":\"BreadcrumbList\",\"@id\":\"https:\/\/www.africa-press.net\/cameroun\/toutes-les-actualites\/crise-anglophone-un-grand-malheur-annonce-le-sous-prefet-de-ndu-prend-des-dispositions#breadcrumb\",\"itemListElement\":[{\"@type\":\"ListItem\",\"position\":1,\"name\":\"Accueil\",\"item\":\"https:\/\/www.africa-press.net\/cameroun\/\"},{\"@type\":\"ListItem\",\"position\":2,\"name\":\"Crise anglophone : un grand malheur annonc\u00e9, le sous-pr\u00e9fet de Ndu prend des dispositions\"}]},{\"@type\":\"WebSite\",\"@id\":\"https:\/\/www.africa-press.net\/cameroun\/#website\",\"url\":\"https:\/\/www.africa-press.net\/cameroun\/\",\"name\":\"Cameroun\",\"description\":\"Just another Africa News Agency Sites site\",\"potentialAction\":[{\"@type\":\"SearchAction\",\"target\":{\"@type\":\"EntryPoint\",\"urlTemplate\":\"https:\/\/www.africa-press.net\/cameroun\/?s={search_term_string}\"},\"query-input\":{\"@type\":\"PropertyValueSpecification\",\"valueRequired\":true,\"valueName\":\"search_term_string\"}}],\"inLanguage\":\"fr-FR\"},{\"@type\":\"Person\",\"@id\":\"https:\/\/www.africa-press.net\/cameroun\/#\/schema\/person\/2b1cf3cd81a31e3cd26889ca66d677f1\",\"name\":\"cfeditorfr\"}]}<\/script>\n<!-- \/ Yoast SEO Premium plugin. -->","yoast_head_json":{"title":"Crise anglophone : un grand malheur annonc\u00e9, le sous-pr\u00e9fet de Ndu prend des dispositions - Cameroun","description":"Le sous-pre\u0301fet de l\u2019arrondissement de Ndu, de\u0301partement du Donga Mantung dans la re\u0301gion du Nord-Ouest a pris un arre\u0302t ...","robots":{"index":"index","follow":"follow","max-snippet":"max-snippet:-1","max-image-preview":"max-image-preview:large","max-video-preview":"max-video-preview:-1"},"canonical":"https:\/\/www.africa-press.net\/cameroun\/toutes-les-actualites\/crise-anglophone-un-grand-malheur-annonce-le-sous-prefet-de-ndu-prend-des-dispositions","og_locale":"fr_FR","og_type":"article","og_title":"Crise anglophone : un grand malheur annonc\u00e9, le sous-pr\u00e9fet de Ndu prend des dispositions","og_description":"Le sous-pre\u0301fet de l\u2019arrondissement de Ndu, de\u0301partement du Donga Mantung dans la re\u0301gion du Nord-Ouest a pris un arre\u0302t ...","og_url":"https:\/\/www.africa-press.net\/cameroun\/toutes-les-actualites\/crise-anglophone-un-grand-malheur-annonce-le-sous-prefet-de-ndu-prend-des-dispositions","og_site_name":"Cameroun","article_published_time":"2023-09-14T21:45:59+00:00","article_modified_time":"2023-09-15T00:56:18+00:00","og_image":[{"width":720,"height":356,"url":"https:\/\/static.africa-press.net\/cameroun\/sites\/57\/2023\/09\/sm_1694726730.31445.jpg","type":"image\/jpeg"}],"author":"cfeditorfr","twitter_card":"summary_large_image","twitter_misc":{"\u00c9crit par":"cfeditorfr","Dur\u00e9e de lecture estim\u00e9e":"3 minutes"},"schema":{"@context":"https:\/\/schema.org","@graph":[{"@type":"Article","@id":"https:\/\/www.africa-press.net\/cameroun\/toutes-les-actualites\/crise-anglophone-un-grand-malheur-annonce-le-sous-prefet-de-ndu-prend-des-dispositions#article","isPartOf":{"@id":"https:\/\/www.africa-press.net\/cameroun\/toutes-les-actualites\/crise-anglophone-un-grand-malheur-annonce-le-sous-prefet-de-ndu-prend-des-dispositions"},"author":{"name":"cfeditorfr","@id":"https:\/\/www.africa-press.net\/cameroun\/#\/schema\/person\/2b1cf3cd81a31e3cd26889ca66d677f1"},"headline":"Crise anglophone : un grand malheur annonc\u00e9, le sous-pr\u00e9fet de Ndu prend des dispositions","datePublished":"2023-09-14T21:45:59+00:00","dateModified":"2023-09-15T00:56:18+00:00","mainEntityOfPage":{"@id":"https:\/\/www.africa-press.net\/cameroun\/toutes-les-actualites\/crise-anglophone-un-grand-malheur-annonce-le-sous-prefet-de-ndu-prend-des-dispositions"},"wordCount":630,"commentCount":0,"image":{"@id":"https:\/\/www.africa-press.net\/cameroun\/toutes-les-actualites\/crise-anglophone-un-grand-malheur-annonce-le-sous-prefet-de-ndu-prend-des-dispositions#primaryimage"},"thumbnailUrl":"https:\/\/static.africa-press.net\/cameroun\/sites\/57\/2023\/09\/sm_1694726730.31445.jpg","keywords":["Africa Press","Africa Press-Cameroun","Cameroun"],"articleSection":["Communaut\u00e9","Toutes les actualit\u00e9s"],"inLanguage":"fr-FR","potentialAction":[{"@type":"CommentAction","name":"Comment","target":["https:\/\/www.africa-press.net\/cameroun\/toutes-les-actualites\/crise-anglophone-un-grand-malheur-annonce-le-sous-prefet-de-ndu-prend-des-dispositions#respond"]}]},{"@type":"WebPage","@id":"https:\/\/www.africa-press.net\/cameroun\/toutes-les-actualites\/crise-anglophone-un-grand-malheur-annonce-le-sous-prefet-de-ndu-prend-des-dispositions","url":"https:\/\/www.africa-press.net\/cameroun\/toutes-les-actualites\/crise-anglophone-un-grand-malheur-annonce-le-sous-prefet-de-ndu-prend-des-dispositions","name":"Crise anglophone : un grand malheur annonc\u00e9, le sous-pr\u00e9fet de Ndu prend des dispositions - Cameroun","isPartOf":{"@id":"https:\/\/www.africa-press.net\/cameroun\/#website"},"primaryImageOfPage":{"@id":"https:\/\/www.africa-press.net\/cameroun\/toutes-les-actualites\/crise-anglophone-un-grand-malheur-annonce-le-sous-prefet-de-ndu-prend-des-dispositions#primaryimage"},"image":{"@id":"https:\/\/www.africa-press.net\/cameroun\/toutes-les-actualites\/crise-anglophone-un-grand-malheur-annonce-le-sous-prefet-de-ndu-prend-des-dispositions#primaryimage"},"thumbnailUrl":"https:\/\/static.africa-press.net\/cameroun\/sites\/57\/2023\/09\/sm_1694726730.31445.jpg","datePublished":"2023-09-14T21:45:59+00:00","dateModified":"2023-09-15T00:56:18+00:00","author":{"@id":"https:\/\/www.africa-press.net\/cameroun\/#\/schema\/person\/2b1cf3cd81a31e3cd26889ca66d677f1"},"description":"Le sous-pre\u0301fet de l\u2019arrondissement de Ndu, de\u0301partement du Donga Mantung dans la re\u0301gion du Nord-Ouest a pris un arre\u0302t ...","breadcrumb":{"@id":"https:\/\/www.africa-press.net\/cameroun\/toutes-les-actualites\/crise-anglophone-un-grand-malheur-annonce-le-sous-prefet-de-ndu-prend-des-dispositions#breadcrumb"},"inLanguage":"fr-FR","potentialAction":[{"@type":"ReadAction","target":["https:\/\/www.africa-press.net\/cameroun\/toutes-les-actualites\/crise-anglophone-un-grand-malheur-annonce-le-sous-prefet-de-ndu-prend-des-dispositions"]}]},{"@type":"ImageObject","inLanguage":"fr-FR","@id":"https:\/\/www.africa-press.net\/cameroun\/toutes-les-actualites\/crise-anglophone-un-grand-malheur-annonce-le-sous-prefet-de-ndu-prend-des-dispositions#primaryimage","url":"https:\/\/static.africa-press.net\/cameroun\/sites\/57\/2023\/09\/sm_1694726730.31445.jpg","contentUrl":"https:\/\/static.africa-press.net\/cameroun\/sites\/57\/2023\/09\/sm_1694726730.31445.jpg","width":720,"height":356,"caption":"Crise anglophone : un grand malheur annonc\u00e9, le sous-pr\u00e9fet de Ndu prend des dispositions"},{"@type":"BreadcrumbList","@id":"https:\/\/www.africa-press.net\/cameroun\/toutes-les-actualites\/crise-anglophone-un-grand-malheur-annonce-le-sous-prefet-de-ndu-prend-des-dispositions#breadcrumb","itemListElement":[{"@type":"ListItem","position":1,"name":"Accueil","item":"https:\/\/www.africa-press.net\/cameroun\/"},{"@type":"ListItem","position":2,"name":"Crise anglophone : un grand malheur annonc\u00e9, le sous-pr\u00e9fet de Ndu prend des dispositions"}]},{"@type":"WebSite","@id":"https:\/\/www.africa-press.net\/cameroun\/#website","url":"https:\/\/www.africa-press.net\/cameroun\/","name":"Cameroun","description":"Just another Africa News Agency Sites site","potentialAction":[{"@type":"SearchAction","target":{"@type":"EntryPoint","urlTemplate":"https:\/\/www.africa-press.net\/cameroun\/?s={search_term_string}"},"query-input":{"@type":"PropertyValueSpecification","valueRequired":true,"valueName":"search_term_string"}}],"inLanguage":"fr-FR"},{"@type":"Person","@id":"https:\/\/www.africa-press.net\/cameroun\/#\/schema\/person\/2b1cf3cd81a31e3cd26889ca66d677f1","name":"cfeditorfr"}]}},"_links":{"self":[{"href":"https:\/\/www.africa-press.net\/cameroun\/wp-json\/wp\/v2\/posts\/50764","targetHints":{"allow":["GET"]}}],"collection":[{"href":"https:\/\/www.africa-press.net\/cameroun\/wp-json\/wp\/v2\/posts"}],"about":[{"href":"https:\/\/www.africa-press.net\/cameroun\/wp-json\/wp\/v2\/types\/post"}],"author":[{"embeddable":true,"href":"https:\/\/www.africa-press.net\/cameroun\/wp-json\/wp\/v2\/users\/82"}],"replies":[{"embeddable":true,"href":"https:\/\/www.africa-press.net\/cameroun\/wp-json\/wp\/v2\/comments?post=50764"}],"version-history":[{"count":0,"href":"https:\/\/www.africa-press.net\/cameroun\/wp-json\/wp\/v2\/posts\/50764\/revisions"}],"wp:featuredmedia":[{"embeddable":true,"href":"https:\/\/www.africa-press.net\/cameroun\/wp-json\/wp\/v2\/media\/50763"}],"wp:attachment":[{"href":"https:\/\/www.africa-press.net\/cameroun\/wp-json\/wp\/v2\/media?parent=50764"}],"wp:term":[{"taxonomy":"category","embeddable":true,"href":"https:\/\/www.africa-press.net\/cameroun\/wp-json\/wp\/v2\/categories?post=50764"},{"taxonomy":"post_tag","embeddable":true,"href":"https:\/\/www.africa-press.net\/cameroun\/wp-json\/wp\/v2\/tags?post=50764"}],"curies":[{"name":"wp","href":"https:\/\/api.w.org\/{rel}","templated":true}]}}