{"id":50771,"date":"2023-09-14T21:46:21","date_gmt":"2023-09-14T21:46:21","guid":{"rendered":"https:\/\/www.africa-press.net\/cameroun\/politique\/coup-detat-paul-biya-na-pas-dit-son-dernier-mot-et-surveille-la-rca"},"modified":"2023-09-15T00:57:08","modified_gmt":"2023-09-15T00:57:08","slug":"coup-detat-paul-biya-na-pas-dit-son-dernier-mot-et-surveille-la-rca","status":"publish","type":"post","link":"https:\/\/www.africa-press.net\/cameroun\/politique\/coup-detat-paul-biya-na-pas-dit-son-dernier-mot-et-surveille-la-rca","title":{"rendered":"Coup d\u2019Etat : Paul Biya n\u2019a pas dit son dernier mot et surveille la RCA"},"content":{"rendered":"<p><span style=\"color: #ff6600\"><strong>Africa-Press &#8211; Cameroun. <\/strong><\/span>Dans une re\u0301union re\u0301cemment tenue a\u0300 Yaounde\u0301, les pre\u0301sidents Paul Biya du Cameroun et Faustin-Archange Touade\u0301ra de la Re\u0301publique centrafricaine ont discute\u0301 en profondeur de la coope\u0301ration entre leurs deux pays, en mettant l&rsquo;accent sur les aspects se\u0301curitaires et e\u0301conomiques. Cette rencontre, rapporte\u0301e en exclusivite\u0301 par Jeune Afrique, reve\u0302t une importance particulie\u0300re pour la se\u0301curite\u0301 et la stabilite\u0301 sous-re\u0301gionales.<\/p>\n<p>La Re\u0301publique centrafricaine, un pays enclave\u0301, de\u0301pend fortement du port de Douala, au Cameroun, comme de\u0301bouche\u0301 maritime vital pour ses e\u0301changes commerciaux internationaux. De plus, le Cameroun soutient activement le processus de paix en Re\u0301publique centrafricaine, en de\u0301ployant des contingents dans le cadre de la Mission multidimensionnelle inte\u0301gre\u0301e des Nations unies pour la stabilisation en Re\u0301publique centrafricaine (Minusca) depuis plusieurs anne\u0301es.<\/p>\n<p>Le Cameroun accueille e\u0301galement plusieurs milliers de re\u0301fugie\u0301s centrafricains dans les re\u0301gions de l\u2019Est et de l\u2019Adamaoua, qui ont e\u0301te\u0301 le the\u0301a\u0302tre de conflits arme\u0301s impliquant des groupes rebelles venus de la Re\u0301publique centrafricaine. Cette situation souligne l&rsquo;importance d&rsquo;une coope\u0301ration e\u0301troite entre les deux pays pour la se\u0301curite\u0301 et la stabilite\u0301 de la re\u0301gion.<\/p>\n<p>En marge de cette rencontre, Faustin-Archange Touade\u0301ra a e\u0301galement eu des discussions a\u0300 huis clos avec le Premier ministre camerounais, Joseph Dion Ngute. Ces entretiens ont probablement porte\u0301 sur des questions de se\u0301curite\u0301 re\u0301gionale et de coope\u0301ration e\u0301conomique.<\/p>\n<p>Pour renforcer davantage la se\u0301curite\u0301 re\u0301gionale, le pre\u0301sident camerounais Paul Biya a signe\u0301 un de\u0301cret le 4 septembre, cre\u0301ant une E\u0301cole de formation aux ope\u0301rations de maintien de la paix (EFOMP). Cette institution militaire, situe\u0301e a\u0300 la frontie\u0300re centrafricaine et directement rattache\u0301e au chef d&rsquo;e\u0301tat-major des arme\u0301es, vise a\u0300 renforcer la formation des militaires camerounais dans le domaine des ope\u0301rations de maintien de la paix, non seulement dans la sous-re\u0301gion, mais e\u0301galement au-dela\u0300.<\/p>\n<p>Faustin-Archange Touade\u0301ra entretient e\u0301galement des liens personnels e\u0301troits avec le Cameroun, ou\u0300 il se\u0301journe re\u0301gulie\u0300rement a\u0300 titre prive\u0301 a\u0300 Yaounde\u0301.<\/p>\n<p>Cette re\u0301union entre les pre\u0301sidents Biya et Touade\u0301ra reve\u0302t une importance cruciale pour la se\u0301curite\u0301 et la stabilite\u0301 de la sous-re\u0301gion, ainsi que pour le renforcement des relations bilate\u0301rales entre le Cameroun et la Re\u0301publique centrafricaine.<\/p>\n<p><strong>Pour plus d&rsquo;informations et d&rsquo;analyses sur la <a href=\"https:\/\/www.africa-press.net\/cameroun\">Cameroun<\/a>, suivez <a href=\"https:\/\/www.africa-press.net\/\">Africa-Press<\/a><\/strong><\/p>\n","protected":false},"excerpt":{"rendered":"<p>Africa-Press &#8211; Cameroun. Dans une re\u0301union re\u0301cemment tenue a\u0300 Yaounde\u0301, les pre\u0301sidents Paul Biya du Cameroun et Faustin-Archange Touade\u0301ra de la Re\u0301publique centrafricaine ont discute\u0301 en profondeur de la coope\u0301ration entre leurs deux pays, en mettant l&rsquo;accent sur les aspects se\u0301curitaires et e\u0301conomiques. Cette rencontre, rapporte\u0301e en exclusivite\u0301 par Jeune Afrique, reve\u0302t une importance particulie\u0300re [&hellip;]<\/p>\n","protected":false},"author":82,"featured_media":50769,"comment_status":"open","ping_status":"closed","sticky":false,"template":"","format":"standard","meta":{"footnotes":""},"categories":[2,10],"tags":[36,50,49],"class_list":["post-50771","post","type-post","status-publish","format-standard","has-post-thumbnail","hentry","category-politique","category-toutes-les-actualites","tag-africa-press","tag-africa-press-cameroun","tag-cameroun"],"yoast_head":"<!-- This site is optimized with the Yoast SEO Premium plugin v26.1 (Yoast SEO v27.0) - https:\/\/yoast.com\/product\/yoast-seo-premium-wordpress\/ -->\n<title>Coup d\u2019Etat : Paul Biya n\u2019a pas dit son dernier mot et surveille la RCA - Cameroun<\/title>\n<meta name=\"description\" content=\"Dans une re\u0301union re\u0301cemment tenue a\u0300 Yaounde\u0301, les pre\u0301sidents Paul Biya du Cameroun et Faustin-Archange Touade\u0301ra de l ...\" \/>\n<meta name=\"robots\" content=\"index, follow, max-snippet:-1, max-image-preview:large, max-video-preview:-1\" \/>\n<link rel=\"canonical\" href=\"https:\/\/www.africa-press.net\/cameroun\/politique\/coup-detat-paul-biya-na-pas-dit-son-dernier-mot-et-surveille-la-rca\" \/>\n<meta property=\"og:locale\" content=\"fr_FR\" \/>\n<meta property=\"og:type\" content=\"article\" \/>\n<meta property=\"og:title\" content=\"Coup d\u2019Etat : Paul Biya n\u2019a pas dit son dernier mot et surveille la RCA\" \/>\n<meta property=\"og:description\" content=\"Dans une re\u0301union re\u0301cemment tenue a\u0300 Yaounde\u0301, les pre\u0301sidents Paul Biya du Cameroun et Faustin-Archange Touade\u0301ra de l ...\" \/>\n<meta property=\"og:url\" content=\"https:\/\/www.africa-press.net\/cameroun\/politique\/coup-detat-paul-biya-na-pas-dit-son-dernier-mot-et-surveille-la-rca\" \/>\n<meta property=\"og:site_name\" content=\"Cameroun\" \/>\n<meta property=\"article:published_time\" content=\"2023-09-14T21:46:21+00:00\" \/>\n<meta property=\"article:modified_time\" content=\"2023-09-15T00:57:08+00:00\" \/>\n<meta property=\"og:image\" content=\"https:\/\/static.africa-press.net\/cameroun\/sites\/57\/2023\/09\/sm_1694726776.125813.jpg\" \/>\n\t<meta property=\"og:image:width\" content=\"720\" \/>\n\t<meta property=\"og:image:height\" content=\"480\" \/>\n\t<meta property=\"og:image:type\" content=\"image\/jpeg\" \/>\n<meta name=\"author\" content=\"cfeditorfr\" \/>\n<meta name=\"twitter:card\" content=\"summary_large_image\" \/>\n<meta name=\"twitter:label1\" content=\"\u00c9crit par\" \/>\n\t<meta name=\"twitter:data1\" content=\"cfeditorfr\" \/>\n\t<meta name=\"twitter:label2\" content=\"Dur\u00e9e de lecture estim\u00e9e\" \/>\n\t<meta name=\"twitter:data2\" content=\"2 minutes\" \/>\n<script type=\"application\/ld+json\" class=\"yoast-schema-graph\">{\"@context\":\"https:\/\/schema.org\",\"@graph\":[{\"@type\":\"Article\",\"@id\":\"https:\/\/www.africa-press.net\/cameroun\/politique\/coup-detat-paul-biya-na-pas-dit-son-dernier-mot-et-surveille-la-rca#article\",\"isPartOf\":{\"@id\":\"https:\/\/www.africa-press.net\/cameroun\/politique\/coup-detat-paul-biya-na-pas-dit-son-dernier-mot-et-surveille-la-rca\"},\"author\":{\"name\":\"cfeditorfr\",\"@id\":\"https:\/\/www.africa-press.net\/cameroun\/#\/schema\/person\/2b1cf3cd81a31e3cd26889ca66d677f1\"},\"headline\":\"Coup d\u2019Etat : Paul Biya n\u2019a pas dit son dernier mot et surveille la RCA\",\"datePublished\":\"2023-09-14T21:46:21+00:00\",\"dateModified\":\"2023-09-15T00:57:08+00:00\",\"mainEntityOfPage\":{\"@id\":\"https:\/\/www.africa-press.net\/cameroun\/politique\/coup-detat-paul-biya-na-pas-dit-son-dernier-mot-et-surveille-la-rca\"},\"wordCount\":448,\"commentCount\":0,\"image\":{\"@id\":\"https:\/\/www.africa-press.net\/cameroun\/politique\/coup-detat-paul-biya-na-pas-dit-son-dernier-mot-et-surveille-la-rca#primaryimage\"},\"thumbnailUrl\":\"https:\/\/static.africa-press.net\/cameroun\/sites\/57\/2023\/09\/sm_1694726776.125813.jpg\",\"keywords\":[\"Africa Press\",\"Africa Press-Cameroun\",\"Cameroun\"],\"articleSection\":[\"Politique\",\"Toutes les actualit\u00e9s\"],\"inLanguage\":\"fr-FR\",\"potentialAction\":[{\"@type\":\"CommentAction\",\"name\":\"Comment\",\"target\":[\"https:\/\/www.africa-press.net\/cameroun\/politique\/coup-detat-paul-biya-na-pas-dit-son-dernier-mot-et-surveille-la-rca#respond\"]}]},{\"@type\":\"WebPage\",\"@id\":\"https:\/\/www.africa-press.net\/cameroun\/politique\/coup-detat-paul-biya-na-pas-dit-son-dernier-mot-et-surveille-la-rca\",\"url\":\"https:\/\/www.africa-press.net\/cameroun\/politique\/coup-detat-paul-biya-na-pas-dit-son-dernier-mot-et-surveille-la-rca\",\"name\":\"Coup d\u2019Etat : Paul Biya n\u2019a pas dit son dernier mot et surveille la RCA - Cameroun\",\"isPartOf\":{\"@id\":\"https:\/\/www.africa-press.net\/cameroun\/#website\"},\"primaryImageOfPage\":{\"@id\":\"https:\/\/www.africa-press.net\/cameroun\/politique\/coup-detat-paul-biya-na-pas-dit-son-dernier-mot-et-surveille-la-rca#primaryimage\"},\"image\":{\"@id\":\"https:\/\/www.africa-press.net\/cameroun\/politique\/coup-detat-paul-biya-na-pas-dit-son-dernier-mot-et-surveille-la-rca#primaryimage\"},\"thumbnailUrl\":\"https:\/\/static.africa-press.net\/cameroun\/sites\/57\/2023\/09\/sm_1694726776.125813.jpg\",\"datePublished\":\"2023-09-14T21:46:21+00:00\",\"dateModified\":\"2023-09-15T00:57:08+00:00\",\"author\":{\"@id\":\"https:\/\/www.africa-press.net\/cameroun\/#\/schema\/person\/2b1cf3cd81a31e3cd26889ca66d677f1\"},\"description\":\"Dans une re\u0301union re\u0301cemment tenue a\u0300 Yaounde\u0301, les pre\u0301sidents Paul Biya du Cameroun et Faustin-Archange Touade\u0301ra de l ...\",\"breadcrumb\":{\"@id\":\"https:\/\/www.africa-press.net\/cameroun\/politique\/coup-detat-paul-biya-na-pas-dit-son-dernier-mot-et-surveille-la-rca#breadcrumb\"},\"inLanguage\":\"fr-FR\",\"potentialAction\":[{\"@type\":\"ReadAction\",\"target\":[\"https:\/\/www.africa-press.net\/cameroun\/politique\/coup-detat-paul-biya-na-pas-dit-son-dernier-mot-et-surveille-la-rca\"]}]},{\"@type\":\"ImageObject\",\"inLanguage\":\"fr-FR\",\"@id\":\"https:\/\/www.africa-press.net\/cameroun\/politique\/coup-detat-paul-biya-na-pas-dit-son-dernier-mot-et-surveille-la-rca#primaryimage\",\"url\":\"https:\/\/static.africa-press.net\/cameroun\/sites\/57\/2023\/09\/sm_1694726776.125813.jpg\",\"contentUrl\":\"https:\/\/static.africa-press.net\/cameroun\/sites\/57\/2023\/09\/sm_1694726776.125813.jpg\",\"width\":720,\"height\":480,\"caption\":\"Coup d\u2019Etat : Paul Biya n\u2019a pas dit son dernier mot et surveille la RCA\"},{\"@type\":\"BreadcrumbList\",\"@id\":\"https:\/\/www.africa-press.net\/cameroun\/politique\/coup-detat-paul-biya-na-pas-dit-son-dernier-mot-et-surveille-la-rca#breadcrumb\",\"itemListElement\":[{\"@type\":\"ListItem\",\"position\":1,\"name\":\"Accueil\",\"item\":\"https:\/\/www.africa-press.net\/cameroun\/\"},{\"@type\":\"ListItem\",\"position\":2,\"name\":\"Coup d\u2019Etat : Paul Biya n\u2019a pas dit son dernier mot et surveille la RCA\"}]},{\"@type\":\"WebSite\",\"@id\":\"https:\/\/www.africa-press.net\/cameroun\/#website\",\"url\":\"https:\/\/www.africa-press.net\/cameroun\/\",\"name\":\"Cameroun\",\"description\":\"Just another Africa News Agency Sites site\",\"potentialAction\":[{\"@type\":\"SearchAction\",\"target\":{\"@type\":\"EntryPoint\",\"urlTemplate\":\"https:\/\/www.africa-press.net\/cameroun\/?s={search_term_string}\"},\"query-input\":{\"@type\":\"PropertyValueSpecification\",\"valueRequired\":true,\"valueName\":\"search_term_string\"}}],\"inLanguage\":\"fr-FR\"},{\"@type\":\"Person\",\"@id\":\"https:\/\/www.africa-press.net\/cameroun\/#\/schema\/person\/2b1cf3cd81a31e3cd26889ca66d677f1\",\"name\":\"cfeditorfr\"}]}<\/script>\n<!-- \/ Yoast SEO Premium plugin. -->","yoast_head_json":{"title":"Coup d\u2019Etat : Paul Biya n\u2019a pas dit son dernier mot et surveille la RCA - Cameroun","description":"Dans une re\u0301union re\u0301cemment tenue a\u0300 Yaounde\u0301, les pre\u0301sidents Paul Biya du Cameroun et Faustin-Archange Touade\u0301ra de l ...","robots":{"index":"index","follow":"follow","max-snippet":"max-snippet:-1","max-image-preview":"max-image-preview:large","max-video-preview":"max-video-preview:-1"},"canonical":"https:\/\/www.africa-press.net\/cameroun\/politique\/coup-detat-paul-biya-na-pas-dit-son-dernier-mot-et-surveille-la-rca","og_locale":"fr_FR","og_type":"article","og_title":"Coup d\u2019Etat : Paul Biya n\u2019a pas dit son dernier mot et surveille la RCA","og_description":"Dans une re\u0301union re\u0301cemment tenue a\u0300 Yaounde\u0301, les pre\u0301sidents Paul Biya du Cameroun et Faustin-Archange Touade\u0301ra de l ...","og_url":"https:\/\/www.africa-press.net\/cameroun\/politique\/coup-detat-paul-biya-na-pas-dit-son-dernier-mot-et-surveille-la-rca","og_site_name":"Cameroun","article_published_time":"2023-09-14T21:46:21+00:00","article_modified_time":"2023-09-15T00:57:08+00:00","og_image":[{"width":720,"height":480,"url":"https:\/\/static.africa-press.net\/cameroun\/sites\/57\/2023\/09\/sm_1694726776.125813.jpg","type":"image\/jpeg"}],"author":"cfeditorfr","twitter_card":"summary_large_image","twitter_misc":{"\u00c9crit par":"cfeditorfr","Dur\u00e9e de lecture estim\u00e9e":"2 minutes"},"schema":{"@context":"https:\/\/schema.org","@graph":[{"@type":"Article","@id":"https:\/\/www.africa-press.net\/cameroun\/politique\/coup-detat-paul-biya-na-pas-dit-son-dernier-mot-et-surveille-la-rca#article","isPartOf":{"@id":"https:\/\/www.africa-press.net\/cameroun\/politique\/coup-detat-paul-biya-na-pas-dit-son-dernier-mot-et-surveille-la-rca"},"author":{"name":"cfeditorfr","@id":"https:\/\/www.africa-press.net\/cameroun\/#\/schema\/person\/2b1cf3cd81a31e3cd26889ca66d677f1"},"headline":"Coup d\u2019Etat : Paul Biya n\u2019a pas dit son dernier mot et surveille la RCA","datePublished":"2023-09-14T21:46:21+00:00","dateModified":"2023-09-15T00:57:08+00:00","mainEntityOfPage":{"@id":"https:\/\/www.africa-press.net\/cameroun\/politique\/coup-detat-paul-biya-na-pas-dit-son-dernier-mot-et-surveille-la-rca"},"wordCount":448,"commentCount":0,"image":{"@id":"https:\/\/www.africa-press.net\/cameroun\/politique\/coup-detat-paul-biya-na-pas-dit-son-dernier-mot-et-surveille-la-rca#primaryimage"},"thumbnailUrl":"https:\/\/static.africa-press.net\/cameroun\/sites\/57\/2023\/09\/sm_1694726776.125813.jpg","keywords":["Africa Press","Africa Press-Cameroun","Cameroun"],"articleSection":["Politique","Toutes les actualit\u00e9s"],"inLanguage":"fr-FR","potentialAction":[{"@type":"CommentAction","name":"Comment","target":["https:\/\/www.africa-press.net\/cameroun\/politique\/coup-detat-paul-biya-na-pas-dit-son-dernier-mot-et-surveille-la-rca#respond"]}]},{"@type":"WebPage","@id":"https:\/\/www.africa-press.net\/cameroun\/politique\/coup-detat-paul-biya-na-pas-dit-son-dernier-mot-et-surveille-la-rca","url":"https:\/\/www.africa-press.net\/cameroun\/politique\/coup-detat-paul-biya-na-pas-dit-son-dernier-mot-et-surveille-la-rca","name":"Coup d\u2019Etat : Paul Biya n\u2019a pas dit son dernier mot et surveille la RCA - Cameroun","isPartOf":{"@id":"https:\/\/www.africa-press.net\/cameroun\/#website"},"primaryImageOfPage":{"@id":"https:\/\/www.africa-press.net\/cameroun\/politique\/coup-detat-paul-biya-na-pas-dit-son-dernier-mot-et-surveille-la-rca#primaryimage"},"image":{"@id":"https:\/\/www.africa-press.net\/cameroun\/politique\/coup-detat-paul-biya-na-pas-dit-son-dernier-mot-et-surveille-la-rca#primaryimage"},"thumbnailUrl":"https:\/\/static.africa-press.net\/cameroun\/sites\/57\/2023\/09\/sm_1694726776.125813.jpg","datePublished":"2023-09-14T21:46:21+00:00","dateModified":"2023-09-15T00:57:08+00:00","author":{"@id":"https:\/\/www.africa-press.net\/cameroun\/#\/schema\/person\/2b1cf3cd81a31e3cd26889ca66d677f1"},"description":"Dans une re\u0301union re\u0301cemment tenue a\u0300 Yaounde\u0301, les pre\u0301sidents Paul Biya du Cameroun et Faustin-Archange Touade\u0301ra de l ...","breadcrumb":{"@id":"https:\/\/www.africa-press.net\/cameroun\/politique\/coup-detat-paul-biya-na-pas-dit-son-dernier-mot-et-surveille-la-rca#breadcrumb"},"inLanguage":"fr-FR","potentialAction":[{"@type":"ReadAction","target":["https:\/\/www.africa-press.net\/cameroun\/politique\/coup-detat-paul-biya-na-pas-dit-son-dernier-mot-et-surveille-la-rca"]}]},{"@type":"ImageObject","inLanguage":"fr-FR","@id":"https:\/\/www.africa-press.net\/cameroun\/politique\/coup-detat-paul-biya-na-pas-dit-son-dernier-mot-et-surveille-la-rca#primaryimage","url":"https:\/\/static.africa-press.net\/cameroun\/sites\/57\/2023\/09\/sm_1694726776.125813.jpg","contentUrl":"https:\/\/static.africa-press.net\/cameroun\/sites\/57\/2023\/09\/sm_1694726776.125813.jpg","width":720,"height":480,"caption":"Coup d\u2019Etat : Paul Biya n\u2019a pas dit son dernier mot et surveille la RCA"},{"@type":"BreadcrumbList","@id":"https:\/\/www.africa-press.net\/cameroun\/politique\/coup-detat-paul-biya-na-pas-dit-son-dernier-mot-et-surveille-la-rca#breadcrumb","itemListElement":[{"@type":"ListItem","position":1,"name":"Accueil","item":"https:\/\/www.africa-press.net\/cameroun\/"},{"@type":"ListItem","position":2,"name":"Coup d\u2019Etat : Paul Biya n\u2019a pas dit son dernier mot et surveille la RCA"}]},{"@type":"WebSite","@id":"https:\/\/www.africa-press.net\/cameroun\/#website","url":"https:\/\/www.africa-press.net\/cameroun\/","name":"Cameroun","description":"Just another Africa News Agency Sites site","potentialAction":[{"@type":"SearchAction","target":{"@type":"EntryPoint","urlTemplate":"https:\/\/www.africa-press.net\/cameroun\/?s={search_term_string}"},"query-input":{"@type":"PropertyValueSpecification","valueRequired":true,"valueName":"search_term_string"}}],"inLanguage":"fr-FR"},{"@type":"Person","@id":"https:\/\/www.africa-press.net\/cameroun\/#\/schema\/person\/2b1cf3cd81a31e3cd26889ca66d677f1","name":"cfeditorfr"}]}},"_links":{"self":[{"href":"https:\/\/www.africa-press.net\/cameroun\/wp-json\/wp\/v2\/posts\/50771","targetHints":{"allow":["GET"]}}],"collection":[{"href":"https:\/\/www.africa-press.net\/cameroun\/wp-json\/wp\/v2\/posts"}],"about":[{"href":"https:\/\/www.africa-press.net\/cameroun\/wp-json\/wp\/v2\/types\/post"}],"author":[{"embeddable":true,"href":"https:\/\/www.africa-press.net\/cameroun\/wp-json\/wp\/v2\/users\/82"}],"replies":[{"embeddable":true,"href":"https:\/\/www.africa-press.net\/cameroun\/wp-json\/wp\/v2\/comments?post=50771"}],"version-history":[{"count":0,"href":"https:\/\/www.africa-press.net\/cameroun\/wp-json\/wp\/v2\/posts\/50771\/revisions"}],"wp:featuredmedia":[{"embeddable":true,"href":"https:\/\/www.africa-press.net\/cameroun\/wp-json\/wp\/v2\/media\/50769"}],"wp:attachment":[{"href":"https:\/\/www.africa-press.net\/cameroun\/wp-json\/wp\/v2\/media?parent=50771"}],"wp:term":[{"taxonomy":"category","embeddable":true,"href":"https:\/\/www.africa-press.net\/cameroun\/wp-json\/wp\/v2\/categories?post=50771"},{"taxonomy":"post_tag","embeddable":true,"href":"https:\/\/www.africa-press.net\/cameroun\/wp-json\/wp\/v2\/tags?post=50771"}],"curies":[{"name":"wp","href":"https:\/\/api.w.org\/{rel}","templated":true}]}}