{"id":50835,"date":"2023-09-15T12:43:05","date_gmt":"2023-09-15T12:43:05","guid":{"rendered":"https:\/\/www.africa-press.net\/cameroun\/politique\/murissement-de-la-banane-plantain-gabriel-mbairobe-proscrit-lethephon-souvent-detourne-de-son-usage-au-cameroun"},"modified":"2023-09-15T12:45:59","modified_gmt":"2023-09-15T12:45:59","slug":"murissement-de-la-banane-plantain-gabriel-mbairobe-proscrit-lethephon-souvent-detourne-de-son-usage-au-cameroun","status":"publish","type":"post","link":"https:\/\/www.africa-press.net\/cameroun\/economie\/murissement-de-la-banane-plantain-gabriel-mbairobe-proscrit-lethephon-souvent-detourne-de-son-usage-au-cameroun","title":{"rendered":"M\u00fbrissement de la banane plantain\u00a0: Gabriel Mbairobe proscrit l\u2019Eth\u00e9phon, souvent d\u00e9tourn\u00e9 de son usage au Cameroun"},"content":{"rendered":"<p><span style=\"color: #ff6600\"><strong>Africa-Press &#8211; Cameroun. <\/strong><\/span>Investir au Cameroun) &#8211; Dans une circulaire signe\u0301e le 11 septembre 2023, le ministre de l\u2019Agriculture, Gabriel Mbairobe (photo), rappelle que \u00ab les pesticides a\u0300 base de la substance active Ethe\u0301phon sont homologue\u0301s au Cameroun, uniquement pour la culture de l\u2019ananas et de l\u2019he\u0301ve\u0301a \u00bb. \u00ab L\u2019Ethe\u0301phon ne fait pas mu\u0302rir le plantain. Il donne juste une coloration jaune a\u0300 la peau du plantain sans que ce dernier ne soit ve\u0301ritablement mu\u0302r \u00bb, poursuit-il, proscrivant ainsi implicitement l\u2019usage de cette substance chimique sur la banane plantain.<\/p>\n<p>En effet, selon les officiels, certaines substances chimiques, a\u0300 l\u2019instar du formol et l\u2019Ethe\u0301phon, sont re\u0301gulie\u0300rement de\u0301tourne\u0301s de leurs usages re\u0300glementaires au Cameroun, par des commerc\u0327ants ve\u0301reux. C\u2019est ainsi que le formol est, par exemple, utilise\u0301 pour maintenir les le\u0301gumes verts malgre\u0301 les caprices du climat ou a\u0300 faire mu\u0302rir artificiellement la banane plantain.<\/p>\n<p>\u00ab Ces de\u0301tournements d\u2019usage constituent des pratiques contraires aux dispositions de la loi du 21 avril 2003 portant protection phytosanitaire et mettent en danger la sante\u0301 des populations \u00bb, avait martele\u0301 Gabriel Mbairobe, en pre\u0301sidant en aou\u0302t 2023 la 20e session extraordinaire de la Commission nationale d\u2019homologation des produits phytosanitaires.<\/p>\n<p>Pour rappel, la recrudescence de ce phe\u0301nome\u0300ne, au-dela\u0300 des proble\u0300mes de sante\u0301 encourus par les populations locales, a re\u0301cemment pousse\u0301 le Gabon a\u0300 mettre sous surveillance ses importations de fruits et le\u0301gumes a\u0300 partir du Cameroun.<\/p>\n<p><strong>Pour plus d&rsquo;informations et d&rsquo;analyses sur la <a href=\"https:\/\/www.africa-press.net\/cameroun\">Cameroun<\/a>, suivez <a href=\"https:\/\/www.africa-press.net\/\">Africa-Press<\/a><\/strong><\/p>\n","protected":false},"excerpt":{"rendered":"<p>Africa-Press &#8211; Cameroun. Investir au Cameroun) &#8211; Dans une circulaire signe\u0301e le 11 septembre 2023, le ministre de l\u2019Agriculture, Gabriel Mbairobe (photo), rappelle que \u00ab les pesticides a\u0300 base de la substance active Ethe\u0301phon sont homologue\u0301s au Cameroun, uniquement pour la culture de l\u2019ananas et de l\u2019he\u0301ve\u0301a \u00bb. \u00ab L\u2019Ethe\u0301phon ne fait pas mu\u0302rir le [&hellip;]<\/p>\n","protected":false},"author":82,"featured_media":50833,"comment_status":"open","ping_status":"closed","sticky":false,"template":"","format":"standard","meta":{"footnotes":""},"categories":[3,10],"tags":[36,50,49],"class_list":["post-50835","post","type-post","status-publish","format-standard","has-post-thumbnail","hentry","category-economie","category-toutes-les-actualites","tag-africa-press","tag-africa-press-cameroun","tag-cameroun"],"yoast_head":"<!-- This site is optimized with the Yoast SEO Premium plugin v26.1 (Yoast SEO v27.0) - https:\/\/yoast.com\/product\/yoast-seo-premium-wordpress\/ -->\n<title>M\u00fbrissement de la banane plantain\u00a0: Gabriel Mbairobe proscrit l\u2019Eth\u00e9phon, souvent d\u00e9tourn\u00e9 de son usage au Cameroun - Cameroun<\/title>\n<meta name=\"description\" content=\"Investir au Cameroun) - Dans une circulaire signe\u0301e le 11 septembre 2023, le ministre de l\u2019Agriculture, Gabriel Mbairobe ...\" \/>\n<meta name=\"robots\" content=\"index, follow, max-snippet:-1, max-image-preview:large, max-video-preview:-1\" \/>\n<link rel=\"canonical\" href=\"https:\/\/www.africa-press.net\/cameroun\/economie\/murissement-de-la-banane-plantain-gabriel-mbairobe-proscrit-lethephon-souvent-detourne-de-son-usage-au-cameroun\" \/>\n<meta property=\"og:locale\" content=\"fr_FR\" \/>\n<meta property=\"og:type\" content=\"article\" \/>\n<meta property=\"og:title\" content=\"M\u00fbrissement de la banane plantain\u00a0: Gabriel Mbairobe proscrit l\u2019Eth\u00e9phon, souvent d\u00e9tourn\u00e9 de son usage au Cameroun\" \/>\n<meta property=\"og:description\" content=\"Investir au Cameroun) - Dans une circulaire signe\u0301e le 11 septembre 2023, le ministre de l\u2019Agriculture, Gabriel Mbairobe ...\" \/>\n<meta property=\"og:url\" content=\"https:\/\/www.africa-press.net\/cameroun\/economie\/murissement-de-la-banane-plantain-gabriel-mbairobe-proscrit-lethephon-souvent-detourne-de-son-usage-au-cameroun\" \/>\n<meta property=\"og:site_name\" content=\"Cameroun\" \/>\n<meta property=\"article:published_time\" content=\"2023-09-15T12:43:05+00:00\" \/>\n<meta property=\"article:modified_time\" content=\"2023-09-15T12:45:59+00:00\" \/>\n<meta property=\"og:image\" content=\"https:\/\/static.africa-press.net\/cameroun\/sites\/57\/2023\/09\/sm_1694769311.293528.jpg\" \/>\n\t<meta property=\"og:image:width\" content=\"720\" \/>\n\t<meta property=\"og:image:height\" content=\"479\" \/>\n\t<meta property=\"og:image:type\" content=\"image\/jpeg\" \/>\n<meta name=\"author\" content=\"cfeditorfr\" \/>\n<meta name=\"twitter:card\" content=\"summary_large_image\" \/>\n<meta name=\"twitter:label1\" content=\"\u00c9crit par\" \/>\n\t<meta name=\"twitter:data1\" content=\"cfeditorfr\" \/>\n\t<meta name=\"twitter:label2\" content=\"Dur\u00e9e de lecture estim\u00e9e\" \/>\n\t<meta name=\"twitter:data2\" content=\"1 minute\" \/>\n<script type=\"application\/ld+json\" class=\"yoast-schema-graph\">{\"@context\":\"https:\/\/schema.org\",\"@graph\":[{\"@type\":\"Article\",\"@id\":\"https:\/\/www.africa-press.net\/cameroun\/economie\/murissement-de-la-banane-plantain-gabriel-mbairobe-proscrit-lethephon-souvent-detourne-de-son-usage-au-cameroun#article\",\"isPartOf\":{\"@id\":\"https:\/\/www.africa-press.net\/cameroun\/economie\/murissement-de-la-banane-plantain-gabriel-mbairobe-proscrit-lethephon-souvent-detourne-de-son-usage-au-cameroun\"},\"author\":{\"name\":\"cfeditorfr\",\"@id\":\"https:\/\/www.africa-press.net\/cameroun\/#\/schema\/person\/2b1cf3cd81a31e3cd26889ca66d677f1\"},\"headline\":\"M\u00fbrissement de la banane plantain\u00a0: Gabriel Mbairobe proscrit l\u2019Eth\u00e9phon, souvent d\u00e9tourn\u00e9 de son usage au Cameroun\",\"datePublished\":\"2023-09-15T12:43:05+00:00\",\"dateModified\":\"2023-09-15T12:45:59+00:00\",\"mainEntityOfPage\":{\"@id\":\"https:\/\/www.africa-press.net\/cameroun\/economie\/murissement-de-la-banane-plantain-gabriel-mbairobe-proscrit-lethephon-souvent-detourne-de-son-usage-au-cameroun\"},\"wordCount\":287,\"commentCount\":0,\"image\":{\"@id\":\"https:\/\/www.africa-press.net\/cameroun\/economie\/murissement-de-la-banane-plantain-gabriel-mbairobe-proscrit-lethephon-souvent-detourne-de-son-usage-au-cameroun#primaryimage\"},\"thumbnailUrl\":\"https:\/\/static.africa-press.net\/cameroun\/sites\/57\/2023\/09\/sm_1694769311.293528.jpg\",\"keywords\":[\"Africa Press\",\"Africa Press-Cameroun\",\"Cameroun\"],\"articleSection\":[\"\u00c9conomie\",\"Toutes les actualit\u00e9s\"],\"inLanguage\":\"fr-FR\",\"potentialAction\":[{\"@type\":\"CommentAction\",\"name\":\"Comment\",\"target\":[\"https:\/\/www.africa-press.net\/cameroun\/economie\/murissement-de-la-banane-plantain-gabriel-mbairobe-proscrit-lethephon-souvent-detourne-de-son-usage-au-cameroun#respond\"]}]},{\"@type\":\"WebPage\",\"@id\":\"https:\/\/www.africa-press.net\/cameroun\/economie\/murissement-de-la-banane-plantain-gabriel-mbairobe-proscrit-lethephon-souvent-detourne-de-son-usage-au-cameroun\",\"url\":\"https:\/\/www.africa-press.net\/cameroun\/economie\/murissement-de-la-banane-plantain-gabriel-mbairobe-proscrit-lethephon-souvent-detourne-de-son-usage-au-cameroun\",\"name\":\"M\u00fbrissement de la banane plantain\u00a0: Gabriel Mbairobe proscrit l\u2019Eth\u00e9phon, souvent d\u00e9tourn\u00e9 de son usage au Cameroun - Cameroun\",\"isPartOf\":{\"@id\":\"https:\/\/www.africa-press.net\/cameroun\/#website\"},\"primaryImageOfPage\":{\"@id\":\"https:\/\/www.africa-press.net\/cameroun\/economie\/murissement-de-la-banane-plantain-gabriel-mbairobe-proscrit-lethephon-souvent-detourne-de-son-usage-au-cameroun#primaryimage\"},\"image\":{\"@id\":\"https:\/\/www.africa-press.net\/cameroun\/economie\/murissement-de-la-banane-plantain-gabriel-mbairobe-proscrit-lethephon-souvent-detourne-de-son-usage-au-cameroun#primaryimage\"},\"thumbnailUrl\":\"https:\/\/static.africa-press.net\/cameroun\/sites\/57\/2023\/09\/sm_1694769311.293528.jpg\",\"datePublished\":\"2023-09-15T12:43:05+00:00\",\"dateModified\":\"2023-09-15T12:45:59+00:00\",\"author\":{\"@id\":\"https:\/\/www.africa-press.net\/cameroun\/#\/schema\/person\/2b1cf3cd81a31e3cd26889ca66d677f1\"},\"description\":\"Investir au Cameroun) - Dans une circulaire signe\u0301e le 11 septembre 2023, le ministre de l\u2019Agriculture, Gabriel Mbairobe ...\",\"breadcrumb\":{\"@id\":\"https:\/\/www.africa-press.net\/cameroun\/economie\/murissement-de-la-banane-plantain-gabriel-mbairobe-proscrit-lethephon-souvent-detourne-de-son-usage-au-cameroun#breadcrumb\"},\"inLanguage\":\"fr-FR\",\"potentialAction\":[{\"@type\":\"ReadAction\",\"target\":[\"https:\/\/www.africa-press.net\/cameroun\/economie\/murissement-de-la-banane-plantain-gabriel-mbairobe-proscrit-lethephon-souvent-detourne-de-son-usage-au-cameroun\"]}]},{\"@type\":\"ImageObject\",\"inLanguage\":\"fr-FR\",\"@id\":\"https:\/\/www.africa-press.net\/cameroun\/economie\/murissement-de-la-banane-plantain-gabriel-mbairobe-proscrit-lethephon-souvent-detourne-de-son-usage-au-cameroun#primaryimage\",\"url\":\"https:\/\/static.africa-press.net\/cameroun\/sites\/57\/2023\/09\/sm_1694769311.293528.jpg\",\"contentUrl\":\"https:\/\/static.africa-press.net\/cameroun\/sites\/57\/2023\/09\/sm_1694769311.293528.jpg\",\"width\":720,\"height\":479,\"caption\":\"M\u00fbrissement de la banane plantain\u00a0: Gabriel Mbairobe proscrit l\u2019Eth\u00e9phon, souvent d\u00e9tourn\u00e9 de son usage au Cameroun\"},{\"@type\":\"BreadcrumbList\",\"@id\":\"https:\/\/www.africa-press.net\/cameroun\/economie\/murissement-de-la-banane-plantain-gabriel-mbairobe-proscrit-lethephon-souvent-detourne-de-son-usage-au-cameroun#breadcrumb\",\"itemListElement\":[{\"@type\":\"ListItem\",\"position\":1,\"name\":\"Accueil\",\"item\":\"https:\/\/www.africa-press.net\/cameroun\/\"},{\"@type\":\"ListItem\",\"position\":2,\"name\":\"M\u00fbrissement de la banane plantain\u00a0: Gabriel Mbairobe proscrit l\u2019Eth\u00e9phon, souvent d\u00e9tourn\u00e9 de son usage au Cameroun\"}]},{\"@type\":\"WebSite\",\"@id\":\"https:\/\/www.africa-press.net\/cameroun\/#website\",\"url\":\"https:\/\/www.africa-press.net\/cameroun\/\",\"name\":\"Cameroun\",\"description\":\"Just another Africa News Agency Sites site\",\"potentialAction\":[{\"@type\":\"SearchAction\",\"target\":{\"@type\":\"EntryPoint\",\"urlTemplate\":\"https:\/\/www.africa-press.net\/cameroun\/?s={search_term_string}\"},\"query-input\":{\"@type\":\"PropertyValueSpecification\",\"valueRequired\":true,\"valueName\":\"search_term_string\"}}],\"inLanguage\":\"fr-FR\"},{\"@type\":\"Person\",\"@id\":\"https:\/\/www.africa-press.net\/cameroun\/#\/schema\/person\/2b1cf3cd81a31e3cd26889ca66d677f1\",\"name\":\"cfeditorfr\"}]}<\/script>\n<!-- \/ Yoast SEO Premium plugin. -->","yoast_head_json":{"title":"M\u00fbrissement de la banane plantain\u00a0: Gabriel Mbairobe proscrit l\u2019Eth\u00e9phon, souvent d\u00e9tourn\u00e9 de son usage au Cameroun - Cameroun","description":"Investir au Cameroun) - Dans une circulaire signe\u0301e le 11 septembre 2023, le ministre de l\u2019Agriculture, Gabriel Mbairobe ...","robots":{"index":"index","follow":"follow","max-snippet":"max-snippet:-1","max-image-preview":"max-image-preview:large","max-video-preview":"max-video-preview:-1"},"canonical":"https:\/\/www.africa-press.net\/cameroun\/economie\/murissement-de-la-banane-plantain-gabriel-mbairobe-proscrit-lethephon-souvent-detourne-de-son-usage-au-cameroun","og_locale":"fr_FR","og_type":"article","og_title":"M\u00fbrissement de la banane plantain\u00a0: Gabriel Mbairobe proscrit l\u2019Eth\u00e9phon, souvent d\u00e9tourn\u00e9 de son usage au Cameroun","og_description":"Investir au Cameroun) - Dans une circulaire signe\u0301e le 11 septembre 2023, le ministre de l\u2019Agriculture, Gabriel Mbairobe ...","og_url":"https:\/\/www.africa-press.net\/cameroun\/economie\/murissement-de-la-banane-plantain-gabriel-mbairobe-proscrit-lethephon-souvent-detourne-de-son-usage-au-cameroun","og_site_name":"Cameroun","article_published_time":"2023-09-15T12:43:05+00:00","article_modified_time":"2023-09-15T12:45:59+00:00","og_image":[{"width":720,"height":479,"url":"https:\/\/static.africa-press.net\/cameroun\/sites\/57\/2023\/09\/sm_1694769311.293528.jpg","type":"image\/jpeg"}],"author":"cfeditorfr","twitter_card":"summary_large_image","twitter_misc":{"\u00c9crit par":"cfeditorfr","Dur\u00e9e de lecture estim\u00e9e":"1 minute"},"schema":{"@context":"https:\/\/schema.org","@graph":[{"@type":"Article","@id":"https:\/\/www.africa-press.net\/cameroun\/economie\/murissement-de-la-banane-plantain-gabriel-mbairobe-proscrit-lethephon-souvent-detourne-de-son-usage-au-cameroun#article","isPartOf":{"@id":"https:\/\/www.africa-press.net\/cameroun\/economie\/murissement-de-la-banane-plantain-gabriel-mbairobe-proscrit-lethephon-souvent-detourne-de-son-usage-au-cameroun"},"author":{"name":"cfeditorfr","@id":"https:\/\/www.africa-press.net\/cameroun\/#\/schema\/person\/2b1cf3cd81a31e3cd26889ca66d677f1"},"headline":"M\u00fbrissement de la banane plantain\u00a0: Gabriel Mbairobe proscrit l\u2019Eth\u00e9phon, souvent d\u00e9tourn\u00e9 de son usage au Cameroun","datePublished":"2023-09-15T12:43:05+00:00","dateModified":"2023-09-15T12:45:59+00:00","mainEntityOfPage":{"@id":"https:\/\/www.africa-press.net\/cameroun\/economie\/murissement-de-la-banane-plantain-gabriel-mbairobe-proscrit-lethephon-souvent-detourne-de-son-usage-au-cameroun"},"wordCount":287,"commentCount":0,"image":{"@id":"https:\/\/www.africa-press.net\/cameroun\/economie\/murissement-de-la-banane-plantain-gabriel-mbairobe-proscrit-lethephon-souvent-detourne-de-son-usage-au-cameroun#primaryimage"},"thumbnailUrl":"https:\/\/static.africa-press.net\/cameroun\/sites\/57\/2023\/09\/sm_1694769311.293528.jpg","keywords":["Africa Press","Africa Press-Cameroun","Cameroun"],"articleSection":["\u00c9conomie","Toutes les actualit\u00e9s"],"inLanguage":"fr-FR","potentialAction":[{"@type":"CommentAction","name":"Comment","target":["https:\/\/www.africa-press.net\/cameroun\/economie\/murissement-de-la-banane-plantain-gabriel-mbairobe-proscrit-lethephon-souvent-detourne-de-son-usage-au-cameroun#respond"]}]},{"@type":"WebPage","@id":"https:\/\/www.africa-press.net\/cameroun\/economie\/murissement-de-la-banane-plantain-gabriel-mbairobe-proscrit-lethephon-souvent-detourne-de-son-usage-au-cameroun","url":"https:\/\/www.africa-press.net\/cameroun\/economie\/murissement-de-la-banane-plantain-gabriel-mbairobe-proscrit-lethephon-souvent-detourne-de-son-usage-au-cameroun","name":"M\u00fbrissement de la banane plantain\u00a0: Gabriel Mbairobe proscrit l\u2019Eth\u00e9phon, souvent d\u00e9tourn\u00e9 de son usage au Cameroun - Cameroun","isPartOf":{"@id":"https:\/\/www.africa-press.net\/cameroun\/#website"},"primaryImageOfPage":{"@id":"https:\/\/www.africa-press.net\/cameroun\/economie\/murissement-de-la-banane-plantain-gabriel-mbairobe-proscrit-lethephon-souvent-detourne-de-son-usage-au-cameroun#primaryimage"},"image":{"@id":"https:\/\/www.africa-press.net\/cameroun\/economie\/murissement-de-la-banane-plantain-gabriel-mbairobe-proscrit-lethephon-souvent-detourne-de-son-usage-au-cameroun#primaryimage"},"thumbnailUrl":"https:\/\/static.africa-press.net\/cameroun\/sites\/57\/2023\/09\/sm_1694769311.293528.jpg","datePublished":"2023-09-15T12:43:05+00:00","dateModified":"2023-09-15T12:45:59+00:00","author":{"@id":"https:\/\/www.africa-press.net\/cameroun\/#\/schema\/person\/2b1cf3cd81a31e3cd26889ca66d677f1"},"description":"Investir au Cameroun) - Dans une circulaire signe\u0301e le 11 septembre 2023, le ministre de l\u2019Agriculture, Gabriel Mbairobe ...","breadcrumb":{"@id":"https:\/\/www.africa-press.net\/cameroun\/economie\/murissement-de-la-banane-plantain-gabriel-mbairobe-proscrit-lethephon-souvent-detourne-de-son-usage-au-cameroun#breadcrumb"},"inLanguage":"fr-FR","potentialAction":[{"@type":"ReadAction","target":["https:\/\/www.africa-press.net\/cameroun\/economie\/murissement-de-la-banane-plantain-gabriel-mbairobe-proscrit-lethephon-souvent-detourne-de-son-usage-au-cameroun"]}]},{"@type":"ImageObject","inLanguage":"fr-FR","@id":"https:\/\/www.africa-press.net\/cameroun\/economie\/murissement-de-la-banane-plantain-gabriel-mbairobe-proscrit-lethephon-souvent-detourne-de-son-usage-au-cameroun#primaryimage","url":"https:\/\/static.africa-press.net\/cameroun\/sites\/57\/2023\/09\/sm_1694769311.293528.jpg","contentUrl":"https:\/\/static.africa-press.net\/cameroun\/sites\/57\/2023\/09\/sm_1694769311.293528.jpg","width":720,"height":479,"caption":"M\u00fbrissement de la banane plantain\u00a0: Gabriel Mbairobe proscrit l\u2019Eth\u00e9phon, souvent d\u00e9tourn\u00e9 de son usage au Cameroun"},{"@type":"BreadcrumbList","@id":"https:\/\/www.africa-press.net\/cameroun\/economie\/murissement-de-la-banane-plantain-gabriel-mbairobe-proscrit-lethephon-souvent-detourne-de-son-usage-au-cameroun#breadcrumb","itemListElement":[{"@type":"ListItem","position":1,"name":"Accueil","item":"https:\/\/www.africa-press.net\/cameroun\/"},{"@type":"ListItem","position":2,"name":"M\u00fbrissement de la banane plantain\u00a0: Gabriel Mbairobe proscrit l\u2019Eth\u00e9phon, souvent d\u00e9tourn\u00e9 de son usage au Cameroun"}]},{"@type":"WebSite","@id":"https:\/\/www.africa-press.net\/cameroun\/#website","url":"https:\/\/www.africa-press.net\/cameroun\/","name":"Cameroun","description":"Just another Africa News Agency Sites site","potentialAction":[{"@type":"SearchAction","target":{"@type":"EntryPoint","urlTemplate":"https:\/\/www.africa-press.net\/cameroun\/?s={search_term_string}"},"query-input":{"@type":"PropertyValueSpecification","valueRequired":true,"valueName":"search_term_string"}}],"inLanguage":"fr-FR"},{"@type":"Person","@id":"https:\/\/www.africa-press.net\/cameroun\/#\/schema\/person\/2b1cf3cd81a31e3cd26889ca66d677f1","name":"cfeditorfr"}]}},"_links":{"self":[{"href":"https:\/\/www.africa-press.net\/cameroun\/wp-json\/wp\/v2\/posts\/50835","targetHints":{"allow":["GET"]}}],"collection":[{"href":"https:\/\/www.africa-press.net\/cameroun\/wp-json\/wp\/v2\/posts"}],"about":[{"href":"https:\/\/www.africa-press.net\/cameroun\/wp-json\/wp\/v2\/types\/post"}],"author":[{"embeddable":true,"href":"https:\/\/www.africa-press.net\/cameroun\/wp-json\/wp\/v2\/users\/82"}],"replies":[{"embeddable":true,"href":"https:\/\/www.africa-press.net\/cameroun\/wp-json\/wp\/v2\/comments?post=50835"}],"version-history":[{"count":0,"href":"https:\/\/www.africa-press.net\/cameroun\/wp-json\/wp\/v2\/posts\/50835\/revisions"}],"wp:featuredmedia":[{"embeddable":true,"href":"https:\/\/www.africa-press.net\/cameroun\/wp-json\/wp\/v2\/media\/50833"}],"wp:attachment":[{"href":"https:\/\/www.africa-press.net\/cameroun\/wp-json\/wp\/v2\/media?parent=50835"}],"wp:term":[{"taxonomy":"category","embeddable":true,"href":"https:\/\/www.africa-press.net\/cameroun\/wp-json\/wp\/v2\/categories?post=50835"},{"taxonomy":"post_tag","embeddable":true,"href":"https:\/\/www.africa-press.net\/cameroun\/wp-json\/wp\/v2\/tags?post=50835"}],"curies":[{"name":"wp","href":"https:\/\/api.w.org\/{rel}","templated":true}]}}