{"id":50842,"date":"2023-09-15T12:44:55","date_gmt":"2023-09-15T12:44:55","guid":{"rendered":"https:\/\/www.africa-press.net\/cameroun\/politique\/pleurs-et-cris-dans-sa-cellule-a-kondengui-laurent-esso-a-t-il-abandonne-jean-pierre-amougou-belinga"},"modified":"2023-09-15T12:47:04","modified_gmt":"2023-09-15T12:47:04","slug":"pleurs-et-cris-dans-sa-cellule-a-kondengui-laurent-esso-a-t-il-abandonne-jean-pierre-amougou-belinga","status":"publish","type":"post","link":"https:\/\/www.africa-press.net\/cameroun\/politique\/pleurs-et-cris-dans-sa-cellule-a-kondengui-laurent-esso-a-t-il-abandonne-jean-pierre-amougou-belinga","title":{"rendered":"Pleurs et cris dans sa cellule \u00e0 Kondengui : Laurent Esso a-t-il abandonn\u00e9 Jean-Pierre Amougou Belinga ?"},"content":{"rendered":"<p><span style=\"color: #ff6600\"><strong>Africa-Press &#8211; Cameroun. <\/strong><\/span>Beaucoup dans l&rsquo;opinion refuse de se poser cette question or c&rsquo;est une interrogation qui bru\u0302le plusieurs le\u0300vres depuis des semaines voire des mois. Le ministre de la justice qui a autorite\u0301 sur tous les tribunaux compe\u0301tents du pays de me\u0302me que le tribunal militaire a t-il abandonne\u0301 son grand ami de toujours Jean-Pierre Amougou Belinga ?<\/p>\n<p>Dans cette affaire, celle de l&rsquo;enle\u0300vement, la torture suivi de la mort du journaliste Martinez Zogo, le nom du ministre de la Justice, Laurent Esso est ressorti plusieurs fois mais rien de concret n&rsquo;a e\u0301te\u0301 de\u0301gage\u0301. Il n&rsquo;est mentionne\u0301 nul part que le ministe\u0300re de la justice est implique\u0301. Juste que les policiers et les gendarmes qui se chargent des enque\u0302tes et des auditions.<\/p>\n<p>L&rsquo;on sait que dans le se\u0301rail, la guerre des clans est se\u0301ve\u0300re. Une oppose d&rsquo;ailleurs le ministre de la justice Laurent Esso au ministre d&rsquo;Etat, Secre\u0301tariat ge\u0301ne\u0301ral de la Pre\u0301sidence de la Re\u0301publique, Ferdinand Ngoh Ngoh. Ainsi, les enque\u0302tes ayant e\u0301te\u0301 diligente\u0301es par le Secre\u0301tariat ge\u0301ne\u0301ral de la Pre\u0301sidence de la Re\u0301publique, Ferdinand Ngoh Ngoh, il devient clair que le ministre de la justice Laurent Esso se mette en retrait.<\/p>\n<p>Depuis quelques jours, des re\u0301ve\u0301lations sont faites indiquant que Amougou Belinga souffrirait le martyr au sein de la prison de Kondengui. Les conditions de de\u0301tention a\u0300 Kondengui sont diame\u0301tralement oppose\u0301es au train de vie luxueux que le proprie\u0301taire de Vision 4 menait auparavant dans ses palais, entoure\u0301 de ses e\u0301pouses attentionne\u0301es. Selon des sources ayant de\u0301ja\u0300 e\u0301te\u0301 incarce\u0301re\u0301es a\u0300 Kondengui, cette prison est re\u0301pute\u0301e pour e\u0302tre tre\u0300s difficile.<\/p>\n<p>Pour Cameroun Actuel, Jean-Pierre Amougou Belinga ne supporte visiblement pas cette situation. Des informations ont re\u0301ve\u0301le\u0301 qu\u2019il a fait re\u0301ame\u0301nager certains espaces de la prison pour son propre confort. Cependant, malgre\u0301 ces ame\u0301nagements, il semble que le magnat des me\u0301dias se lamente sur son sort, de\u0301plorant re\u0301gulie\u0300rement sa situation et cherchant de\u0301sespe\u0301re\u0301ment une issue. Il semble qu\u2019il ne puisse trouver de re\u0301confort nulle part, a\u0300 l\u2019exception peut-e\u0302tre du regrette\u0301 Martinez Zogo.<\/p>\n<p>Il est surprenant de voir Jean-Pierre Amougou Belinga dans un tel e\u0301tat. Cet homme qui se targuait de pouvoir influencer le syste\u0300me judiciaire camerounais se retrouve aujourd\u2019hui en larmes a\u0300 Kondengui. Re\u0301my Ngono, un journaliste, a me\u0302me re\u0301alise\u0301 une vide\u0301o de dix-huit minutes pour expliquer comment Jean-Pierre Amougou Belinga perturbait ses compagnons de prison.<\/p>\n<p>Non seulement il a perdu l\u2019acce\u0300s a\u0300 ses milliards et a\u0300 ses comptes bancaires, mais ses femmes sont e\u0301galement laisse\u0301es seules quelque part, et il est possible qu\u2019elles aient de\u0301ja\u0300 trouve\u0301 du re\u0301confort aupre\u0300s d\u2019un autre homme. De plus, la privation de liberte\u0301 semble affecter profonde\u0301ment cet homme d\u2019affaires, selon les dires de Re\u0301my Ngono.<\/p>\n<p>Alors l&rsquo;on vient a\u0300 se demander si Laurent Esso a-t-il abandonne\u0301 Jean-Pierre Amougou Belinga ?<\/p>\n<p><strong>Pour plus d&rsquo;informations et d&rsquo;analyses sur la <a href=\"https:\/\/www.africa-press.net\/cameroun\">Cameroun<\/a>, suivez <a href=\"https:\/\/www.africa-press.net\/\">Africa-Press<\/a><\/strong><\/p>\n","protected":false},"excerpt":{"rendered":"<p>Africa-Press &#8211; Cameroun. Beaucoup dans l&rsquo;opinion refuse de se poser cette question or c&rsquo;est une interrogation qui bru\u0302le plusieurs le\u0300vres depuis des semaines voire des mois. Le ministre de la justice qui a autorite\u0301 sur tous les tribunaux compe\u0301tents du pays de me\u0302me que le tribunal militaire a t-il abandonne\u0301 son grand ami de toujours [&hellip;]<\/p>\n","protected":false},"author":82,"featured_media":50840,"comment_status":"open","ping_status":"closed","sticky":false,"template":"","format":"standard","meta":{"footnotes":""},"categories":[2,10],"tags":[36,50,49],"class_list":["post-50842","post","type-post","status-publish","format-standard","has-post-thumbnail","hentry","category-politique","category-toutes-les-actualites","tag-africa-press","tag-africa-press-cameroun","tag-cameroun"],"yoast_head":"<!-- This site is optimized with the Yoast SEO Premium plugin v26.1 (Yoast SEO v27.0) - https:\/\/yoast.com\/product\/yoast-seo-premium-wordpress\/ -->\n<title>Pleurs et cris dans sa cellule \u00e0 Kondengui : Laurent Esso a-t-il abandonn\u00e9 Jean-Pierre Amougou Belinga ? - Cameroun<\/title>\n<meta name=\"description\" content=\"Beaucoup dans l&#039;opinion refuse de se poser cette question or c&#039;est une interrogation qui bru\u0302le plusieurs le\u0300vres depuis ...\" \/>\n<meta name=\"robots\" content=\"index, follow, max-snippet:-1, max-image-preview:large, max-video-preview:-1\" \/>\n<link rel=\"canonical\" href=\"https:\/\/www.africa-press.net\/cameroun\/politique\/pleurs-et-cris-dans-sa-cellule-a-kondengui-laurent-esso-a-t-il-abandonne-jean-pierre-amougou-belinga\" \/>\n<meta property=\"og:locale\" content=\"fr_FR\" \/>\n<meta property=\"og:type\" content=\"article\" \/>\n<meta property=\"og:title\" content=\"Pleurs et cris dans sa cellule \u00e0 Kondengui : Laurent Esso a-t-il abandonn\u00e9 Jean-Pierre Amougou Belinga ?\" \/>\n<meta property=\"og:description\" content=\"Beaucoup dans l&#039;opinion refuse de se poser cette question or c&#039;est une interrogation qui bru\u0302le plusieurs le\u0300vres depuis ...\" \/>\n<meta property=\"og:url\" content=\"https:\/\/www.africa-press.net\/cameroun\/politique\/pleurs-et-cris-dans-sa-cellule-a-kondengui-laurent-esso-a-t-il-abandonne-jean-pierre-amougou-belinga\" \/>\n<meta property=\"og:site_name\" content=\"Cameroun\" \/>\n<meta property=\"article:published_time\" content=\"2023-09-15T12:44:55+00:00\" \/>\n<meta property=\"article:modified_time\" content=\"2023-09-15T12:47:04+00:00\" \/>\n<meta property=\"og:image\" content=\"https:\/\/static.africa-press.net\/cameroun\/sites\/57\/2023\/09\/sm_1694769369.6416.jpg\" \/>\n\t<meta property=\"og:image:width\" content=\"720\" \/>\n\t<meta property=\"og:image:height\" content=\"426\" \/>\n\t<meta property=\"og:image:type\" content=\"image\/jpeg\" \/>\n<meta name=\"author\" content=\"cfeditorfr\" \/>\n<meta name=\"twitter:card\" content=\"summary_large_image\" \/>\n<meta name=\"twitter:label1\" content=\"\u00c9crit par\" \/>\n\t<meta name=\"twitter:data1\" content=\"cfeditorfr\" \/>\n\t<meta name=\"twitter:label2\" content=\"Dur\u00e9e de lecture estim\u00e9e\" \/>\n\t<meta name=\"twitter:data2\" content=\"3 minutes\" \/>\n<script type=\"application\/ld+json\" class=\"yoast-schema-graph\">{\"@context\":\"https:\/\/schema.org\",\"@graph\":[{\"@type\":\"Article\",\"@id\":\"https:\/\/www.africa-press.net\/cameroun\/politique\/pleurs-et-cris-dans-sa-cellule-a-kondengui-laurent-esso-a-t-il-abandonne-jean-pierre-amougou-belinga#article\",\"isPartOf\":{\"@id\":\"https:\/\/www.africa-press.net\/cameroun\/politique\/pleurs-et-cris-dans-sa-cellule-a-kondengui-laurent-esso-a-t-il-abandonne-jean-pierre-amougou-belinga\"},\"author\":{\"name\":\"cfeditorfr\",\"@id\":\"https:\/\/www.africa-press.net\/cameroun\/#\/schema\/person\/2b1cf3cd81a31e3cd26889ca66d677f1\"},\"headline\":\"Pleurs et cris dans sa cellule \u00e0 Kondengui : Laurent Esso a-t-il abandonn\u00e9 Jean-Pierre Amougou Belinga ?\",\"datePublished\":\"2023-09-15T12:44:55+00:00\",\"dateModified\":\"2023-09-15T12:47:04+00:00\",\"mainEntityOfPage\":{\"@id\":\"https:\/\/www.africa-press.net\/cameroun\/politique\/pleurs-et-cris-dans-sa-cellule-a-kondengui-laurent-esso-a-t-il-abandonne-jean-pierre-amougou-belinga\"},\"wordCount\":565,\"commentCount\":0,\"image\":{\"@id\":\"https:\/\/www.africa-press.net\/cameroun\/politique\/pleurs-et-cris-dans-sa-cellule-a-kondengui-laurent-esso-a-t-il-abandonne-jean-pierre-amougou-belinga#primaryimage\"},\"thumbnailUrl\":\"https:\/\/static.africa-press.net\/cameroun\/sites\/57\/2023\/09\/sm_1694769369.6416.jpg\",\"keywords\":[\"Africa Press\",\"Africa Press-Cameroun\",\"Cameroun\"],\"articleSection\":[\"Politique\",\"Toutes les actualit\u00e9s\"],\"inLanguage\":\"fr-FR\",\"potentialAction\":[{\"@type\":\"CommentAction\",\"name\":\"Comment\",\"target\":[\"https:\/\/www.africa-press.net\/cameroun\/politique\/pleurs-et-cris-dans-sa-cellule-a-kondengui-laurent-esso-a-t-il-abandonne-jean-pierre-amougou-belinga#respond\"]}]},{\"@type\":\"WebPage\",\"@id\":\"https:\/\/www.africa-press.net\/cameroun\/politique\/pleurs-et-cris-dans-sa-cellule-a-kondengui-laurent-esso-a-t-il-abandonne-jean-pierre-amougou-belinga\",\"url\":\"https:\/\/www.africa-press.net\/cameroun\/politique\/pleurs-et-cris-dans-sa-cellule-a-kondengui-laurent-esso-a-t-il-abandonne-jean-pierre-amougou-belinga\",\"name\":\"Pleurs et cris dans sa cellule \u00e0 Kondengui : Laurent Esso a-t-il abandonn\u00e9 Jean-Pierre Amougou Belinga ? - Cameroun\",\"isPartOf\":{\"@id\":\"https:\/\/www.africa-press.net\/cameroun\/#website\"},\"primaryImageOfPage\":{\"@id\":\"https:\/\/www.africa-press.net\/cameroun\/politique\/pleurs-et-cris-dans-sa-cellule-a-kondengui-laurent-esso-a-t-il-abandonne-jean-pierre-amougou-belinga#primaryimage\"},\"image\":{\"@id\":\"https:\/\/www.africa-press.net\/cameroun\/politique\/pleurs-et-cris-dans-sa-cellule-a-kondengui-laurent-esso-a-t-il-abandonne-jean-pierre-amougou-belinga#primaryimage\"},\"thumbnailUrl\":\"https:\/\/static.africa-press.net\/cameroun\/sites\/57\/2023\/09\/sm_1694769369.6416.jpg\",\"datePublished\":\"2023-09-15T12:44:55+00:00\",\"dateModified\":\"2023-09-15T12:47:04+00:00\",\"author\":{\"@id\":\"https:\/\/www.africa-press.net\/cameroun\/#\/schema\/person\/2b1cf3cd81a31e3cd26889ca66d677f1\"},\"description\":\"Beaucoup dans l'opinion refuse de se poser cette question or c'est une interrogation qui bru\u0302le plusieurs le\u0300vres depuis ...\",\"breadcrumb\":{\"@id\":\"https:\/\/www.africa-press.net\/cameroun\/politique\/pleurs-et-cris-dans-sa-cellule-a-kondengui-laurent-esso-a-t-il-abandonne-jean-pierre-amougou-belinga#breadcrumb\"},\"inLanguage\":\"fr-FR\",\"potentialAction\":[{\"@type\":\"ReadAction\",\"target\":[\"https:\/\/www.africa-press.net\/cameroun\/politique\/pleurs-et-cris-dans-sa-cellule-a-kondengui-laurent-esso-a-t-il-abandonne-jean-pierre-amougou-belinga\"]}]},{\"@type\":\"ImageObject\",\"inLanguage\":\"fr-FR\",\"@id\":\"https:\/\/www.africa-press.net\/cameroun\/politique\/pleurs-et-cris-dans-sa-cellule-a-kondengui-laurent-esso-a-t-il-abandonne-jean-pierre-amougou-belinga#primaryimage\",\"url\":\"https:\/\/static.africa-press.net\/cameroun\/sites\/57\/2023\/09\/sm_1694769369.6416.jpg\",\"contentUrl\":\"https:\/\/static.africa-press.net\/cameroun\/sites\/57\/2023\/09\/sm_1694769369.6416.jpg\",\"width\":720,\"height\":426,\"caption\":\"Pleurs et cris dans sa cellule \u00e0 Kondengui : Laurent Esso a-t-il abandonn\u00e9 Jean-Pierre Amougou Belinga ?\"},{\"@type\":\"BreadcrumbList\",\"@id\":\"https:\/\/www.africa-press.net\/cameroun\/politique\/pleurs-et-cris-dans-sa-cellule-a-kondengui-laurent-esso-a-t-il-abandonne-jean-pierre-amougou-belinga#breadcrumb\",\"itemListElement\":[{\"@type\":\"ListItem\",\"position\":1,\"name\":\"Accueil\",\"item\":\"https:\/\/www.africa-press.net\/cameroun\/\"},{\"@type\":\"ListItem\",\"position\":2,\"name\":\"Pleurs et cris dans sa cellule \u00e0 Kondengui : Laurent Esso a-t-il abandonn\u00e9 Jean-Pierre Amougou Belinga ?\"}]},{\"@type\":\"WebSite\",\"@id\":\"https:\/\/www.africa-press.net\/cameroun\/#website\",\"url\":\"https:\/\/www.africa-press.net\/cameroun\/\",\"name\":\"Cameroun\",\"description\":\"Just another Africa News Agency Sites site\",\"potentialAction\":[{\"@type\":\"SearchAction\",\"target\":{\"@type\":\"EntryPoint\",\"urlTemplate\":\"https:\/\/www.africa-press.net\/cameroun\/?s={search_term_string}\"},\"query-input\":{\"@type\":\"PropertyValueSpecification\",\"valueRequired\":true,\"valueName\":\"search_term_string\"}}],\"inLanguage\":\"fr-FR\"},{\"@type\":\"Person\",\"@id\":\"https:\/\/www.africa-press.net\/cameroun\/#\/schema\/person\/2b1cf3cd81a31e3cd26889ca66d677f1\",\"name\":\"cfeditorfr\"}]}<\/script>\n<!-- \/ Yoast SEO Premium plugin. -->","yoast_head_json":{"title":"Pleurs et cris dans sa cellule \u00e0 Kondengui : Laurent Esso a-t-il abandonn\u00e9 Jean-Pierre Amougou Belinga ? - Cameroun","description":"Beaucoup dans l'opinion refuse de se poser cette question or c'est une interrogation qui bru\u0302le plusieurs le\u0300vres depuis ...","robots":{"index":"index","follow":"follow","max-snippet":"max-snippet:-1","max-image-preview":"max-image-preview:large","max-video-preview":"max-video-preview:-1"},"canonical":"https:\/\/www.africa-press.net\/cameroun\/politique\/pleurs-et-cris-dans-sa-cellule-a-kondengui-laurent-esso-a-t-il-abandonne-jean-pierre-amougou-belinga","og_locale":"fr_FR","og_type":"article","og_title":"Pleurs et cris dans sa cellule \u00e0 Kondengui : Laurent Esso a-t-il abandonn\u00e9 Jean-Pierre Amougou Belinga ?","og_description":"Beaucoup dans l'opinion refuse de se poser cette question or c'est une interrogation qui bru\u0302le plusieurs le\u0300vres depuis ...","og_url":"https:\/\/www.africa-press.net\/cameroun\/politique\/pleurs-et-cris-dans-sa-cellule-a-kondengui-laurent-esso-a-t-il-abandonne-jean-pierre-amougou-belinga","og_site_name":"Cameroun","article_published_time":"2023-09-15T12:44:55+00:00","article_modified_time":"2023-09-15T12:47:04+00:00","og_image":[{"width":720,"height":426,"url":"https:\/\/static.africa-press.net\/cameroun\/sites\/57\/2023\/09\/sm_1694769369.6416.jpg","type":"image\/jpeg"}],"author":"cfeditorfr","twitter_card":"summary_large_image","twitter_misc":{"\u00c9crit par":"cfeditorfr","Dur\u00e9e de lecture estim\u00e9e":"3 minutes"},"schema":{"@context":"https:\/\/schema.org","@graph":[{"@type":"Article","@id":"https:\/\/www.africa-press.net\/cameroun\/politique\/pleurs-et-cris-dans-sa-cellule-a-kondengui-laurent-esso-a-t-il-abandonne-jean-pierre-amougou-belinga#article","isPartOf":{"@id":"https:\/\/www.africa-press.net\/cameroun\/politique\/pleurs-et-cris-dans-sa-cellule-a-kondengui-laurent-esso-a-t-il-abandonne-jean-pierre-amougou-belinga"},"author":{"name":"cfeditorfr","@id":"https:\/\/www.africa-press.net\/cameroun\/#\/schema\/person\/2b1cf3cd81a31e3cd26889ca66d677f1"},"headline":"Pleurs et cris dans sa cellule \u00e0 Kondengui : Laurent Esso a-t-il abandonn\u00e9 Jean-Pierre Amougou Belinga ?","datePublished":"2023-09-15T12:44:55+00:00","dateModified":"2023-09-15T12:47:04+00:00","mainEntityOfPage":{"@id":"https:\/\/www.africa-press.net\/cameroun\/politique\/pleurs-et-cris-dans-sa-cellule-a-kondengui-laurent-esso-a-t-il-abandonne-jean-pierre-amougou-belinga"},"wordCount":565,"commentCount":0,"image":{"@id":"https:\/\/www.africa-press.net\/cameroun\/politique\/pleurs-et-cris-dans-sa-cellule-a-kondengui-laurent-esso-a-t-il-abandonne-jean-pierre-amougou-belinga#primaryimage"},"thumbnailUrl":"https:\/\/static.africa-press.net\/cameroun\/sites\/57\/2023\/09\/sm_1694769369.6416.jpg","keywords":["Africa Press","Africa Press-Cameroun","Cameroun"],"articleSection":["Politique","Toutes les actualit\u00e9s"],"inLanguage":"fr-FR","potentialAction":[{"@type":"CommentAction","name":"Comment","target":["https:\/\/www.africa-press.net\/cameroun\/politique\/pleurs-et-cris-dans-sa-cellule-a-kondengui-laurent-esso-a-t-il-abandonne-jean-pierre-amougou-belinga#respond"]}]},{"@type":"WebPage","@id":"https:\/\/www.africa-press.net\/cameroun\/politique\/pleurs-et-cris-dans-sa-cellule-a-kondengui-laurent-esso-a-t-il-abandonne-jean-pierre-amougou-belinga","url":"https:\/\/www.africa-press.net\/cameroun\/politique\/pleurs-et-cris-dans-sa-cellule-a-kondengui-laurent-esso-a-t-il-abandonne-jean-pierre-amougou-belinga","name":"Pleurs et cris dans sa cellule \u00e0 Kondengui : Laurent Esso a-t-il abandonn\u00e9 Jean-Pierre Amougou Belinga ? - Cameroun","isPartOf":{"@id":"https:\/\/www.africa-press.net\/cameroun\/#website"},"primaryImageOfPage":{"@id":"https:\/\/www.africa-press.net\/cameroun\/politique\/pleurs-et-cris-dans-sa-cellule-a-kondengui-laurent-esso-a-t-il-abandonne-jean-pierre-amougou-belinga#primaryimage"},"image":{"@id":"https:\/\/www.africa-press.net\/cameroun\/politique\/pleurs-et-cris-dans-sa-cellule-a-kondengui-laurent-esso-a-t-il-abandonne-jean-pierre-amougou-belinga#primaryimage"},"thumbnailUrl":"https:\/\/static.africa-press.net\/cameroun\/sites\/57\/2023\/09\/sm_1694769369.6416.jpg","datePublished":"2023-09-15T12:44:55+00:00","dateModified":"2023-09-15T12:47:04+00:00","author":{"@id":"https:\/\/www.africa-press.net\/cameroun\/#\/schema\/person\/2b1cf3cd81a31e3cd26889ca66d677f1"},"description":"Beaucoup dans l'opinion refuse de se poser cette question or c'est une interrogation qui bru\u0302le plusieurs le\u0300vres depuis ...","breadcrumb":{"@id":"https:\/\/www.africa-press.net\/cameroun\/politique\/pleurs-et-cris-dans-sa-cellule-a-kondengui-laurent-esso-a-t-il-abandonne-jean-pierre-amougou-belinga#breadcrumb"},"inLanguage":"fr-FR","potentialAction":[{"@type":"ReadAction","target":["https:\/\/www.africa-press.net\/cameroun\/politique\/pleurs-et-cris-dans-sa-cellule-a-kondengui-laurent-esso-a-t-il-abandonne-jean-pierre-amougou-belinga"]}]},{"@type":"ImageObject","inLanguage":"fr-FR","@id":"https:\/\/www.africa-press.net\/cameroun\/politique\/pleurs-et-cris-dans-sa-cellule-a-kondengui-laurent-esso-a-t-il-abandonne-jean-pierre-amougou-belinga#primaryimage","url":"https:\/\/static.africa-press.net\/cameroun\/sites\/57\/2023\/09\/sm_1694769369.6416.jpg","contentUrl":"https:\/\/static.africa-press.net\/cameroun\/sites\/57\/2023\/09\/sm_1694769369.6416.jpg","width":720,"height":426,"caption":"Pleurs et cris dans sa cellule \u00e0 Kondengui : Laurent Esso a-t-il abandonn\u00e9 Jean-Pierre Amougou Belinga ?"},{"@type":"BreadcrumbList","@id":"https:\/\/www.africa-press.net\/cameroun\/politique\/pleurs-et-cris-dans-sa-cellule-a-kondengui-laurent-esso-a-t-il-abandonne-jean-pierre-amougou-belinga#breadcrumb","itemListElement":[{"@type":"ListItem","position":1,"name":"Accueil","item":"https:\/\/www.africa-press.net\/cameroun\/"},{"@type":"ListItem","position":2,"name":"Pleurs et cris dans sa cellule \u00e0 Kondengui : Laurent Esso a-t-il abandonn\u00e9 Jean-Pierre Amougou Belinga ?"}]},{"@type":"WebSite","@id":"https:\/\/www.africa-press.net\/cameroun\/#website","url":"https:\/\/www.africa-press.net\/cameroun\/","name":"Cameroun","description":"Just another Africa News Agency Sites site","potentialAction":[{"@type":"SearchAction","target":{"@type":"EntryPoint","urlTemplate":"https:\/\/www.africa-press.net\/cameroun\/?s={search_term_string}"},"query-input":{"@type":"PropertyValueSpecification","valueRequired":true,"valueName":"search_term_string"}}],"inLanguage":"fr-FR"},{"@type":"Person","@id":"https:\/\/www.africa-press.net\/cameroun\/#\/schema\/person\/2b1cf3cd81a31e3cd26889ca66d677f1","name":"cfeditorfr"}]}},"_links":{"self":[{"href":"https:\/\/www.africa-press.net\/cameroun\/wp-json\/wp\/v2\/posts\/50842","targetHints":{"allow":["GET"]}}],"collection":[{"href":"https:\/\/www.africa-press.net\/cameroun\/wp-json\/wp\/v2\/posts"}],"about":[{"href":"https:\/\/www.africa-press.net\/cameroun\/wp-json\/wp\/v2\/types\/post"}],"author":[{"embeddable":true,"href":"https:\/\/www.africa-press.net\/cameroun\/wp-json\/wp\/v2\/users\/82"}],"replies":[{"embeddable":true,"href":"https:\/\/www.africa-press.net\/cameroun\/wp-json\/wp\/v2\/comments?post=50842"}],"version-history":[{"count":0,"href":"https:\/\/www.africa-press.net\/cameroun\/wp-json\/wp\/v2\/posts\/50842\/revisions"}],"wp:featuredmedia":[{"embeddable":true,"href":"https:\/\/www.africa-press.net\/cameroun\/wp-json\/wp\/v2\/media\/50840"}],"wp:attachment":[{"href":"https:\/\/www.africa-press.net\/cameroun\/wp-json\/wp\/v2\/media?parent=50842"}],"wp:term":[{"taxonomy":"category","embeddable":true,"href":"https:\/\/www.africa-press.net\/cameroun\/wp-json\/wp\/v2\/categories?post=50842"},{"taxonomy":"post_tag","embeddable":true,"href":"https:\/\/www.africa-press.net\/cameroun\/wp-json\/wp\/v2\/tags?post=50842"}],"curies":[{"name":"wp","href":"https:\/\/api.w.org\/{rel}","templated":true}]}}