{"id":50843,"date":"2023-09-15T12:43:55","date_gmt":"2023-09-15T12:43:55","guid":{"rendered":"https:\/\/www.africa-press.net\/cameroun\/politique\/le-president-de-la-federation-a-ete-arrete-au-hilton-hotel"},"modified":"2023-09-15T12:47:23","modified_gmt":"2023-09-15T12:47:23","slug":"le-president-de-la-federation-a-ete-arrete-au-hilton-hotel","status":"publish","type":"post","link":"https:\/\/www.africa-press.net\/cameroun\/toutes-les-actualites\/le-president-de-la-federation-a-ete-arrete-au-hilton-hotel","title":{"rendered":"Le pr\u00e9sident de la F\u00e9d\u00e9ration a \u00e9t\u00e9 arr\u00eat\u00e9 au Hilton h\u00f4tel"},"content":{"rendered":"<p><span style=\"color: #ff6600\"><strong>Africa-Press &#8211; Cameroun. <\/strong><\/span>Pendant le temps qu&rsquo;il a fait la te\u0302te de l&rsquo;institution, il aurait cre\u0301e\u0301 des comptes bancaires paralle\u0300les et usurpation de titre a\u0300 la Fe\u0301de\u0301ration Camerounaise de Golf.<\/p>\n<p>Nous apprenons il y a quelques heures, l&rsquo;arrestation de Lothin Elessa, le pre\u0301sident de la Fe\u0301de\u0301ration camerounaise de Golfe.<\/p>\n<p>\u00ab\u00a0Apre\u0300s avoir e\u0301te\u0301 entendu puis confronte\u0301, Louis Deschamps Lothin Elessa a decide\u0301 de defier aussi bien le Parquet du TGI du Mfoundi que la Direction de la Police Judiciaire et me\u0302me le DGSN Mbarga Nguele\u0301. Convoque\u0301 a\u0300 maintes reprises en vue de son de\u0301ferrement, Lothin Elessa avait engage\u0301 un bras de fer a\u0300 force de calomnies et de de\u0301fiance envers les autorite\u0301s judiciaires.<\/p>\n<p>Dans le me\u0302me temps, il a acentue\u0301 les soupc\u0327ons de malversations qui pesaient contre lui en produisant un rapport indiquant qu\u2019il a pre\u0302te\u0301 a\u0300 la Fe\u0301de\u0301ration environ 100 millions en huit mois pour financer deux voyages qu\u2019il a effectue\u0301s a\u0300 Abuja et en Allemagne.<\/p>\n<p>Il a aussi essaye\u0301 de changer les signatures sur le compte pour le vider apre\u0300s avoir de\u0301tourne\u0301 le che\u0300que transmis par le Yaounde\u0301 Golf Club en guise d\u2019affiliation.<\/p>\n<p>Ce jeudi, il avait prevu d\u2019installer Judith Achidi, DG de Camtel qu\u2019on soupc\u0327onne de proximite\u0301 intime avec un de ses proches conseillers. Etame\u0300 Massoma, le pre\u0301sident de la Commission d\u2019Ethique du Comite\u0301 Olympique e\u0301tait e\u0301galement dans la liste des personnes nomme\u0301es la semaine dernie\u0300re que Lothin Elessa avait pre\u0301vu d\u2019installer. La police qui le recherche depuis plusieurs jours a profite\u0301 de l\u2019occasion pour le cueillir en pleine ce\u0301re\u0301monie.<\/p>\n<p>Il passe la nuit dans les cellules de la Police avant d\u2019e\u0302tre pre\u0301sente\u0301 au Procureur demain ou plus tard.<\/p>\n<p>Alerte\u0301s par ces nouvelles de\u0301shonorantes autour de leur discipline, la totalite\u0301 des clubs de Golf et les administrateurs de la fe\u0301de\u0301ration avaient sollicite\u0301, hier, 13 Septembre, l\u2019organisation d\u2019une Assemble\u0301e Ge\u0301ne\u0301rale Extraordinaire dans 14 jours pour clarifier la situation et en tirer les conse\u0301quences. Peut e\u0302tre que Kondengui va anticiper sur leur demande.<\/p>\n<p><strong>Pour plus d&rsquo;informations et d&rsquo;analyses sur la <a href=\"https:\/\/www.africa-press.net\/cameroun\">Cameroun<\/a>, suivez <a href=\"https:\/\/www.africa-press.net\/\">Africa-Press<\/a><\/strong><\/p>\n","protected":false},"excerpt":{"rendered":"<p>Africa-Press &#8211; Cameroun. Pendant le temps qu&rsquo;il a fait la te\u0302te de l&rsquo;institution, il aurait cre\u0301e\u0301 des comptes bancaires paralle\u0300les et usurpation de titre a\u0300 la Fe\u0301de\u0301ration Camerounaise de Golf. Nous apprenons il y a quelques heures, l&rsquo;arrestation de Lothin Elessa, le pre\u0301sident de la Fe\u0301de\u0301ration camerounaise de Golfe. \u00ab\u00a0Apre\u0300s avoir e\u0301te\u0301 entendu puis confronte\u0301, [&hellip;]<\/p>\n","protected":false},"author":82,"featured_media":50841,"comment_status":"open","ping_status":"closed","sticky":false,"template":"","format":"standard","meta":{"footnotes":""},"categories":[21,10],"tags":[36,50,49],"class_list":["post-50843","post","type-post","status-publish","format-standard","has-post-thumbnail","hentry","category-communaute","category-toutes-les-actualites","tag-africa-press","tag-africa-press-cameroun","tag-cameroun"],"yoast_head":"<!-- This site is optimized with the Yoast SEO Premium plugin v26.1 (Yoast SEO v27.0) - https:\/\/yoast.com\/product\/yoast-seo-premium-wordpress\/ -->\n<title>Le pr\u00e9sident de la F\u00e9d\u00e9ration a \u00e9t\u00e9 arr\u00eat\u00e9 au Hilton h\u00f4tel - Cameroun<\/title>\n<meta name=\"description\" content=\"Pendant le temps qu&#039;il a fait la te\u0302te de l&#039;institution, il aurait cre\u0301e\u0301 des comptes bancaires paralle\u0300les et usurpatio ...\" \/>\n<meta name=\"robots\" content=\"index, follow, max-snippet:-1, max-image-preview:large, max-video-preview:-1\" \/>\n<link rel=\"canonical\" href=\"https:\/\/www.africa-press.net\/cameroun\/toutes-les-actualites\/le-president-de-la-federation-a-ete-arrete-au-hilton-hotel\" \/>\n<meta property=\"og:locale\" content=\"fr_FR\" \/>\n<meta property=\"og:type\" content=\"article\" \/>\n<meta property=\"og:title\" content=\"Le pr\u00e9sident de la F\u00e9d\u00e9ration a \u00e9t\u00e9 arr\u00eat\u00e9 au Hilton h\u00f4tel\" \/>\n<meta property=\"og:description\" content=\"Pendant le temps qu&#039;il a fait la te\u0302te de l&#039;institution, il aurait cre\u0301e\u0301 des comptes bancaires paralle\u0300les et usurpatio ...\" \/>\n<meta property=\"og:url\" content=\"https:\/\/www.africa-press.net\/cameroun\/toutes-les-actualites\/le-president-de-la-federation-a-ete-arrete-au-hilton-hotel\" \/>\n<meta property=\"og:site_name\" content=\"Cameroun\" \/>\n<meta property=\"article:published_time\" content=\"2023-09-15T12:43:55+00:00\" \/>\n<meta property=\"article:modified_time\" content=\"2023-09-15T12:47:23+00:00\" \/>\n<meta property=\"og:image\" content=\"https:\/\/static.africa-press.net\/cameroun\/sites\/57\/2023\/09\/sm_1694769379.307952.jpg\" \/>\n\t<meta property=\"og:image:width\" content=\"720\" \/>\n\t<meta property=\"og:image:height\" content=\"360\" \/>\n\t<meta property=\"og:image:type\" content=\"image\/jpeg\" \/>\n<meta name=\"author\" content=\"cfeditorfr\" \/>\n<meta name=\"twitter:card\" content=\"summary_large_image\" \/>\n<meta name=\"twitter:label1\" content=\"\u00c9crit par\" \/>\n\t<meta name=\"twitter:data1\" content=\"cfeditorfr\" \/>\n\t<meta name=\"twitter:label2\" content=\"Dur\u00e9e de lecture estim\u00e9e\" \/>\n\t<meta name=\"twitter:data2\" content=\"2 minutes\" \/>\n<script type=\"application\/ld+json\" class=\"yoast-schema-graph\">{\"@context\":\"https:\/\/schema.org\",\"@graph\":[{\"@type\":\"Article\",\"@id\":\"https:\/\/www.africa-press.net\/cameroun\/toutes-les-actualites\/le-president-de-la-federation-a-ete-arrete-au-hilton-hotel#article\",\"isPartOf\":{\"@id\":\"https:\/\/www.africa-press.net\/cameroun\/toutes-les-actualites\/le-president-de-la-federation-a-ete-arrete-au-hilton-hotel\"},\"author\":{\"name\":\"cfeditorfr\",\"@id\":\"https:\/\/www.africa-press.net\/cameroun\/#\/schema\/person\/2b1cf3cd81a31e3cd26889ca66d677f1\"},\"headline\":\"Le pr\u00e9sident de la F\u00e9d\u00e9ration a \u00e9t\u00e9 arr\u00eat\u00e9 au Hilton h\u00f4tel\",\"datePublished\":\"2023-09-15T12:43:55+00:00\",\"dateModified\":\"2023-09-15T12:47:23+00:00\",\"mainEntityOfPage\":{\"@id\":\"https:\/\/www.africa-press.net\/cameroun\/toutes-les-actualites\/le-president-de-la-federation-a-ete-arrete-au-hilton-hotel\"},\"wordCount\":405,\"commentCount\":0,\"image\":{\"@id\":\"https:\/\/www.africa-press.net\/cameroun\/toutes-les-actualites\/le-president-de-la-federation-a-ete-arrete-au-hilton-hotel#primaryimage\"},\"thumbnailUrl\":\"https:\/\/static.africa-press.net\/cameroun\/sites\/57\/2023\/09\/sm_1694769379.307952.jpg\",\"keywords\":[\"Africa Press\",\"Africa Press-Cameroun\",\"Cameroun\"],\"articleSection\":[\"Communaut\u00e9\",\"Toutes les actualit\u00e9s\"],\"inLanguage\":\"fr-FR\",\"potentialAction\":[{\"@type\":\"CommentAction\",\"name\":\"Comment\",\"target\":[\"https:\/\/www.africa-press.net\/cameroun\/toutes-les-actualites\/le-president-de-la-federation-a-ete-arrete-au-hilton-hotel#respond\"]}]},{\"@type\":\"WebPage\",\"@id\":\"https:\/\/www.africa-press.net\/cameroun\/toutes-les-actualites\/le-president-de-la-federation-a-ete-arrete-au-hilton-hotel\",\"url\":\"https:\/\/www.africa-press.net\/cameroun\/toutes-les-actualites\/le-president-de-la-federation-a-ete-arrete-au-hilton-hotel\",\"name\":\"Le pr\u00e9sident de la F\u00e9d\u00e9ration a \u00e9t\u00e9 arr\u00eat\u00e9 au Hilton h\u00f4tel - Cameroun\",\"isPartOf\":{\"@id\":\"https:\/\/www.africa-press.net\/cameroun\/#website\"},\"primaryImageOfPage\":{\"@id\":\"https:\/\/www.africa-press.net\/cameroun\/toutes-les-actualites\/le-president-de-la-federation-a-ete-arrete-au-hilton-hotel#primaryimage\"},\"image\":{\"@id\":\"https:\/\/www.africa-press.net\/cameroun\/toutes-les-actualites\/le-president-de-la-federation-a-ete-arrete-au-hilton-hotel#primaryimage\"},\"thumbnailUrl\":\"https:\/\/static.africa-press.net\/cameroun\/sites\/57\/2023\/09\/sm_1694769379.307952.jpg\",\"datePublished\":\"2023-09-15T12:43:55+00:00\",\"dateModified\":\"2023-09-15T12:47:23+00:00\",\"author\":{\"@id\":\"https:\/\/www.africa-press.net\/cameroun\/#\/schema\/person\/2b1cf3cd81a31e3cd26889ca66d677f1\"},\"description\":\"Pendant le temps qu'il a fait la te\u0302te de l'institution, il aurait cre\u0301e\u0301 des comptes bancaires paralle\u0300les et usurpatio ...\",\"breadcrumb\":{\"@id\":\"https:\/\/www.africa-press.net\/cameroun\/toutes-les-actualites\/le-president-de-la-federation-a-ete-arrete-au-hilton-hotel#breadcrumb\"},\"inLanguage\":\"fr-FR\",\"potentialAction\":[{\"@type\":\"ReadAction\",\"target\":[\"https:\/\/www.africa-press.net\/cameroun\/toutes-les-actualites\/le-president-de-la-federation-a-ete-arrete-au-hilton-hotel\"]}]},{\"@type\":\"ImageObject\",\"inLanguage\":\"fr-FR\",\"@id\":\"https:\/\/www.africa-press.net\/cameroun\/toutes-les-actualites\/le-president-de-la-federation-a-ete-arrete-au-hilton-hotel#primaryimage\",\"url\":\"https:\/\/static.africa-press.net\/cameroun\/sites\/57\/2023\/09\/sm_1694769379.307952.jpg\",\"contentUrl\":\"https:\/\/static.africa-press.net\/cameroun\/sites\/57\/2023\/09\/sm_1694769379.307952.jpg\",\"width\":720,\"height\":360,\"caption\":\"Le pr\u00e9sident de la F\u00e9d\u00e9ration a \u00e9t\u00e9 arr\u00eat\u00e9 au Hilton h\u00f4tel\"},{\"@type\":\"BreadcrumbList\",\"@id\":\"https:\/\/www.africa-press.net\/cameroun\/toutes-les-actualites\/le-president-de-la-federation-a-ete-arrete-au-hilton-hotel#breadcrumb\",\"itemListElement\":[{\"@type\":\"ListItem\",\"position\":1,\"name\":\"Accueil\",\"item\":\"https:\/\/www.africa-press.net\/cameroun\/\"},{\"@type\":\"ListItem\",\"position\":2,\"name\":\"Le pr\u00e9sident de la F\u00e9d\u00e9ration a \u00e9t\u00e9 arr\u00eat\u00e9 au Hilton h\u00f4tel\"}]},{\"@type\":\"WebSite\",\"@id\":\"https:\/\/www.africa-press.net\/cameroun\/#website\",\"url\":\"https:\/\/www.africa-press.net\/cameroun\/\",\"name\":\"Cameroun\",\"description\":\"Just another Africa News Agency Sites site\",\"potentialAction\":[{\"@type\":\"SearchAction\",\"target\":{\"@type\":\"EntryPoint\",\"urlTemplate\":\"https:\/\/www.africa-press.net\/cameroun\/?s={search_term_string}\"},\"query-input\":{\"@type\":\"PropertyValueSpecification\",\"valueRequired\":true,\"valueName\":\"search_term_string\"}}],\"inLanguage\":\"fr-FR\"},{\"@type\":\"Person\",\"@id\":\"https:\/\/www.africa-press.net\/cameroun\/#\/schema\/person\/2b1cf3cd81a31e3cd26889ca66d677f1\",\"name\":\"cfeditorfr\"}]}<\/script>\n<!-- \/ Yoast SEO Premium plugin. -->","yoast_head_json":{"title":"Le pr\u00e9sident de la F\u00e9d\u00e9ration a \u00e9t\u00e9 arr\u00eat\u00e9 au Hilton h\u00f4tel - Cameroun","description":"Pendant le temps qu'il a fait la te\u0302te de l'institution, il aurait cre\u0301e\u0301 des comptes bancaires paralle\u0300les et usurpatio ...","robots":{"index":"index","follow":"follow","max-snippet":"max-snippet:-1","max-image-preview":"max-image-preview:large","max-video-preview":"max-video-preview:-1"},"canonical":"https:\/\/www.africa-press.net\/cameroun\/toutes-les-actualites\/le-president-de-la-federation-a-ete-arrete-au-hilton-hotel","og_locale":"fr_FR","og_type":"article","og_title":"Le pr\u00e9sident de la F\u00e9d\u00e9ration a \u00e9t\u00e9 arr\u00eat\u00e9 au Hilton h\u00f4tel","og_description":"Pendant le temps qu'il a fait la te\u0302te de l'institution, il aurait cre\u0301e\u0301 des comptes bancaires paralle\u0300les et usurpatio ...","og_url":"https:\/\/www.africa-press.net\/cameroun\/toutes-les-actualites\/le-president-de-la-federation-a-ete-arrete-au-hilton-hotel","og_site_name":"Cameroun","article_published_time":"2023-09-15T12:43:55+00:00","article_modified_time":"2023-09-15T12:47:23+00:00","og_image":[{"width":720,"height":360,"url":"https:\/\/static.africa-press.net\/cameroun\/sites\/57\/2023\/09\/sm_1694769379.307952.jpg","type":"image\/jpeg"}],"author":"cfeditorfr","twitter_card":"summary_large_image","twitter_misc":{"\u00c9crit par":"cfeditorfr","Dur\u00e9e de lecture estim\u00e9e":"2 minutes"},"schema":{"@context":"https:\/\/schema.org","@graph":[{"@type":"Article","@id":"https:\/\/www.africa-press.net\/cameroun\/toutes-les-actualites\/le-president-de-la-federation-a-ete-arrete-au-hilton-hotel#article","isPartOf":{"@id":"https:\/\/www.africa-press.net\/cameroun\/toutes-les-actualites\/le-president-de-la-federation-a-ete-arrete-au-hilton-hotel"},"author":{"name":"cfeditorfr","@id":"https:\/\/www.africa-press.net\/cameroun\/#\/schema\/person\/2b1cf3cd81a31e3cd26889ca66d677f1"},"headline":"Le pr\u00e9sident de la F\u00e9d\u00e9ration a \u00e9t\u00e9 arr\u00eat\u00e9 au Hilton h\u00f4tel","datePublished":"2023-09-15T12:43:55+00:00","dateModified":"2023-09-15T12:47:23+00:00","mainEntityOfPage":{"@id":"https:\/\/www.africa-press.net\/cameroun\/toutes-les-actualites\/le-president-de-la-federation-a-ete-arrete-au-hilton-hotel"},"wordCount":405,"commentCount":0,"image":{"@id":"https:\/\/www.africa-press.net\/cameroun\/toutes-les-actualites\/le-president-de-la-federation-a-ete-arrete-au-hilton-hotel#primaryimage"},"thumbnailUrl":"https:\/\/static.africa-press.net\/cameroun\/sites\/57\/2023\/09\/sm_1694769379.307952.jpg","keywords":["Africa Press","Africa Press-Cameroun","Cameroun"],"articleSection":["Communaut\u00e9","Toutes les actualit\u00e9s"],"inLanguage":"fr-FR","potentialAction":[{"@type":"CommentAction","name":"Comment","target":["https:\/\/www.africa-press.net\/cameroun\/toutes-les-actualites\/le-president-de-la-federation-a-ete-arrete-au-hilton-hotel#respond"]}]},{"@type":"WebPage","@id":"https:\/\/www.africa-press.net\/cameroun\/toutes-les-actualites\/le-president-de-la-federation-a-ete-arrete-au-hilton-hotel","url":"https:\/\/www.africa-press.net\/cameroun\/toutes-les-actualites\/le-president-de-la-federation-a-ete-arrete-au-hilton-hotel","name":"Le pr\u00e9sident de la F\u00e9d\u00e9ration a \u00e9t\u00e9 arr\u00eat\u00e9 au Hilton h\u00f4tel - Cameroun","isPartOf":{"@id":"https:\/\/www.africa-press.net\/cameroun\/#website"},"primaryImageOfPage":{"@id":"https:\/\/www.africa-press.net\/cameroun\/toutes-les-actualites\/le-president-de-la-federation-a-ete-arrete-au-hilton-hotel#primaryimage"},"image":{"@id":"https:\/\/www.africa-press.net\/cameroun\/toutes-les-actualites\/le-president-de-la-federation-a-ete-arrete-au-hilton-hotel#primaryimage"},"thumbnailUrl":"https:\/\/static.africa-press.net\/cameroun\/sites\/57\/2023\/09\/sm_1694769379.307952.jpg","datePublished":"2023-09-15T12:43:55+00:00","dateModified":"2023-09-15T12:47:23+00:00","author":{"@id":"https:\/\/www.africa-press.net\/cameroun\/#\/schema\/person\/2b1cf3cd81a31e3cd26889ca66d677f1"},"description":"Pendant le temps qu'il a fait la te\u0302te de l'institution, il aurait cre\u0301e\u0301 des comptes bancaires paralle\u0300les et usurpatio ...","breadcrumb":{"@id":"https:\/\/www.africa-press.net\/cameroun\/toutes-les-actualites\/le-president-de-la-federation-a-ete-arrete-au-hilton-hotel#breadcrumb"},"inLanguage":"fr-FR","potentialAction":[{"@type":"ReadAction","target":["https:\/\/www.africa-press.net\/cameroun\/toutes-les-actualites\/le-president-de-la-federation-a-ete-arrete-au-hilton-hotel"]}]},{"@type":"ImageObject","inLanguage":"fr-FR","@id":"https:\/\/www.africa-press.net\/cameroun\/toutes-les-actualites\/le-president-de-la-federation-a-ete-arrete-au-hilton-hotel#primaryimage","url":"https:\/\/static.africa-press.net\/cameroun\/sites\/57\/2023\/09\/sm_1694769379.307952.jpg","contentUrl":"https:\/\/static.africa-press.net\/cameroun\/sites\/57\/2023\/09\/sm_1694769379.307952.jpg","width":720,"height":360,"caption":"Le pr\u00e9sident de la F\u00e9d\u00e9ration a \u00e9t\u00e9 arr\u00eat\u00e9 au Hilton h\u00f4tel"},{"@type":"BreadcrumbList","@id":"https:\/\/www.africa-press.net\/cameroun\/toutes-les-actualites\/le-president-de-la-federation-a-ete-arrete-au-hilton-hotel#breadcrumb","itemListElement":[{"@type":"ListItem","position":1,"name":"Accueil","item":"https:\/\/www.africa-press.net\/cameroun\/"},{"@type":"ListItem","position":2,"name":"Le pr\u00e9sident de la F\u00e9d\u00e9ration a \u00e9t\u00e9 arr\u00eat\u00e9 au Hilton h\u00f4tel"}]},{"@type":"WebSite","@id":"https:\/\/www.africa-press.net\/cameroun\/#website","url":"https:\/\/www.africa-press.net\/cameroun\/","name":"Cameroun","description":"Just another Africa News Agency Sites site","potentialAction":[{"@type":"SearchAction","target":{"@type":"EntryPoint","urlTemplate":"https:\/\/www.africa-press.net\/cameroun\/?s={search_term_string}"},"query-input":{"@type":"PropertyValueSpecification","valueRequired":true,"valueName":"search_term_string"}}],"inLanguage":"fr-FR"},{"@type":"Person","@id":"https:\/\/www.africa-press.net\/cameroun\/#\/schema\/person\/2b1cf3cd81a31e3cd26889ca66d677f1","name":"cfeditorfr"}]}},"_links":{"self":[{"href":"https:\/\/www.africa-press.net\/cameroun\/wp-json\/wp\/v2\/posts\/50843","targetHints":{"allow":["GET"]}}],"collection":[{"href":"https:\/\/www.africa-press.net\/cameroun\/wp-json\/wp\/v2\/posts"}],"about":[{"href":"https:\/\/www.africa-press.net\/cameroun\/wp-json\/wp\/v2\/types\/post"}],"author":[{"embeddable":true,"href":"https:\/\/www.africa-press.net\/cameroun\/wp-json\/wp\/v2\/users\/82"}],"replies":[{"embeddable":true,"href":"https:\/\/www.africa-press.net\/cameroun\/wp-json\/wp\/v2\/comments?post=50843"}],"version-history":[{"count":0,"href":"https:\/\/www.africa-press.net\/cameroun\/wp-json\/wp\/v2\/posts\/50843\/revisions"}],"wp:featuredmedia":[{"embeddable":true,"href":"https:\/\/www.africa-press.net\/cameroun\/wp-json\/wp\/v2\/media\/50841"}],"wp:attachment":[{"href":"https:\/\/www.africa-press.net\/cameroun\/wp-json\/wp\/v2\/media?parent=50843"}],"wp:term":[{"taxonomy":"category","embeddable":true,"href":"https:\/\/www.africa-press.net\/cameroun\/wp-json\/wp\/v2\/categories?post=50843"},{"taxonomy":"post_tag","embeddable":true,"href":"https:\/\/www.africa-press.net\/cameroun\/wp-json\/wp\/v2\/tags?post=50843"}],"curies":[{"name":"wp","href":"https:\/\/api.w.org\/{rel}","templated":true}]}}