{"id":50856,"date":"2023-09-15T12:45:12","date_gmt":"2023-09-15T12:45:12","guid":{"rendered":"https:\/\/www.africa-press.net\/cameroun\/politique\/jai-subi-les-memes-traitements-que-martinez-zogo-troublantes-revelations-dun-journaliste-qui-a-echappe-a-la-mort"},"modified":"2023-09-15T12:48:45","modified_gmt":"2023-09-15T12:48:45","slug":"jai-subi-les-memes-traitements-que-martinez-zogo-troublantes-revelations-dun-journaliste-qui-a-echappe-a-la-mort","status":"publish","type":"post","link":"https:\/\/www.africa-press.net\/cameroun\/politique\/jai-subi-les-memes-traitements-que-martinez-zogo-troublantes-revelations-dun-journaliste-qui-a-echappe-a-la-mort","title":{"rendered":"&lsquo;J&rsquo;ai subi les m\u00eames traitements que Martinez Zogo&rsquo; : troublantes r\u00e9v\u00e9lations d&rsquo;un journaliste qui a \u00e9chapp\u00e9 \u00e0 la mort"},"content":{"rendered":"<p><span style=\"color: #ff6600\"><strong>Africa-Press &#8211; Cameroun. <\/strong><\/span>En Re\u0301publique de\u0301mocratique du Congo, le journaliste Stanis Bujakera est toujours derrie\u0300re les barreaux. Il est accuse\u0301 de \u00ab\u00a0propagation de faux bruits et diffusion de fausses informations\u00a0\u00bb pour un article publie\u0301 par Jeune Afrique mettant en cause les renseignements militaires dans l&rsquo;assassinat de l&rsquo;ancien ministre Che\u0301rubin Okende.<\/p>\n<p>Paul Chouta, lui, est journaliste d\u2019investigation camerounais. Celui-ci a aussi e\u0301te\u0301 inquie\u0301te\u0301 par la justice de son pays pour une affaire de diffamation qui lui a cou\u0302te\u0301 deux anne\u0301es de prison.<\/p>\n<p>Paul Chouta e\u0301tait par ailleurs un proche du journaliste d&rsquo;investigation Martinez Zogo, Camerounais lui aussi, brutalement assassine\u0301 en janvier dernier. Dans notre interview de la semaine, Paul Chouta raconte comment sa vie a aussi e\u0301te\u0301 menace\u0301e alors que, comme Martinez Zogo, il enque\u0302tait sur une affaire de de\u0301tournements mais aussi sur des abus de droits humains au Cameroun.<\/p>\n<p>Au micro de Dirke Ko\u0308pp, il raconte a\u0300 quel point la vie d&rsquo;un journaliste d&rsquo;investigation au Cameroun est dangereuse.<\/p>\n<p>DW : Monsieur Paul Chouta Bonjour, Vous e\u0302tes journaliste d&rsquo;investigation camerounais et vous e\u0302tes passe\u0301 a\u0300 deux doigts de la mort lors d&rsquo;un enle\u0300vement par des inconnus. Qu&rsquo;est ce qui vous rend si dangereux au point que certains ont cherche\u0301 a\u0300 vous assassiner?<\/p>\n<p>Malheureusement, le Cameroun, a\u0300 cause de la malgouvernance, a\u0300 cause des dirigeants qui sont aux affaires, c\u2019est que nous sommes dans un pays ou\u0300 la corruption est la chose la mieux partage\u0301e par les personnes, les pontes du re\u0301gime. C&rsquo;est a\u0300 dire on va s&rsquo;illustrer, je vais vous citer des cas, des sujets sur lesquels j\u2019ai travaille\u0301, notamment le CAN-Gate.<\/p>\n<p>Vous savez que le Cameroun devait abriter la Coupe d&rsquo;Afrique des nations de 2019 qui malheureusement n&rsquo;a pas eu lieu parce que les chantiers qui devaient abriter cette compe\u0301tition n&rsquo;e\u0301taient pas a\u0300 jour. Tout simplement parce qu&rsquo;il y a eu des surfacturations, des de\u0301tournements des deniers publics.<\/p>\n<p>A co\u0302te\u0301 de c\u0327a aussi, vous savez que j&rsquo;ai aussi de\u0301nonce\u0301 les cas d&rsquo;abus, notamment le jeune Ibrahim Bello, ce jeune mineur, en ce temps, qui avait e\u0301te\u0301 victime d&rsquo;un traitement inhumain et de\u0301gradant dans les locaux du poste de police d\u2019Ombessa, a\u0300 quelques kilome\u0300tres de Yaounde\u0301, non loin de Bafia, dans la re\u0301gion du centre. Et il a subi ces traitements ou\u0300 il a e\u0301te\u0301 e\u0301lectrise\u0301, torture\u0301 par des e\u0301le\u0301ments de la police dans les locaux de la police. En ce temps, j&rsquo;ai eu a\u0300 sonner l&rsquo;alerte sur ces cas. Malheureusement, il est de\u0301ce\u0301de\u0301.<\/p>\n<p>Il y a e\u0301galement des cas de viol, plusieurs sujets de cette nature que j&rsquo;ai eu a\u0300 traiter des hommes, des femmes torture\u0301es, se\u0301questre\u0301es dans les ho\u0302pitaux, notamment l&rsquo;ho\u0302pital central de Yaounde\u0301 et ailleurs. Ce sont quelques faits sur lesquels j&rsquo;ai communique\u0301.<\/p>\n<p>Alors vous comprenez que lorsque l&rsquo;on est dans un environnement ou\u0300 la corruption est ambiante, dans un environnement ou\u0300 la torture, les abus des droits humains, la torture, l&rsquo;arrestation des journalistes sont monnaie courante et que vous de\u0301cidez de parler, vous vous de\u0301marquez et devenez une cible a\u0300 abattre&#8230; parce que c&rsquo;est un gouvernement qui s&rsquo;illustre par le re\u0300gne de la terreur.<\/p>\n<p>Et du coup, j&rsquo;ai pris sur moi tout le courage qui allait avec pour dire non, pour de\u0301cider de rompre le silence, de\u0301noncer.<\/p>\n<p>Moi je pense que c&rsquo;est parce que j&rsquo;avais de\u0301cide\u0301 d&rsquo;exposer l&rsquo;E\u0301tat, de dire plus haut, c&rsquo;est que les Camerounais ressentaient plus bas, que j&rsquo;e\u0301tais devenu une cible a\u0300 abattre absolument.<\/p>\n<p>Est ce qu&rsquo;on peut donc dire que vous avez eu de la chance parce que vous n&rsquo;avez pas fini comme Martinez Zogo par exemple, qui a e\u0301te\u0301 brutalement abattu [en janvier 2023]? Mais vous avez eu, entre guillemets, bien su\u0302r, la chance d&rsquo;avoir \u00ab\u00a0seulement\u00a0\u00bb e\u0301te\u0301 en prison, d&rsquo;avoir e\u0301te\u0301 torture\u0301, mais d&rsquo;e\u0302tre parti avec votre vie.<\/p>\n<p>Il faut dire que, un an avant, j&rsquo;ai subi les me\u0302mes traitements que Martinez Zogo. C&rsquo;est juste que j&rsquo;ai eu de la chance de ne pas passer de vie a\u0300 tre\u0301pas. Je me dis que c&rsquo;est les me\u0302mes personnes qui ont de\u0301cide\u0301 de m&rsquo;assassiner, qui e\u0301taient convaincus d&rsquo;ailleurs, qui m&rsquo;ont assassine\u0301, qui ont inflige\u0301 le me\u0302me traitement a\u0300 Martinez Zogo.<\/p>\n<p>Je me dis e\u0301galement que peut-e\u0302tre c&rsquo;est parce qu&rsquo;ayant constate\u0301 qu&rsquo;ils ont fait une erreur sur mon cas&#8230; parce qu&rsquo;en partant, ils e\u0301taient convaincus que je devais rendre l&rsquo;a\u0302me, puisque lorsqu&rsquo;on vous frappe au niveau du rachis cervical, au niveau de la nuque, avec des pierres, des coups, avec tout un tas de mate\u0301riel qu&rsquo;on peut imaginer, c&rsquo;est pour atteindre le rachis cervical&#8230; parce que lorsque le rachis cervical est atteint, automatiquement c\u0327a cause ce qu&rsquo;on appelle une he\u0301morragie interne.<\/p>\n<p>Et je crois que c&rsquo;est de cette me\u0302me he\u0301morragie interne qu\u2019est de\u0301ce\u0301de\u0301 Martinez Zogo.<\/p>\n<p>Et ou\u0300 est le lien entre vous et Martinez Zogo?<\/p>\n<p>Je vous ai parle\u0301 de la ligne [budge\u0301taire] 94, 65 et 57. Lorsqu&rsquo;il a eu ce fameux document d\u2019environ 300 pages, il m&rsquo;a contacte\u0301 pour qu&rsquo;on en discute puisqu&rsquo;il estime que j&rsquo;e\u0301tais une voix qui portait et que j&rsquo;ai cette audience sur la toile puisque lui, il e\u0301tait animateur radio, donc il travaillait plus pour la radio.<\/p>\n<p>Nous nous sommes rencontre\u0301s le 28 de\u0301cembre 2022 et lorsque Martinez me remet donc ce document, que je le parcours, je prends copie, je lui fais savoir que lorsque je scrute le document, les faits qui y sont de\u0301voile\u0301s sont extre\u0302mement graves. Il faudrait, avant de s\u2019y engager prendre des dispositions se\u0301curitaires parce que c&rsquo;est un scandale, du jamais vu. C&rsquo;est un scandale que le Cameroun n&rsquo;a jamais connu !<\/p>\n<p>Il dit ok, il a compris, mais il a fait plusieurs e\u0301missions s&rsquo;inspirant de ce document-la\u0300. Moi e\u0301galement, j&rsquo;ai communique\u0301 quand me\u0302me sur quelques pages&#8230;<\/p>\n<p>Une semaine avant l&rsquo;enle\u0300vement, l&rsquo;assassinat de Martinez Zogo, il m&rsquo;a passe\u0301 un coup de fil pour me dire que je devrais faire attention parce que Amougou Belinga [un homme d\u2019affaire camerounais] a de\u0301cide\u0301 de l&rsquo;assassiner, de m&rsquo;assassiner, d&rsquo;assassiner Haman Mana qui est aujourd&rsquo;hui aux Etats-Unis et d\u2019autres journalistes a\u0300 qui il avait remis ces documents-la\u0300.<\/p>\n<p>Cela veut dire que se\u0301curite\u0301 e\u0301tait en danger ! Et une semaine apre\u0300s, on apprend que Martinez Zogo a e\u0301te\u0301 enleve\u0301, mutile\u0301, de\u0301shumanise\u0301 et finalement assassine\u0301.<\/p>\n<p><strong>Pour plus d&rsquo;informations et d&rsquo;analyses sur la <a href=\"https:\/\/www.africa-press.net\/cameroun\">Cameroun<\/a>, suivez <a href=\"https:\/\/www.africa-press.net\/\">Africa-Press<\/a><\/strong><\/p>\n","protected":false},"excerpt":{"rendered":"<p>Africa-Press &#8211; Cameroun. En Re\u0301publique de\u0301mocratique du Congo, le journaliste Stanis Bujakera est toujours derrie\u0300re les barreaux. Il est accuse\u0301 de \u00ab\u00a0propagation de faux bruits et diffusion de fausses informations\u00a0\u00bb pour un article publie\u0301 par Jeune Afrique mettant en cause les renseignements militaires dans l&rsquo;assassinat de l&rsquo;ancien ministre Che\u0301rubin Okende. Paul Chouta, lui, est journaliste [&hellip;]<\/p>\n","protected":false},"author":82,"featured_media":50853,"comment_status":"open","ping_status":"closed","sticky":false,"template":"","format":"standard","meta":{"footnotes":""},"categories":[2,10],"tags":[36,50,49],"class_list":["post-50856","post","type-post","status-publish","format-standard","has-post-thumbnail","hentry","category-politique","category-toutes-les-actualites","tag-africa-press","tag-africa-press-cameroun","tag-cameroun"],"yoast_head":"<!-- This site is optimized with the Yoast SEO Premium plugin v26.1 (Yoast SEO v27.0) - https:\/\/yoast.com\/product\/yoast-seo-premium-wordpress\/ -->\n<title>&#039;J&#039;ai subi les m\u00eames traitements que Martinez Zogo&#039; : troublantes r\u00e9v\u00e9lations d&#039;un journaliste qui a \u00e9chapp\u00e9 \u00e0 la mort - Cameroun<\/title>\n<meta name=\"description\" content=\"En Re\u0301publique de\u0301mocratique du Congo, le journaliste Stanis Bujakera est toujours derrie\u0300re les barreaux. Il est accuse ...\" \/>\n<meta name=\"robots\" content=\"index, follow, max-snippet:-1, max-image-preview:large, max-video-preview:-1\" \/>\n<link rel=\"canonical\" href=\"https:\/\/www.africa-press.net\/cameroun\/politique\/jai-subi-les-memes-traitements-que-martinez-zogo-troublantes-revelations-dun-journaliste-qui-a-echappe-a-la-mort\" \/>\n<meta property=\"og:locale\" content=\"fr_FR\" \/>\n<meta property=\"og:type\" content=\"article\" \/>\n<meta property=\"og:title\" content=\"&#039;J&#039;ai subi les m\u00eames traitements que Martinez Zogo&#039; : troublantes r\u00e9v\u00e9lations d&#039;un journaliste qui a \u00e9chapp\u00e9 \u00e0 la mort\" \/>\n<meta property=\"og:description\" content=\"En Re\u0301publique de\u0301mocratique du Congo, le journaliste Stanis Bujakera est toujours derrie\u0300re les barreaux. Il est accuse ...\" \/>\n<meta property=\"og:url\" content=\"https:\/\/www.africa-press.net\/cameroun\/politique\/jai-subi-les-memes-traitements-que-martinez-zogo-troublantes-revelations-dun-journaliste-qui-a-echappe-a-la-mort\" \/>\n<meta property=\"og:site_name\" content=\"Cameroun\" \/>\n<meta property=\"article:published_time\" content=\"2023-09-15T12:45:12+00:00\" \/>\n<meta property=\"article:modified_time\" content=\"2023-09-15T12:48:45+00:00\" \/>\n<meta property=\"og:image\" content=\"https:\/\/static.africa-press.net\/cameroun\/sites\/57\/2023\/09\/sm_1694769448.375223.jpg\" \/>\n\t<meta property=\"og:image:width\" content=\"720\" \/>\n\t<meta property=\"og:image:height\" content=\"404\" \/>\n\t<meta property=\"og:image:type\" content=\"image\/jpeg\" \/>\n<meta name=\"author\" content=\"cfeditorfr\" \/>\n<meta name=\"twitter:card\" content=\"summary_large_image\" \/>\n<meta name=\"twitter:label1\" content=\"\u00c9crit par\" \/>\n\t<meta name=\"twitter:data1\" content=\"cfeditorfr\" \/>\n\t<meta name=\"twitter:label2\" content=\"Dur\u00e9e de lecture estim\u00e9e\" \/>\n\t<meta name=\"twitter:data2\" content=\"6 minutes\" \/>\n<script type=\"application\/ld+json\" class=\"yoast-schema-graph\">{\"@context\":\"https:\/\/schema.org\",\"@graph\":[{\"@type\":\"Article\",\"@id\":\"https:\/\/www.africa-press.net\/cameroun\/politique\/jai-subi-les-memes-traitements-que-martinez-zogo-troublantes-revelations-dun-journaliste-qui-a-echappe-a-la-mort#article\",\"isPartOf\":{\"@id\":\"https:\/\/www.africa-press.net\/cameroun\/politique\/jai-subi-les-memes-traitements-que-martinez-zogo-troublantes-revelations-dun-journaliste-qui-a-echappe-a-la-mort\"},\"author\":{\"name\":\"cfeditorfr\",\"@id\":\"https:\/\/www.africa-press.net\/cameroun\/#\/schema\/person\/2b1cf3cd81a31e3cd26889ca66d677f1\"},\"headline\":\"&lsquo;J&rsquo;ai subi les m\u00eames traitements que Martinez Zogo&rsquo; : troublantes r\u00e9v\u00e9lations d&rsquo;un journaliste qui a \u00e9chapp\u00e9 \u00e0 la mort\",\"datePublished\":\"2023-09-15T12:45:12+00:00\",\"dateModified\":\"2023-09-15T12:48:45+00:00\",\"mainEntityOfPage\":{\"@id\":\"https:\/\/www.africa-press.net\/cameroun\/politique\/jai-subi-les-memes-traitements-que-martinez-zogo-troublantes-revelations-dun-journaliste-qui-a-echappe-a-la-mort\"},\"wordCount\":1208,\"commentCount\":0,\"image\":{\"@id\":\"https:\/\/www.africa-press.net\/cameroun\/politique\/jai-subi-les-memes-traitements-que-martinez-zogo-troublantes-revelations-dun-journaliste-qui-a-echappe-a-la-mort#primaryimage\"},\"thumbnailUrl\":\"https:\/\/static.africa-press.net\/cameroun\/sites\/57\/2023\/09\/sm_1694769448.375223.jpg\",\"keywords\":[\"Africa Press\",\"Africa Press-Cameroun\",\"Cameroun\"],\"articleSection\":[\"Politique\",\"Toutes les actualit\u00e9s\"],\"inLanguage\":\"fr-FR\",\"potentialAction\":[{\"@type\":\"CommentAction\",\"name\":\"Comment\",\"target\":[\"https:\/\/www.africa-press.net\/cameroun\/politique\/jai-subi-les-memes-traitements-que-martinez-zogo-troublantes-revelations-dun-journaliste-qui-a-echappe-a-la-mort#respond\"]}]},{\"@type\":\"WebPage\",\"@id\":\"https:\/\/www.africa-press.net\/cameroun\/politique\/jai-subi-les-memes-traitements-que-martinez-zogo-troublantes-revelations-dun-journaliste-qui-a-echappe-a-la-mort\",\"url\":\"https:\/\/www.africa-press.net\/cameroun\/politique\/jai-subi-les-memes-traitements-que-martinez-zogo-troublantes-revelations-dun-journaliste-qui-a-echappe-a-la-mort\",\"name\":\"'J'ai subi les m\u00eames traitements que Martinez Zogo' : troublantes r\u00e9v\u00e9lations d'un journaliste qui a \u00e9chapp\u00e9 \u00e0 la mort - Cameroun\",\"isPartOf\":{\"@id\":\"https:\/\/www.africa-press.net\/cameroun\/#website\"},\"primaryImageOfPage\":{\"@id\":\"https:\/\/www.africa-press.net\/cameroun\/politique\/jai-subi-les-memes-traitements-que-martinez-zogo-troublantes-revelations-dun-journaliste-qui-a-echappe-a-la-mort#primaryimage\"},\"image\":{\"@id\":\"https:\/\/www.africa-press.net\/cameroun\/politique\/jai-subi-les-memes-traitements-que-martinez-zogo-troublantes-revelations-dun-journaliste-qui-a-echappe-a-la-mort#primaryimage\"},\"thumbnailUrl\":\"https:\/\/static.africa-press.net\/cameroun\/sites\/57\/2023\/09\/sm_1694769448.375223.jpg\",\"datePublished\":\"2023-09-15T12:45:12+00:00\",\"dateModified\":\"2023-09-15T12:48:45+00:00\",\"author\":{\"@id\":\"https:\/\/www.africa-press.net\/cameroun\/#\/schema\/person\/2b1cf3cd81a31e3cd26889ca66d677f1\"},\"description\":\"En Re\u0301publique de\u0301mocratique du Congo, le journaliste Stanis Bujakera est toujours derrie\u0300re les barreaux. Il est accuse ...\",\"breadcrumb\":{\"@id\":\"https:\/\/www.africa-press.net\/cameroun\/politique\/jai-subi-les-memes-traitements-que-martinez-zogo-troublantes-revelations-dun-journaliste-qui-a-echappe-a-la-mort#breadcrumb\"},\"inLanguage\":\"fr-FR\",\"potentialAction\":[{\"@type\":\"ReadAction\",\"target\":[\"https:\/\/www.africa-press.net\/cameroun\/politique\/jai-subi-les-memes-traitements-que-martinez-zogo-troublantes-revelations-dun-journaliste-qui-a-echappe-a-la-mort\"]}]},{\"@type\":\"ImageObject\",\"inLanguage\":\"fr-FR\",\"@id\":\"https:\/\/www.africa-press.net\/cameroun\/politique\/jai-subi-les-memes-traitements-que-martinez-zogo-troublantes-revelations-dun-journaliste-qui-a-echappe-a-la-mort#primaryimage\",\"url\":\"https:\/\/static.africa-press.net\/cameroun\/sites\/57\/2023\/09\/sm_1694769448.375223.jpg\",\"contentUrl\":\"https:\/\/static.africa-press.net\/cameroun\/sites\/57\/2023\/09\/sm_1694769448.375223.jpg\",\"width\":720,\"height\":404,\"caption\":\"'J'ai subi les m\u00eames traitements que Martinez Zogo' : troublantes r\u00e9v\u00e9lations d'un journaliste qui a \u00e9chapp\u00e9 \u00e0 la mort\"},{\"@type\":\"BreadcrumbList\",\"@id\":\"https:\/\/www.africa-press.net\/cameroun\/politique\/jai-subi-les-memes-traitements-que-martinez-zogo-troublantes-revelations-dun-journaliste-qui-a-echappe-a-la-mort#breadcrumb\",\"itemListElement\":[{\"@type\":\"ListItem\",\"position\":1,\"name\":\"Accueil\",\"item\":\"https:\/\/www.africa-press.net\/cameroun\/\"},{\"@type\":\"ListItem\",\"position\":2,\"name\":\"&#8216;J&#8217;ai subi les m\u00eames traitements que Martinez Zogo&#8217; : troublantes r\u00e9v\u00e9lations d&#8217;un journaliste qui a \u00e9chapp\u00e9 \u00e0 la mort\"}]},{\"@type\":\"WebSite\",\"@id\":\"https:\/\/www.africa-press.net\/cameroun\/#website\",\"url\":\"https:\/\/www.africa-press.net\/cameroun\/\",\"name\":\"Cameroun\",\"description\":\"Just another Africa News Agency Sites site\",\"potentialAction\":[{\"@type\":\"SearchAction\",\"target\":{\"@type\":\"EntryPoint\",\"urlTemplate\":\"https:\/\/www.africa-press.net\/cameroun\/?s={search_term_string}\"},\"query-input\":{\"@type\":\"PropertyValueSpecification\",\"valueRequired\":true,\"valueName\":\"search_term_string\"}}],\"inLanguage\":\"fr-FR\"},{\"@type\":\"Person\",\"@id\":\"https:\/\/www.africa-press.net\/cameroun\/#\/schema\/person\/2b1cf3cd81a31e3cd26889ca66d677f1\",\"name\":\"cfeditorfr\"}]}<\/script>\n<!-- \/ Yoast SEO Premium plugin. -->","yoast_head_json":{"title":"'J'ai subi les m\u00eames traitements que Martinez Zogo' : troublantes r\u00e9v\u00e9lations d'un journaliste qui a \u00e9chapp\u00e9 \u00e0 la mort - Cameroun","description":"En Re\u0301publique de\u0301mocratique du Congo, le journaliste Stanis Bujakera est toujours derrie\u0300re les barreaux. Il est accuse ...","robots":{"index":"index","follow":"follow","max-snippet":"max-snippet:-1","max-image-preview":"max-image-preview:large","max-video-preview":"max-video-preview:-1"},"canonical":"https:\/\/www.africa-press.net\/cameroun\/politique\/jai-subi-les-memes-traitements-que-martinez-zogo-troublantes-revelations-dun-journaliste-qui-a-echappe-a-la-mort","og_locale":"fr_FR","og_type":"article","og_title":"'J'ai subi les m\u00eames traitements que Martinez Zogo' : troublantes r\u00e9v\u00e9lations d'un journaliste qui a \u00e9chapp\u00e9 \u00e0 la mort","og_description":"En Re\u0301publique de\u0301mocratique du Congo, le journaliste Stanis Bujakera est toujours derrie\u0300re les barreaux. Il est accuse ...","og_url":"https:\/\/www.africa-press.net\/cameroun\/politique\/jai-subi-les-memes-traitements-que-martinez-zogo-troublantes-revelations-dun-journaliste-qui-a-echappe-a-la-mort","og_site_name":"Cameroun","article_published_time":"2023-09-15T12:45:12+00:00","article_modified_time":"2023-09-15T12:48:45+00:00","og_image":[{"width":720,"height":404,"url":"https:\/\/static.africa-press.net\/cameroun\/sites\/57\/2023\/09\/sm_1694769448.375223.jpg","type":"image\/jpeg"}],"author":"cfeditorfr","twitter_card":"summary_large_image","twitter_misc":{"\u00c9crit par":"cfeditorfr","Dur\u00e9e de lecture estim\u00e9e":"6 minutes"},"schema":{"@context":"https:\/\/schema.org","@graph":[{"@type":"Article","@id":"https:\/\/www.africa-press.net\/cameroun\/politique\/jai-subi-les-memes-traitements-que-martinez-zogo-troublantes-revelations-dun-journaliste-qui-a-echappe-a-la-mort#article","isPartOf":{"@id":"https:\/\/www.africa-press.net\/cameroun\/politique\/jai-subi-les-memes-traitements-que-martinez-zogo-troublantes-revelations-dun-journaliste-qui-a-echappe-a-la-mort"},"author":{"name":"cfeditorfr","@id":"https:\/\/www.africa-press.net\/cameroun\/#\/schema\/person\/2b1cf3cd81a31e3cd26889ca66d677f1"},"headline":"&lsquo;J&rsquo;ai subi les m\u00eames traitements que Martinez Zogo&rsquo; : troublantes r\u00e9v\u00e9lations d&rsquo;un journaliste qui a \u00e9chapp\u00e9 \u00e0 la mort","datePublished":"2023-09-15T12:45:12+00:00","dateModified":"2023-09-15T12:48:45+00:00","mainEntityOfPage":{"@id":"https:\/\/www.africa-press.net\/cameroun\/politique\/jai-subi-les-memes-traitements-que-martinez-zogo-troublantes-revelations-dun-journaliste-qui-a-echappe-a-la-mort"},"wordCount":1208,"commentCount":0,"image":{"@id":"https:\/\/www.africa-press.net\/cameroun\/politique\/jai-subi-les-memes-traitements-que-martinez-zogo-troublantes-revelations-dun-journaliste-qui-a-echappe-a-la-mort#primaryimage"},"thumbnailUrl":"https:\/\/static.africa-press.net\/cameroun\/sites\/57\/2023\/09\/sm_1694769448.375223.jpg","keywords":["Africa Press","Africa Press-Cameroun","Cameroun"],"articleSection":["Politique","Toutes les actualit\u00e9s"],"inLanguage":"fr-FR","potentialAction":[{"@type":"CommentAction","name":"Comment","target":["https:\/\/www.africa-press.net\/cameroun\/politique\/jai-subi-les-memes-traitements-que-martinez-zogo-troublantes-revelations-dun-journaliste-qui-a-echappe-a-la-mort#respond"]}]},{"@type":"WebPage","@id":"https:\/\/www.africa-press.net\/cameroun\/politique\/jai-subi-les-memes-traitements-que-martinez-zogo-troublantes-revelations-dun-journaliste-qui-a-echappe-a-la-mort","url":"https:\/\/www.africa-press.net\/cameroun\/politique\/jai-subi-les-memes-traitements-que-martinez-zogo-troublantes-revelations-dun-journaliste-qui-a-echappe-a-la-mort","name":"'J'ai subi les m\u00eames traitements que Martinez Zogo' : troublantes r\u00e9v\u00e9lations d'un journaliste qui a \u00e9chapp\u00e9 \u00e0 la mort - Cameroun","isPartOf":{"@id":"https:\/\/www.africa-press.net\/cameroun\/#website"},"primaryImageOfPage":{"@id":"https:\/\/www.africa-press.net\/cameroun\/politique\/jai-subi-les-memes-traitements-que-martinez-zogo-troublantes-revelations-dun-journaliste-qui-a-echappe-a-la-mort#primaryimage"},"image":{"@id":"https:\/\/www.africa-press.net\/cameroun\/politique\/jai-subi-les-memes-traitements-que-martinez-zogo-troublantes-revelations-dun-journaliste-qui-a-echappe-a-la-mort#primaryimage"},"thumbnailUrl":"https:\/\/static.africa-press.net\/cameroun\/sites\/57\/2023\/09\/sm_1694769448.375223.jpg","datePublished":"2023-09-15T12:45:12+00:00","dateModified":"2023-09-15T12:48:45+00:00","author":{"@id":"https:\/\/www.africa-press.net\/cameroun\/#\/schema\/person\/2b1cf3cd81a31e3cd26889ca66d677f1"},"description":"En Re\u0301publique de\u0301mocratique du Congo, le journaliste Stanis Bujakera est toujours derrie\u0300re les barreaux. Il est accuse ...","breadcrumb":{"@id":"https:\/\/www.africa-press.net\/cameroun\/politique\/jai-subi-les-memes-traitements-que-martinez-zogo-troublantes-revelations-dun-journaliste-qui-a-echappe-a-la-mort#breadcrumb"},"inLanguage":"fr-FR","potentialAction":[{"@type":"ReadAction","target":["https:\/\/www.africa-press.net\/cameroun\/politique\/jai-subi-les-memes-traitements-que-martinez-zogo-troublantes-revelations-dun-journaliste-qui-a-echappe-a-la-mort"]}]},{"@type":"ImageObject","inLanguage":"fr-FR","@id":"https:\/\/www.africa-press.net\/cameroun\/politique\/jai-subi-les-memes-traitements-que-martinez-zogo-troublantes-revelations-dun-journaliste-qui-a-echappe-a-la-mort#primaryimage","url":"https:\/\/static.africa-press.net\/cameroun\/sites\/57\/2023\/09\/sm_1694769448.375223.jpg","contentUrl":"https:\/\/static.africa-press.net\/cameroun\/sites\/57\/2023\/09\/sm_1694769448.375223.jpg","width":720,"height":404,"caption":"'J'ai subi les m\u00eames traitements que Martinez Zogo' : troublantes r\u00e9v\u00e9lations d'un journaliste qui a \u00e9chapp\u00e9 \u00e0 la mort"},{"@type":"BreadcrumbList","@id":"https:\/\/www.africa-press.net\/cameroun\/politique\/jai-subi-les-memes-traitements-que-martinez-zogo-troublantes-revelations-dun-journaliste-qui-a-echappe-a-la-mort#breadcrumb","itemListElement":[{"@type":"ListItem","position":1,"name":"Accueil","item":"https:\/\/www.africa-press.net\/cameroun\/"},{"@type":"ListItem","position":2,"name":"&#8216;J&#8217;ai subi les m\u00eames traitements que Martinez Zogo&#8217; : troublantes r\u00e9v\u00e9lations d&#8217;un journaliste qui a \u00e9chapp\u00e9 \u00e0 la mort"}]},{"@type":"WebSite","@id":"https:\/\/www.africa-press.net\/cameroun\/#website","url":"https:\/\/www.africa-press.net\/cameroun\/","name":"Cameroun","description":"Just another Africa News Agency Sites site","potentialAction":[{"@type":"SearchAction","target":{"@type":"EntryPoint","urlTemplate":"https:\/\/www.africa-press.net\/cameroun\/?s={search_term_string}"},"query-input":{"@type":"PropertyValueSpecification","valueRequired":true,"valueName":"search_term_string"}}],"inLanguage":"fr-FR"},{"@type":"Person","@id":"https:\/\/www.africa-press.net\/cameroun\/#\/schema\/person\/2b1cf3cd81a31e3cd26889ca66d677f1","name":"cfeditorfr"}]}},"_links":{"self":[{"href":"https:\/\/www.africa-press.net\/cameroun\/wp-json\/wp\/v2\/posts\/50856","targetHints":{"allow":["GET"]}}],"collection":[{"href":"https:\/\/www.africa-press.net\/cameroun\/wp-json\/wp\/v2\/posts"}],"about":[{"href":"https:\/\/www.africa-press.net\/cameroun\/wp-json\/wp\/v2\/types\/post"}],"author":[{"embeddable":true,"href":"https:\/\/www.africa-press.net\/cameroun\/wp-json\/wp\/v2\/users\/82"}],"replies":[{"embeddable":true,"href":"https:\/\/www.africa-press.net\/cameroun\/wp-json\/wp\/v2\/comments?post=50856"}],"version-history":[{"count":0,"href":"https:\/\/www.africa-press.net\/cameroun\/wp-json\/wp\/v2\/posts\/50856\/revisions"}],"wp:featuredmedia":[{"embeddable":true,"href":"https:\/\/www.africa-press.net\/cameroun\/wp-json\/wp\/v2\/media\/50853"}],"wp:attachment":[{"href":"https:\/\/www.africa-press.net\/cameroun\/wp-json\/wp\/v2\/media?parent=50856"}],"wp:term":[{"taxonomy":"category","embeddable":true,"href":"https:\/\/www.africa-press.net\/cameroun\/wp-json\/wp\/v2\/categories?post=50856"},{"taxonomy":"post_tag","embeddable":true,"href":"https:\/\/www.africa-press.net\/cameroun\/wp-json\/wp\/v2\/tags?post=50856"}],"curies":[{"name":"wp","href":"https:\/\/api.w.org\/{rel}","templated":true}]}}