{"id":50857,"date":"2023-09-15T12:44:12","date_gmt":"2023-09-15T12:44:12","guid":{"rendered":"https:\/\/www.africa-press.net\/cameroun\/politique\/touadera-devoile-un-peu-plus-les-vraies-raisons-de-son-audience-avec-biya"},"modified":"2023-09-15T12:49:00","modified_gmt":"2023-09-15T12:49:00","slug":"touadera-devoile-un-peu-plus-les-vraies-raisons-de-son-audience-avec-biya","status":"publish","type":"post","link":"https:\/\/www.africa-press.net\/cameroun\/politique\/touadera-devoile-un-peu-plus-les-vraies-raisons-de-son-audience-avec-biya","title":{"rendered":"Touad\u00e9ra d\u00e9voile un peu plus, les vraies raisons de son audience avec Biya"},"content":{"rendered":"<p><span style=\"color: #ff6600\"><strong>Africa-Press &#8211; Cameroun. <\/strong><\/span>Au Cameroun, alors que le Cabinet de Paul Biya parle seulement d&rsquo;une rencontre \u00ab\u00a0fraternelle\u00a0\u00bb, en RCA, les sujets aborde\u0301s par Touade\u0301ra et le pre\u0301sident camerounais ont e\u0301te\u0301 de\u0301voile\u0301s.<\/p>\n<p>Les responsables de la communication des pre\u0301sidents du Cameroun et de la Centrafrique ont de\u0301voile\u0301, chacun une partie de l&rsquo;objet de la rencontre Touade\u0301ra-Biya.<\/p>\n<p>\u00ab\u00a0Rencontre fraternelle avec son Excellence Faustin-Archange Touade\u0301ra, Pre\u0301sident de la Re\u0301publique Centrafricaine\u00a0\u00bb, a juste e\u0301crit le cabinet de Biya sur sa page Twitter.<\/p>\n<p>Celui de Touade\u0301ra est alle\u0301 plus loin.<\/p>\n<p>\u00ab\u00a0J\u2019ai demande\u0301 a\u0300 rencontrer M. le Pre\u0301sident Paul Biya lors de mon transit a\u0300 Yaounde\u0301 pour pouvoir e\u0301changer ensemble sur les questions qui engagent la vie de nos Communaute\u0301s la CEMAC ainsi que la CEEAC. Nous avons eu des e\u0301changes fructueux avec le Pre\u0301sident Paul Biya. J\u2019ai e\u0301galement be\u0301ne\u0301ficie\u0301 de ses sages conseils dans le cadre de mes doubles responsabilite\u0301s en qualite\u0301 de Pre\u0301sident en Exercice de la Confe\u0301rence des Chefs d\u2019Etat de la CEMAC et Facilitateur dans la crise gabonaise\u00a0\u00bb, lit-on sur le compte de Touade\u0301ra.<\/p>\n<p>L&rsquo;affaire Amougou Belinga<\/p>\n<p>Un dernier sujet qui n&rsquo;a pas manque\u0301 aux e\u0301changes entre Paul Biya et son ho\u0302te c&rsquo;est celui de la libe\u0301ration de Jean-Pierre Amougou Belinga, le patron de Vision 4. Ce n&rsquo;est d&rsquo;ailleurs pas la premie\u0300re fois que le pre\u0301sident centrafricain s&rsquo;active pour la libe\u0301ration du Zomloa des Zomloa.<\/p>\n<p>Notre source a\u0300 la pre\u0301sidence indique que \u00ab\u00a0depuis son arrestation, Touade\u0301ra fait feu de tout bois pour obtenir la libe\u0301ration de Jean-Pierre Amougou Belinga, qui est son ami et a\u0300 qui il a donne\u0301 un passeport diplomatique, le conside\u0301rant au passage comme son conseiller de l&rsquo;ombre\u00a0\u00bb.<\/p>\n<p><strong>Pour plus d&rsquo;informations et d&rsquo;analyses sur la <a href=\"https:\/\/www.africa-press.net\/cameroun\">Cameroun<\/a>, suivez <a href=\"https:\/\/www.africa-press.net\/\">Africa-Press<\/a><\/strong><\/p>\n","protected":false},"excerpt":{"rendered":"<p>Africa-Press &#8211; Cameroun. Au Cameroun, alors que le Cabinet de Paul Biya parle seulement d&rsquo;une rencontre \u00ab\u00a0fraternelle\u00a0\u00bb, en RCA, les sujets aborde\u0301s par Touade\u0301ra et le pre\u0301sident camerounais ont e\u0301te\u0301 de\u0301voile\u0301s. Les responsables de la communication des pre\u0301sidents du Cameroun et de la Centrafrique ont de\u0301voile\u0301, chacun une partie de l&rsquo;objet de la rencontre Touade\u0301ra-Biya. [&hellip;]<\/p>\n","protected":false},"author":82,"featured_media":50854,"comment_status":"open","ping_status":"closed","sticky":false,"template":"","format":"standard","meta":{"footnotes":""},"categories":[2,10],"tags":[36,50,49],"class_list":["post-50857","post","type-post","status-publish","format-standard","has-post-thumbnail","hentry","category-politique","category-toutes-les-actualites","tag-africa-press","tag-africa-press-cameroun","tag-cameroun"],"yoast_head":"<!-- This site is optimized with the Yoast SEO Premium plugin v26.1 (Yoast SEO v27.0) - https:\/\/yoast.com\/product\/yoast-seo-premium-wordpress\/ -->\n<title>Touad\u00e9ra d\u00e9voile un peu plus, les vraies raisons de son audience avec Biya - Cameroun<\/title>\n<meta name=\"description\" content=\"Au Cameroun, alors que le Cabinet de Paul Biya parle seulement d&#039;une rencontre &quot;fraternelle&quot;, en RCA, les sujets aborde\u0301 ...\" \/>\n<meta name=\"robots\" content=\"index, follow, max-snippet:-1, max-image-preview:large, max-video-preview:-1\" \/>\n<link rel=\"canonical\" href=\"https:\/\/www.africa-press.net\/cameroun\/politique\/touadera-devoile-un-peu-plus-les-vraies-raisons-de-son-audience-avec-biya\" \/>\n<meta property=\"og:locale\" content=\"fr_FR\" \/>\n<meta property=\"og:type\" content=\"article\" \/>\n<meta property=\"og:title\" content=\"Touad\u00e9ra d\u00e9voile un peu plus, les vraies raisons de son audience avec Biya\" \/>\n<meta property=\"og:description\" content=\"Au Cameroun, alors que le Cabinet de Paul Biya parle seulement d&#039;une rencontre &quot;fraternelle&quot;, en RCA, les sujets aborde\u0301 ...\" \/>\n<meta property=\"og:url\" content=\"https:\/\/www.africa-press.net\/cameroun\/politique\/touadera-devoile-un-peu-plus-les-vraies-raisons-de-son-audience-avec-biya\" \/>\n<meta property=\"og:site_name\" content=\"Cameroun\" \/>\n<meta property=\"article:published_time\" content=\"2023-09-15T12:44:12+00:00\" \/>\n<meta property=\"article:modified_time\" content=\"2023-09-15T12:49:00+00:00\" \/>\n<meta property=\"og:image\" content=\"https:\/\/static.africa-press.net\/cameroun\/sites\/57\/2023\/09\/sm_1694769448.5947.jpg\" \/>\n\t<meta property=\"og:image:width\" content=\"720\" \/>\n\t<meta property=\"og:image:height\" content=\"360\" \/>\n\t<meta property=\"og:image:type\" content=\"image\/jpeg\" \/>\n<meta name=\"author\" content=\"cfeditorfr\" \/>\n<meta name=\"twitter:card\" content=\"summary_large_image\" \/>\n<meta name=\"twitter:label1\" content=\"\u00c9crit par\" \/>\n\t<meta name=\"twitter:data1\" content=\"cfeditorfr\" \/>\n\t<meta name=\"twitter:label2\" content=\"Dur\u00e9e de lecture estim\u00e9e\" \/>\n\t<meta name=\"twitter:data2\" content=\"2 minutes\" \/>\n<script type=\"application\/ld+json\" class=\"yoast-schema-graph\">{\"@context\":\"https:\/\/schema.org\",\"@graph\":[{\"@type\":\"Article\",\"@id\":\"https:\/\/www.africa-press.net\/cameroun\/politique\/touadera-devoile-un-peu-plus-les-vraies-raisons-de-son-audience-avec-biya#article\",\"isPartOf\":{\"@id\":\"https:\/\/www.africa-press.net\/cameroun\/politique\/touadera-devoile-un-peu-plus-les-vraies-raisons-de-son-audience-avec-biya\"},\"author\":{\"name\":\"cfeditorfr\",\"@id\":\"https:\/\/www.africa-press.net\/cameroun\/#\/schema\/person\/2b1cf3cd81a31e3cd26889ca66d677f1\"},\"headline\":\"Touad\u00e9ra d\u00e9voile un peu plus, les vraies raisons de son audience avec Biya\",\"datePublished\":\"2023-09-15T12:44:12+00:00\",\"dateModified\":\"2023-09-15T12:49:00+00:00\",\"mainEntityOfPage\":{\"@id\":\"https:\/\/www.africa-press.net\/cameroun\/politique\/touadera-devoile-un-peu-plus-les-vraies-raisons-de-son-audience-avec-biya\"},\"wordCount\":343,\"commentCount\":0,\"image\":{\"@id\":\"https:\/\/www.africa-press.net\/cameroun\/politique\/touadera-devoile-un-peu-plus-les-vraies-raisons-de-son-audience-avec-biya#primaryimage\"},\"thumbnailUrl\":\"https:\/\/static.africa-press.net\/cameroun\/sites\/57\/2023\/09\/sm_1694769448.5947.jpg\",\"keywords\":[\"Africa Press\",\"Africa Press-Cameroun\",\"Cameroun\"],\"articleSection\":[\"Politique\",\"Toutes les actualit\u00e9s\"],\"inLanguage\":\"fr-FR\",\"potentialAction\":[{\"@type\":\"CommentAction\",\"name\":\"Comment\",\"target\":[\"https:\/\/www.africa-press.net\/cameroun\/politique\/touadera-devoile-un-peu-plus-les-vraies-raisons-de-son-audience-avec-biya#respond\"]}]},{\"@type\":\"WebPage\",\"@id\":\"https:\/\/www.africa-press.net\/cameroun\/politique\/touadera-devoile-un-peu-plus-les-vraies-raisons-de-son-audience-avec-biya\",\"url\":\"https:\/\/www.africa-press.net\/cameroun\/politique\/touadera-devoile-un-peu-plus-les-vraies-raisons-de-son-audience-avec-biya\",\"name\":\"Touad\u00e9ra d\u00e9voile un peu plus, les vraies raisons de son audience avec Biya - Cameroun\",\"isPartOf\":{\"@id\":\"https:\/\/www.africa-press.net\/cameroun\/#website\"},\"primaryImageOfPage\":{\"@id\":\"https:\/\/www.africa-press.net\/cameroun\/politique\/touadera-devoile-un-peu-plus-les-vraies-raisons-de-son-audience-avec-biya#primaryimage\"},\"image\":{\"@id\":\"https:\/\/www.africa-press.net\/cameroun\/politique\/touadera-devoile-un-peu-plus-les-vraies-raisons-de-son-audience-avec-biya#primaryimage\"},\"thumbnailUrl\":\"https:\/\/static.africa-press.net\/cameroun\/sites\/57\/2023\/09\/sm_1694769448.5947.jpg\",\"datePublished\":\"2023-09-15T12:44:12+00:00\",\"dateModified\":\"2023-09-15T12:49:00+00:00\",\"author\":{\"@id\":\"https:\/\/www.africa-press.net\/cameroun\/#\/schema\/person\/2b1cf3cd81a31e3cd26889ca66d677f1\"},\"description\":\"Au Cameroun, alors que le Cabinet de Paul Biya parle seulement d'une rencontre \\\"fraternelle\\\", en RCA, les sujets aborde\u0301 ...\",\"breadcrumb\":{\"@id\":\"https:\/\/www.africa-press.net\/cameroun\/politique\/touadera-devoile-un-peu-plus-les-vraies-raisons-de-son-audience-avec-biya#breadcrumb\"},\"inLanguage\":\"fr-FR\",\"potentialAction\":[{\"@type\":\"ReadAction\",\"target\":[\"https:\/\/www.africa-press.net\/cameroun\/politique\/touadera-devoile-un-peu-plus-les-vraies-raisons-de-son-audience-avec-biya\"]}]},{\"@type\":\"ImageObject\",\"inLanguage\":\"fr-FR\",\"@id\":\"https:\/\/www.africa-press.net\/cameroun\/politique\/touadera-devoile-un-peu-plus-les-vraies-raisons-de-son-audience-avec-biya#primaryimage\",\"url\":\"https:\/\/static.africa-press.net\/cameroun\/sites\/57\/2023\/09\/sm_1694769448.5947.jpg\",\"contentUrl\":\"https:\/\/static.africa-press.net\/cameroun\/sites\/57\/2023\/09\/sm_1694769448.5947.jpg\",\"width\":720,\"height\":360,\"caption\":\"Touad\u00e9ra d\u00e9voile un peu plus, les vraies raisons de son audience avec Biya\"},{\"@type\":\"BreadcrumbList\",\"@id\":\"https:\/\/www.africa-press.net\/cameroun\/politique\/touadera-devoile-un-peu-plus-les-vraies-raisons-de-son-audience-avec-biya#breadcrumb\",\"itemListElement\":[{\"@type\":\"ListItem\",\"position\":1,\"name\":\"Accueil\",\"item\":\"https:\/\/www.africa-press.net\/cameroun\/\"},{\"@type\":\"ListItem\",\"position\":2,\"name\":\"Touad\u00e9ra d\u00e9voile un peu plus, les vraies raisons de son audience avec Biya\"}]},{\"@type\":\"WebSite\",\"@id\":\"https:\/\/www.africa-press.net\/cameroun\/#website\",\"url\":\"https:\/\/www.africa-press.net\/cameroun\/\",\"name\":\"Cameroun\",\"description\":\"Just another Africa News Agency Sites site\",\"potentialAction\":[{\"@type\":\"SearchAction\",\"target\":{\"@type\":\"EntryPoint\",\"urlTemplate\":\"https:\/\/www.africa-press.net\/cameroun\/?s={search_term_string}\"},\"query-input\":{\"@type\":\"PropertyValueSpecification\",\"valueRequired\":true,\"valueName\":\"search_term_string\"}}],\"inLanguage\":\"fr-FR\"},{\"@type\":\"Person\",\"@id\":\"https:\/\/www.africa-press.net\/cameroun\/#\/schema\/person\/2b1cf3cd81a31e3cd26889ca66d677f1\",\"name\":\"cfeditorfr\"}]}<\/script>\n<!-- \/ Yoast SEO Premium plugin. -->","yoast_head_json":{"title":"Touad\u00e9ra d\u00e9voile un peu plus, les vraies raisons de son audience avec Biya - Cameroun","description":"Au Cameroun, alors que le Cabinet de Paul Biya parle seulement d'une rencontre \"fraternelle\", en RCA, les sujets aborde\u0301 ...","robots":{"index":"index","follow":"follow","max-snippet":"max-snippet:-1","max-image-preview":"max-image-preview:large","max-video-preview":"max-video-preview:-1"},"canonical":"https:\/\/www.africa-press.net\/cameroun\/politique\/touadera-devoile-un-peu-plus-les-vraies-raisons-de-son-audience-avec-biya","og_locale":"fr_FR","og_type":"article","og_title":"Touad\u00e9ra d\u00e9voile un peu plus, les vraies raisons de son audience avec Biya","og_description":"Au Cameroun, alors que le Cabinet de Paul Biya parle seulement d'une rencontre \"fraternelle\", en RCA, les sujets aborde\u0301 ...","og_url":"https:\/\/www.africa-press.net\/cameroun\/politique\/touadera-devoile-un-peu-plus-les-vraies-raisons-de-son-audience-avec-biya","og_site_name":"Cameroun","article_published_time":"2023-09-15T12:44:12+00:00","article_modified_time":"2023-09-15T12:49:00+00:00","og_image":[{"width":720,"height":360,"url":"https:\/\/static.africa-press.net\/cameroun\/sites\/57\/2023\/09\/sm_1694769448.5947.jpg","type":"image\/jpeg"}],"author":"cfeditorfr","twitter_card":"summary_large_image","twitter_misc":{"\u00c9crit par":"cfeditorfr","Dur\u00e9e de lecture estim\u00e9e":"2 minutes"},"schema":{"@context":"https:\/\/schema.org","@graph":[{"@type":"Article","@id":"https:\/\/www.africa-press.net\/cameroun\/politique\/touadera-devoile-un-peu-plus-les-vraies-raisons-de-son-audience-avec-biya#article","isPartOf":{"@id":"https:\/\/www.africa-press.net\/cameroun\/politique\/touadera-devoile-un-peu-plus-les-vraies-raisons-de-son-audience-avec-biya"},"author":{"name":"cfeditorfr","@id":"https:\/\/www.africa-press.net\/cameroun\/#\/schema\/person\/2b1cf3cd81a31e3cd26889ca66d677f1"},"headline":"Touad\u00e9ra d\u00e9voile un peu plus, les vraies raisons de son audience avec Biya","datePublished":"2023-09-15T12:44:12+00:00","dateModified":"2023-09-15T12:49:00+00:00","mainEntityOfPage":{"@id":"https:\/\/www.africa-press.net\/cameroun\/politique\/touadera-devoile-un-peu-plus-les-vraies-raisons-de-son-audience-avec-biya"},"wordCount":343,"commentCount":0,"image":{"@id":"https:\/\/www.africa-press.net\/cameroun\/politique\/touadera-devoile-un-peu-plus-les-vraies-raisons-de-son-audience-avec-biya#primaryimage"},"thumbnailUrl":"https:\/\/static.africa-press.net\/cameroun\/sites\/57\/2023\/09\/sm_1694769448.5947.jpg","keywords":["Africa Press","Africa Press-Cameroun","Cameroun"],"articleSection":["Politique","Toutes les actualit\u00e9s"],"inLanguage":"fr-FR","potentialAction":[{"@type":"CommentAction","name":"Comment","target":["https:\/\/www.africa-press.net\/cameroun\/politique\/touadera-devoile-un-peu-plus-les-vraies-raisons-de-son-audience-avec-biya#respond"]}]},{"@type":"WebPage","@id":"https:\/\/www.africa-press.net\/cameroun\/politique\/touadera-devoile-un-peu-plus-les-vraies-raisons-de-son-audience-avec-biya","url":"https:\/\/www.africa-press.net\/cameroun\/politique\/touadera-devoile-un-peu-plus-les-vraies-raisons-de-son-audience-avec-biya","name":"Touad\u00e9ra d\u00e9voile un peu plus, les vraies raisons de son audience avec Biya - Cameroun","isPartOf":{"@id":"https:\/\/www.africa-press.net\/cameroun\/#website"},"primaryImageOfPage":{"@id":"https:\/\/www.africa-press.net\/cameroun\/politique\/touadera-devoile-un-peu-plus-les-vraies-raisons-de-son-audience-avec-biya#primaryimage"},"image":{"@id":"https:\/\/www.africa-press.net\/cameroun\/politique\/touadera-devoile-un-peu-plus-les-vraies-raisons-de-son-audience-avec-biya#primaryimage"},"thumbnailUrl":"https:\/\/static.africa-press.net\/cameroun\/sites\/57\/2023\/09\/sm_1694769448.5947.jpg","datePublished":"2023-09-15T12:44:12+00:00","dateModified":"2023-09-15T12:49:00+00:00","author":{"@id":"https:\/\/www.africa-press.net\/cameroun\/#\/schema\/person\/2b1cf3cd81a31e3cd26889ca66d677f1"},"description":"Au Cameroun, alors que le Cabinet de Paul Biya parle seulement d'une rencontre \"fraternelle\", en RCA, les sujets aborde\u0301 ...","breadcrumb":{"@id":"https:\/\/www.africa-press.net\/cameroun\/politique\/touadera-devoile-un-peu-plus-les-vraies-raisons-de-son-audience-avec-biya#breadcrumb"},"inLanguage":"fr-FR","potentialAction":[{"@type":"ReadAction","target":["https:\/\/www.africa-press.net\/cameroun\/politique\/touadera-devoile-un-peu-plus-les-vraies-raisons-de-son-audience-avec-biya"]}]},{"@type":"ImageObject","inLanguage":"fr-FR","@id":"https:\/\/www.africa-press.net\/cameroun\/politique\/touadera-devoile-un-peu-plus-les-vraies-raisons-de-son-audience-avec-biya#primaryimage","url":"https:\/\/static.africa-press.net\/cameroun\/sites\/57\/2023\/09\/sm_1694769448.5947.jpg","contentUrl":"https:\/\/static.africa-press.net\/cameroun\/sites\/57\/2023\/09\/sm_1694769448.5947.jpg","width":720,"height":360,"caption":"Touad\u00e9ra d\u00e9voile un peu plus, les vraies raisons de son audience avec Biya"},{"@type":"BreadcrumbList","@id":"https:\/\/www.africa-press.net\/cameroun\/politique\/touadera-devoile-un-peu-plus-les-vraies-raisons-de-son-audience-avec-biya#breadcrumb","itemListElement":[{"@type":"ListItem","position":1,"name":"Accueil","item":"https:\/\/www.africa-press.net\/cameroun\/"},{"@type":"ListItem","position":2,"name":"Touad\u00e9ra d\u00e9voile un peu plus, les vraies raisons de son audience avec Biya"}]},{"@type":"WebSite","@id":"https:\/\/www.africa-press.net\/cameroun\/#website","url":"https:\/\/www.africa-press.net\/cameroun\/","name":"Cameroun","description":"Just another Africa News Agency Sites site","potentialAction":[{"@type":"SearchAction","target":{"@type":"EntryPoint","urlTemplate":"https:\/\/www.africa-press.net\/cameroun\/?s={search_term_string}"},"query-input":{"@type":"PropertyValueSpecification","valueRequired":true,"valueName":"search_term_string"}}],"inLanguage":"fr-FR"},{"@type":"Person","@id":"https:\/\/www.africa-press.net\/cameroun\/#\/schema\/person\/2b1cf3cd81a31e3cd26889ca66d677f1","name":"cfeditorfr"}]}},"_links":{"self":[{"href":"https:\/\/www.africa-press.net\/cameroun\/wp-json\/wp\/v2\/posts\/50857","targetHints":{"allow":["GET"]}}],"collection":[{"href":"https:\/\/www.africa-press.net\/cameroun\/wp-json\/wp\/v2\/posts"}],"about":[{"href":"https:\/\/www.africa-press.net\/cameroun\/wp-json\/wp\/v2\/types\/post"}],"author":[{"embeddable":true,"href":"https:\/\/www.africa-press.net\/cameroun\/wp-json\/wp\/v2\/users\/82"}],"replies":[{"embeddable":true,"href":"https:\/\/www.africa-press.net\/cameroun\/wp-json\/wp\/v2\/comments?post=50857"}],"version-history":[{"count":0,"href":"https:\/\/www.africa-press.net\/cameroun\/wp-json\/wp\/v2\/posts\/50857\/revisions"}],"wp:featuredmedia":[{"embeddable":true,"href":"https:\/\/www.africa-press.net\/cameroun\/wp-json\/wp\/v2\/media\/50854"}],"wp:attachment":[{"href":"https:\/\/www.africa-press.net\/cameroun\/wp-json\/wp\/v2\/media?parent=50857"}],"wp:term":[{"taxonomy":"category","embeddable":true,"href":"https:\/\/www.africa-press.net\/cameroun\/wp-json\/wp\/v2\/categories?post=50857"},{"taxonomy":"post_tag","embeddable":true,"href":"https:\/\/www.africa-press.net\/cameroun\/wp-json\/wp\/v2\/tags?post=50857"}],"curies":[{"name":"wp","href":"https:\/\/api.w.org\/{rel}","templated":true}]}}