{"id":50862,"date":"2023-09-15T12:45:19","date_gmt":"2023-09-15T12:45:19","guid":{"rendered":"https:\/\/www.africa-press.net\/cameroun\/politique\/direct-debut-de-la-fin-de-biya-une-manifestation-declenchee-a-bruxelles"},"modified":"2023-09-15T12:49:28","modified_gmt":"2023-09-15T12:49:28","slug":"direct-debut-de-la-fin-de-biya-une-manifestation-declenchee-a-bruxelles","status":"publish","type":"post","link":"https:\/\/www.africa-press.net\/cameroun\/politique\/direct-debut-de-la-fin-de-biya-une-manifestation-declenchee-a-bruxelles","title":{"rendered":"DIRECT: d\u00e9but de la fin de Biya, une manifestation d\u00e9clench\u00e9e \u00e0 Bruxelles"},"content":{"rendered":"<p><span style=\"color: #ff6600\"><strong>Africa-Press &#8211; Cameroun. <\/strong><\/span>Plusieurs camerounais de la diaspora, vivant a\u0300 Bruxelles manifestent ce vendredi 15 septembre devant l&rsquo;Ambassade du Cameroun en Belgique.<\/p>\n<p>Cette manifestation hostile au re\u0301gime Biya, vise a\u0300 manifester le ras-le-bol des Camerounais face au re\u0301gime vieux de 41 ans, qui brime et arre\u0302te d&rsquo;innocents camerounais qui croupissent actuellement dans les geo\u0302les du pays.<\/p>\n<p>Clairement, en l&rsquo;absence de la re\u0301action de l&rsquo;arme\u0301e, que les Camerounais re\u0302vent de voir de\u0301poser Biya, la diaspora a de\u0301cide\u0301 de prendre les choses en main.<\/p>\n<p><a href=\"\/\/www.facebook.com\/100050378474662\/videos\/859036545603082\/%3Fapp%3Dfbl\"><b>vide\u0301o<\/b><\/a><\/p>\n<p><strong>Pour plus d&rsquo;informations et d&rsquo;analyses sur la <a href=\"https:\/\/www.africa-press.net\/cameroun\">Cameroun<\/a>, suivez <a href=\"https:\/\/www.africa-press.net\/\">Africa-Press<\/a><\/strong><\/p>\n","protected":false},"excerpt":{"rendered":"<p>Africa-Press &#8211; Cameroun. Plusieurs camerounais de la diaspora, vivant a\u0300 Bruxelles manifestent ce vendredi 15 septembre devant l&rsquo;Ambassade du Cameroun en Belgique. Cette manifestation hostile au re\u0301gime Biya, vise a\u0300 manifester le ras-le-bol des Camerounais face au re\u0301gime vieux de 41 ans, qui brime et arre\u0302te d&rsquo;innocents camerounais qui croupissent actuellement dans les geo\u0302les du [&hellip;]<\/p>\n","protected":false},"author":82,"featured_media":50859,"comment_status":"open","ping_status":"closed","sticky":false,"template":"","format":"standard","meta":{"footnotes":""},"categories":[2,10,9],"tags":[36,50,49],"class_list":["post-50862","post","type-post","status-publish","format-standard","has-post-thumbnail","hentry","category-politique","category-toutes-les-actualites","category-video","tag-africa-press","tag-africa-press-cameroun","tag-cameroun"],"yoast_head":"<!-- This site is optimized with the Yoast SEO Premium plugin v26.1 (Yoast SEO v27.0) - https:\/\/yoast.com\/product\/yoast-seo-premium-wordpress\/ -->\n<title>DIRECT: d\u00e9but de la fin de Biya, une manifestation d\u00e9clench\u00e9e \u00e0 Bruxelles - Cameroun<\/title>\n<meta name=\"description\" content=\"Plusieurs camerounais de la diaspora, vivant a\u0300 Bruxelles manifestent ce vendredi 15 septembre devant l&#039;Ambassade du Cam ...\" \/>\n<meta name=\"robots\" content=\"index, follow, max-snippet:-1, max-image-preview:large, max-video-preview:-1\" \/>\n<link rel=\"canonical\" href=\"https:\/\/www.africa-press.net\/cameroun\/politique\/direct-debut-de-la-fin-de-biya-une-manifestation-declenchee-a-bruxelles\" \/>\n<meta property=\"og:locale\" content=\"fr_FR\" \/>\n<meta property=\"og:type\" content=\"article\" \/>\n<meta property=\"og:title\" content=\"DIRECT: d\u00e9but de la fin de Biya, une manifestation d\u00e9clench\u00e9e \u00e0 Bruxelles\" \/>\n<meta property=\"og:description\" content=\"Plusieurs camerounais de la diaspora, vivant a\u0300 Bruxelles manifestent ce vendredi 15 septembre devant l&#039;Ambassade du Cam ...\" \/>\n<meta property=\"og:url\" content=\"https:\/\/www.africa-press.net\/cameroun\/politique\/direct-debut-de-la-fin-de-biya-une-manifestation-declenchee-a-bruxelles\" \/>\n<meta property=\"og:site_name\" content=\"Cameroun\" \/>\n<meta property=\"article:published_time\" content=\"2023-09-15T12:45:19+00:00\" \/>\n<meta property=\"article:modified_time\" content=\"2023-09-15T12:49:28+00:00\" \/>\n<meta property=\"og:image\" content=\"https:\/\/static.africa-press.net\/cameroun\/sites\/57\/2023\/09\/sm_1694769492.674901.jpg\" \/>\n\t<meta property=\"og:image:width\" content=\"720\" \/>\n\t<meta property=\"og:image:height\" content=\"360\" \/>\n\t<meta property=\"og:image:type\" content=\"image\/jpeg\" \/>\n<meta name=\"author\" content=\"cfeditorfr\" \/>\n<meta name=\"twitter:card\" content=\"summary_large_image\" \/>\n<meta name=\"twitter:label1\" content=\"\u00c9crit par\" \/>\n\t<meta name=\"twitter:data1\" content=\"cfeditorfr\" \/>\n\t<meta name=\"twitter:label2\" content=\"Dur\u00e9e de lecture estim\u00e9e\" \/>\n\t<meta name=\"twitter:data2\" content=\"1 minute\" \/>\n<script type=\"application\/ld+json\" class=\"yoast-schema-graph\">{\"@context\":\"https:\/\/schema.org\",\"@graph\":[{\"@type\":\"Article\",\"@id\":\"https:\/\/www.africa-press.net\/cameroun\/politique\/direct-debut-de-la-fin-de-biya-une-manifestation-declenchee-a-bruxelles#article\",\"isPartOf\":{\"@id\":\"https:\/\/www.africa-press.net\/cameroun\/politique\/direct-debut-de-la-fin-de-biya-une-manifestation-declenchee-a-bruxelles\"},\"author\":{\"name\":\"cfeditorfr\",\"@id\":\"https:\/\/www.africa-press.net\/cameroun\/#\/schema\/person\/2b1cf3cd81a31e3cd26889ca66d677f1\"},\"headline\":\"DIRECT: d\u00e9but de la fin de Biya, une manifestation d\u00e9clench\u00e9e \u00e0 Bruxelles\",\"datePublished\":\"2023-09-15T12:45:19+00:00\",\"dateModified\":\"2023-09-15T12:49:28+00:00\",\"mainEntityOfPage\":{\"@id\":\"https:\/\/www.africa-press.net\/cameroun\/politique\/direct-debut-de-la-fin-de-biya-une-manifestation-declenchee-a-bruxelles\"},\"wordCount\":121,\"commentCount\":0,\"image\":{\"@id\":\"https:\/\/www.africa-press.net\/cameroun\/politique\/direct-debut-de-la-fin-de-biya-une-manifestation-declenchee-a-bruxelles#primaryimage\"},\"thumbnailUrl\":\"https:\/\/static.africa-press.net\/cameroun\/sites\/57\/2023\/09\/sm_1694769492.674901.jpg\",\"keywords\":[\"Africa Press\",\"Africa Press-Cameroun\",\"Cameroun\"],\"articleSection\":[\"Politique\",\"Toutes les actualit\u00e9s\",\"vid\u00e9o\"],\"inLanguage\":\"fr-FR\",\"potentialAction\":[{\"@type\":\"CommentAction\",\"name\":\"Comment\",\"target\":[\"https:\/\/www.africa-press.net\/cameroun\/politique\/direct-debut-de-la-fin-de-biya-une-manifestation-declenchee-a-bruxelles#respond\"]}]},{\"@type\":\"WebPage\",\"@id\":\"https:\/\/www.africa-press.net\/cameroun\/politique\/direct-debut-de-la-fin-de-biya-une-manifestation-declenchee-a-bruxelles\",\"url\":\"https:\/\/www.africa-press.net\/cameroun\/politique\/direct-debut-de-la-fin-de-biya-une-manifestation-declenchee-a-bruxelles\",\"name\":\"DIRECT: d\u00e9but de la fin de Biya, une manifestation d\u00e9clench\u00e9e \u00e0 Bruxelles - Cameroun\",\"isPartOf\":{\"@id\":\"https:\/\/www.africa-press.net\/cameroun\/#website\"},\"primaryImageOfPage\":{\"@id\":\"https:\/\/www.africa-press.net\/cameroun\/politique\/direct-debut-de-la-fin-de-biya-une-manifestation-declenchee-a-bruxelles#primaryimage\"},\"image\":{\"@id\":\"https:\/\/www.africa-press.net\/cameroun\/politique\/direct-debut-de-la-fin-de-biya-une-manifestation-declenchee-a-bruxelles#primaryimage\"},\"thumbnailUrl\":\"https:\/\/static.africa-press.net\/cameroun\/sites\/57\/2023\/09\/sm_1694769492.674901.jpg\",\"datePublished\":\"2023-09-15T12:45:19+00:00\",\"dateModified\":\"2023-09-15T12:49:28+00:00\",\"author\":{\"@id\":\"https:\/\/www.africa-press.net\/cameroun\/#\/schema\/person\/2b1cf3cd81a31e3cd26889ca66d677f1\"},\"description\":\"Plusieurs camerounais de la diaspora, vivant a\u0300 Bruxelles manifestent ce vendredi 15 septembre devant l'Ambassade du Cam ...\",\"breadcrumb\":{\"@id\":\"https:\/\/www.africa-press.net\/cameroun\/politique\/direct-debut-de-la-fin-de-biya-une-manifestation-declenchee-a-bruxelles#breadcrumb\"},\"inLanguage\":\"fr-FR\",\"potentialAction\":[{\"@type\":\"ReadAction\",\"target\":[\"https:\/\/www.africa-press.net\/cameroun\/politique\/direct-debut-de-la-fin-de-biya-une-manifestation-declenchee-a-bruxelles\"]}]},{\"@type\":\"ImageObject\",\"inLanguage\":\"fr-FR\",\"@id\":\"https:\/\/www.africa-press.net\/cameroun\/politique\/direct-debut-de-la-fin-de-biya-une-manifestation-declenchee-a-bruxelles#primaryimage\",\"url\":\"https:\/\/static.africa-press.net\/cameroun\/sites\/57\/2023\/09\/sm_1694769492.674901.jpg\",\"contentUrl\":\"https:\/\/static.africa-press.net\/cameroun\/sites\/57\/2023\/09\/sm_1694769492.674901.jpg\",\"width\":720,\"height\":360,\"caption\":\"DIRECT: d\u00e9but de la fin de Biya, une manifestation d\u00e9clench\u00e9e \u00e0 Bruxelles\"},{\"@type\":\"BreadcrumbList\",\"@id\":\"https:\/\/www.africa-press.net\/cameroun\/politique\/direct-debut-de-la-fin-de-biya-une-manifestation-declenchee-a-bruxelles#breadcrumb\",\"itemListElement\":[{\"@type\":\"ListItem\",\"position\":1,\"name\":\"Accueil\",\"item\":\"https:\/\/www.africa-press.net\/cameroun\/\"},{\"@type\":\"ListItem\",\"position\":2,\"name\":\"DIRECT: d\u00e9but de la fin de Biya, une manifestation d\u00e9clench\u00e9e \u00e0 Bruxelles\"}]},{\"@type\":\"WebSite\",\"@id\":\"https:\/\/www.africa-press.net\/cameroun\/#website\",\"url\":\"https:\/\/www.africa-press.net\/cameroun\/\",\"name\":\"Cameroun\",\"description\":\"Just another Africa News Agency Sites site\",\"potentialAction\":[{\"@type\":\"SearchAction\",\"target\":{\"@type\":\"EntryPoint\",\"urlTemplate\":\"https:\/\/www.africa-press.net\/cameroun\/?s={search_term_string}\"},\"query-input\":{\"@type\":\"PropertyValueSpecification\",\"valueRequired\":true,\"valueName\":\"search_term_string\"}}],\"inLanguage\":\"fr-FR\"},{\"@type\":\"Person\",\"@id\":\"https:\/\/www.africa-press.net\/cameroun\/#\/schema\/person\/2b1cf3cd81a31e3cd26889ca66d677f1\",\"name\":\"cfeditorfr\"}]}<\/script>\n<!-- \/ Yoast SEO Premium plugin. -->","yoast_head_json":{"title":"DIRECT: d\u00e9but de la fin de Biya, une manifestation d\u00e9clench\u00e9e \u00e0 Bruxelles - Cameroun","description":"Plusieurs camerounais de la diaspora, vivant a\u0300 Bruxelles manifestent ce vendredi 15 septembre devant l'Ambassade du Cam ...","robots":{"index":"index","follow":"follow","max-snippet":"max-snippet:-1","max-image-preview":"max-image-preview:large","max-video-preview":"max-video-preview:-1"},"canonical":"https:\/\/www.africa-press.net\/cameroun\/politique\/direct-debut-de-la-fin-de-biya-une-manifestation-declenchee-a-bruxelles","og_locale":"fr_FR","og_type":"article","og_title":"DIRECT: d\u00e9but de la fin de Biya, une manifestation d\u00e9clench\u00e9e \u00e0 Bruxelles","og_description":"Plusieurs camerounais de la diaspora, vivant a\u0300 Bruxelles manifestent ce vendredi 15 septembre devant l'Ambassade du Cam ...","og_url":"https:\/\/www.africa-press.net\/cameroun\/politique\/direct-debut-de-la-fin-de-biya-une-manifestation-declenchee-a-bruxelles","og_site_name":"Cameroun","article_published_time":"2023-09-15T12:45:19+00:00","article_modified_time":"2023-09-15T12:49:28+00:00","og_image":[{"width":720,"height":360,"url":"https:\/\/static.africa-press.net\/cameroun\/sites\/57\/2023\/09\/sm_1694769492.674901.jpg","type":"image\/jpeg"}],"author":"cfeditorfr","twitter_card":"summary_large_image","twitter_misc":{"\u00c9crit par":"cfeditorfr","Dur\u00e9e de lecture estim\u00e9e":"1 minute"},"schema":{"@context":"https:\/\/schema.org","@graph":[{"@type":"Article","@id":"https:\/\/www.africa-press.net\/cameroun\/politique\/direct-debut-de-la-fin-de-biya-une-manifestation-declenchee-a-bruxelles#article","isPartOf":{"@id":"https:\/\/www.africa-press.net\/cameroun\/politique\/direct-debut-de-la-fin-de-biya-une-manifestation-declenchee-a-bruxelles"},"author":{"name":"cfeditorfr","@id":"https:\/\/www.africa-press.net\/cameroun\/#\/schema\/person\/2b1cf3cd81a31e3cd26889ca66d677f1"},"headline":"DIRECT: d\u00e9but de la fin de Biya, une manifestation d\u00e9clench\u00e9e \u00e0 Bruxelles","datePublished":"2023-09-15T12:45:19+00:00","dateModified":"2023-09-15T12:49:28+00:00","mainEntityOfPage":{"@id":"https:\/\/www.africa-press.net\/cameroun\/politique\/direct-debut-de-la-fin-de-biya-une-manifestation-declenchee-a-bruxelles"},"wordCount":121,"commentCount":0,"image":{"@id":"https:\/\/www.africa-press.net\/cameroun\/politique\/direct-debut-de-la-fin-de-biya-une-manifestation-declenchee-a-bruxelles#primaryimage"},"thumbnailUrl":"https:\/\/static.africa-press.net\/cameroun\/sites\/57\/2023\/09\/sm_1694769492.674901.jpg","keywords":["Africa Press","Africa Press-Cameroun","Cameroun"],"articleSection":["Politique","Toutes les actualit\u00e9s","vid\u00e9o"],"inLanguage":"fr-FR","potentialAction":[{"@type":"CommentAction","name":"Comment","target":["https:\/\/www.africa-press.net\/cameroun\/politique\/direct-debut-de-la-fin-de-biya-une-manifestation-declenchee-a-bruxelles#respond"]}]},{"@type":"WebPage","@id":"https:\/\/www.africa-press.net\/cameroun\/politique\/direct-debut-de-la-fin-de-biya-une-manifestation-declenchee-a-bruxelles","url":"https:\/\/www.africa-press.net\/cameroun\/politique\/direct-debut-de-la-fin-de-biya-une-manifestation-declenchee-a-bruxelles","name":"DIRECT: d\u00e9but de la fin de Biya, une manifestation d\u00e9clench\u00e9e \u00e0 Bruxelles - Cameroun","isPartOf":{"@id":"https:\/\/www.africa-press.net\/cameroun\/#website"},"primaryImageOfPage":{"@id":"https:\/\/www.africa-press.net\/cameroun\/politique\/direct-debut-de-la-fin-de-biya-une-manifestation-declenchee-a-bruxelles#primaryimage"},"image":{"@id":"https:\/\/www.africa-press.net\/cameroun\/politique\/direct-debut-de-la-fin-de-biya-une-manifestation-declenchee-a-bruxelles#primaryimage"},"thumbnailUrl":"https:\/\/static.africa-press.net\/cameroun\/sites\/57\/2023\/09\/sm_1694769492.674901.jpg","datePublished":"2023-09-15T12:45:19+00:00","dateModified":"2023-09-15T12:49:28+00:00","author":{"@id":"https:\/\/www.africa-press.net\/cameroun\/#\/schema\/person\/2b1cf3cd81a31e3cd26889ca66d677f1"},"description":"Plusieurs camerounais de la diaspora, vivant a\u0300 Bruxelles manifestent ce vendredi 15 septembre devant l'Ambassade du Cam ...","breadcrumb":{"@id":"https:\/\/www.africa-press.net\/cameroun\/politique\/direct-debut-de-la-fin-de-biya-une-manifestation-declenchee-a-bruxelles#breadcrumb"},"inLanguage":"fr-FR","potentialAction":[{"@type":"ReadAction","target":["https:\/\/www.africa-press.net\/cameroun\/politique\/direct-debut-de-la-fin-de-biya-une-manifestation-declenchee-a-bruxelles"]}]},{"@type":"ImageObject","inLanguage":"fr-FR","@id":"https:\/\/www.africa-press.net\/cameroun\/politique\/direct-debut-de-la-fin-de-biya-une-manifestation-declenchee-a-bruxelles#primaryimage","url":"https:\/\/static.africa-press.net\/cameroun\/sites\/57\/2023\/09\/sm_1694769492.674901.jpg","contentUrl":"https:\/\/static.africa-press.net\/cameroun\/sites\/57\/2023\/09\/sm_1694769492.674901.jpg","width":720,"height":360,"caption":"DIRECT: d\u00e9but de la fin de Biya, une manifestation d\u00e9clench\u00e9e \u00e0 Bruxelles"},{"@type":"BreadcrumbList","@id":"https:\/\/www.africa-press.net\/cameroun\/politique\/direct-debut-de-la-fin-de-biya-une-manifestation-declenchee-a-bruxelles#breadcrumb","itemListElement":[{"@type":"ListItem","position":1,"name":"Accueil","item":"https:\/\/www.africa-press.net\/cameroun\/"},{"@type":"ListItem","position":2,"name":"DIRECT: d\u00e9but de la fin de Biya, une manifestation d\u00e9clench\u00e9e \u00e0 Bruxelles"}]},{"@type":"WebSite","@id":"https:\/\/www.africa-press.net\/cameroun\/#website","url":"https:\/\/www.africa-press.net\/cameroun\/","name":"Cameroun","description":"Just another Africa News Agency Sites site","potentialAction":[{"@type":"SearchAction","target":{"@type":"EntryPoint","urlTemplate":"https:\/\/www.africa-press.net\/cameroun\/?s={search_term_string}"},"query-input":{"@type":"PropertyValueSpecification","valueRequired":true,"valueName":"search_term_string"}}],"inLanguage":"fr-FR"},{"@type":"Person","@id":"https:\/\/www.africa-press.net\/cameroun\/#\/schema\/person\/2b1cf3cd81a31e3cd26889ca66d677f1","name":"cfeditorfr"}]}},"_links":{"self":[{"href":"https:\/\/www.africa-press.net\/cameroun\/wp-json\/wp\/v2\/posts\/50862","targetHints":{"allow":["GET"]}}],"collection":[{"href":"https:\/\/www.africa-press.net\/cameroun\/wp-json\/wp\/v2\/posts"}],"about":[{"href":"https:\/\/www.africa-press.net\/cameroun\/wp-json\/wp\/v2\/types\/post"}],"author":[{"embeddable":true,"href":"https:\/\/www.africa-press.net\/cameroun\/wp-json\/wp\/v2\/users\/82"}],"replies":[{"embeddable":true,"href":"https:\/\/www.africa-press.net\/cameroun\/wp-json\/wp\/v2\/comments?post=50862"}],"version-history":[{"count":0,"href":"https:\/\/www.africa-press.net\/cameroun\/wp-json\/wp\/v2\/posts\/50862\/revisions"}],"wp:featuredmedia":[{"embeddable":true,"href":"https:\/\/www.africa-press.net\/cameroun\/wp-json\/wp\/v2\/media\/50859"}],"wp:attachment":[{"href":"https:\/\/www.africa-press.net\/cameroun\/wp-json\/wp\/v2\/media?parent=50862"}],"wp:term":[{"taxonomy":"category","embeddable":true,"href":"https:\/\/www.africa-press.net\/cameroun\/wp-json\/wp\/v2\/categories?post=50862"},{"taxonomy":"post_tag","embeddable":true,"href":"https:\/\/www.africa-press.net\/cameroun\/wp-json\/wp\/v2\/tags?post=50862"}],"curies":[{"name":"wp","href":"https:\/\/api.w.org\/{rel}","templated":true}]}}