{"id":50863,"date":"2023-09-15T12:44:16","date_gmt":"2023-09-15T12:44:16","guid":{"rendered":"https:\/\/www.africa-press.net\/cameroun\/politique\/enquete-ouverte-par-la-fifa-etoo-et-gianni-infantino-se-sont-enfin-parle"},"modified":"2023-09-15T12:49:39","modified_gmt":"2023-09-15T12:49:39","slug":"enquete-ouverte-par-la-fifa-etoo-et-gianni-infantino-se-sont-enfin-parle","status":"publish","type":"post","link":"https:\/\/www.africa-press.net\/cameroun\/sports\/enquete-ouverte-par-la-fifa-etoo-et-gianni-infantino-se-sont-enfin-parle","title":{"rendered":"Enqu\u00eate ouverte par la Fifa: Eto&rsquo;o et Gianni Infantino se sont enfin parl\u00e9"},"content":{"rendered":"<p><span style=\"color: #ff6600\"><strong>Africa-Press &#8211; Cameroun. <\/strong><\/span>Le pre\u0301sident de ka Fe\u0301de\u0301ration camerounaise de football, actuellement l&rsquo;objet d&rsquo;une enque\u0302te ouverte par la Fifa, a discute\u0301 il y a quelques heures avec le pre\u0301sident de l&rsquo;institution.<\/p>\n<p>La rencontre entre Samuel Eto&rsquo;o et Giani Infantino s&rsquo;est faite a\u0300 Paris, a\u0300 l&rsquo;occasion de l&rsquo;e\u0301ve\u0301nement Football Unite\u0301.<\/p>\n<p>Les deux hommes ont eu un te\u0302te-a\u0300-te\u0302te a\u0300 huis clos puis sont sorti tous souriants pour offrir des cliche\u0301s a\u0300 la presse pre\u0301sente pour la couverture de l&rsquo;e\u0301ve\u0300nement.<\/p>\n<p>Enque\u0302te<\/p>\n<p>Samuel Eto&rsquo;o a fait re\u0301cemment l&rsquo;objet d&rsquo;une enque\u0302te ou ouverte par la Fifa, suite a\u0300 un contrat qu&rsquo;il a signe\u0301, avec la socie\u0301te\u0301 de pari sportif 1XBET.<\/p>\n<p>En effet, faire des paris sportifs ou en faire la promotion n&rsquo;est pas interdit. Mais, quand des footballeurs ou des acteurs du football en activite\u0301 commencent a\u0300 le faire, cela attire des soupc\u0327ons des instances de gestion de football dans le monde.<\/p>\n<p>Ainsi, il est donc important de pre\u0301ciser que le contrat d&rsquo;ambassadeur d&rsquo;Eto&rsquo;o et 1XBET, n&rsquo;est pas interdit. Mais cela attire les attentions de la FIFA.<\/p>\n<p>Voici ce que dit l\u2019article 26 du Code d\u2019e\u0301thique de la FIFA qui n&rsquo;interdit pas a\u0300 Eto&rsquo;o de faire la promo de la socie\u0301te\u0301 de pari sportif:<\/p>\n<p>\u00ab 1. Les personnes auxquelles s\u2019applique le pre\u0301sent code ne peuvent prendre part de manie\u0300re directe ou indirecte- a\u0300 des activite\u0301s de paris, loteries et autres jeux d\u2019argent similaires ou transactions en lien avec des compe\u0301titions et matches de football et\/ ou toute activite\u0301 associe\u0301e au football.<\/p>\n<p>2. Les personnes auxquelles s\u2019applique le pre\u0301sent code peuvent avoir directement ou indirectement (via ou en relation avec des tierces parties) &#8211; aucun inte\u0301re\u0302t dans des entite\u0301s, entreprises, organisations etc. qui promeuvent, communiquent, organisent ou ge\u0300rent de tels paris, jeux d\u2019argent, loteries et autres activite\u0301s ou e\u0301ve\u0301nements analogues en relation avec des compe\u0301titions et matches de football. On entend notamment par inte\u0301re\u0302t tout avantage que les personnes auxquelles s\u2019applique le pre\u0301sent code peuvent retirer pour elles-me\u0302mes et\/ou leurs parties lie\u0301es. \u00bb<\/p>\n<p><strong>Pour plus d&rsquo;informations et d&rsquo;analyses sur la <a href=\"https:\/\/www.africa-press.net\/cameroun\">Cameroun<\/a>, suivez <a href=\"https:\/\/www.africa-press.net\/\">Africa-Press<\/a><\/strong><\/p>\n","protected":false},"excerpt":{"rendered":"<p>Africa-Press &#8211; Cameroun. Le pre\u0301sident de ka Fe\u0301de\u0301ration camerounaise de football, actuellement l&rsquo;objet d&rsquo;une enque\u0302te ouverte par la Fifa, a discute\u0301 il y a quelques heures avec le pre\u0301sident de l&rsquo;institution. La rencontre entre Samuel Eto&rsquo;o et Giani Infantino s&rsquo;est faite a\u0300 Paris, a\u0300 l&rsquo;occasion de l&rsquo;e\u0301ve\u0301nement Football Unite\u0301. Les deux hommes ont eu un [&hellip;]<\/p>\n","protected":false},"author":82,"featured_media":50860,"comment_status":"open","ping_status":"closed","sticky":false,"template":"","format":"standard","meta":{"footnotes":""},"categories":[6,10],"tags":[36,50,49],"class_list":["post-50863","post","type-post","status-publish","format-standard","has-post-thumbnail","hentry","category-sports","category-toutes-les-actualites","tag-africa-press","tag-africa-press-cameroun","tag-cameroun"],"yoast_head":"<!-- This site is optimized with the Yoast SEO Premium plugin v26.1 (Yoast SEO v27.0) - https:\/\/yoast.com\/product\/yoast-seo-premium-wordpress\/ -->\n<title>Enqu\u00eate ouverte par la Fifa: Eto&#039;o et Gianni Infantino se sont enfin parl\u00e9 - Cameroun<\/title>\n<meta name=\"description\" content=\"Le pre\u0301sident de ka Fe\u0301de\u0301ration camerounaise de football, actuellement l&#039;objet d&#039;une enque\u0302te ouverte par la Fifa, a di ...\" \/>\n<meta name=\"robots\" content=\"index, follow, max-snippet:-1, max-image-preview:large, max-video-preview:-1\" \/>\n<link rel=\"canonical\" href=\"https:\/\/www.africa-press.net\/cameroun\/sports\/enquete-ouverte-par-la-fifa-etoo-et-gianni-infantino-se-sont-enfin-parle\" \/>\n<meta property=\"og:locale\" content=\"fr_FR\" \/>\n<meta property=\"og:type\" content=\"article\" \/>\n<meta property=\"og:title\" content=\"Enqu\u00eate ouverte par la Fifa: Eto&#039;o et Gianni Infantino se sont enfin parl\u00e9\" \/>\n<meta property=\"og:description\" content=\"Le pre\u0301sident de ka Fe\u0301de\u0301ration camerounaise de football, actuellement l&#039;objet d&#039;une enque\u0302te ouverte par la Fifa, a di ...\" \/>\n<meta property=\"og:url\" content=\"https:\/\/www.africa-press.net\/cameroun\/sports\/enquete-ouverte-par-la-fifa-etoo-et-gianni-infantino-se-sont-enfin-parle\" \/>\n<meta property=\"og:site_name\" content=\"Cameroun\" \/>\n<meta property=\"article:published_time\" content=\"2023-09-15T12:44:16+00:00\" \/>\n<meta property=\"article:modified_time\" content=\"2023-09-15T12:49:39+00:00\" \/>\n<meta property=\"og:image\" content=\"https:\/\/static.africa-press.net\/cameroun\/sites\/57\/2023\/09\/sm_1694769497.392198.jpg\" \/>\n\t<meta property=\"og:image:width\" content=\"720\" \/>\n\t<meta property=\"og:image:height\" content=\"405\" \/>\n\t<meta property=\"og:image:type\" content=\"image\/jpeg\" \/>\n<meta name=\"author\" content=\"cfeditorfr\" \/>\n<meta name=\"twitter:card\" content=\"summary_large_image\" \/>\n<meta name=\"twitter:label1\" content=\"\u00c9crit par\" \/>\n\t<meta name=\"twitter:data1\" content=\"cfeditorfr\" \/>\n\t<meta name=\"twitter:label2\" content=\"Dur\u00e9e de lecture estim\u00e9e\" \/>\n\t<meta name=\"twitter:data2\" content=\"2 minutes\" \/>\n<script type=\"application\/ld+json\" class=\"yoast-schema-graph\">{\"@context\":\"https:\/\/schema.org\",\"@graph\":[{\"@type\":\"Article\",\"@id\":\"https:\/\/www.africa-press.net\/cameroun\/sports\/enquete-ouverte-par-la-fifa-etoo-et-gianni-infantino-se-sont-enfin-parle#article\",\"isPartOf\":{\"@id\":\"https:\/\/www.africa-press.net\/cameroun\/sports\/enquete-ouverte-par-la-fifa-etoo-et-gianni-infantino-se-sont-enfin-parle\"},\"author\":{\"name\":\"cfeditorfr\",\"@id\":\"https:\/\/www.africa-press.net\/cameroun\/#\/schema\/person\/2b1cf3cd81a31e3cd26889ca66d677f1\"},\"headline\":\"Enqu\u00eate ouverte par la Fifa: Eto&rsquo;o et Gianni Infantino se sont enfin parl\u00e9\",\"datePublished\":\"2023-09-15T12:44:16+00:00\",\"dateModified\":\"2023-09-15T12:49:39+00:00\",\"mainEntityOfPage\":{\"@id\":\"https:\/\/www.africa-press.net\/cameroun\/sports\/enquete-ouverte-par-la-fifa-etoo-et-gianni-infantino-se-sont-enfin-parle\"},\"wordCount\":417,\"commentCount\":0,\"image\":{\"@id\":\"https:\/\/www.africa-press.net\/cameroun\/sports\/enquete-ouverte-par-la-fifa-etoo-et-gianni-infantino-se-sont-enfin-parle#primaryimage\"},\"thumbnailUrl\":\"https:\/\/static.africa-press.net\/cameroun\/sites\/57\/2023\/09\/sm_1694769497.392198.jpg\",\"keywords\":[\"Africa Press\",\"Africa Press-Cameroun\",\"Cameroun\"],\"articleSection\":[\"Sports\",\"Toutes les actualit\u00e9s\"],\"inLanguage\":\"fr-FR\",\"potentialAction\":[{\"@type\":\"CommentAction\",\"name\":\"Comment\",\"target\":[\"https:\/\/www.africa-press.net\/cameroun\/sports\/enquete-ouverte-par-la-fifa-etoo-et-gianni-infantino-se-sont-enfin-parle#respond\"]}]},{\"@type\":\"WebPage\",\"@id\":\"https:\/\/www.africa-press.net\/cameroun\/sports\/enquete-ouverte-par-la-fifa-etoo-et-gianni-infantino-se-sont-enfin-parle\",\"url\":\"https:\/\/www.africa-press.net\/cameroun\/sports\/enquete-ouverte-par-la-fifa-etoo-et-gianni-infantino-se-sont-enfin-parle\",\"name\":\"Enqu\u00eate ouverte par la Fifa: Eto'o et Gianni Infantino se sont enfin parl\u00e9 - Cameroun\",\"isPartOf\":{\"@id\":\"https:\/\/www.africa-press.net\/cameroun\/#website\"},\"primaryImageOfPage\":{\"@id\":\"https:\/\/www.africa-press.net\/cameroun\/sports\/enquete-ouverte-par-la-fifa-etoo-et-gianni-infantino-se-sont-enfin-parle#primaryimage\"},\"image\":{\"@id\":\"https:\/\/www.africa-press.net\/cameroun\/sports\/enquete-ouverte-par-la-fifa-etoo-et-gianni-infantino-se-sont-enfin-parle#primaryimage\"},\"thumbnailUrl\":\"https:\/\/static.africa-press.net\/cameroun\/sites\/57\/2023\/09\/sm_1694769497.392198.jpg\",\"datePublished\":\"2023-09-15T12:44:16+00:00\",\"dateModified\":\"2023-09-15T12:49:39+00:00\",\"author\":{\"@id\":\"https:\/\/www.africa-press.net\/cameroun\/#\/schema\/person\/2b1cf3cd81a31e3cd26889ca66d677f1\"},\"description\":\"Le pre\u0301sident de ka Fe\u0301de\u0301ration camerounaise de football, actuellement l'objet d'une enque\u0302te ouverte par la Fifa, a di ...\",\"breadcrumb\":{\"@id\":\"https:\/\/www.africa-press.net\/cameroun\/sports\/enquete-ouverte-par-la-fifa-etoo-et-gianni-infantino-se-sont-enfin-parle#breadcrumb\"},\"inLanguage\":\"fr-FR\",\"potentialAction\":[{\"@type\":\"ReadAction\",\"target\":[\"https:\/\/www.africa-press.net\/cameroun\/sports\/enquete-ouverte-par-la-fifa-etoo-et-gianni-infantino-se-sont-enfin-parle\"]}]},{\"@type\":\"ImageObject\",\"inLanguage\":\"fr-FR\",\"@id\":\"https:\/\/www.africa-press.net\/cameroun\/sports\/enquete-ouverte-par-la-fifa-etoo-et-gianni-infantino-se-sont-enfin-parle#primaryimage\",\"url\":\"https:\/\/static.africa-press.net\/cameroun\/sites\/57\/2023\/09\/sm_1694769497.392198.jpg\",\"contentUrl\":\"https:\/\/static.africa-press.net\/cameroun\/sites\/57\/2023\/09\/sm_1694769497.392198.jpg\",\"width\":720,\"height\":405,\"caption\":\"Enqu\u00eate ouverte par la Fifa: Eto'o et Gianni Infantino se sont enfin parl\u00e9\"},{\"@type\":\"BreadcrumbList\",\"@id\":\"https:\/\/www.africa-press.net\/cameroun\/sports\/enquete-ouverte-par-la-fifa-etoo-et-gianni-infantino-se-sont-enfin-parle#breadcrumb\",\"itemListElement\":[{\"@type\":\"ListItem\",\"position\":1,\"name\":\"Accueil\",\"item\":\"https:\/\/www.africa-press.net\/cameroun\/\"},{\"@type\":\"ListItem\",\"position\":2,\"name\":\"Enqu\u00eate ouverte par la Fifa: Eto&#8217;o et Gianni Infantino se sont enfin parl\u00e9\"}]},{\"@type\":\"WebSite\",\"@id\":\"https:\/\/www.africa-press.net\/cameroun\/#website\",\"url\":\"https:\/\/www.africa-press.net\/cameroun\/\",\"name\":\"Cameroun\",\"description\":\"Just another Africa News Agency Sites site\",\"potentialAction\":[{\"@type\":\"SearchAction\",\"target\":{\"@type\":\"EntryPoint\",\"urlTemplate\":\"https:\/\/www.africa-press.net\/cameroun\/?s={search_term_string}\"},\"query-input\":{\"@type\":\"PropertyValueSpecification\",\"valueRequired\":true,\"valueName\":\"search_term_string\"}}],\"inLanguage\":\"fr-FR\"},{\"@type\":\"Person\",\"@id\":\"https:\/\/www.africa-press.net\/cameroun\/#\/schema\/person\/2b1cf3cd81a31e3cd26889ca66d677f1\",\"name\":\"cfeditorfr\"}]}<\/script>\n<!-- \/ Yoast SEO Premium plugin. -->","yoast_head_json":{"title":"Enqu\u00eate ouverte par la Fifa: Eto'o et Gianni Infantino se sont enfin parl\u00e9 - Cameroun","description":"Le pre\u0301sident de ka Fe\u0301de\u0301ration camerounaise de football, actuellement l'objet d'une enque\u0302te ouverte par la Fifa, a di ...","robots":{"index":"index","follow":"follow","max-snippet":"max-snippet:-1","max-image-preview":"max-image-preview:large","max-video-preview":"max-video-preview:-1"},"canonical":"https:\/\/www.africa-press.net\/cameroun\/sports\/enquete-ouverte-par-la-fifa-etoo-et-gianni-infantino-se-sont-enfin-parle","og_locale":"fr_FR","og_type":"article","og_title":"Enqu\u00eate ouverte par la Fifa: Eto'o et Gianni Infantino se sont enfin parl\u00e9","og_description":"Le pre\u0301sident de ka Fe\u0301de\u0301ration camerounaise de football, actuellement l'objet d'une enque\u0302te ouverte par la Fifa, a di ...","og_url":"https:\/\/www.africa-press.net\/cameroun\/sports\/enquete-ouverte-par-la-fifa-etoo-et-gianni-infantino-se-sont-enfin-parle","og_site_name":"Cameroun","article_published_time":"2023-09-15T12:44:16+00:00","article_modified_time":"2023-09-15T12:49:39+00:00","og_image":[{"width":720,"height":405,"url":"https:\/\/static.africa-press.net\/cameroun\/sites\/57\/2023\/09\/sm_1694769497.392198.jpg","type":"image\/jpeg"}],"author":"cfeditorfr","twitter_card":"summary_large_image","twitter_misc":{"\u00c9crit par":"cfeditorfr","Dur\u00e9e de lecture estim\u00e9e":"2 minutes"},"schema":{"@context":"https:\/\/schema.org","@graph":[{"@type":"Article","@id":"https:\/\/www.africa-press.net\/cameroun\/sports\/enquete-ouverte-par-la-fifa-etoo-et-gianni-infantino-se-sont-enfin-parle#article","isPartOf":{"@id":"https:\/\/www.africa-press.net\/cameroun\/sports\/enquete-ouverte-par-la-fifa-etoo-et-gianni-infantino-se-sont-enfin-parle"},"author":{"name":"cfeditorfr","@id":"https:\/\/www.africa-press.net\/cameroun\/#\/schema\/person\/2b1cf3cd81a31e3cd26889ca66d677f1"},"headline":"Enqu\u00eate ouverte par la Fifa: Eto&rsquo;o et Gianni Infantino se sont enfin parl\u00e9","datePublished":"2023-09-15T12:44:16+00:00","dateModified":"2023-09-15T12:49:39+00:00","mainEntityOfPage":{"@id":"https:\/\/www.africa-press.net\/cameroun\/sports\/enquete-ouverte-par-la-fifa-etoo-et-gianni-infantino-se-sont-enfin-parle"},"wordCount":417,"commentCount":0,"image":{"@id":"https:\/\/www.africa-press.net\/cameroun\/sports\/enquete-ouverte-par-la-fifa-etoo-et-gianni-infantino-se-sont-enfin-parle#primaryimage"},"thumbnailUrl":"https:\/\/static.africa-press.net\/cameroun\/sites\/57\/2023\/09\/sm_1694769497.392198.jpg","keywords":["Africa Press","Africa Press-Cameroun","Cameroun"],"articleSection":["Sports","Toutes les actualit\u00e9s"],"inLanguage":"fr-FR","potentialAction":[{"@type":"CommentAction","name":"Comment","target":["https:\/\/www.africa-press.net\/cameroun\/sports\/enquete-ouverte-par-la-fifa-etoo-et-gianni-infantino-se-sont-enfin-parle#respond"]}]},{"@type":"WebPage","@id":"https:\/\/www.africa-press.net\/cameroun\/sports\/enquete-ouverte-par-la-fifa-etoo-et-gianni-infantino-se-sont-enfin-parle","url":"https:\/\/www.africa-press.net\/cameroun\/sports\/enquete-ouverte-par-la-fifa-etoo-et-gianni-infantino-se-sont-enfin-parle","name":"Enqu\u00eate ouverte par la Fifa: Eto'o et Gianni Infantino se sont enfin parl\u00e9 - Cameroun","isPartOf":{"@id":"https:\/\/www.africa-press.net\/cameroun\/#website"},"primaryImageOfPage":{"@id":"https:\/\/www.africa-press.net\/cameroun\/sports\/enquete-ouverte-par-la-fifa-etoo-et-gianni-infantino-se-sont-enfin-parle#primaryimage"},"image":{"@id":"https:\/\/www.africa-press.net\/cameroun\/sports\/enquete-ouverte-par-la-fifa-etoo-et-gianni-infantino-se-sont-enfin-parle#primaryimage"},"thumbnailUrl":"https:\/\/static.africa-press.net\/cameroun\/sites\/57\/2023\/09\/sm_1694769497.392198.jpg","datePublished":"2023-09-15T12:44:16+00:00","dateModified":"2023-09-15T12:49:39+00:00","author":{"@id":"https:\/\/www.africa-press.net\/cameroun\/#\/schema\/person\/2b1cf3cd81a31e3cd26889ca66d677f1"},"description":"Le pre\u0301sident de ka Fe\u0301de\u0301ration camerounaise de football, actuellement l'objet d'une enque\u0302te ouverte par la Fifa, a di ...","breadcrumb":{"@id":"https:\/\/www.africa-press.net\/cameroun\/sports\/enquete-ouverte-par-la-fifa-etoo-et-gianni-infantino-se-sont-enfin-parle#breadcrumb"},"inLanguage":"fr-FR","potentialAction":[{"@type":"ReadAction","target":["https:\/\/www.africa-press.net\/cameroun\/sports\/enquete-ouverte-par-la-fifa-etoo-et-gianni-infantino-se-sont-enfin-parle"]}]},{"@type":"ImageObject","inLanguage":"fr-FR","@id":"https:\/\/www.africa-press.net\/cameroun\/sports\/enquete-ouverte-par-la-fifa-etoo-et-gianni-infantino-se-sont-enfin-parle#primaryimage","url":"https:\/\/static.africa-press.net\/cameroun\/sites\/57\/2023\/09\/sm_1694769497.392198.jpg","contentUrl":"https:\/\/static.africa-press.net\/cameroun\/sites\/57\/2023\/09\/sm_1694769497.392198.jpg","width":720,"height":405,"caption":"Enqu\u00eate ouverte par la Fifa: Eto'o et Gianni Infantino se sont enfin parl\u00e9"},{"@type":"BreadcrumbList","@id":"https:\/\/www.africa-press.net\/cameroun\/sports\/enquete-ouverte-par-la-fifa-etoo-et-gianni-infantino-se-sont-enfin-parle#breadcrumb","itemListElement":[{"@type":"ListItem","position":1,"name":"Accueil","item":"https:\/\/www.africa-press.net\/cameroun\/"},{"@type":"ListItem","position":2,"name":"Enqu\u00eate ouverte par la Fifa: Eto&#8217;o et Gianni Infantino se sont enfin parl\u00e9"}]},{"@type":"WebSite","@id":"https:\/\/www.africa-press.net\/cameroun\/#website","url":"https:\/\/www.africa-press.net\/cameroun\/","name":"Cameroun","description":"Just another Africa News Agency Sites site","potentialAction":[{"@type":"SearchAction","target":{"@type":"EntryPoint","urlTemplate":"https:\/\/www.africa-press.net\/cameroun\/?s={search_term_string}"},"query-input":{"@type":"PropertyValueSpecification","valueRequired":true,"valueName":"search_term_string"}}],"inLanguage":"fr-FR"},{"@type":"Person","@id":"https:\/\/www.africa-press.net\/cameroun\/#\/schema\/person\/2b1cf3cd81a31e3cd26889ca66d677f1","name":"cfeditorfr"}]}},"_links":{"self":[{"href":"https:\/\/www.africa-press.net\/cameroun\/wp-json\/wp\/v2\/posts\/50863","targetHints":{"allow":["GET"]}}],"collection":[{"href":"https:\/\/www.africa-press.net\/cameroun\/wp-json\/wp\/v2\/posts"}],"about":[{"href":"https:\/\/www.africa-press.net\/cameroun\/wp-json\/wp\/v2\/types\/post"}],"author":[{"embeddable":true,"href":"https:\/\/www.africa-press.net\/cameroun\/wp-json\/wp\/v2\/users\/82"}],"replies":[{"embeddable":true,"href":"https:\/\/www.africa-press.net\/cameroun\/wp-json\/wp\/v2\/comments?post=50863"}],"version-history":[{"count":0,"href":"https:\/\/www.africa-press.net\/cameroun\/wp-json\/wp\/v2\/posts\/50863\/revisions"}],"wp:featuredmedia":[{"embeddable":true,"href":"https:\/\/www.africa-press.net\/cameroun\/wp-json\/wp\/v2\/media\/50860"}],"wp:attachment":[{"href":"https:\/\/www.africa-press.net\/cameroun\/wp-json\/wp\/v2\/media?parent=50863"}],"wp:term":[{"taxonomy":"category","embeddable":true,"href":"https:\/\/www.africa-press.net\/cameroun\/wp-json\/wp\/v2\/categories?post=50863"},{"taxonomy":"post_tag","embeddable":true,"href":"https:\/\/www.africa-press.net\/cameroun\/wp-json\/wp\/v2\/tags?post=50863"}],"curies":[{"name":"wp","href":"https:\/\/api.w.org\/{rel}","templated":true}]}}