{"id":50869,"date":"2023-09-15T12:45:26","date_gmt":"2023-09-15T12:45:26","guid":{"rendered":"https:\/\/www.africa-press.net\/cameroun\/politique\/eneo-paul-biya-sauve-enfin-les-camerounais-tout-le-pays-est-heureux"},"modified":"2023-09-15T12:50:11","modified_gmt":"2023-09-15T12:50:11","slug":"eneo-paul-biya-sauve-enfin-les-camerounais-tout-le-pays-est-heureux","status":"publish","type":"post","link":"https:\/\/www.africa-press.net\/cameroun\/politique\/eneo-paul-biya-sauve-enfin-les-camerounais-tout-le-pays-est-heureux","title":{"rendered":"ENEO : Paul Biya sauve enfin les camerounais, tout le pays est heureux"},"content":{"rendered":"<p><span style=\"color: #ff6600\"><strong>Africa-Press &#8211; Cameroun. <\/strong><\/span>Le pre\u0301sident de la Re\u0301publique du Cameroun, Paul Biya, a donne\u0301 son accord pour le rachat des actions d\u2019Actis au sein de la socie\u0301te\u0301 Energy of Cameroon (Eneo). Cette de\u0301cision a e\u0301te\u0301 prise a\u0300 travers la cre\u0301ation d\u2019un Comite\u0301 interministe\u0301riel charge\u0301 de superviser le processus. Cette information a e\u0301te\u0301 re\u0301ve\u0301le\u0301e dans une correspondance du ministre d\u2019Etat, Secre\u0301taire ge\u0301ne\u0301ral a\u0300 la pre\u0301sidence de la Re\u0301publique, Ferdinand Ngoh Ngoh, adresse\u0301e au Premier ministre le 5 septembre 2023.<\/p>\n<p>Selon cette correspondance, les de\u0301marches lie\u0301es au processus de rachat des actions d\u2019Actis\/CPH au sein d\u2019Eneo seront place\u0301es sous la responsabilite\u0301 d\u2019un Comite\u0301 interministe\u0301riel pre\u0301side\u0301 par le ministre des Finances, avec l\u2019assistance du ministre de l\u2019Eau et de l\u2019Energie, ainsi que du ministre de la Planification et de l\u2019Ame\u0301nagement du territoire.<\/p>\n<p>Cette de\u0301cision du chef de l\u2019Etat camerounais permettra de relancer et de finaliser les de\u0301marches en cours pour la nationalisation d\u2019Eneo. Ces de\u0301marches avaient e\u0301te\u0301 entame\u0301es il y a 10 mois, mais selon le journal panafricain Africa Business+, elles e\u0301taient au point mort depuis la mi-avril dernier. En plus de l\u2019offre de la Caisse nationale de pre\u0301voyance sociale (CNPS) qui ne correspondait pas aux attentes d\u2019Actis en termes de prix, l\u2019autorisation de l\u2019autorite\u0301 supre\u0302me du pays constituait un autre obstacle.<\/p>\n<p>Paul Biya n\u2019a pas fixe\u0301 de de\u0301lai pre\u0301cis pour finaliser le processus de rachat, mais il a insiste\u0301 sur l\u2019importance d\u2019accorder une attention particulie\u0300re a\u0300 ce dossier, qui devra faire l\u2019objet de comptes rendus re\u0301guliers en fonction de son e\u0301volution.<\/p>\n<p>Le comite\u0301 pre\u0301side\u0301 par Louis Paul Motaze sera compose\u0301 d\u2019un repre\u0301sentant de la pre\u0301sidence de la Re\u0301publique, de la Primature, du Directeur ge\u0301ne\u0301ral de la CNPS, du Directeur ge\u0301ne\u0301ral de l\u2019Agence de re\u0301gulation du secteur de l\u2019e\u0301lectricite\u0301 (ARSEL) et du Directeur de l\u2019e\u0301lectricite\u0301 du ministe\u0300re de l\u2019Eau et de l\u2019Energie (MINEE). Le Comite\u0301 technique de privatisation et de liquidation (CTPL) assurera le secre\u0301tariat technique des travaux du Comite\u0301, pre\u0301cise la correspondance.<\/p>\n<p>Il convient de rappeler que depuis le 13 novembre 2022, les services de la CNPS ont exprime\u0301 leur inte\u0301re\u0302t pour l\u2019acquisition des parts d\u2019Actis dans Eneo, l\u2019actionnaire majoritaire britannique. Les ne\u0301gociations ont e\u0301te\u0301 relance\u0301es trois ans apre\u0300s l\u2019arrive\u0301e d\u2019Amine Homman Ludiye, de nationalite\u0301 franco-marocaine, a\u0300 la te\u0302te d\u2019Eneo Cameroon S.A en remplacement du Belge Patrick Eeckelers.<\/p>\n<p>Lors de sa prise de fonction le 29 juin, le nouveau PDG du fournisseur d\u2019e\u0301nergie e\u0301lectrique au Cameroun a souligne\u0301 les de\u0301fis auxquels l\u2019entreprise est confronte\u0301e. Il a mentionne\u0301 la situation financie\u0300re difficile, le climat social perturbe\u0301, les exigences croissantes de la sous-traitance, le rela\u0302chement dans le respect des valeurs de l\u2019entreprise, l\u2019image ternie d\u2019Eneo, le de\u0301part annonce\u0301 de l\u2019actionnaire prive\u0301 Actis, ainsi que les changements majeurs dans le secteur de l\u2019e\u0301lectricite\u0301, notamment avec l\u2019arrive\u0301e du barrage de Nachtigal.<\/p>\n<p>Il est important de noter que l\u2019Etat du Cameroun de\u0301tient actuellement 44% des parts d\u2019Eneo, ce qui en fait le deuxie\u0300me actionnaire de l\u2019entreprise, tandis que le Groupe Actis de\u0301tient 51% des parts et le personnel 5%.<\/p>\n<p><strong>Pour plus d&rsquo;informations et d&rsquo;analyses sur la <a href=\"https:\/\/www.africa-press.net\/cameroun\">Cameroun<\/a>, suivez <a href=\"https:\/\/www.africa-press.net\/\">Africa-Press<\/a><\/strong><\/p>\n","protected":false},"excerpt":{"rendered":"<p>Africa-Press &#8211; Cameroun. Le pre\u0301sident de la Re\u0301publique du Cameroun, Paul Biya, a donne\u0301 son accord pour le rachat des actions d\u2019Actis au sein de la socie\u0301te\u0301 Energy of Cameroon (Eneo). Cette de\u0301cision a e\u0301te\u0301 prise a\u0300 travers la cre\u0301ation d\u2019un Comite\u0301 interministe\u0301riel charge\u0301 de superviser le processus. Cette information a e\u0301te\u0301 re\u0301ve\u0301le\u0301e dans une [&hellip;]<\/p>\n","protected":false},"author":82,"featured_media":50865,"comment_status":"open","ping_status":"closed","sticky":false,"template":"","format":"standard","meta":{"footnotes":""},"categories":[2,10],"tags":[36,50,49],"class_list":["post-50869","post","type-post","status-publish","format-standard","has-post-thumbnail","hentry","category-politique","category-toutes-les-actualites","tag-africa-press","tag-africa-press-cameroun","tag-cameroun"],"yoast_head":"<!-- This site is optimized with the Yoast SEO Premium plugin v26.1 (Yoast SEO v27.0) - https:\/\/yoast.com\/product\/yoast-seo-premium-wordpress\/ -->\n<title>ENEO : Paul Biya sauve enfin les camerounais, tout le pays est heureux - Cameroun<\/title>\n<meta name=\"description\" content=\"Le pre\u0301sident de la Re\u0301publique du Cameroun, Paul Biya, a donne\u0301 son accord pour le rachat des actions d\u2019Actis au sein d ...\" \/>\n<meta name=\"robots\" content=\"index, follow, max-snippet:-1, max-image-preview:large, max-video-preview:-1\" \/>\n<link rel=\"canonical\" href=\"https:\/\/www.africa-press.net\/cameroun\/politique\/eneo-paul-biya-sauve-enfin-les-camerounais-tout-le-pays-est-heureux\" \/>\n<meta property=\"og:locale\" content=\"fr_FR\" \/>\n<meta property=\"og:type\" content=\"article\" \/>\n<meta property=\"og:title\" content=\"ENEO : Paul Biya sauve enfin les camerounais, tout le pays est heureux\" \/>\n<meta property=\"og:description\" content=\"Le pre\u0301sident de la Re\u0301publique du Cameroun, Paul Biya, a donne\u0301 son accord pour le rachat des actions d\u2019Actis au sein d ...\" \/>\n<meta property=\"og:url\" content=\"https:\/\/www.africa-press.net\/cameroun\/politique\/eneo-paul-biya-sauve-enfin-les-camerounais-tout-le-pays-est-heureux\" \/>\n<meta property=\"og:site_name\" content=\"Cameroun\" \/>\n<meta property=\"article:published_time\" content=\"2023-09-15T12:45:26+00:00\" \/>\n<meta property=\"article:modified_time\" content=\"2023-09-15T12:50:11+00:00\" \/>\n<meta property=\"og:image\" content=\"https:\/\/static.africa-press.net\/cameroun\/sites\/57\/2023\/09\/sm_1694769540.479566.jpg\" \/>\n\t<meta property=\"og:image:width\" content=\"720\" \/>\n\t<meta property=\"og:image:height\" content=\"544\" \/>\n\t<meta property=\"og:image:type\" content=\"image\/jpeg\" \/>\n<meta name=\"author\" content=\"cfeditorfr\" \/>\n<meta name=\"twitter:card\" content=\"summary_large_image\" \/>\n<meta name=\"twitter:label1\" content=\"\u00c9crit par\" \/>\n\t<meta name=\"twitter:data1\" content=\"cfeditorfr\" \/>\n\t<meta name=\"twitter:label2\" content=\"Dur\u00e9e de lecture estim\u00e9e\" \/>\n\t<meta name=\"twitter:data2\" content=\"3 minutes\" \/>\n<script type=\"application\/ld+json\" class=\"yoast-schema-graph\">{\"@context\":\"https:\/\/schema.org\",\"@graph\":[{\"@type\":\"Article\",\"@id\":\"https:\/\/www.africa-press.net\/cameroun\/politique\/eneo-paul-biya-sauve-enfin-les-camerounais-tout-le-pays-est-heureux#article\",\"isPartOf\":{\"@id\":\"https:\/\/www.africa-press.net\/cameroun\/politique\/eneo-paul-biya-sauve-enfin-les-camerounais-tout-le-pays-est-heureux\"},\"author\":{\"name\":\"cfeditorfr\",\"@id\":\"https:\/\/www.africa-press.net\/cameroun\/#\/schema\/person\/2b1cf3cd81a31e3cd26889ca66d677f1\"},\"headline\":\"ENEO : Paul Biya sauve enfin les camerounais, tout le pays est heureux\",\"datePublished\":\"2023-09-15T12:45:26+00:00\",\"dateModified\":\"2023-09-15T12:50:11+00:00\",\"mainEntityOfPage\":{\"@id\":\"https:\/\/www.africa-press.net\/cameroun\/politique\/eneo-paul-biya-sauve-enfin-les-camerounais-tout-le-pays-est-heureux\"},\"wordCount\":622,\"commentCount\":0,\"image\":{\"@id\":\"https:\/\/www.africa-press.net\/cameroun\/politique\/eneo-paul-biya-sauve-enfin-les-camerounais-tout-le-pays-est-heureux#primaryimage\"},\"thumbnailUrl\":\"https:\/\/static.africa-press.net\/cameroun\/sites\/57\/2023\/09\/sm_1694769540.479566.jpg\",\"keywords\":[\"Africa Press\",\"Africa Press-Cameroun\",\"Cameroun\"],\"articleSection\":[\"Politique\",\"Toutes les actualit\u00e9s\"],\"inLanguage\":\"fr-FR\",\"potentialAction\":[{\"@type\":\"CommentAction\",\"name\":\"Comment\",\"target\":[\"https:\/\/www.africa-press.net\/cameroun\/politique\/eneo-paul-biya-sauve-enfin-les-camerounais-tout-le-pays-est-heureux#respond\"]}]},{\"@type\":\"WebPage\",\"@id\":\"https:\/\/www.africa-press.net\/cameroun\/politique\/eneo-paul-biya-sauve-enfin-les-camerounais-tout-le-pays-est-heureux\",\"url\":\"https:\/\/www.africa-press.net\/cameroun\/politique\/eneo-paul-biya-sauve-enfin-les-camerounais-tout-le-pays-est-heureux\",\"name\":\"ENEO : Paul Biya sauve enfin les camerounais, tout le pays est heureux - Cameroun\",\"isPartOf\":{\"@id\":\"https:\/\/www.africa-press.net\/cameroun\/#website\"},\"primaryImageOfPage\":{\"@id\":\"https:\/\/www.africa-press.net\/cameroun\/politique\/eneo-paul-biya-sauve-enfin-les-camerounais-tout-le-pays-est-heureux#primaryimage\"},\"image\":{\"@id\":\"https:\/\/www.africa-press.net\/cameroun\/politique\/eneo-paul-biya-sauve-enfin-les-camerounais-tout-le-pays-est-heureux#primaryimage\"},\"thumbnailUrl\":\"https:\/\/static.africa-press.net\/cameroun\/sites\/57\/2023\/09\/sm_1694769540.479566.jpg\",\"datePublished\":\"2023-09-15T12:45:26+00:00\",\"dateModified\":\"2023-09-15T12:50:11+00:00\",\"author\":{\"@id\":\"https:\/\/www.africa-press.net\/cameroun\/#\/schema\/person\/2b1cf3cd81a31e3cd26889ca66d677f1\"},\"description\":\"Le pre\u0301sident de la Re\u0301publique du Cameroun, Paul Biya, a donne\u0301 son accord pour le rachat des actions d\u2019Actis au sein d ...\",\"breadcrumb\":{\"@id\":\"https:\/\/www.africa-press.net\/cameroun\/politique\/eneo-paul-biya-sauve-enfin-les-camerounais-tout-le-pays-est-heureux#breadcrumb\"},\"inLanguage\":\"fr-FR\",\"potentialAction\":[{\"@type\":\"ReadAction\",\"target\":[\"https:\/\/www.africa-press.net\/cameroun\/politique\/eneo-paul-biya-sauve-enfin-les-camerounais-tout-le-pays-est-heureux\"]}]},{\"@type\":\"ImageObject\",\"inLanguage\":\"fr-FR\",\"@id\":\"https:\/\/www.africa-press.net\/cameroun\/politique\/eneo-paul-biya-sauve-enfin-les-camerounais-tout-le-pays-est-heureux#primaryimage\",\"url\":\"https:\/\/static.africa-press.net\/cameroun\/sites\/57\/2023\/09\/sm_1694769540.479566.jpg\",\"contentUrl\":\"https:\/\/static.africa-press.net\/cameroun\/sites\/57\/2023\/09\/sm_1694769540.479566.jpg\",\"width\":720,\"height\":544,\"caption\":\"ENEO : Paul Biya sauve enfin les camerounais, tout le pays est heureux\"},{\"@type\":\"BreadcrumbList\",\"@id\":\"https:\/\/www.africa-press.net\/cameroun\/politique\/eneo-paul-biya-sauve-enfin-les-camerounais-tout-le-pays-est-heureux#breadcrumb\",\"itemListElement\":[{\"@type\":\"ListItem\",\"position\":1,\"name\":\"Accueil\",\"item\":\"https:\/\/www.africa-press.net\/cameroun\/\"},{\"@type\":\"ListItem\",\"position\":2,\"name\":\"ENEO : Paul Biya sauve enfin les camerounais, tout le pays est heureux\"}]},{\"@type\":\"WebSite\",\"@id\":\"https:\/\/www.africa-press.net\/cameroun\/#website\",\"url\":\"https:\/\/www.africa-press.net\/cameroun\/\",\"name\":\"Cameroun\",\"description\":\"Just another Africa News Agency Sites site\",\"potentialAction\":[{\"@type\":\"SearchAction\",\"target\":{\"@type\":\"EntryPoint\",\"urlTemplate\":\"https:\/\/www.africa-press.net\/cameroun\/?s={search_term_string}\"},\"query-input\":{\"@type\":\"PropertyValueSpecification\",\"valueRequired\":true,\"valueName\":\"search_term_string\"}}],\"inLanguage\":\"fr-FR\"},{\"@type\":\"Person\",\"@id\":\"https:\/\/www.africa-press.net\/cameroun\/#\/schema\/person\/2b1cf3cd81a31e3cd26889ca66d677f1\",\"name\":\"cfeditorfr\"}]}<\/script>\n<!-- \/ Yoast SEO Premium plugin. -->","yoast_head_json":{"title":"ENEO : Paul Biya sauve enfin les camerounais, tout le pays est heureux - Cameroun","description":"Le pre\u0301sident de la Re\u0301publique du Cameroun, Paul Biya, a donne\u0301 son accord pour le rachat des actions d\u2019Actis au sein d ...","robots":{"index":"index","follow":"follow","max-snippet":"max-snippet:-1","max-image-preview":"max-image-preview:large","max-video-preview":"max-video-preview:-1"},"canonical":"https:\/\/www.africa-press.net\/cameroun\/politique\/eneo-paul-biya-sauve-enfin-les-camerounais-tout-le-pays-est-heureux","og_locale":"fr_FR","og_type":"article","og_title":"ENEO : Paul Biya sauve enfin les camerounais, tout le pays est heureux","og_description":"Le pre\u0301sident de la Re\u0301publique du Cameroun, Paul Biya, a donne\u0301 son accord pour le rachat des actions d\u2019Actis au sein d ...","og_url":"https:\/\/www.africa-press.net\/cameroun\/politique\/eneo-paul-biya-sauve-enfin-les-camerounais-tout-le-pays-est-heureux","og_site_name":"Cameroun","article_published_time":"2023-09-15T12:45:26+00:00","article_modified_time":"2023-09-15T12:50:11+00:00","og_image":[{"width":720,"height":544,"url":"https:\/\/static.africa-press.net\/cameroun\/sites\/57\/2023\/09\/sm_1694769540.479566.jpg","type":"image\/jpeg"}],"author":"cfeditorfr","twitter_card":"summary_large_image","twitter_misc":{"\u00c9crit par":"cfeditorfr","Dur\u00e9e de lecture estim\u00e9e":"3 minutes"},"schema":{"@context":"https:\/\/schema.org","@graph":[{"@type":"Article","@id":"https:\/\/www.africa-press.net\/cameroun\/politique\/eneo-paul-biya-sauve-enfin-les-camerounais-tout-le-pays-est-heureux#article","isPartOf":{"@id":"https:\/\/www.africa-press.net\/cameroun\/politique\/eneo-paul-biya-sauve-enfin-les-camerounais-tout-le-pays-est-heureux"},"author":{"name":"cfeditorfr","@id":"https:\/\/www.africa-press.net\/cameroun\/#\/schema\/person\/2b1cf3cd81a31e3cd26889ca66d677f1"},"headline":"ENEO : Paul Biya sauve enfin les camerounais, tout le pays est heureux","datePublished":"2023-09-15T12:45:26+00:00","dateModified":"2023-09-15T12:50:11+00:00","mainEntityOfPage":{"@id":"https:\/\/www.africa-press.net\/cameroun\/politique\/eneo-paul-biya-sauve-enfin-les-camerounais-tout-le-pays-est-heureux"},"wordCount":622,"commentCount":0,"image":{"@id":"https:\/\/www.africa-press.net\/cameroun\/politique\/eneo-paul-biya-sauve-enfin-les-camerounais-tout-le-pays-est-heureux#primaryimage"},"thumbnailUrl":"https:\/\/static.africa-press.net\/cameroun\/sites\/57\/2023\/09\/sm_1694769540.479566.jpg","keywords":["Africa Press","Africa Press-Cameroun","Cameroun"],"articleSection":["Politique","Toutes les actualit\u00e9s"],"inLanguage":"fr-FR","potentialAction":[{"@type":"CommentAction","name":"Comment","target":["https:\/\/www.africa-press.net\/cameroun\/politique\/eneo-paul-biya-sauve-enfin-les-camerounais-tout-le-pays-est-heureux#respond"]}]},{"@type":"WebPage","@id":"https:\/\/www.africa-press.net\/cameroun\/politique\/eneo-paul-biya-sauve-enfin-les-camerounais-tout-le-pays-est-heureux","url":"https:\/\/www.africa-press.net\/cameroun\/politique\/eneo-paul-biya-sauve-enfin-les-camerounais-tout-le-pays-est-heureux","name":"ENEO : Paul Biya sauve enfin les camerounais, tout le pays est heureux - Cameroun","isPartOf":{"@id":"https:\/\/www.africa-press.net\/cameroun\/#website"},"primaryImageOfPage":{"@id":"https:\/\/www.africa-press.net\/cameroun\/politique\/eneo-paul-biya-sauve-enfin-les-camerounais-tout-le-pays-est-heureux#primaryimage"},"image":{"@id":"https:\/\/www.africa-press.net\/cameroun\/politique\/eneo-paul-biya-sauve-enfin-les-camerounais-tout-le-pays-est-heureux#primaryimage"},"thumbnailUrl":"https:\/\/static.africa-press.net\/cameroun\/sites\/57\/2023\/09\/sm_1694769540.479566.jpg","datePublished":"2023-09-15T12:45:26+00:00","dateModified":"2023-09-15T12:50:11+00:00","author":{"@id":"https:\/\/www.africa-press.net\/cameroun\/#\/schema\/person\/2b1cf3cd81a31e3cd26889ca66d677f1"},"description":"Le pre\u0301sident de la Re\u0301publique du Cameroun, Paul Biya, a donne\u0301 son accord pour le rachat des actions d\u2019Actis au sein d ...","breadcrumb":{"@id":"https:\/\/www.africa-press.net\/cameroun\/politique\/eneo-paul-biya-sauve-enfin-les-camerounais-tout-le-pays-est-heureux#breadcrumb"},"inLanguage":"fr-FR","potentialAction":[{"@type":"ReadAction","target":["https:\/\/www.africa-press.net\/cameroun\/politique\/eneo-paul-biya-sauve-enfin-les-camerounais-tout-le-pays-est-heureux"]}]},{"@type":"ImageObject","inLanguage":"fr-FR","@id":"https:\/\/www.africa-press.net\/cameroun\/politique\/eneo-paul-biya-sauve-enfin-les-camerounais-tout-le-pays-est-heureux#primaryimage","url":"https:\/\/static.africa-press.net\/cameroun\/sites\/57\/2023\/09\/sm_1694769540.479566.jpg","contentUrl":"https:\/\/static.africa-press.net\/cameroun\/sites\/57\/2023\/09\/sm_1694769540.479566.jpg","width":720,"height":544,"caption":"ENEO : Paul Biya sauve enfin les camerounais, tout le pays est heureux"},{"@type":"BreadcrumbList","@id":"https:\/\/www.africa-press.net\/cameroun\/politique\/eneo-paul-biya-sauve-enfin-les-camerounais-tout-le-pays-est-heureux#breadcrumb","itemListElement":[{"@type":"ListItem","position":1,"name":"Accueil","item":"https:\/\/www.africa-press.net\/cameroun\/"},{"@type":"ListItem","position":2,"name":"ENEO : Paul Biya sauve enfin les camerounais, tout le pays est heureux"}]},{"@type":"WebSite","@id":"https:\/\/www.africa-press.net\/cameroun\/#website","url":"https:\/\/www.africa-press.net\/cameroun\/","name":"Cameroun","description":"Just another Africa News Agency Sites site","potentialAction":[{"@type":"SearchAction","target":{"@type":"EntryPoint","urlTemplate":"https:\/\/www.africa-press.net\/cameroun\/?s={search_term_string}"},"query-input":{"@type":"PropertyValueSpecification","valueRequired":true,"valueName":"search_term_string"}}],"inLanguage":"fr-FR"},{"@type":"Person","@id":"https:\/\/www.africa-press.net\/cameroun\/#\/schema\/person\/2b1cf3cd81a31e3cd26889ca66d677f1","name":"cfeditorfr"}]}},"_links":{"self":[{"href":"https:\/\/www.africa-press.net\/cameroun\/wp-json\/wp\/v2\/posts\/50869","targetHints":{"allow":["GET"]}}],"collection":[{"href":"https:\/\/www.africa-press.net\/cameroun\/wp-json\/wp\/v2\/posts"}],"about":[{"href":"https:\/\/www.africa-press.net\/cameroun\/wp-json\/wp\/v2\/types\/post"}],"author":[{"embeddable":true,"href":"https:\/\/www.africa-press.net\/cameroun\/wp-json\/wp\/v2\/users\/82"}],"replies":[{"embeddable":true,"href":"https:\/\/www.africa-press.net\/cameroun\/wp-json\/wp\/v2\/comments?post=50869"}],"version-history":[{"count":0,"href":"https:\/\/www.africa-press.net\/cameroun\/wp-json\/wp\/v2\/posts\/50869\/revisions"}],"wp:featuredmedia":[{"embeddable":true,"href":"https:\/\/www.africa-press.net\/cameroun\/wp-json\/wp\/v2\/media\/50865"}],"wp:attachment":[{"href":"https:\/\/www.africa-press.net\/cameroun\/wp-json\/wp\/v2\/media?parent=50869"}],"wp:term":[{"taxonomy":"category","embeddable":true,"href":"https:\/\/www.africa-press.net\/cameroun\/wp-json\/wp\/v2\/categories?post=50869"},{"taxonomy":"post_tag","embeddable":true,"href":"https:\/\/www.africa-press.net\/cameroun\/wp-json\/wp\/v2\/tags?post=50869"}],"curies":[{"name":"wp","href":"https:\/\/api.w.org\/{rel}","templated":true}]}}