{"id":50917,"date":"2023-09-16T21:55:34","date_gmt":"2023-09-16T21:55:34","guid":{"rendered":"https:\/\/www.africa-press.net\/cameroun\/politique\/confirme-rigobert-song-recoit-lonction-finale-pour-durer-a-la-tete-de-lequipe-nationale"},"modified":"2023-09-16T22:22:18","modified_gmt":"2023-09-16T22:22:18","slug":"confirme-rigobert-song-recoit-lonction-finale-pour-durer-a-la-tete-de-lequipe-nationale","status":"publish","type":"post","link":"https:\/\/www.africa-press.net\/cameroun\/sports\/confirme-rigobert-song-recoit-lonction-finale-pour-durer-a-la-tete-de-lequipe-nationale","title":{"rendered":"Confirm\u00e9 : Rigobert Song re\u00e7oit l&rsquo;onction finale pour durer \u00e0 la t\u00eate de l&rsquo;\u00e9quipe nationale"},"content":{"rendered":"<p><span style=\"color: #ff6600\"><strong>Africa-Press &#8211; Cameroun. <\/strong><\/span>Le se\u0301lectionneur et manager Rigobert Song Bahanag a fait taire beaucoup de bouches, avec la dernie\u0300re victoire de l\u2019e\u0301quipe nationale du Cameroun contre les Hirondelles du Burundi. L\u2019ancien capitaine de la se\u0301lection et grand ami de Samuel Eto&rsquo;o Fils e\u0301tait en danger et il le savait. Du coup, il n\u2019e\u0301tait plus finalement en danger, selon sa propre the\u0301orie du danger.<\/p>\n<p>Cette dernie\u0300re fonctionne tre\u0300s bien apparemment. C\u2019e\u0301tait le match de tous les enjeux et Rigobert Song Bahanag savait qu\u2019il ne fallait surtout pas se tromper. Il e\u0301tait attendu par tout un pays et toute l\u2019Afrique qui patientait de voir si le puissant Cameroun allait rester a\u0300 la maison pour cette CAN Co\u0302te d\u2019Ivoire. Chacun a maintenant la re\u0301ponse.<\/p>\n<p>Me\u0302me si dans le jeu, Rigobert Song Bahanag et ses joueurs peinent toujours a\u0300 convaincre les amoureux du cuir, les re\u0301sultats sont quand me\u0302me la\u0300 : la victoire contre le Bre\u0301sil pour le dernier match de poule a\u0300 la Coupe du monde Qatar 2022, la gagne face a\u0300 l\u2019Alge\u0301rie au stade Mustapha Tchaker de Blida qualifiant le Cameroun pour le Mondial et maintenant cette victoire in extre\u0301mis lors de la dernie\u0300re journe\u0301e pour valider le billet pour la CAN, ce sont de sacre\u0301s timings.<\/p>\n<p>Finalement, Rigobert Song Bahanag commence par faire l\u2019unanimite\u0301, de quoi espe\u0301rer que sa dure\u0301e de travail soit prolonge\u0301e incessamment a\u0300 la te\u0302te des Lions. Re\u0301my Ngono ne manque de reconnai\u0302tre les me\u0301rites de Rigo.<\/p>\n<p>Il fe\u0301licite son travail en direct sur une te\u0301le\u0301vision franc\u0327aise : \u00ab Mais il faut quand me\u0302me aussi reconnai\u0302tre une certaine chose, c\u2019est qu\u2019au-dela\u0300 des individualite\u0301s que compte le Cameroun, c\u2019est la premie\u0300re fois que je vais fe\u0301liciter Rigobert Song Bahanag, parce qu\u2019au retour de la mi-temps, le Cameroun n\u2019a pas pratiquement conce\u0301de\u0301 d\u2019occasion, ce qui veut quand me\u0302me dire qu\u2019il a fait un bon travail tactique.<\/p>\n<p>Et de surcroit, il faut se dire que malgre\u0301 tous les grands entrai\u0302neurs que le Cameroun a eus, malgre\u0301 toutes les critiques que nous pouvons faire a\u0300 Rigobert Song Bahanag, force est de reconnai\u0302tre qu\u2019il est le premier se\u0301lectionneur a\u0300 envoyer le Cameroun non seulement a\u0300 la CAN puis a\u0300 la Coupe du monde.<\/p>\n<p>Et d\u2019ailleurs quand on voit certains re\u0301sultats, je sais tre\u0300s bien qu\u2019il y a encore des choses a\u0300 faire mais il n\u2019a pas encore eu le temps comme Aliou Cisse\u0301 mais avec le temps on a quand me\u0302me vu qu\u2019il est le premier entrai\u0302neur a\u0300 faire tomber le Bre\u0301sil en Coupe du monde, ce qui n\u2019e\u0301tait pas fait lorsqu\u2019on regarde d\u2019ailleurs que le Cameroun avait fait vingt (20) ans sans remporter une victoire en Coupe du monde.<\/p>\n<p>Et la\u0300 il e\u0301tait quand me\u0302me aux pieds du mur et on a pu constater qu\u2019il a fait beaucoup de changements avec une de\u0301fense qui a e\u0301te\u0301 refaite presqu\u2019a\u0300 95 % donc le coup de chapeau avant de regarder les moutons, je m\u2019adresse d\u2019abord au berger \u00bb.<\/p>\n<p>Venant de Re\u0301my Ngono, ces qualifications sonnent comme une onction divine pour Rigobert Song Bahanag qui est bien parti pour durer a\u0300 son poste.<\/p>\n<p><strong>Pour plus d&rsquo;informations et d&rsquo;analyses sur la <a href=\"https:\/\/www.africa-press.net\/cameroun\">Cameroun<\/a>, suivez <a href=\"https:\/\/www.africa-press.net\/\">Africa-Press<\/a><\/strong><\/p>\n","protected":false},"excerpt":{"rendered":"<p>Africa-Press &#8211; Cameroun. Le se\u0301lectionneur et manager Rigobert Song Bahanag a fait taire beaucoup de bouches, avec la dernie\u0300re victoire de l\u2019e\u0301quipe nationale du Cameroun contre les Hirondelles du Burundi. L\u2019ancien capitaine de la se\u0301lection et grand ami de Samuel Eto&rsquo;o Fils e\u0301tait en danger et il le savait. Du coup, il n\u2019e\u0301tait plus finalement [&hellip;]<\/p>\n","protected":false},"author":82,"featured_media":50916,"comment_status":"open","ping_status":"closed","sticky":false,"template":"","format":"standard","meta":{"footnotes":""},"categories":[6,10],"tags":[36,50,49],"class_list":["post-50917","post","type-post","status-publish","format-standard","has-post-thumbnail","hentry","category-sports","category-toutes-les-actualites","tag-africa-press","tag-africa-press-cameroun","tag-cameroun"],"yoast_head":"<!-- This site is optimized with the Yoast SEO Premium plugin v26.1 (Yoast SEO v27.0) - https:\/\/yoast.com\/product\/yoast-seo-premium-wordpress\/ -->\n<title>Confirm\u00e9 : Rigobert Song re\u00e7oit l&#039;onction finale pour durer \u00e0 la t\u00eate de l&#039;\u00e9quipe nationale - Cameroun<\/title>\n<meta name=\"description\" content=\"Le se\u0301lectionneur et manager Rigobert Song Bahanag a fait taire beaucoup de bouches, avec la dernie\u0300re victoire de l\u2019e\u0301q ...\" \/>\n<meta name=\"robots\" content=\"index, follow, max-snippet:-1, max-image-preview:large, max-video-preview:-1\" \/>\n<link rel=\"canonical\" href=\"https:\/\/www.africa-press.net\/cameroun\/sports\/confirme-rigobert-song-recoit-lonction-finale-pour-durer-a-la-tete-de-lequipe-nationale\" \/>\n<meta property=\"og:locale\" content=\"fr_FR\" \/>\n<meta property=\"og:type\" content=\"article\" \/>\n<meta property=\"og:title\" content=\"Confirm\u00e9 : Rigobert Song re\u00e7oit l&#039;onction finale pour durer \u00e0 la t\u00eate de l&#039;\u00e9quipe nationale\" \/>\n<meta property=\"og:description\" content=\"Le se\u0301lectionneur et manager Rigobert Song Bahanag a fait taire beaucoup de bouches, avec la dernie\u0300re victoire de l\u2019e\u0301q ...\" \/>\n<meta property=\"og:url\" content=\"https:\/\/www.africa-press.net\/cameroun\/sports\/confirme-rigobert-song-recoit-lonction-finale-pour-durer-a-la-tete-de-lequipe-nationale\" \/>\n<meta property=\"og:site_name\" content=\"Cameroun\" \/>\n<meta property=\"article:published_time\" content=\"2023-09-16T21:55:34+00:00\" \/>\n<meta property=\"article:modified_time\" content=\"2023-09-16T22:22:18+00:00\" \/>\n<meta property=\"og:image\" content=\"https:\/\/static.africa-press.net\/cameroun\/sites\/57\/2023\/09\/sm_1694890263.700834.jpg\" \/>\n\t<meta property=\"og:image:width\" content=\"720\" \/>\n\t<meta property=\"og:image:height\" content=\"470\" \/>\n\t<meta property=\"og:image:type\" content=\"image\/jpeg\" \/>\n<meta name=\"author\" content=\"cfeditorfr\" \/>\n<meta name=\"twitter:card\" content=\"summary_large_image\" \/>\n<meta name=\"twitter:label1\" content=\"\u00c9crit par\" \/>\n\t<meta name=\"twitter:data1\" content=\"cfeditorfr\" \/>\n\t<meta name=\"twitter:label2\" content=\"Dur\u00e9e de lecture estim\u00e9e\" \/>\n\t<meta name=\"twitter:data2\" content=\"3 minutes\" \/>\n<script type=\"application\/ld+json\" class=\"yoast-schema-graph\">{\"@context\":\"https:\/\/schema.org\",\"@graph\":[{\"@type\":\"Article\",\"@id\":\"https:\/\/www.africa-press.net\/cameroun\/sports\/confirme-rigobert-song-recoit-lonction-finale-pour-durer-a-la-tete-de-lequipe-nationale#article\",\"isPartOf\":{\"@id\":\"https:\/\/www.africa-press.net\/cameroun\/sports\/confirme-rigobert-song-recoit-lonction-finale-pour-durer-a-la-tete-de-lequipe-nationale\"},\"author\":{\"name\":\"cfeditorfr\",\"@id\":\"https:\/\/www.africa-press.net\/cameroun\/#\/schema\/person\/2b1cf3cd81a31e3cd26889ca66d677f1\"},\"headline\":\"Confirm\u00e9 : Rigobert Song re\u00e7oit l&rsquo;onction finale pour durer \u00e0 la t\u00eate de l&rsquo;\u00e9quipe nationale\",\"datePublished\":\"2023-09-16T21:55:34+00:00\",\"dateModified\":\"2023-09-16T22:22:18+00:00\",\"mainEntityOfPage\":{\"@id\":\"https:\/\/www.africa-press.net\/cameroun\/sports\/confirme-rigobert-song-recoit-lonction-finale-pour-durer-a-la-tete-de-lequipe-nationale\"},\"wordCount\":612,\"commentCount\":0,\"image\":{\"@id\":\"https:\/\/www.africa-press.net\/cameroun\/sports\/confirme-rigobert-song-recoit-lonction-finale-pour-durer-a-la-tete-de-lequipe-nationale#primaryimage\"},\"thumbnailUrl\":\"https:\/\/static.africa-press.net\/cameroun\/sites\/57\/2023\/09\/sm_1694890263.700834.jpg\",\"keywords\":[\"Africa Press\",\"Africa Press-Cameroun\",\"Cameroun\"],\"articleSection\":[\"Sports\",\"Toutes les actualit\u00e9s\"],\"inLanguage\":\"fr-FR\",\"potentialAction\":[{\"@type\":\"CommentAction\",\"name\":\"Comment\",\"target\":[\"https:\/\/www.africa-press.net\/cameroun\/sports\/confirme-rigobert-song-recoit-lonction-finale-pour-durer-a-la-tete-de-lequipe-nationale#respond\"]}]},{\"@type\":\"WebPage\",\"@id\":\"https:\/\/www.africa-press.net\/cameroun\/sports\/confirme-rigobert-song-recoit-lonction-finale-pour-durer-a-la-tete-de-lequipe-nationale\",\"url\":\"https:\/\/www.africa-press.net\/cameroun\/sports\/confirme-rigobert-song-recoit-lonction-finale-pour-durer-a-la-tete-de-lequipe-nationale\",\"name\":\"Confirm\u00e9 : Rigobert Song re\u00e7oit l'onction finale pour durer \u00e0 la t\u00eate de l'\u00e9quipe nationale - Cameroun\",\"isPartOf\":{\"@id\":\"https:\/\/www.africa-press.net\/cameroun\/#website\"},\"primaryImageOfPage\":{\"@id\":\"https:\/\/www.africa-press.net\/cameroun\/sports\/confirme-rigobert-song-recoit-lonction-finale-pour-durer-a-la-tete-de-lequipe-nationale#primaryimage\"},\"image\":{\"@id\":\"https:\/\/www.africa-press.net\/cameroun\/sports\/confirme-rigobert-song-recoit-lonction-finale-pour-durer-a-la-tete-de-lequipe-nationale#primaryimage\"},\"thumbnailUrl\":\"https:\/\/static.africa-press.net\/cameroun\/sites\/57\/2023\/09\/sm_1694890263.700834.jpg\",\"datePublished\":\"2023-09-16T21:55:34+00:00\",\"dateModified\":\"2023-09-16T22:22:18+00:00\",\"author\":{\"@id\":\"https:\/\/www.africa-press.net\/cameroun\/#\/schema\/person\/2b1cf3cd81a31e3cd26889ca66d677f1\"},\"description\":\"Le se\u0301lectionneur et manager Rigobert Song Bahanag a fait taire beaucoup de bouches, avec la dernie\u0300re victoire de l\u2019e\u0301q ...\",\"breadcrumb\":{\"@id\":\"https:\/\/www.africa-press.net\/cameroun\/sports\/confirme-rigobert-song-recoit-lonction-finale-pour-durer-a-la-tete-de-lequipe-nationale#breadcrumb\"},\"inLanguage\":\"fr-FR\",\"potentialAction\":[{\"@type\":\"ReadAction\",\"target\":[\"https:\/\/www.africa-press.net\/cameroun\/sports\/confirme-rigobert-song-recoit-lonction-finale-pour-durer-a-la-tete-de-lequipe-nationale\"]}]},{\"@type\":\"ImageObject\",\"inLanguage\":\"fr-FR\",\"@id\":\"https:\/\/www.africa-press.net\/cameroun\/sports\/confirme-rigobert-song-recoit-lonction-finale-pour-durer-a-la-tete-de-lequipe-nationale#primaryimage\",\"url\":\"https:\/\/static.africa-press.net\/cameroun\/sites\/57\/2023\/09\/sm_1694890263.700834.jpg\",\"contentUrl\":\"https:\/\/static.africa-press.net\/cameroun\/sites\/57\/2023\/09\/sm_1694890263.700834.jpg\",\"width\":720,\"height\":470,\"caption\":\"Confirm\u00e9 : Rigobert Song re\u00e7oit l'onction finale pour durer \u00e0 la t\u00eate de l'\u00e9quipe nationale\"},{\"@type\":\"BreadcrumbList\",\"@id\":\"https:\/\/www.africa-press.net\/cameroun\/sports\/confirme-rigobert-song-recoit-lonction-finale-pour-durer-a-la-tete-de-lequipe-nationale#breadcrumb\",\"itemListElement\":[{\"@type\":\"ListItem\",\"position\":1,\"name\":\"Accueil\",\"item\":\"https:\/\/www.africa-press.net\/cameroun\/\"},{\"@type\":\"ListItem\",\"position\":2,\"name\":\"Confirm\u00e9 : Rigobert Song re\u00e7oit l&#8217;onction finale pour durer \u00e0 la t\u00eate de l&#8217;\u00e9quipe nationale\"}]},{\"@type\":\"WebSite\",\"@id\":\"https:\/\/www.africa-press.net\/cameroun\/#website\",\"url\":\"https:\/\/www.africa-press.net\/cameroun\/\",\"name\":\"Cameroun\",\"description\":\"Just another Africa News Agency Sites site\",\"potentialAction\":[{\"@type\":\"SearchAction\",\"target\":{\"@type\":\"EntryPoint\",\"urlTemplate\":\"https:\/\/www.africa-press.net\/cameroun\/?s={search_term_string}\"},\"query-input\":{\"@type\":\"PropertyValueSpecification\",\"valueRequired\":true,\"valueName\":\"search_term_string\"}}],\"inLanguage\":\"fr-FR\"},{\"@type\":\"Person\",\"@id\":\"https:\/\/www.africa-press.net\/cameroun\/#\/schema\/person\/2b1cf3cd81a31e3cd26889ca66d677f1\",\"name\":\"cfeditorfr\"}]}<\/script>\n<!-- \/ Yoast SEO Premium plugin. -->","yoast_head_json":{"title":"Confirm\u00e9 : Rigobert Song re\u00e7oit l'onction finale pour durer \u00e0 la t\u00eate de l'\u00e9quipe nationale - Cameroun","description":"Le se\u0301lectionneur et manager Rigobert Song Bahanag a fait taire beaucoup de bouches, avec la dernie\u0300re victoire de l\u2019e\u0301q ...","robots":{"index":"index","follow":"follow","max-snippet":"max-snippet:-1","max-image-preview":"max-image-preview:large","max-video-preview":"max-video-preview:-1"},"canonical":"https:\/\/www.africa-press.net\/cameroun\/sports\/confirme-rigobert-song-recoit-lonction-finale-pour-durer-a-la-tete-de-lequipe-nationale","og_locale":"fr_FR","og_type":"article","og_title":"Confirm\u00e9 : Rigobert Song re\u00e7oit l'onction finale pour durer \u00e0 la t\u00eate de l'\u00e9quipe nationale","og_description":"Le se\u0301lectionneur et manager Rigobert Song Bahanag a fait taire beaucoup de bouches, avec la dernie\u0300re victoire de l\u2019e\u0301q ...","og_url":"https:\/\/www.africa-press.net\/cameroun\/sports\/confirme-rigobert-song-recoit-lonction-finale-pour-durer-a-la-tete-de-lequipe-nationale","og_site_name":"Cameroun","article_published_time":"2023-09-16T21:55:34+00:00","article_modified_time":"2023-09-16T22:22:18+00:00","og_image":[{"width":720,"height":470,"url":"https:\/\/static.africa-press.net\/cameroun\/sites\/57\/2023\/09\/sm_1694890263.700834.jpg","type":"image\/jpeg"}],"author":"cfeditorfr","twitter_card":"summary_large_image","twitter_misc":{"\u00c9crit par":"cfeditorfr","Dur\u00e9e de lecture estim\u00e9e":"3 minutes"},"schema":{"@context":"https:\/\/schema.org","@graph":[{"@type":"Article","@id":"https:\/\/www.africa-press.net\/cameroun\/sports\/confirme-rigobert-song-recoit-lonction-finale-pour-durer-a-la-tete-de-lequipe-nationale#article","isPartOf":{"@id":"https:\/\/www.africa-press.net\/cameroun\/sports\/confirme-rigobert-song-recoit-lonction-finale-pour-durer-a-la-tete-de-lequipe-nationale"},"author":{"name":"cfeditorfr","@id":"https:\/\/www.africa-press.net\/cameroun\/#\/schema\/person\/2b1cf3cd81a31e3cd26889ca66d677f1"},"headline":"Confirm\u00e9 : Rigobert Song re\u00e7oit l&rsquo;onction finale pour durer \u00e0 la t\u00eate de l&rsquo;\u00e9quipe nationale","datePublished":"2023-09-16T21:55:34+00:00","dateModified":"2023-09-16T22:22:18+00:00","mainEntityOfPage":{"@id":"https:\/\/www.africa-press.net\/cameroun\/sports\/confirme-rigobert-song-recoit-lonction-finale-pour-durer-a-la-tete-de-lequipe-nationale"},"wordCount":612,"commentCount":0,"image":{"@id":"https:\/\/www.africa-press.net\/cameroun\/sports\/confirme-rigobert-song-recoit-lonction-finale-pour-durer-a-la-tete-de-lequipe-nationale#primaryimage"},"thumbnailUrl":"https:\/\/static.africa-press.net\/cameroun\/sites\/57\/2023\/09\/sm_1694890263.700834.jpg","keywords":["Africa Press","Africa Press-Cameroun","Cameroun"],"articleSection":["Sports","Toutes les actualit\u00e9s"],"inLanguage":"fr-FR","potentialAction":[{"@type":"CommentAction","name":"Comment","target":["https:\/\/www.africa-press.net\/cameroun\/sports\/confirme-rigobert-song-recoit-lonction-finale-pour-durer-a-la-tete-de-lequipe-nationale#respond"]}]},{"@type":"WebPage","@id":"https:\/\/www.africa-press.net\/cameroun\/sports\/confirme-rigobert-song-recoit-lonction-finale-pour-durer-a-la-tete-de-lequipe-nationale","url":"https:\/\/www.africa-press.net\/cameroun\/sports\/confirme-rigobert-song-recoit-lonction-finale-pour-durer-a-la-tete-de-lequipe-nationale","name":"Confirm\u00e9 : Rigobert Song re\u00e7oit l'onction finale pour durer \u00e0 la t\u00eate de l'\u00e9quipe nationale - Cameroun","isPartOf":{"@id":"https:\/\/www.africa-press.net\/cameroun\/#website"},"primaryImageOfPage":{"@id":"https:\/\/www.africa-press.net\/cameroun\/sports\/confirme-rigobert-song-recoit-lonction-finale-pour-durer-a-la-tete-de-lequipe-nationale#primaryimage"},"image":{"@id":"https:\/\/www.africa-press.net\/cameroun\/sports\/confirme-rigobert-song-recoit-lonction-finale-pour-durer-a-la-tete-de-lequipe-nationale#primaryimage"},"thumbnailUrl":"https:\/\/static.africa-press.net\/cameroun\/sites\/57\/2023\/09\/sm_1694890263.700834.jpg","datePublished":"2023-09-16T21:55:34+00:00","dateModified":"2023-09-16T22:22:18+00:00","author":{"@id":"https:\/\/www.africa-press.net\/cameroun\/#\/schema\/person\/2b1cf3cd81a31e3cd26889ca66d677f1"},"description":"Le se\u0301lectionneur et manager Rigobert Song Bahanag a fait taire beaucoup de bouches, avec la dernie\u0300re victoire de l\u2019e\u0301q ...","breadcrumb":{"@id":"https:\/\/www.africa-press.net\/cameroun\/sports\/confirme-rigobert-song-recoit-lonction-finale-pour-durer-a-la-tete-de-lequipe-nationale#breadcrumb"},"inLanguage":"fr-FR","potentialAction":[{"@type":"ReadAction","target":["https:\/\/www.africa-press.net\/cameroun\/sports\/confirme-rigobert-song-recoit-lonction-finale-pour-durer-a-la-tete-de-lequipe-nationale"]}]},{"@type":"ImageObject","inLanguage":"fr-FR","@id":"https:\/\/www.africa-press.net\/cameroun\/sports\/confirme-rigobert-song-recoit-lonction-finale-pour-durer-a-la-tete-de-lequipe-nationale#primaryimage","url":"https:\/\/static.africa-press.net\/cameroun\/sites\/57\/2023\/09\/sm_1694890263.700834.jpg","contentUrl":"https:\/\/static.africa-press.net\/cameroun\/sites\/57\/2023\/09\/sm_1694890263.700834.jpg","width":720,"height":470,"caption":"Confirm\u00e9 : Rigobert Song re\u00e7oit l'onction finale pour durer \u00e0 la t\u00eate de l'\u00e9quipe nationale"},{"@type":"BreadcrumbList","@id":"https:\/\/www.africa-press.net\/cameroun\/sports\/confirme-rigobert-song-recoit-lonction-finale-pour-durer-a-la-tete-de-lequipe-nationale#breadcrumb","itemListElement":[{"@type":"ListItem","position":1,"name":"Accueil","item":"https:\/\/www.africa-press.net\/cameroun\/"},{"@type":"ListItem","position":2,"name":"Confirm\u00e9 : Rigobert Song re\u00e7oit l&#8217;onction finale pour durer \u00e0 la t\u00eate de l&#8217;\u00e9quipe nationale"}]},{"@type":"WebSite","@id":"https:\/\/www.africa-press.net\/cameroun\/#website","url":"https:\/\/www.africa-press.net\/cameroun\/","name":"Cameroun","description":"Just another Africa News Agency Sites site","potentialAction":[{"@type":"SearchAction","target":{"@type":"EntryPoint","urlTemplate":"https:\/\/www.africa-press.net\/cameroun\/?s={search_term_string}"},"query-input":{"@type":"PropertyValueSpecification","valueRequired":true,"valueName":"search_term_string"}}],"inLanguage":"fr-FR"},{"@type":"Person","@id":"https:\/\/www.africa-press.net\/cameroun\/#\/schema\/person\/2b1cf3cd81a31e3cd26889ca66d677f1","name":"cfeditorfr"}]}},"_links":{"self":[{"href":"https:\/\/www.africa-press.net\/cameroun\/wp-json\/wp\/v2\/posts\/50917","targetHints":{"allow":["GET"]}}],"collection":[{"href":"https:\/\/www.africa-press.net\/cameroun\/wp-json\/wp\/v2\/posts"}],"about":[{"href":"https:\/\/www.africa-press.net\/cameroun\/wp-json\/wp\/v2\/types\/post"}],"author":[{"embeddable":true,"href":"https:\/\/www.africa-press.net\/cameroun\/wp-json\/wp\/v2\/users\/82"}],"replies":[{"embeddable":true,"href":"https:\/\/www.africa-press.net\/cameroun\/wp-json\/wp\/v2\/comments?post=50917"}],"version-history":[{"count":0,"href":"https:\/\/www.africa-press.net\/cameroun\/wp-json\/wp\/v2\/posts\/50917\/revisions"}],"wp:featuredmedia":[{"embeddable":true,"href":"https:\/\/www.africa-press.net\/cameroun\/wp-json\/wp\/v2\/media\/50916"}],"wp:attachment":[{"href":"https:\/\/www.africa-press.net\/cameroun\/wp-json\/wp\/v2\/media?parent=50917"}],"wp:term":[{"taxonomy":"category","embeddable":true,"href":"https:\/\/www.africa-press.net\/cameroun\/wp-json\/wp\/v2\/categories?post=50917"},{"taxonomy":"post_tag","embeddable":true,"href":"https:\/\/www.africa-press.net\/cameroun\/wp-json\/wp\/v2\/tags?post=50917"}],"curies":[{"name":"wp","href":"https:\/\/api.w.org\/{rel}","templated":true}]}}