{"id":50923,"date":"2023-09-16T21:55:47","date_gmt":"2023-09-16T21:55:47","guid":{"rendered":"https:\/\/www.africa-press.net\/cameroun\/politique\/crise-a-la-fecafoot-samuel-etoo-regle-enfin-ses-comptes-et-fait-taire-tout-le-monde"},"modified":"2023-09-16T22:24:08","modified_gmt":"2023-09-16T22:24:08","slug":"crise-a-la-fecafoot-samuel-etoo-regle-enfin-ses-comptes-et-fait-taire-tout-le-monde","status":"publish","type":"post","link":"https:\/\/www.africa-press.net\/cameroun\/politique\/crise-a-la-fecafoot-samuel-etoo-regle-enfin-ses-comptes-et-fait-taire-tout-le-monde","title":{"rendered":"Crise \u00e0 la Fecafoot : Samuel Eto&rsquo;o r\u00e8gle enfin ses comptes et fait taire tout le monde"},"content":{"rendered":"<p><span style=\"color: #ff6600\"><strong>Africa-Press &#8211; Cameroun. <\/strong><\/span>Lors de la session ordinaire du Comite\u0301 Exe\u0301cutif de la Fecafoot qui s&rsquo;est tenue le 11 Septembre 2023 a\u0300 Garoua, plusieurs re\u0301solutions ont e\u0301te\u0301 prises dont le cas Guibai Gatama, Joseph Feutcheu et Henri Njalla Quan II.<\/p>\n<p>Re\u0301agissant aux de\u0301cisions du tribunal arbitral du sport TAS rendues le 15 aou\u0302t dernier, la Fe\u0301cafoot s&rsquo;engage a\u0300 mettre en \u0153uvre les sentences issues de cette de\u0301cision. Outre cet engagement, l&rsquo;instance adopte la modification des statuts du Code e\u0301lectoral et des re\u0300glements de la Fecafoot.<\/p>\n<p>Suite aux de\u0301missions de Henry Njalla Quan et Joseph Feutcheu, de nouveaux membres sont nomme\u0301s pour les remplacer au sein de la Fecafoot. Guibai Gatama est suspendu pour deux ans, suite a\u0300 des proble\u0300mes lie\u0301s a\u0300 son ancien club, Mokola FC.<\/p>\n<p>Dans ce contexte de crise au sein de la Fe\u0301de\u0301ration Camerounaise de Football (FECAFOOT), le pre\u0301sident Samuel Eto&rsquo;o a lance\u0301 un appel a\u0300 la re\u0301conciliation.<\/p>\n<p>\u00ab\u00a0Nos divergences de vue ne font pas de nous des adversaires ou des ennemis\u00a0\u00bb, a de\u0301clare\u0301 S.Eto&rsquo;o, invitant a\u0300 l&rsquo;unite\u0301 pour la refondation du football camerounais.<\/p>\n<p>\u00ab\u00a0Comme Son Excellence Monsieur Paul Biya, je me fais devant vous le mendiant de la paix, de la re\u0301conciliation et de la concorde au sein de notre grande famille du football. Afin d\u2019ame\u0301liorer notre feuille de route et pour la refondation de notre football, je tends la main a\u0300 nos fre\u0300res, en de\u0301saccord avec notre exe\u0301cutif \u00a0\u00bb a poursuivi le patron de la tour de Tsinga.<\/p>\n<p><strong>Pour plus d&rsquo;informations et d&rsquo;analyses sur la <a href=\"https:\/\/www.africa-press.net\/cameroun\">Cameroun<\/a>, suivez <a href=\"https:\/\/www.africa-press.net\/\">Africa-Press<\/a><\/strong><\/p>\n","protected":false},"excerpt":{"rendered":"<p>Africa-Press &#8211; Cameroun. Lors de la session ordinaire du Comite\u0301 Exe\u0301cutif de la Fecafoot qui s&rsquo;est tenue le 11 Septembre 2023 a\u0300 Garoua, plusieurs re\u0301solutions ont e\u0301te\u0301 prises dont le cas Guibai Gatama, Joseph Feutcheu et Henri Njalla Quan II. Re\u0301agissant aux de\u0301cisions du tribunal arbitral du sport TAS rendues le 15 aou\u0302t dernier, la [&hellip;]<\/p>\n","protected":false},"author":82,"featured_media":50921,"comment_status":"open","ping_status":"closed","sticky":false,"template":"","format":"standard","meta":{"footnotes":""},"categories":[2,10],"tags":[36,50,49],"class_list":["post-50923","post","type-post","status-publish","format-standard","has-post-thumbnail","hentry","category-politique","category-toutes-les-actualites","tag-africa-press","tag-africa-press-cameroun","tag-cameroun"],"yoast_head":"<!-- This site is optimized with the Yoast SEO Premium plugin v26.1 (Yoast SEO v27.0) - https:\/\/yoast.com\/product\/yoast-seo-premium-wordpress\/ -->\n<title>Crise \u00e0 la Fecafoot : Samuel Eto&#039;o r\u00e8gle enfin ses comptes et fait taire tout le monde - Cameroun<\/title>\n<meta name=\"description\" content=\"Lors de la session ordinaire du Comite\u0301 Exe\u0301cutif de la Fecafoot qui s&#039;est tenue le 11 Septembre 2023 a\u0300 Garoua, plusieu ...\" \/>\n<meta name=\"robots\" content=\"index, follow, max-snippet:-1, max-image-preview:large, max-video-preview:-1\" \/>\n<link rel=\"canonical\" href=\"https:\/\/www.africa-press.net\/cameroun\/politique\/crise-a-la-fecafoot-samuel-etoo-regle-enfin-ses-comptes-et-fait-taire-tout-le-monde\" \/>\n<meta property=\"og:locale\" content=\"fr_FR\" \/>\n<meta property=\"og:type\" content=\"article\" \/>\n<meta property=\"og:title\" content=\"Crise \u00e0 la Fecafoot : Samuel Eto&#039;o r\u00e8gle enfin ses comptes et fait taire tout le monde\" \/>\n<meta property=\"og:description\" content=\"Lors de la session ordinaire du Comite\u0301 Exe\u0301cutif de la Fecafoot qui s&#039;est tenue le 11 Septembre 2023 a\u0300 Garoua, plusieu ...\" \/>\n<meta property=\"og:url\" content=\"https:\/\/www.africa-press.net\/cameroun\/politique\/crise-a-la-fecafoot-samuel-etoo-regle-enfin-ses-comptes-et-fait-taire-tout-le-monde\" \/>\n<meta property=\"og:site_name\" content=\"Cameroun\" \/>\n<meta property=\"article:published_time\" content=\"2023-09-16T21:55:47+00:00\" \/>\n<meta property=\"article:modified_time\" content=\"2023-09-16T22:24:08+00:00\" \/>\n<meta property=\"og:image\" content=\"https:\/\/static.africa-press.net\/cameroun\/sites\/57\/2023\/09\/sm_1694890322.131809.jpg\" \/>\n\t<meta property=\"og:image:width\" content=\"720\" \/>\n\t<meta property=\"og:image:height\" content=\"480\" \/>\n\t<meta property=\"og:image:type\" content=\"image\/jpeg\" \/>\n<meta name=\"author\" content=\"cfeditorfr\" \/>\n<meta name=\"twitter:card\" content=\"summary_large_image\" \/>\n<meta name=\"twitter:label1\" content=\"\u00c9crit par\" \/>\n\t<meta name=\"twitter:data1\" content=\"cfeditorfr\" \/>\n\t<meta name=\"twitter:label2\" content=\"Dur\u00e9e de lecture estim\u00e9e\" \/>\n\t<meta name=\"twitter:data2\" content=\"1 minute\" \/>\n<script type=\"application\/ld+json\" class=\"yoast-schema-graph\">{\"@context\":\"https:\/\/schema.org\",\"@graph\":[{\"@type\":\"Article\",\"@id\":\"https:\/\/www.africa-press.net\/cameroun\/politique\/crise-a-la-fecafoot-samuel-etoo-regle-enfin-ses-comptes-et-fait-taire-tout-le-monde#article\",\"isPartOf\":{\"@id\":\"https:\/\/www.africa-press.net\/cameroun\/politique\/crise-a-la-fecafoot-samuel-etoo-regle-enfin-ses-comptes-et-fait-taire-tout-le-monde\"},\"author\":{\"name\":\"cfeditorfr\",\"@id\":\"https:\/\/www.africa-press.net\/cameroun\/#\/schema\/person\/2b1cf3cd81a31e3cd26889ca66d677f1\"},\"headline\":\"Crise \u00e0 la Fecafoot : Samuel Eto&rsquo;o r\u00e8gle enfin ses comptes et fait taire tout le monde\",\"datePublished\":\"2023-09-16T21:55:47+00:00\",\"dateModified\":\"2023-09-16T22:24:08+00:00\",\"mainEntityOfPage\":{\"@id\":\"https:\/\/www.africa-press.net\/cameroun\/politique\/crise-a-la-fecafoot-samuel-etoo-regle-enfin-ses-comptes-et-fait-taire-tout-le-monde\"},\"wordCount\":300,\"commentCount\":0,\"image\":{\"@id\":\"https:\/\/www.africa-press.net\/cameroun\/politique\/crise-a-la-fecafoot-samuel-etoo-regle-enfin-ses-comptes-et-fait-taire-tout-le-monde#primaryimage\"},\"thumbnailUrl\":\"https:\/\/static.africa-press.net\/cameroun\/sites\/57\/2023\/09\/sm_1694890322.131809.jpg\",\"keywords\":[\"Africa Press\",\"Africa Press-Cameroun\",\"Cameroun\"],\"articleSection\":[\"Politique\",\"Toutes les actualit\u00e9s\"],\"inLanguage\":\"fr-FR\",\"potentialAction\":[{\"@type\":\"CommentAction\",\"name\":\"Comment\",\"target\":[\"https:\/\/www.africa-press.net\/cameroun\/politique\/crise-a-la-fecafoot-samuel-etoo-regle-enfin-ses-comptes-et-fait-taire-tout-le-monde#respond\"]}]},{\"@type\":\"WebPage\",\"@id\":\"https:\/\/www.africa-press.net\/cameroun\/politique\/crise-a-la-fecafoot-samuel-etoo-regle-enfin-ses-comptes-et-fait-taire-tout-le-monde\",\"url\":\"https:\/\/www.africa-press.net\/cameroun\/politique\/crise-a-la-fecafoot-samuel-etoo-regle-enfin-ses-comptes-et-fait-taire-tout-le-monde\",\"name\":\"Crise \u00e0 la Fecafoot : Samuel Eto'o r\u00e8gle enfin ses comptes et fait taire tout le monde - Cameroun\",\"isPartOf\":{\"@id\":\"https:\/\/www.africa-press.net\/cameroun\/#website\"},\"primaryImageOfPage\":{\"@id\":\"https:\/\/www.africa-press.net\/cameroun\/politique\/crise-a-la-fecafoot-samuel-etoo-regle-enfin-ses-comptes-et-fait-taire-tout-le-monde#primaryimage\"},\"image\":{\"@id\":\"https:\/\/www.africa-press.net\/cameroun\/politique\/crise-a-la-fecafoot-samuel-etoo-regle-enfin-ses-comptes-et-fait-taire-tout-le-monde#primaryimage\"},\"thumbnailUrl\":\"https:\/\/static.africa-press.net\/cameroun\/sites\/57\/2023\/09\/sm_1694890322.131809.jpg\",\"datePublished\":\"2023-09-16T21:55:47+00:00\",\"dateModified\":\"2023-09-16T22:24:08+00:00\",\"author\":{\"@id\":\"https:\/\/www.africa-press.net\/cameroun\/#\/schema\/person\/2b1cf3cd81a31e3cd26889ca66d677f1\"},\"description\":\"Lors de la session ordinaire du Comite\u0301 Exe\u0301cutif de la Fecafoot qui s'est tenue le 11 Septembre 2023 a\u0300 Garoua, plusieu ...\",\"breadcrumb\":{\"@id\":\"https:\/\/www.africa-press.net\/cameroun\/politique\/crise-a-la-fecafoot-samuel-etoo-regle-enfin-ses-comptes-et-fait-taire-tout-le-monde#breadcrumb\"},\"inLanguage\":\"fr-FR\",\"potentialAction\":[{\"@type\":\"ReadAction\",\"target\":[\"https:\/\/www.africa-press.net\/cameroun\/politique\/crise-a-la-fecafoot-samuel-etoo-regle-enfin-ses-comptes-et-fait-taire-tout-le-monde\"]}]},{\"@type\":\"ImageObject\",\"inLanguage\":\"fr-FR\",\"@id\":\"https:\/\/www.africa-press.net\/cameroun\/politique\/crise-a-la-fecafoot-samuel-etoo-regle-enfin-ses-comptes-et-fait-taire-tout-le-monde#primaryimage\",\"url\":\"https:\/\/static.africa-press.net\/cameroun\/sites\/57\/2023\/09\/sm_1694890322.131809.jpg\",\"contentUrl\":\"https:\/\/static.africa-press.net\/cameroun\/sites\/57\/2023\/09\/sm_1694890322.131809.jpg\",\"width\":720,\"height\":480,\"caption\":\"Crise \u00e0 la Fecafoot : Samuel Eto'o r\u00e8gle enfin ses comptes et fait taire tout le monde\"},{\"@type\":\"BreadcrumbList\",\"@id\":\"https:\/\/www.africa-press.net\/cameroun\/politique\/crise-a-la-fecafoot-samuel-etoo-regle-enfin-ses-comptes-et-fait-taire-tout-le-monde#breadcrumb\",\"itemListElement\":[{\"@type\":\"ListItem\",\"position\":1,\"name\":\"Accueil\",\"item\":\"https:\/\/www.africa-press.net\/cameroun\/\"},{\"@type\":\"ListItem\",\"position\":2,\"name\":\"Crise \u00e0 la Fecafoot : Samuel Eto&#8217;o r\u00e8gle enfin ses comptes et fait taire tout le monde\"}]},{\"@type\":\"WebSite\",\"@id\":\"https:\/\/www.africa-press.net\/cameroun\/#website\",\"url\":\"https:\/\/www.africa-press.net\/cameroun\/\",\"name\":\"Cameroun\",\"description\":\"Just another Africa News Agency Sites site\",\"potentialAction\":[{\"@type\":\"SearchAction\",\"target\":{\"@type\":\"EntryPoint\",\"urlTemplate\":\"https:\/\/www.africa-press.net\/cameroun\/?s={search_term_string}\"},\"query-input\":{\"@type\":\"PropertyValueSpecification\",\"valueRequired\":true,\"valueName\":\"search_term_string\"}}],\"inLanguage\":\"fr-FR\"},{\"@type\":\"Person\",\"@id\":\"https:\/\/www.africa-press.net\/cameroun\/#\/schema\/person\/2b1cf3cd81a31e3cd26889ca66d677f1\",\"name\":\"cfeditorfr\"}]}<\/script>\n<!-- \/ Yoast SEO Premium plugin. -->","yoast_head_json":{"title":"Crise \u00e0 la Fecafoot : Samuel Eto'o r\u00e8gle enfin ses comptes et fait taire tout le monde - Cameroun","description":"Lors de la session ordinaire du Comite\u0301 Exe\u0301cutif de la Fecafoot qui s'est tenue le 11 Septembre 2023 a\u0300 Garoua, plusieu ...","robots":{"index":"index","follow":"follow","max-snippet":"max-snippet:-1","max-image-preview":"max-image-preview:large","max-video-preview":"max-video-preview:-1"},"canonical":"https:\/\/www.africa-press.net\/cameroun\/politique\/crise-a-la-fecafoot-samuel-etoo-regle-enfin-ses-comptes-et-fait-taire-tout-le-monde","og_locale":"fr_FR","og_type":"article","og_title":"Crise \u00e0 la Fecafoot : Samuel Eto'o r\u00e8gle enfin ses comptes et fait taire tout le monde","og_description":"Lors de la session ordinaire du Comite\u0301 Exe\u0301cutif de la Fecafoot qui s'est tenue le 11 Septembre 2023 a\u0300 Garoua, plusieu ...","og_url":"https:\/\/www.africa-press.net\/cameroun\/politique\/crise-a-la-fecafoot-samuel-etoo-regle-enfin-ses-comptes-et-fait-taire-tout-le-monde","og_site_name":"Cameroun","article_published_time":"2023-09-16T21:55:47+00:00","article_modified_time":"2023-09-16T22:24:08+00:00","og_image":[{"width":720,"height":480,"url":"https:\/\/static.africa-press.net\/cameroun\/sites\/57\/2023\/09\/sm_1694890322.131809.jpg","type":"image\/jpeg"}],"author":"cfeditorfr","twitter_card":"summary_large_image","twitter_misc":{"\u00c9crit par":"cfeditorfr","Dur\u00e9e de lecture estim\u00e9e":"1 minute"},"schema":{"@context":"https:\/\/schema.org","@graph":[{"@type":"Article","@id":"https:\/\/www.africa-press.net\/cameroun\/politique\/crise-a-la-fecafoot-samuel-etoo-regle-enfin-ses-comptes-et-fait-taire-tout-le-monde#article","isPartOf":{"@id":"https:\/\/www.africa-press.net\/cameroun\/politique\/crise-a-la-fecafoot-samuel-etoo-regle-enfin-ses-comptes-et-fait-taire-tout-le-monde"},"author":{"name":"cfeditorfr","@id":"https:\/\/www.africa-press.net\/cameroun\/#\/schema\/person\/2b1cf3cd81a31e3cd26889ca66d677f1"},"headline":"Crise \u00e0 la Fecafoot : Samuel Eto&rsquo;o r\u00e8gle enfin ses comptes et fait taire tout le monde","datePublished":"2023-09-16T21:55:47+00:00","dateModified":"2023-09-16T22:24:08+00:00","mainEntityOfPage":{"@id":"https:\/\/www.africa-press.net\/cameroun\/politique\/crise-a-la-fecafoot-samuel-etoo-regle-enfin-ses-comptes-et-fait-taire-tout-le-monde"},"wordCount":300,"commentCount":0,"image":{"@id":"https:\/\/www.africa-press.net\/cameroun\/politique\/crise-a-la-fecafoot-samuel-etoo-regle-enfin-ses-comptes-et-fait-taire-tout-le-monde#primaryimage"},"thumbnailUrl":"https:\/\/static.africa-press.net\/cameroun\/sites\/57\/2023\/09\/sm_1694890322.131809.jpg","keywords":["Africa Press","Africa Press-Cameroun","Cameroun"],"articleSection":["Politique","Toutes les actualit\u00e9s"],"inLanguage":"fr-FR","potentialAction":[{"@type":"CommentAction","name":"Comment","target":["https:\/\/www.africa-press.net\/cameroun\/politique\/crise-a-la-fecafoot-samuel-etoo-regle-enfin-ses-comptes-et-fait-taire-tout-le-monde#respond"]}]},{"@type":"WebPage","@id":"https:\/\/www.africa-press.net\/cameroun\/politique\/crise-a-la-fecafoot-samuel-etoo-regle-enfin-ses-comptes-et-fait-taire-tout-le-monde","url":"https:\/\/www.africa-press.net\/cameroun\/politique\/crise-a-la-fecafoot-samuel-etoo-regle-enfin-ses-comptes-et-fait-taire-tout-le-monde","name":"Crise \u00e0 la Fecafoot : Samuel Eto'o r\u00e8gle enfin ses comptes et fait taire tout le monde - Cameroun","isPartOf":{"@id":"https:\/\/www.africa-press.net\/cameroun\/#website"},"primaryImageOfPage":{"@id":"https:\/\/www.africa-press.net\/cameroun\/politique\/crise-a-la-fecafoot-samuel-etoo-regle-enfin-ses-comptes-et-fait-taire-tout-le-monde#primaryimage"},"image":{"@id":"https:\/\/www.africa-press.net\/cameroun\/politique\/crise-a-la-fecafoot-samuel-etoo-regle-enfin-ses-comptes-et-fait-taire-tout-le-monde#primaryimage"},"thumbnailUrl":"https:\/\/static.africa-press.net\/cameroun\/sites\/57\/2023\/09\/sm_1694890322.131809.jpg","datePublished":"2023-09-16T21:55:47+00:00","dateModified":"2023-09-16T22:24:08+00:00","author":{"@id":"https:\/\/www.africa-press.net\/cameroun\/#\/schema\/person\/2b1cf3cd81a31e3cd26889ca66d677f1"},"description":"Lors de la session ordinaire du Comite\u0301 Exe\u0301cutif de la Fecafoot qui s'est tenue le 11 Septembre 2023 a\u0300 Garoua, plusieu ...","breadcrumb":{"@id":"https:\/\/www.africa-press.net\/cameroun\/politique\/crise-a-la-fecafoot-samuel-etoo-regle-enfin-ses-comptes-et-fait-taire-tout-le-monde#breadcrumb"},"inLanguage":"fr-FR","potentialAction":[{"@type":"ReadAction","target":["https:\/\/www.africa-press.net\/cameroun\/politique\/crise-a-la-fecafoot-samuel-etoo-regle-enfin-ses-comptes-et-fait-taire-tout-le-monde"]}]},{"@type":"ImageObject","inLanguage":"fr-FR","@id":"https:\/\/www.africa-press.net\/cameroun\/politique\/crise-a-la-fecafoot-samuel-etoo-regle-enfin-ses-comptes-et-fait-taire-tout-le-monde#primaryimage","url":"https:\/\/static.africa-press.net\/cameroun\/sites\/57\/2023\/09\/sm_1694890322.131809.jpg","contentUrl":"https:\/\/static.africa-press.net\/cameroun\/sites\/57\/2023\/09\/sm_1694890322.131809.jpg","width":720,"height":480,"caption":"Crise \u00e0 la Fecafoot : Samuel Eto'o r\u00e8gle enfin ses comptes et fait taire tout le monde"},{"@type":"BreadcrumbList","@id":"https:\/\/www.africa-press.net\/cameroun\/politique\/crise-a-la-fecafoot-samuel-etoo-regle-enfin-ses-comptes-et-fait-taire-tout-le-monde#breadcrumb","itemListElement":[{"@type":"ListItem","position":1,"name":"Accueil","item":"https:\/\/www.africa-press.net\/cameroun\/"},{"@type":"ListItem","position":2,"name":"Crise \u00e0 la Fecafoot : Samuel Eto&#8217;o r\u00e8gle enfin ses comptes et fait taire tout le monde"}]},{"@type":"WebSite","@id":"https:\/\/www.africa-press.net\/cameroun\/#website","url":"https:\/\/www.africa-press.net\/cameroun\/","name":"Cameroun","description":"Just another Africa News Agency Sites site","potentialAction":[{"@type":"SearchAction","target":{"@type":"EntryPoint","urlTemplate":"https:\/\/www.africa-press.net\/cameroun\/?s={search_term_string}"},"query-input":{"@type":"PropertyValueSpecification","valueRequired":true,"valueName":"search_term_string"}}],"inLanguage":"fr-FR"},{"@type":"Person","@id":"https:\/\/www.africa-press.net\/cameroun\/#\/schema\/person\/2b1cf3cd81a31e3cd26889ca66d677f1","name":"cfeditorfr"}]}},"_links":{"self":[{"href":"https:\/\/www.africa-press.net\/cameroun\/wp-json\/wp\/v2\/posts\/50923","targetHints":{"allow":["GET"]}}],"collection":[{"href":"https:\/\/www.africa-press.net\/cameroun\/wp-json\/wp\/v2\/posts"}],"about":[{"href":"https:\/\/www.africa-press.net\/cameroun\/wp-json\/wp\/v2\/types\/post"}],"author":[{"embeddable":true,"href":"https:\/\/www.africa-press.net\/cameroun\/wp-json\/wp\/v2\/users\/82"}],"replies":[{"embeddable":true,"href":"https:\/\/www.africa-press.net\/cameroun\/wp-json\/wp\/v2\/comments?post=50923"}],"version-history":[{"count":0,"href":"https:\/\/www.africa-press.net\/cameroun\/wp-json\/wp\/v2\/posts\/50923\/revisions"}],"wp:featuredmedia":[{"embeddable":true,"href":"https:\/\/www.africa-press.net\/cameroun\/wp-json\/wp\/v2\/media\/50921"}],"wp:attachment":[{"href":"https:\/\/www.africa-press.net\/cameroun\/wp-json\/wp\/v2\/media?parent=50923"}],"wp:term":[{"taxonomy":"category","embeddable":true,"href":"https:\/\/www.africa-press.net\/cameroun\/wp-json\/wp\/v2\/categories?post=50923"},{"taxonomy":"post_tag","embeddable":true,"href":"https:\/\/www.africa-press.net\/cameroun\/wp-json\/wp\/v2\/tags?post=50923"}],"curies":[{"name":"wp","href":"https:\/\/api.w.org\/{rel}","templated":true}]}}