{"id":50925,"date":"2023-09-16T21:55:53","date_gmt":"2023-09-16T21:55:53","guid":{"rendered":"https:\/\/www.africa-press.net\/cameroun\/politique\/mamadou-mota-du-mrc-trouve-le-courage-de-cracher-publiquement-sur-le-visage-de-biya"},"modified":"2023-09-16T22:24:47","modified_gmt":"2023-09-16T22:24:47","slug":"mamadou-mota-du-mrc-trouve-le-courage-de-cracher-publiquement-sur-le-visage-de-biya","status":"publish","type":"post","link":"https:\/\/www.africa-press.net\/cameroun\/politique\/mamadou-mota-du-mrc-trouve-le-courage-de-cracher-publiquement-sur-le-visage-de-biya","title":{"rendered":"Mamadou Mota du MRC trouve le courage de cracher publiquement sur le visage de Biya"},"content":{"rendered":"<p><span style=\"color: #ff6600\"><strong>Africa-Press &#8211; Cameroun. <\/strong><\/span>Marre d&rsquo;une administration qui chante la gloire du pre\u0301sident du RDPC, d&rsquo;une administration qui fait dans le tribalisme a\u0300 outrance, le Vice-pre\u0301sident national du MRC, Mamadou Mota a re\u0301ussi a\u0300 cracher au visage du Paul Biya.<\/p>\n<p>Dans une sortie intitule\u0301e \u00ab\u00a0Le ro\u0302le de l&rsquo;administration\u00a0\u00bb, l&rsquo;homme politique a re\u0301ussi l&rsquo;exploit de cacher ce qu&rsquo;il a sur le c\u0153ur, a\u0300 haut et intelligible manie\u0300re, cette re\u0301alite\u0301 que tout le monde voit et pense tout bas.<\/p>\n<p>Le texte est certes plus long que ceux qu&rsquo;il a l&rsquo;habitude de publier, mais Mamadou Mota invite les Camerounais a\u0300 la prise de conscience.<\/p>\n<p>Ci-dessous la sortie de Mamadou Mota<\/p>\n<p>\u00ab\u00a0Depuis l&rsquo;abandon de l&rsquo;administration a\u0300 une clique d&rsquo;opportunistes par un re\u0301gime paresseux, myope quant a\u0300 la programmation et a\u0300 la gestion efficace de la chose publique, les incompe\u0301tents dont les seules expe\u0301riences requises reposent sur leur capacite\u0301 a\u0300 chanter a\u0300 la gloire du pre\u0301sident du RDPC ont infeste\u0301 l&rsquo;administration&#8230; aujourd&rsquo;hui, la fonction publique est devenue l&rsquo;expression du tribalisme a\u0300 outrance, le sanctuaire du mouchardage ou\u0300 les simples principes de l&rsquo;administration ne sont plus respecte\u0301es ni me\u0302me observe\u0301es.<\/p>\n<p>Les policier et gendarmes ne font plus du renseignement, l&rsquo;opposant est leur pire ennemi mais font corps avec les grands bandits et les Terroristes les plus inhumains. Comment attrapent-ils? Les brigands ? Ils ont des complicite\u0301s avec tous mes bandits. Ex: tous mes policier de Yaounde\u0301 savaient que Ngitta vendaient du cailloux&#8230; il fallait que la rumeur soit persistante pour qu&rsquo;il soit livre\u0301.<\/p>\n<p>Les gouverneurs , sous-pre\u0301fet et pre\u0301fet ont perdu de vue leur Rome de transmettre a\u0300 la haute hie\u0301rarchie les proble\u0300mes des populations sous leur commandement pour reprendre ce mot a\u0300 connotation coloniale , ils sont devenus des Neron, ils bru\u0302lent, menacent , nient les situations insupportables par des populations qui croupissent dans la mise\u0300re noire ..<\/p>\n<p>Ex: Midjiyawa, en 2017 alors que le Mindel du Minagri e\u0301tait avec lui sur le terrain, elle voit bien le champ desse\u0301cher, l&rsquo;expe\u0301rience d&rsquo;une famine certaine, devant de\u0301pute\u0301s et autres personnalite\u0301s, le gouverneur a\u0300 de\u0301clare\u0301e que la situation est sur contro\u0302le. Que retenir d&rsquo;un gouverneur qui manipule les releve\u0301es pluviome\u0301triques?<\/p>\n<p>Awa, retraite\u0301 comme Midjiwa et kildadi, font des mains et des pieds pour que les professeurs ne puissent pas vivre heureux apre\u0300s toute ces anne\u0301es passe\u0301es a\u0300 servir.. Le ro\u0302le du gouverneur est-il de brimer ?<\/p>\n<p>Les sous-pre\u0301fet et pre\u0301fet, croissent qui va e\u0302tre chef, montent les e\u0301leveurs contre les agriculteurs , alimentent les guerres&#8230; ex: Logone et chari.<\/p>\n<p>Notre administration a besoin des hommes de c\u0153ur, nous sommes dans une mafia ou chaque fonctionnaire a\u0300 cre\u0301e\u0301 sa part de Sicile&#8230; C\u0327a doit cesser\u00a0\u00bb.<\/p>\n<p><strong>Pour plus d&rsquo;informations et d&rsquo;analyses sur la <a href=\"https:\/\/www.africa-press.net\/cameroun\">Cameroun<\/a>, suivez <a href=\"https:\/\/www.africa-press.net\/\">Africa-Press<\/a><\/strong><\/p>\n","protected":false},"excerpt":{"rendered":"<p>Africa-Press &#8211; Cameroun. Marre d&rsquo;une administration qui chante la gloire du pre\u0301sident du RDPC, d&rsquo;une administration qui fait dans le tribalisme a\u0300 outrance, le Vice-pre\u0301sident national du MRC, Mamadou Mota a re\u0301ussi a\u0300 cracher au visage du Paul Biya. Dans une sortie intitule\u0301e \u00ab\u00a0Le ro\u0302le de l&rsquo;administration\u00a0\u00bb, l&rsquo;homme politique a re\u0301ussi l&rsquo;exploit de cacher ce [&hellip;]<\/p>\n","protected":false},"author":82,"featured_media":50924,"comment_status":"open","ping_status":"closed","sticky":false,"template":"","format":"standard","meta":{"footnotes":""},"categories":[2,10],"tags":[36,50,49],"class_list":["post-50925","post","type-post","status-publish","format-standard","has-post-thumbnail","hentry","category-politique","category-toutes-les-actualites","tag-africa-press","tag-africa-press-cameroun","tag-cameroun"],"yoast_head":"<!-- This site is optimized with the Yoast SEO Premium plugin v26.1 (Yoast SEO v27.0) - https:\/\/yoast.com\/product\/yoast-seo-premium-wordpress\/ -->\n<title>Mamadou Mota du MRC trouve le courage de cracher publiquement sur le visage de Biya - Cameroun<\/title>\n<meta name=\"description\" content=\"Marre d&#039;une administration qui chante la gloire du pre\u0301sident du RDPC, d&#039;une administration qui fait dans le tribalisme ...\" \/>\n<meta name=\"robots\" content=\"index, follow, max-snippet:-1, max-image-preview:large, max-video-preview:-1\" \/>\n<link rel=\"canonical\" href=\"https:\/\/www.africa-press.net\/cameroun\/politique\/mamadou-mota-du-mrc-trouve-le-courage-de-cracher-publiquement-sur-le-visage-de-biya\" \/>\n<meta property=\"og:locale\" content=\"fr_FR\" \/>\n<meta property=\"og:type\" content=\"article\" \/>\n<meta property=\"og:title\" content=\"Mamadou Mota du MRC trouve le courage de cracher publiquement sur le visage de Biya\" \/>\n<meta property=\"og:description\" content=\"Marre d&#039;une administration qui chante la gloire du pre\u0301sident du RDPC, d&#039;une administration qui fait dans le tribalisme ...\" \/>\n<meta property=\"og:url\" content=\"https:\/\/www.africa-press.net\/cameroun\/politique\/mamadou-mota-du-mrc-trouve-le-courage-de-cracher-publiquement-sur-le-visage-de-biya\" \/>\n<meta property=\"og:site_name\" content=\"Cameroun\" \/>\n<meta property=\"article:published_time\" content=\"2023-09-16T21:55:53+00:00\" \/>\n<meta property=\"article:modified_time\" content=\"2023-09-16T22:24:47+00:00\" \/>\n<meta property=\"og:image\" content=\"https:\/\/static.africa-press.net\/cameroun\/sites\/57\/2023\/09\/sm_1694890361.058891.jpg\" \/>\n\t<meta property=\"og:image:width\" content=\"720\" \/>\n\t<meta property=\"og:image:height\" content=\"360\" \/>\n\t<meta property=\"og:image:type\" content=\"image\/jpeg\" \/>\n<meta name=\"author\" content=\"cfeditorfr\" \/>\n<meta name=\"twitter:card\" content=\"summary_large_image\" \/>\n<meta name=\"twitter:label1\" content=\"\u00c9crit par\" \/>\n\t<meta name=\"twitter:data1\" content=\"cfeditorfr\" \/>\n\t<meta name=\"twitter:label2\" content=\"Dur\u00e9e de lecture estim\u00e9e\" \/>\n\t<meta name=\"twitter:data2\" content=\"3 minutes\" \/>\n<script type=\"application\/ld+json\" class=\"yoast-schema-graph\">{\"@context\":\"https:\/\/schema.org\",\"@graph\":[{\"@type\":\"Article\",\"@id\":\"https:\/\/www.africa-press.net\/cameroun\/politique\/mamadou-mota-du-mrc-trouve-le-courage-de-cracher-publiquement-sur-le-visage-de-biya#article\",\"isPartOf\":{\"@id\":\"https:\/\/www.africa-press.net\/cameroun\/politique\/mamadou-mota-du-mrc-trouve-le-courage-de-cracher-publiquement-sur-le-visage-de-biya\"},\"author\":{\"name\":\"cfeditorfr\",\"@id\":\"https:\/\/www.africa-press.net\/cameroun\/#\/schema\/person\/2b1cf3cd81a31e3cd26889ca66d677f1\"},\"headline\":\"Mamadou Mota du MRC trouve le courage de cracher publiquement sur le visage de Biya\",\"datePublished\":\"2023-09-16T21:55:53+00:00\",\"dateModified\":\"2023-09-16T22:24:47+00:00\",\"mainEntityOfPage\":{\"@id\":\"https:\/\/www.africa-press.net\/cameroun\/politique\/mamadou-mota-du-mrc-trouve-le-courage-de-cracher-publiquement-sur-le-visage-de-biya\"},\"wordCount\":520,\"commentCount\":0,\"image\":{\"@id\":\"https:\/\/www.africa-press.net\/cameroun\/politique\/mamadou-mota-du-mrc-trouve-le-courage-de-cracher-publiquement-sur-le-visage-de-biya#primaryimage\"},\"thumbnailUrl\":\"https:\/\/static.africa-press.net\/cameroun\/sites\/57\/2023\/09\/sm_1694890361.058891.jpg\",\"keywords\":[\"Africa Press\",\"Africa Press-Cameroun\",\"Cameroun\"],\"articleSection\":[\"Politique\",\"Toutes les actualit\u00e9s\"],\"inLanguage\":\"fr-FR\",\"potentialAction\":[{\"@type\":\"CommentAction\",\"name\":\"Comment\",\"target\":[\"https:\/\/www.africa-press.net\/cameroun\/politique\/mamadou-mota-du-mrc-trouve-le-courage-de-cracher-publiquement-sur-le-visage-de-biya#respond\"]}]},{\"@type\":\"WebPage\",\"@id\":\"https:\/\/www.africa-press.net\/cameroun\/politique\/mamadou-mota-du-mrc-trouve-le-courage-de-cracher-publiquement-sur-le-visage-de-biya\",\"url\":\"https:\/\/www.africa-press.net\/cameroun\/politique\/mamadou-mota-du-mrc-trouve-le-courage-de-cracher-publiquement-sur-le-visage-de-biya\",\"name\":\"Mamadou Mota du MRC trouve le courage de cracher publiquement sur le visage de Biya - Cameroun\",\"isPartOf\":{\"@id\":\"https:\/\/www.africa-press.net\/cameroun\/#website\"},\"primaryImageOfPage\":{\"@id\":\"https:\/\/www.africa-press.net\/cameroun\/politique\/mamadou-mota-du-mrc-trouve-le-courage-de-cracher-publiquement-sur-le-visage-de-biya#primaryimage\"},\"image\":{\"@id\":\"https:\/\/www.africa-press.net\/cameroun\/politique\/mamadou-mota-du-mrc-trouve-le-courage-de-cracher-publiquement-sur-le-visage-de-biya#primaryimage\"},\"thumbnailUrl\":\"https:\/\/static.africa-press.net\/cameroun\/sites\/57\/2023\/09\/sm_1694890361.058891.jpg\",\"datePublished\":\"2023-09-16T21:55:53+00:00\",\"dateModified\":\"2023-09-16T22:24:47+00:00\",\"author\":{\"@id\":\"https:\/\/www.africa-press.net\/cameroun\/#\/schema\/person\/2b1cf3cd81a31e3cd26889ca66d677f1\"},\"description\":\"Marre d'une administration qui chante la gloire du pre\u0301sident du RDPC, d'une administration qui fait dans le tribalisme ...\",\"breadcrumb\":{\"@id\":\"https:\/\/www.africa-press.net\/cameroun\/politique\/mamadou-mota-du-mrc-trouve-le-courage-de-cracher-publiquement-sur-le-visage-de-biya#breadcrumb\"},\"inLanguage\":\"fr-FR\",\"potentialAction\":[{\"@type\":\"ReadAction\",\"target\":[\"https:\/\/www.africa-press.net\/cameroun\/politique\/mamadou-mota-du-mrc-trouve-le-courage-de-cracher-publiquement-sur-le-visage-de-biya\"]}]},{\"@type\":\"ImageObject\",\"inLanguage\":\"fr-FR\",\"@id\":\"https:\/\/www.africa-press.net\/cameroun\/politique\/mamadou-mota-du-mrc-trouve-le-courage-de-cracher-publiquement-sur-le-visage-de-biya#primaryimage\",\"url\":\"https:\/\/static.africa-press.net\/cameroun\/sites\/57\/2023\/09\/sm_1694890361.058891.jpg\",\"contentUrl\":\"https:\/\/static.africa-press.net\/cameroun\/sites\/57\/2023\/09\/sm_1694890361.058891.jpg\",\"width\":720,\"height\":360,\"caption\":\"Mamadou Mota du MRC trouve le courage de cracher publiquement sur le visage de Biya\"},{\"@type\":\"BreadcrumbList\",\"@id\":\"https:\/\/www.africa-press.net\/cameroun\/politique\/mamadou-mota-du-mrc-trouve-le-courage-de-cracher-publiquement-sur-le-visage-de-biya#breadcrumb\",\"itemListElement\":[{\"@type\":\"ListItem\",\"position\":1,\"name\":\"Accueil\",\"item\":\"https:\/\/www.africa-press.net\/cameroun\/\"},{\"@type\":\"ListItem\",\"position\":2,\"name\":\"Mamadou Mota du MRC trouve le courage de cracher publiquement sur le visage de Biya\"}]},{\"@type\":\"WebSite\",\"@id\":\"https:\/\/www.africa-press.net\/cameroun\/#website\",\"url\":\"https:\/\/www.africa-press.net\/cameroun\/\",\"name\":\"Cameroun\",\"description\":\"Just another Africa News Agency Sites site\",\"potentialAction\":[{\"@type\":\"SearchAction\",\"target\":{\"@type\":\"EntryPoint\",\"urlTemplate\":\"https:\/\/www.africa-press.net\/cameroun\/?s={search_term_string}\"},\"query-input\":{\"@type\":\"PropertyValueSpecification\",\"valueRequired\":true,\"valueName\":\"search_term_string\"}}],\"inLanguage\":\"fr-FR\"},{\"@type\":\"Person\",\"@id\":\"https:\/\/www.africa-press.net\/cameroun\/#\/schema\/person\/2b1cf3cd81a31e3cd26889ca66d677f1\",\"name\":\"cfeditorfr\"}]}<\/script>\n<!-- \/ Yoast SEO Premium plugin. -->","yoast_head_json":{"title":"Mamadou Mota du MRC trouve le courage de cracher publiquement sur le visage de Biya - Cameroun","description":"Marre d'une administration qui chante la gloire du pre\u0301sident du RDPC, d'une administration qui fait dans le tribalisme ...","robots":{"index":"index","follow":"follow","max-snippet":"max-snippet:-1","max-image-preview":"max-image-preview:large","max-video-preview":"max-video-preview:-1"},"canonical":"https:\/\/www.africa-press.net\/cameroun\/politique\/mamadou-mota-du-mrc-trouve-le-courage-de-cracher-publiquement-sur-le-visage-de-biya","og_locale":"fr_FR","og_type":"article","og_title":"Mamadou Mota du MRC trouve le courage de cracher publiquement sur le visage de Biya","og_description":"Marre d'une administration qui chante la gloire du pre\u0301sident du RDPC, d'une administration qui fait dans le tribalisme ...","og_url":"https:\/\/www.africa-press.net\/cameroun\/politique\/mamadou-mota-du-mrc-trouve-le-courage-de-cracher-publiquement-sur-le-visage-de-biya","og_site_name":"Cameroun","article_published_time":"2023-09-16T21:55:53+00:00","article_modified_time":"2023-09-16T22:24:47+00:00","og_image":[{"width":720,"height":360,"url":"https:\/\/static.africa-press.net\/cameroun\/sites\/57\/2023\/09\/sm_1694890361.058891.jpg","type":"image\/jpeg"}],"author":"cfeditorfr","twitter_card":"summary_large_image","twitter_misc":{"\u00c9crit par":"cfeditorfr","Dur\u00e9e de lecture estim\u00e9e":"3 minutes"},"schema":{"@context":"https:\/\/schema.org","@graph":[{"@type":"Article","@id":"https:\/\/www.africa-press.net\/cameroun\/politique\/mamadou-mota-du-mrc-trouve-le-courage-de-cracher-publiquement-sur-le-visage-de-biya#article","isPartOf":{"@id":"https:\/\/www.africa-press.net\/cameroun\/politique\/mamadou-mota-du-mrc-trouve-le-courage-de-cracher-publiquement-sur-le-visage-de-biya"},"author":{"name":"cfeditorfr","@id":"https:\/\/www.africa-press.net\/cameroun\/#\/schema\/person\/2b1cf3cd81a31e3cd26889ca66d677f1"},"headline":"Mamadou Mota du MRC trouve le courage de cracher publiquement sur le visage de Biya","datePublished":"2023-09-16T21:55:53+00:00","dateModified":"2023-09-16T22:24:47+00:00","mainEntityOfPage":{"@id":"https:\/\/www.africa-press.net\/cameroun\/politique\/mamadou-mota-du-mrc-trouve-le-courage-de-cracher-publiquement-sur-le-visage-de-biya"},"wordCount":520,"commentCount":0,"image":{"@id":"https:\/\/www.africa-press.net\/cameroun\/politique\/mamadou-mota-du-mrc-trouve-le-courage-de-cracher-publiquement-sur-le-visage-de-biya#primaryimage"},"thumbnailUrl":"https:\/\/static.africa-press.net\/cameroun\/sites\/57\/2023\/09\/sm_1694890361.058891.jpg","keywords":["Africa Press","Africa Press-Cameroun","Cameroun"],"articleSection":["Politique","Toutes les actualit\u00e9s"],"inLanguage":"fr-FR","potentialAction":[{"@type":"CommentAction","name":"Comment","target":["https:\/\/www.africa-press.net\/cameroun\/politique\/mamadou-mota-du-mrc-trouve-le-courage-de-cracher-publiquement-sur-le-visage-de-biya#respond"]}]},{"@type":"WebPage","@id":"https:\/\/www.africa-press.net\/cameroun\/politique\/mamadou-mota-du-mrc-trouve-le-courage-de-cracher-publiquement-sur-le-visage-de-biya","url":"https:\/\/www.africa-press.net\/cameroun\/politique\/mamadou-mota-du-mrc-trouve-le-courage-de-cracher-publiquement-sur-le-visage-de-biya","name":"Mamadou Mota du MRC trouve le courage de cracher publiquement sur le visage de Biya - Cameroun","isPartOf":{"@id":"https:\/\/www.africa-press.net\/cameroun\/#website"},"primaryImageOfPage":{"@id":"https:\/\/www.africa-press.net\/cameroun\/politique\/mamadou-mota-du-mrc-trouve-le-courage-de-cracher-publiquement-sur-le-visage-de-biya#primaryimage"},"image":{"@id":"https:\/\/www.africa-press.net\/cameroun\/politique\/mamadou-mota-du-mrc-trouve-le-courage-de-cracher-publiquement-sur-le-visage-de-biya#primaryimage"},"thumbnailUrl":"https:\/\/static.africa-press.net\/cameroun\/sites\/57\/2023\/09\/sm_1694890361.058891.jpg","datePublished":"2023-09-16T21:55:53+00:00","dateModified":"2023-09-16T22:24:47+00:00","author":{"@id":"https:\/\/www.africa-press.net\/cameroun\/#\/schema\/person\/2b1cf3cd81a31e3cd26889ca66d677f1"},"description":"Marre d'une administration qui chante la gloire du pre\u0301sident du RDPC, d'une administration qui fait dans le tribalisme ...","breadcrumb":{"@id":"https:\/\/www.africa-press.net\/cameroun\/politique\/mamadou-mota-du-mrc-trouve-le-courage-de-cracher-publiquement-sur-le-visage-de-biya#breadcrumb"},"inLanguage":"fr-FR","potentialAction":[{"@type":"ReadAction","target":["https:\/\/www.africa-press.net\/cameroun\/politique\/mamadou-mota-du-mrc-trouve-le-courage-de-cracher-publiquement-sur-le-visage-de-biya"]}]},{"@type":"ImageObject","inLanguage":"fr-FR","@id":"https:\/\/www.africa-press.net\/cameroun\/politique\/mamadou-mota-du-mrc-trouve-le-courage-de-cracher-publiquement-sur-le-visage-de-biya#primaryimage","url":"https:\/\/static.africa-press.net\/cameroun\/sites\/57\/2023\/09\/sm_1694890361.058891.jpg","contentUrl":"https:\/\/static.africa-press.net\/cameroun\/sites\/57\/2023\/09\/sm_1694890361.058891.jpg","width":720,"height":360,"caption":"Mamadou Mota du MRC trouve le courage de cracher publiquement sur le visage de Biya"},{"@type":"BreadcrumbList","@id":"https:\/\/www.africa-press.net\/cameroun\/politique\/mamadou-mota-du-mrc-trouve-le-courage-de-cracher-publiquement-sur-le-visage-de-biya#breadcrumb","itemListElement":[{"@type":"ListItem","position":1,"name":"Accueil","item":"https:\/\/www.africa-press.net\/cameroun\/"},{"@type":"ListItem","position":2,"name":"Mamadou Mota du MRC trouve le courage de cracher publiquement sur le visage de Biya"}]},{"@type":"WebSite","@id":"https:\/\/www.africa-press.net\/cameroun\/#website","url":"https:\/\/www.africa-press.net\/cameroun\/","name":"Cameroun","description":"Just another Africa News Agency Sites site","potentialAction":[{"@type":"SearchAction","target":{"@type":"EntryPoint","urlTemplate":"https:\/\/www.africa-press.net\/cameroun\/?s={search_term_string}"},"query-input":{"@type":"PropertyValueSpecification","valueRequired":true,"valueName":"search_term_string"}}],"inLanguage":"fr-FR"},{"@type":"Person","@id":"https:\/\/www.africa-press.net\/cameroun\/#\/schema\/person\/2b1cf3cd81a31e3cd26889ca66d677f1","name":"cfeditorfr"}]}},"_links":{"self":[{"href":"https:\/\/www.africa-press.net\/cameroun\/wp-json\/wp\/v2\/posts\/50925","targetHints":{"allow":["GET"]}}],"collection":[{"href":"https:\/\/www.africa-press.net\/cameroun\/wp-json\/wp\/v2\/posts"}],"about":[{"href":"https:\/\/www.africa-press.net\/cameroun\/wp-json\/wp\/v2\/types\/post"}],"author":[{"embeddable":true,"href":"https:\/\/www.africa-press.net\/cameroun\/wp-json\/wp\/v2\/users\/82"}],"replies":[{"embeddable":true,"href":"https:\/\/www.africa-press.net\/cameroun\/wp-json\/wp\/v2\/comments?post=50925"}],"version-history":[{"count":0,"href":"https:\/\/www.africa-press.net\/cameroun\/wp-json\/wp\/v2\/posts\/50925\/revisions"}],"wp:featuredmedia":[{"embeddable":true,"href":"https:\/\/www.africa-press.net\/cameroun\/wp-json\/wp\/v2\/media\/50924"}],"wp:attachment":[{"href":"https:\/\/www.africa-press.net\/cameroun\/wp-json\/wp\/v2\/media?parent=50925"}],"wp:term":[{"taxonomy":"category","embeddable":true,"href":"https:\/\/www.africa-press.net\/cameroun\/wp-json\/wp\/v2\/categories?post=50925"},{"taxonomy":"post_tag","embeddable":true,"href":"https:\/\/www.africa-press.net\/cameroun\/wp-json\/wp\/v2\/tags?post=50925"}],"curies":[{"name":"wp","href":"https:\/\/api.w.org\/{rel}","templated":true}]}}