{"id":50928,"date":"2023-09-16T21:55:59","date_gmt":"2023-09-16T21:55:59","guid":{"rendered":"https:\/\/www.africa-press.net\/cameroun\/politique\/je-nai-pas-apprecie-son-comportement-le-gardien-que-onana-a-envoye-au-banc-a-linter-dit-ses-verites"},"modified":"2023-09-16T22:25:19","modified_gmt":"2023-09-16T22:25:19","slug":"je-nai-pas-apprecie-son-comportement-le-gardien-que-onana-a-envoye-au-banc-a-linter-dit-ses-verites","status":"publish","type":"post","link":"https:\/\/www.africa-press.net\/cameroun\/sports\/je-nai-pas-apprecie-son-comportement-le-gardien-que-onana-a-envoye-au-banc-a-linter-dit-ses-verites","title":{"rendered":"&lsquo;Je n&rsquo;ai pas appr\u00e9ci\u00e9 son comportement&rsquo;: le gardien que Onana a envoy\u00e9 au banc \u00e0 l&rsquo;Inter dit ses v\u00e9rit\u00e9s"},"content":{"rendered":"<p><span style=\"color: #ff6600\"><strong>Africa-Press &#8211; Cameroun. <\/strong><\/span>Le de\u0301collage de la carrie\u0300re de Andre\u0301 Onana ces dernie\u0300res anne\u0301es, a aussi e\u0301te\u0301 rendu possible en partie, gra\u0302ce au sacrifice de Samir Handanovic, envoye\u0301 au banc au profit de Andre\u0301 Onana.<\/p>\n<p>C&rsquo;est vrai que Samir Handanovic prenait de l&rsquo;a\u0302ge, mais le gardien de but e\u0301tait encore efficace, lorsque arrivait Onana a\u0300 l&rsquo;Inter. A son arrive\u0301e le Camerounais a me\u0302me fait plusieurs mois sur le banc jusqu&rsquo;a\u0300 ce qu&rsquo;il finisse par prendre le dessus.<\/p>\n<p>Aujourd&rsquo;hui, Samir a de\u0301cide\u0301 de parler de ce qu&rsquo;il n&rsquo;a pas aime\u0301 sur le comportement du Lions Indomptable.<\/p>\n<p>\u00ab\u00a0Est-ce qu&rsquo;Onana m&rsquo;a remercie\u0301 ? J&rsquo;ai appre\u0301cie\u0301 ses mots, mais je n&rsquo;ai pas appre\u0301cie\u0301 son comportement au cours des deux premiers mois, lorsqu&rsquo;il ne jouait pas. Il faut e\u0301galement noter que j&rsquo;ai toujours e\u0301te\u0301 cohe\u0301rent avec lui et je lui ai apporte\u0301 mon soutien\u00a0\u00bb, a de\u0301clare\u0301 le Slove\u0300ne.<\/p>\n<p>Il y a quelques jours, Samir Handanovic a informe\u0301 l&rsquo;opinion qu&rsquo;il a mis un point final a\u0300 sa carrie\u0300re. Le gardien de but n&rsquo;a rec\u0327u aucune offre satisfaisante lui permettant de poursuivre sa carrie\u0300re, et a donc de\u0301cide\u0301 de dire stop.<\/p>\n<p>L&rsquo;international slove\u0300ne (81 se\u0301lections) e\u0301tait libre depuis son de\u0301part des Nerazzurri, ou\u0300 il aura un nouveau poste en dehors des terrains.<\/p>\n<p>Samir Handanovic a passe\u0301 la quasi-totalite\u0301 de sa carrie\u0300re en Italie, ou\u0300 il a joue\u0301 pour l&rsquo;Udinese (2004-2012), Tre\u0301vise FBC (2005), Lazio Rome (2006), Rimini Calcio (2006-2007) et finalement l&rsquo;Inter Milan (2012-2023).<\/p>\n<p><strong>Pour plus d&rsquo;informations et d&rsquo;analyses sur la <a href=\"https:\/\/www.africa-press.net\/cameroun\">Cameroun<\/a>, suivez <a href=\"https:\/\/www.africa-press.net\/\">Africa-Press<\/a><\/strong><\/p>\n","protected":false},"excerpt":{"rendered":"<p>Africa-Press &#8211; Cameroun. Le de\u0301collage de la carrie\u0300re de Andre\u0301 Onana ces dernie\u0300res anne\u0301es, a aussi e\u0301te\u0301 rendu possible en partie, gra\u0302ce au sacrifice de Samir Handanovic, envoye\u0301 au banc au profit de Andre\u0301 Onana. C&rsquo;est vrai que Samir Handanovic prenait de l&rsquo;a\u0302ge, mais le gardien de but e\u0301tait encore efficace, lorsque arrivait Onana a\u0300 [&hellip;]<\/p>\n","protected":false},"author":82,"featured_media":50927,"comment_status":"open","ping_status":"closed","sticky":false,"template":"","format":"standard","meta":{"footnotes":""},"categories":[6,10],"tags":[36,50,49],"class_list":["post-50928","post","type-post","status-publish","format-standard","has-post-thumbnail","hentry","category-sports","category-toutes-les-actualites","tag-africa-press","tag-africa-press-cameroun","tag-cameroun"],"yoast_head":"<!-- This site is optimized with the Yoast SEO Premium plugin v26.1 (Yoast SEO v27.0) - https:\/\/yoast.com\/product\/yoast-seo-premium-wordpress\/ -->\n<title>&#039;Je n&#039;ai pas appr\u00e9ci\u00e9 son comportement&#039;: le gardien que Onana a envoy\u00e9 au banc \u00e0 l&#039;Inter dit ses v\u00e9rit\u00e9s - Cameroun<\/title>\n<meta name=\"description\" content=\"Le de\u0301collage de la carrie\u0300re de Andre\u0301 Onana ces dernie\u0300res anne\u0301es, a aussi e\u0301te\u0301 rendu possible en partie, gra\u0302ce au ...\" \/>\n<meta name=\"robots\" content=\"index, follow, max-snippet:-1, max-image-preview:large, max-video-preview:-1\" \/>\n<link rel=\"canonical\" href=\"https:\/\/www.africa-press.net\/cameroun\/sports\/je-nai-pas-apprecie-son-comportement-le-gardien-que-onana-a-envoye-au-banc-a-linter-dit-ses-verites\" \/>\n<meta property=\"og:locale\" content=\"fr_FR\" \/>\n<meta property=\"og:type\" content=\"article\" \/>\n<meta property=\"og:title\" content=\"&#039;Je n&#039;ai pas appr\u00e9ci\u00e9 son comportement&#039;: le gardien que Onana a envoy\u00e9 au banc \u00e0 l&#039;Inter dit ses v\u00e9rit\u00e9s\" \/>\n<meta property=\"og:description\" content=\"Le de\u0301collage de la carrie\u0300re de Andre\u0301 Onana ces dernie\u0300res anne\u0301es, a aussi e\u0301te\u0301 rendu possible en partie, gra\u0302ce au ...\" \/>\n<meta property=\"og:url\" content=\"https:\/\/www.africa-press.net\/cameroun\/sports\/je-nai-pas-apprecie-son-comportement-le-gardien-que-onana-a-envoye-au-banc-a-linter-dit-ses-verites\" \/>\n<meta property=\"og:site_name\" content=\"Cameroun\" \/>\n<meta property=\"article:published_time\" content=\"2023-09-16T21:55:59+00:00\" \/>\n<meta property=\"article:modified_time\" content=\"2023-09-16T22:25:19+00:00\" \/>\n<meta property=\"og:image\" content=\"https:\/\/static.africa-press.net\/cameroun\/sites\/57\/2023\/09\/sm_1694890409.807139.jpg\" \/>\n\t<meta property=\"og:image:width\" content=\"720\" \/>\n\t<meta property=\"og:image:height\" content=\"360\" \/>\n\t<meta property=\"og:image:type\" content=\"image\/jpeg\" \/>\n<meta name=\"author\" content=\"cfeditorfr\" \/>\n<meta name=\"twitter:card\" content=\"summary_large_image\" \/>\n<meta name=\"twitter:label1\" content=\"\u00c9crit par\" \/>\n\t<meta name=\"twitter:data1\" content=\"cfeditorfr\" \/>\n\t<meta name=\"twitter:label2\" content=\"Dur\u00e9e de lecture estim\u00e9e\" \/>\n\t<meta name=\"twitter:data2\" content=\"2 minutes\" \/>\n<script type=\"application\/ld+json\" class=\"yoast-schema-graph\">{\"@context\":\"https:\/\/schema.org\",\"@graph\":[{\"@type\":\"Article\",\"@id\":\"https:\/\/www.africa-press.net\/cameroun\/sports\/je-nai-pas-apprecie-son-comportement-le-gardien-que-onana-a-envoye-au-banc-a-linter-dit-ses-verites#article\",\"isPartOf\":{\"@id\":\"https:\/\/www.africa-press.net\/cameroun\/sports\/je-nai-pas-apprecie-son-comportement-le-gardien-que-onana-a-envoye-au-banc-a-linter-dit-ses-verites\"},\"author\":{\"name\":\"cfeditorfr\",\"@id\":\"https:\/\/www.africa-press.net\/cameroun\/#\/schema\/person\/2b1cf3cd81a31e3cd26889ca66d677f1\"},\"headline\":\"&lsquo;Je n&rsquo;ai pas appr\u00e9ci\u00e9 son comportement&rsquo;: le gardien que Onana a envoy\u00e9 au banc \u00e0 l&rsquo;Inter dit ses v\u00e9rit\u00e9s\",\"datePublished\":\"2023-09-16T21:55:59+00:00\",\"dateModified\":\"2023-09-16T22:25:19+00:00\",\"mainEntityOfPage\":{\"@id\":\"https:\/\/www.africa-press.net\/cameroun\/sports\/je-nai-pas-apprecie-son-comportement-le-gardien-que-onana-a-envoye-au-banc-a-linter-dit-ses-verites\"},\"wordCount\":316,\"commentCount\":0,\"image\":{\"@id\":\"https:\/\/www.africa-press.net\/cameroun\/sports\/je-nai-pas-apprecie-son-comportement-le-gardien-que-onana-a-envoye-au-banc-a-linter-dit-ses-verites#primaryimage\"},\"thumbnailUrl\":\"https:\/\/static.africa-press.net\/cameroun\/sites\/57\/2023\/09\/sm_1694890409.807139.jpg\",\"keywords\":[\"Africa Press\",\"Africa Press-Cameroun\",\"Cameroun\"],\"articleSection\":[\"Sports\",\"Toutes les actualit\u00e9s\"],\"inLanguage\":\"fr-FR\",\"potentialAction\":[{\"@type\":\"CommentAction\",\"name\":\"Comment\",\"target\":[\"https:\/\/www.africa-press.net\/cameroun\/sports\/je-nai-pas-apprecie-son-comportement-le-gardien-que-onana-a-envoye-au-banc-a-linter-dit-ses-verites#respond\"]}]},{\"@type\":\"WebPage\",\"@id\":\"https:\/\/www.africa-press.net\/cameroun\/sports\/je-nai-pas-apprecie-son-comportement-le-gardien-que-onana-a-envoye-au-banc-a-linter-dit-ses-verites\",\"url\":\"https:\/\/www.africa-press.net\/cameroun\/sports\/je-nai-pas-apprecie-son-comportement-le-gardien-que-onana-a-envoye-au-banc-a-linter-dit-ses-verites\",\"name\":\"'Je n'ai pas appr\u00e9ci\u00e9 son comportement': le gardien que Onana a envoy\u00e9 au banc \u00e0 l'Inter dit ses v\u00e9rit\u00e9s - Cameroun\",\"isPartOf\":{\"@id\":\"https:\/\/www.africa-press.net\/cameroun\/#website\"},\"primaryImageOfPage\":{\"@id\":\"https:\/\/www.africa-press.net\/cameroun\/sports\/je-nai-pas-apprecie-son-comportement-le-gardien-que-onana-a-envoye-au-banc-a-linter-dit-ses-verites#primaryimage\"},\"image\":{\"@id\":\"https:\/\/www.africa-press.net\/cameroun\/sports\/je-nai-pas-apprecie-son-comportement-le-gardien-que-onana-a-envoye-au-banc-a-linter-dit-ses-verites#primaryimage\"},\"thumbnailUrl\":\"https:\/\/static.africa-press.net\/cameroun\/sites\/57\/2023\/09\/sm_1694890409.807139.jpg\",\"datePublished\":\"2023-09-16T21:55:59+00:00\",\"dateModified\":\"2023-09-16T22:25:19+00:00\",\"author\":{\"@id\":\"https:\/\/www.africa-press.net\/cameroun\/#\/schema\/person\/2b1cf3cd81a31e3cd26889ca66d677f1\"},\"description\":\"Le de\u0301collage de la carrie\u0300re de Andre\u0301 Onana ces dernie\u0300res anne\u0301es, a aussi e\u0301te\u0301 rendu possible en partie, gra\u0302ce au ...\",\"breadcrumb\":{\"@id\":\"https:\/\/www.africa-press.net\/cameroun\/sports\/je-nai-pas-apprecie-son-comportement-le-gardien-que-onana-a-envoye-au-banc-a-linter-dit-ses-verites#breadcrumb\"},\"inLanguage\":\"fr-FR\",\"potentialAction\":[{\"@type\":\"ReadAction\",\"target\":[\"https:\/\/www.africa-press.net\/cameroun\/sports\/je-nai-pas-apprecie-son-comportement-le-gardien-que-onana-a-envoye-au-banc-a-linter-dit-ses-verites\"]}]},{\"@type\":\"ImageObject\",\"inLanguage\":\"fr-FR\",\"@id\":\"https:\/\/www.africa-press.net\/cameroun\/sports\/je-nai-pas-apprecie-son-comportement-le-gardien-que-onana-a-envoye-au-banc-a-linter-dit-ses-verites#primaryimage\",\"url\":\"https:\/\/static.africa-press.net\/cameroun\/sites\/57\/2023\/09\/sm_1694890409.807139.jpg\",\"contentUrl\":\"https:\/\/static.africa-press.net\/cameroun\/sites\/57\/2023\/09\/sm_1694890409.807139.jpg\",\"width\":720,\"height\":360,\"caption\":\"'Je n'ai pas appr\u00e9ci\u00e9 son comportement': le gardien que Onana a envoy\u00e9 au banc \u00e0 l'Inter dit ses v\u00e9rit\u00e9s\"},{\"@type\":\"BreadcrumbList\",\"@id\":\"https:\/\/www.africa-press.net\/cameroun\/sports\/je-nai-pas-apprecie-son-comportement-le-gardien-que-onana-a-envoye-au-banc-a-linter-dit-ses-verites#breadcrumb\",\"itemListElement\":[{\"@type\":\"ListItem\",\"position\":1,\"name\":\"Accueil\",\"item\":\"https:\/\/www.africa-press.net\/cameroun\/\"},{\"@type\":\"ListItem\",\"position\":2,\"name\":\"&#8216;Je n&#8217;ai pas appr\u00e9ci\u00e9 son comportement&#8217;: le gardien que Onana a envoy\u00e9 au banc \u00e0 l&#8217;Inter dit ses v\u00e9rit\u00e9s\"}]},{\"@type\":\"WebSite\",\"@id\":\"https:\/\/www.africa-press.net\/cameroun\/#website\",\"url\":\"https:\/\/www.africa-press.net\/cameroun\/\",\"name\":\"Cameroun\",\"description\":\"Just another Africa News Agency Sites site\",\"potentialAction\":[{\"@type\":\"SearchAction\",\"target\":{\"@type\":\"EntryPoint\",\"urlTemplate\":\"https:\/\/www.africa-press.net\/cameroun\/?s={search_term_string}\"},\"query-input\":{\"@type\":\"PropertyValueSpecification\",\"valueRequired\":true,\"valueName\":\"search_term_string\"}}],\"inLanguage\":\"fr-FR\"},{\"@type\":\"Person\",\"@id\":\"https:\/\/www.africa-press.net\/cameroun\/#\/schema\/person\/2b1cf3cd81a31e3cd26889ca66d677f1\",\"name\":\"cfeditorfr\"}]}<\/script>\n<!-- \/ Yoast SEO Premium plugin. -->","yoast_head_json":{"title":"'Je n'ai pas appr\u00e9ci\u00e9 son comportement': le gardien que Onana a envoy\u00e9 au banc \u00e0 l'Inter dit ses v\u00e9rit\u00e9s - Cameroun","description":"Le de\u0301collage de la carrie\u0300re de Andre\u0301 Onana ces dernie\u0300res anne\u0301es, a aussi e\u0301te\u0301 rendu possible en partie, gra\u0302ce au ...","robots":{"index":"index","follow":"follow","max-snippet":"max-snippet:-1","max-image-preview":"max-image-preview:large","max-video-preview":"max-video-preview:-1"},"canonical":"https:\/\/www.africa-press.net\/cameroun\/sports\/je-nai-pas-apprecie-son-comportement-le-gardien-que-onana-a-envoye-au-banc-a-linter-dit-ses-verites","og_locale":"fr_FR","og_type":"article","og_title":"'Je n'ai pas appr\u00e9ci\u00e9 son comportement': le gardien que Onana a envoy\u00e9 au banc \u00e0 l'Inter dit ses v\u00e9rit\u00e9s","og_description":"Le de\u0301collage de la carrie\u0300re de Andre\u0301 Onana ces dernie\u0300res anne\u0301es, a aussi e\u0301te\u0301 rendu possible en partie, gra\u0302ce au ...","og_url":"https:\/\/www.africa-press.net\/cameroun\/sports\/je-nai-pas-apprecie-son-comportement-le-gardien-que-onana-a-envoye-au-banc-a-linter-dit-ses-verites","og_site_name":"Cameroun","article_published_time":"2023-09-16T21:55:59+00:00","article_modified_time":"2023-09-16T22:25:19+00:00","og_image":[{"width":720,"height":360,"url":"https:\/\/static.africa-press.net\/cameroun\/sites\/57\/2023\/09\/sm_1694890409.807139.jpg","type":"image\/jpeg"}],"author":"cfeditorfr","twitter_card":"summary_large_image","twitter_misc":{"\u00c9crit par":"cfeditorfr","Dur\u00e9e de lecture estim\u00e9e":"2 minutes"},"schema":{"@context":"https:\/\/schema.org","@graph":[{"@type":"Article","@id":"https:\/\/www.africa-press.net\/cameroun\/sports\/je-nai-pas-apprecie-son-comportement-le-gardien-que-onana-a-envoye-au-banc-a-linter-dit-ses-verites#article","isPartOf":{"@id":"https:\/\/www.africa-press.net\/cameroun\/sports\/je-nai-pas-apprecie-son-comportement-le-gardien-que-onana-a-envoye-au-banc-a-linter-dit-ses-verites"},"author":{"name":"cfeditorfr","@id":"https:\/\/www.africa-press.net\/cameroun\/#\/schema\/person\/2b1cf3cd81a31e3cd26889ca66d677f1"},"headline":"&lsquo;Je n&rsquo;ai pas appr\u00e9ci\u00e9 son comportement&rsquo;: le gardien que Onana a envoy\u00e9 au banc \u00e0 l&rsquo;Inter dit ses v\u00e9rit\u00e9s","datePublished":"2023-09-16T21:55:59+00:00","dateModified":"2023-09-16T22:25:19+00:00","mainEntityOfPage":{"@id":"https:\/\/www.africa-press.net\/cameroun\/sports\/je-nai-pas-apprecie-son-comportement-le-gardien-que-onana-a-envoye-au-banc-a-linter-dit-ses-verites"},"wordCount":316,"commentCount":0,"image":{"@id":"https:\/\/www.africa-press.net\/cameroun\/sports\/je-nai-pas-apprecie-son-comportement-le-gardien-que-onana-a-envoye-au-banc-a-linter-dit-ses-verites#primaryimage"},"thumbnailUrl":"https:\/\/static.africa-press.net\/cameroun\/sites\/57\/2023\/09\/sm_1694890409.807139.jpg","keywords":["Africa Press","Africa Press-Cameroun","Cameroun"],"articleSection":["Sports","Toutes les actualit\u00e9s"],"inLanguage":"fr-FR","potentialAction":[{"@type":"CommentAction","name":"Comment","target":["https:\/\/www.africa-press.net\/cameroun\/sports\/je-nai-pas-apprecie-son-comportement-le-gardien-que-onana-a-envoye-au-banc-a-linter-dit-ses-verites#respond"]}]},{"@type":"WebPage","@id":"https:\/\/www.africa-press.net\/cameroun\/sports\/je-nai-pas-apprecie-son-comportement-le-gardien-que-onana-a-envoye-au-banc-a-linter-dit-ses-verites","url":"https:\/\/www.africa-press.net\/cameroun\/sports\/je-nai-pas-apprecie-son-comportement-le-gardien-que-onana-a-envoye-au-banc-a-linter-dit-ses-verites","name":"'Je n'ai pas appr\u00e9ci\u00e9 son comportement': le gardien que Onana a envoy\u00e9 au banc \u00e0 l'Inter dit ses v\u00e9rit\u00e9s - Cameroun","isPartOf":{"@id":"https:\/\/www.africa-press.net\/cameroun\/#website"},"primaryImageOfPage":{"@id":"https:\/\/www.africa-press.net\/cameroun\/sports\/je-nai-pas-apprecie-son-comportement-le-gardien-que-onana-a-envoye-au-banc-a-linter-dit-ses-verites#primaryimage"},"image":{"@id":"https:\/\/www.africa-press.net\/cameroun\/sports\/je-nai-pas-apprecie-son-comportement-le-gardien-que-onana-a-envoye-au-banc-a-linter-dit-ses-verites#primaryimage"},"thumbnailUrl":"https:\/\/static.africa-press.net\/cameroun\/sites\/57\/2023\/09\/sm_1694890409.807139.jpg","datePublished":"2023-09-16T21:55:59+00:00","dateModified":"2023-09-16T22:25:19+00:00","author":{"@id":"https:\/\/www.africa-press.net\/cameroun\/#\/schema\/person\/2b1cf3cd81a31e3cd26889ca66d677f1"},"description":"Le de\u0301collage de la carrie\u0300re de Andre\u0301 Onana ces dernie\u0300res anne\u0301es, a aussi e\u0301te\u0301 rendu possible en partie, gra\u0302ce au ...","breadcrumb":{"@id":"https:\/\/www.africa-press.net\/cameroun\/sports\/je-nai-pas-apprecie-son-comportement-le-gardien-que-onana-a-envoye-au-banc-a-linter-dit-ses-verites#breadcrumb"},"inLanguage":"fr-FR","potentialAction":[{"@type":"ReadAction","target":["https:\/\/www.africa-press.net\/cameroun\/sports\/je-nai-pas-apprecie-son-comportement-le-gardien-que-onana-a-envoye-au-banc-a-linter-dit-ses-verites"]}]},{"@type":"ImageObject","inLanguage":"fr-FR","@id":"https:\/\/www.africa-press.net\/cameroun\/sports\/je-nai-pas-apprecie-son-comportement-le-gardien-que-onana-a-envoye-au-banc-a-linter-dit-ses-verites#primaryimage","url":"https:\/\/static.africa-press.net\/cameroun\/sites\/57\/2023\/09\/sm_1694890409.807139.jpg","contentUrl":"https:\/\/static.africa-press.net\/cameroun\/sites\/57\/2023\/09\/sm_1694890409.807139.jpg","width":720,"height":360,"caption":"'Je n'ai pas appr\u00e9ci\u00e9 son comportement': le gardien que Onana a envoy\u00e9 au banc \u00e0 l'Inter dit ses v\u00e9rit\u00e9s"},{"@type":"BreadcrumbList","@id":"https:\/\/www.africa-press.net\/cameroun\/sports\/je-nai-pas-apprecie-son-comportement-le-gardien-que-onana-a-envoye-au-banc-a-linter-dit-ses-verites#breadcrumb","itemListElement":[{"@type":"ListItem","position":1,"name":"Accueil","item":"https:\/\/www.africa-press.net\/cameroun\/"},{"@type":"ListItem","position":2,"name":"&#8216;Je n&#8217;ai pas appr\u00e9ci\u00e9 son comportement&#8217;: le gardien que Onana a envoy\u00e9 au banc \u00e0 l&#8217;Inter dit ses v\u00e9rit\u00e9s"}]},{"@type":"WebSite","@id":"https:\/\/www.africa-press.net\/cameroun\/#website","url":"https:\/\/www.africa-press.net\/cameroun\/","name":"Cameroun","description":"Just another Africa News Agency Sites site","potentialAction":[{"@type":"SearchAction","target":{"@type":"EntryPoint","urlTemplate":"https:\/\/www.africa-press.net\/cameroun\/?s={search_term_string}"},"query-input":{"@type":"PropertyValueSpecification","valueRequired":true,"valueName":"search_term_string"}}],"inLanguage":"fr-FR"},{"@type":"Person","@id":"https:\/\/www.africa-press.net\/cameroun\/#\/schema\/person\/2b1cf3cd81a31e3cd26889ca66d677f1","name":"cfeditorfr"}]}},"_links":{"self":[{"href":"https:\/\/www.africa-press.net\/cameroun\/wp-json\/wp\/v2\/posts\/50928","targetHints":{"allow":["GET"]}}],"collection":[{"href":"https:\/\/www.africa-press.net\/cameroun\/wp-json\/wp\/v2\/posts"}],"about":[{"href":"https:\/\/www.africa-press.net\/cameroun\/wp-json\/wp\/v2\/types\/post"}],"author":[{"embeddable":true,"href":"https:\/\/www.africa-press.net\/cameroun\/wp-json\/wp\/v2\/users\/82"}],"replies":[{"embeddable":true,"href":"https:\/\/www.africa-press.net\/cameroun\/wp-json\/wp\/v2\/comments?post=50928"}],"version-history":[{"count":0,"href":"https:\/\/www.africa-press.net\/cameroun\/wp-json\/wp\/v2\/posts\/50928\/revisions"}],"wp:featuredmedia":[{"embeddable":true,"href":"https:\/\/www.africa-press.net\/cameroun\/wp-json\/wp\/v2\/media\/50927"}],"wp:attachment":[{"href":"https:\/\/www.africa-press.net\/cameroun\/wp-json\/wp\/v2\/media?parent=50928"}],"wp:term":[{"taxonomy":"category","embeddable":true,"href":"https:\/\/www.africa-press.net\/cameroun\/wp-json\/wp\/v2\/categories?post=50928"},{"taxonomy":"post_tag","embeddable":true,"href":"https:\/\/www.africa-press.net\/cameroun\/wp-json\/wp\/v2\/tags?post=50928"}],"curies":[{"name":"wp","href":"https:\/\/api.w.org\/{rel}","templated":true}]}}