{"id":50931,"date":"2023-09-16T21:56:05","date_gmt":"2023-09-16T21:56:05","guid":{"rendered":"https:\/\/www.africa-press.net\/cameroun\/politique\/chers-ivoiriens-jai-decide-une-nouvelle-liee-a-la-can-2023-retentit-fort-au-cameroun"},"modified":"2023-09-16T22:25:51","modified_gmt":"2023-09-16T22:25:51","slug":"chers-ivoiriens-jai-decide-une-nouvelle-liee-a-la-can-2023-retentit-fort-au-cameroun","status":"publish","type":"post","link":"https:\/\/www.africa-press.net\/cameroun\/politique\/chers-ivoiriens-jai-decide-une-nouvelle-liee-a-la-can-2023-retentit-fort-au-cameroun","title":{"rendered":"&lsquo;Chers Ivoiriens, j&rsquo;ai d\u00e9cid\u00e9&rsquo; : une nouvelle li\u00e9e \u00e0 la CAN 2023 retentit fort au Cameroun"},"content":{"rendered":"<p><span style=\"color: #ff6600\"><strong>Africa-Press &#8211; Cameroun. <\/strong><\/span>Le Cameroun a l\u2019habitude de chambrer la Co\u0302te d\u2019Ivoire et vice-versa. Ce n\u2019est certainement pas la nouvelle actualite\u0301 lie\u0301e a\u0300 l\u2019impraticabilite\u0301 des pelouses ivoiriennes qui va re\u0301duire les ardeurs moqueuses des hommes et femmes du &lsquo;continent&rsquo;.<\/p>\n<p>Bella Mani en premie\u0300re position. La chanteuse, adepte du bikutsi, a glisse\u0301 quelques mots dans les oreilles des Ivoiriens. Qu\u2019ils le veuillent ou pas, elle pre\u0301tend sur les re\u0301seaux sociaux avoir le bagage ne\u0301cessaire pour leur donner quelques conseils pratiques.<\/p>\n<p>Et si les conseils ne suffisent pas, les de\u0301cideurs sportifs ivoiriens peuvent encore s\u2019appuyer sur la re\u0301ussite camerounaise il n\u2019y a pas longtemps : l\u2019organisation de la trente-troisie\u0300me CAN.<\/p>\n<p>Bella Mani dit \u00ab Organiser une CAN et la re\u0301ussir n\u2019est pas du tout facile. Le pays tout entier doit s\u2019y mettre. Le Cameroun l\u2019a fait et a magnifiquement re\u0301ussi cet exploit.<\/p>\n<p>Alors, en tant qu\u2019Africaine, fan de foot, Camerounaise et tre\u0300s amoureuse de la Co\u0302te d\u2019Ivoire, j\u2019ai de\u0301cide\u0301 chers Ivoiriens de vous aider a\u0300 re\u0301ussir l\u2019organisation de votre CAN 2024.<\/p>\n<p>Car ce que j\u2019ai vu et ve\u0301cu pendant mon se\u0301jour a\u0300 Abidjan lors du petit match amical entre le Mali et la Co\u0302te d\u2019Ivoire est grave. Tre\u0300s grave me\u0302me.<\/p>\n<p>L\u2019e\u0301tat de vos stades a\u0300 moins de quatre (04) mois de la compe\u0301tition. Le comportement plein de me\u0301pris de ceux qui ge\u0300rent la se\u0301curite\u0301 au stade.<\/p>\n<p>Le manque de routes, de dispositifs se\u0301curitaires et d\u2019organisations de la circulation pour arriver au stade. Quasi impossibilite\u0301 d\u2019entrer au stade me\u0302me ayant un ticket.<\/p>\n<p>En gros, c\u2019e\u0301tait un melting-pot total&#8230; Je suis sortie de la\u0300 avec la boue jusqu\u2019aux genoux car tout, autour du stade est boueux et, nous n\u2019avons me\u0302me pas re\u0301ussi a\u0300 garer dans le parking du stade pourtant vide.<\/p>\n<p>Avant de commencer, admirez d\u2019abord ces quelques images de la CAN 2021 au Cameroun s\u2019il vous plai\u0302t. En soulignant ici que dans les stades au Cameroun, tout est goudronne\u0301 de la route jusqu\u2019a\u0300 la pelouse.<\/p>\n<p>Apre\u0300s c\u0327a, nous irons pas a\u0300 pas. Je deviens officiellement ici, votre conseille\u0300re internationale. Avec toute mon affection \u00bb. Beaucoup de Camerounais se moquent de\u0301ja\u0300 des Ivoiriens en leur disant re\u0301gulie\u0300rement qu\u2019ils sont pre\u0302ts a\u0300 re\u0301organiser une nouvelle fois la CAN. Mais c\u2019est improbable que cela puisse arriver.<\/p>\n<p><strong>Pour plus d&rsquo;informations et d&rsquo;analyses sur la <a href=\"https:\/\/www.africa-press.net\/cameroun\">Cameroun<\/a>, suivez <a href=\"https:\/\/www.africa-press.net\/\">Africa-Press<\/a><\/strong><\/p>\n","protected":false},"excerpt":{"rendered":"<p>Africa-Press &#8211; Cameroun. Le Cameroun a l\u2019habitude de chambrer la Co\u0302te d\u2019Ivoire et vice-versa. Ce n\u2019est certainement pas la nouvelle actualite\u0301 lie\u0301e a\u0300 l\u2019impraticabilite\u0301 des pelouses ivoiriennes qui va re\u0301duire les ardeurs moqueuses des hommes et femmes du &lsquo;continent&rsquo;. Bella Mani en premie\u0300re position. La chanteuse, adepte du bikutsi, a glisse\u0301 quelques mots dans les [&hellip;]<\/p>\n","protected":false},"author":82,"featured_media":50930,"comment_status":"open","ping_status":"closed","sticky":false,"template":"","format":"standard","meta":{"footnotes":""},"categories":[2,10],"tags":[36,50,49],"class_list":["post-50931","post","type-post","status-publish","format-standard","has-post-thumbnail","hentry","category-politique","category-toutes-les-actualites","tag-africa-press","tag-africa-press-cameroun","tag-cameroun"],"yoast_head":"<!-- This site is optimized with the Yoast SEO Premium plugin v26.1 (Yoast SEO v27.0) - https:\/\/yoast.com\/product\/yoast-seo-premium-wordpress\/ -->\n<title>&#039;Chers Ivoiriens, j&#039;ai d\u00e9cid\u00e9&#039; : une nouvelle li\u00e9e \u00e0 la CAN 2023 retentit fort au Cameroun - Cameroun<\/title>\n<meta name=\"description\" content=\"Le Cameroun a l\u2019habitude de chambrer la Co\u0302te d\u2019Ivoire et vice-versa. Ce n\u2019est certainement pas la nouvelle actualite\u0301 l ...\" \/>\n<meta name=\"robots\" content=\"index, follow, max-snippet:-1, max-image-preview:large, max-video-preview:-1\" \/>\n<link rel=\"canonical\" href=\"https:\/\/www.africa-press.net\/cameroun\/politique\/chers-ivoiriens-jai-decide-une-nouvelle-liee-a-la-can-2023-retentit-fort-au-cameroun\" \/>\n<meta property=\"og:locale\" content=\"fr_FR\" \/>\n<meta property=\"og:type\" content=\"article\" \/>\n<meta property=\"og:title\" content=\"&#039;Chers Ivoiriens, j&#039;ai d\u00e9cid\u00e9&#039; : une nouvelle li\u00e9e \u00e0 la CAN 2023 retentit fort au Cameroun\" \/>\n<meta property=\"og:description\" content=\"Le Cameroun a l\u2019habitude de chambrer la Co\u0302te d\u2019Ivoire et vice-versa. Ce n\u2019est certainement pas la nouvelle actualite\u0301 l ...\" \/>\n<meta property=\"og:url\" content=\"https:\/\/www.africa-press.net\/cameroun\/politique\/chers-ivoiriens-jai-decide-une-nouvelle-liee-a-la-can-2023-retentit-fort-au-cameroun\" \/>\n<meta property=\"og:site_name\" content=\"Cameroun\" \/>\n<meta property=\"article:published_time\" content=\"2023-09-16T21:56:05+00:00\" \/>\n<meta property=\"article:modified_time\" content=\"2023-09-16T22:25:51+00:00\" \/>\n<meta property=\"og:image\" content=\"https:\/\/static.africa-press.net\/cameroun\/sites\/57\/2023\/09\/sm_1694890456.561278.jpg\" \/>\n\t<meta property=\"og:image:width\" content=\"720\" \/>\n\t<meta property=\"og:image:height\" content=\"475\" \/>\n\t<meta property=\"og:image:type\" content=\"image\/jpeg\" \/>\n<meta name=\"author\" content=\"cfeditorfr\" \/>\n<meta name=\"twitter:card\" content=\"summary_large_image\" \/>\n<meta name=\"twitter:label1\" content=\"\u00c9crit par\" \/>\n\t<meta name=\"twitter:data1\" content=\"cfeditorfr\" \/>\n\t<meta name=\"twitter:label2\" content=\"Dur\u00e9e de lecture estim\u00e9e\" \/>\n\t<meta name=\"twitter:data2\" content=\"2 minutes\" \/>\n<script type=\"application\/ld+json\" class=\"yoast-schema-graph\">{\"@context\":\"https:\/\/schema.org\",\"@graph\":[{\"@type\":\"Article\",\"@id\":\"https:\/\/www.africa-press.net\/cameroun\/politique\/chers-ivoiriens-jai-decide-une-nouvelle-liee-a-la-can-2023-retentit-fort-au-cameroun#article\",\"isPartOf\":{\"@id\":\"https:\/\/www.africa-press.net\/cameroun\/politique\/chers-ivoiriens-jai-decide-une-nouvelle-liee-a-la-can-2023-retentit-fort-au-cameroun\"},\"author\":{\"name\":\"cfeditorfr\",\"@id\":\"https:\/\/www.africa-press.net\/cameroun\/#\/schema\/person\/2b1cf3cd81a31e3cd26889ca66d677f1\"},\"headline\":\"&lsquo;Chers Ivoiriens, j&rsquo;ai d\u00e9cid\u00e9&rsquo; : une nouvelle li\u00e9e \u00e0 la CAN 2023 retentit fort au Cameroun\",\"datePublished\":\"2023-09-16T21:56:05+00:00\",\"dateModified\":\"2023-09-16T22:25:51+00:00\",\"mainEntityOfPage\":{\"@id\":\"https:\/\/www.africa-press.net\/cameroun\/politique\/chers-ivoiriens-jai-decide-une-nouvelle-liee-a-la-can-2023-retentit-fort-au-cameroun\"},\"wordCount\":460,\"commentCount\":0,\"image\":{\"@id\":\"https:\/\/www.africa-press.net\/cameroun\/politique\/chers-ivoiriens-jai-decide-une-nouvelle-liee-a-la-can-2023-retentit-fort-au-cameroun#primaryimage\"},\"thumbnailUrl\":\"https:\/\/static.africa-press.net\/cameroun\/sites\/57\/2023\/09\/sm_1694890456.561278.jpg\",\"keywords\":[\"Africa Press\",\"Africa Press-Cameroun\",\"Cameroun\"],\"articleSection\":[\"Politique\",\"Toutes les actualit\u00e9s\"],\"inLanguage\":\"fr-FR\",\"potentialAction\":[{\"@type\":\"CommentAction\",\"name\":\"Comment\",\"target\":[\"https:\/\/www.africa-press.net\/cameroun\/politique\/chers-ivoiriens-jai-decide-une-nouvelle-liee-a-la-can-2023-retentit-fort-au-cameroun#respond\"]}]},{\"@type\":\"WebPage\",\"@id\":\"https:\/\/www.africa-press.net\/cameroun\/politique\/chers-ivoiriens-jai-decide-une-nouvelle-liee-a-la-can-2023-retentit-fort-au-cameroun\",\"url\":\"https:\/\/www.africa-press.net\/cameroun\/politique\/chers-ivoiriens-jai-decide-une-nouvelle-liee-a-la-can-2023-retentit-fort-au-cameroun\",\"name\":\"'Chers Ivoiriens, j'ai d\u00e9cid\u00e9' : une nouvelle li\u00e9e \u00e0 la CAN 2023 retentit fort au Cameroun - Cameroun\",\"isPartOf\":{\"@id\":\"https:\/\/www.africa-press.net\/cameroun\/#website\"},\"primaryImageOfPage\":{\"@id\":\"https:\/\/www.africa-press.net\/cameroun\/politique\/chers-ivoiriens-jai-decide-une-nouvelle-liee-a-la-can-2023-retentit-fort-au-cameroun#primaryimage\"},\"image\":{\"@id\":\"https:\/\/www.africa-press.net\/cameroun\/politique\/chers-ivoiriens-jai-decide-une-nouvelle-liee-a-la-can-2023-retentit-fort-au-cameroun#primaryimage\"},\"thumbnailUrl\":\"https:\/\/static.africa-press.net\/cameroun\/sites\/57\/2023\/09\/sm_1694890456.561278.jpg\",\"datePublished\":\"2023-09-16T21:56:05+00:00\",\"dateModified\":\"2023-09-16T22:25:51+00:00\",\"author\":{\"@id\":\"https:\/\/www.africa-press.net\/cameroun\/#\/schema\/person\/2b1cf3cd81a31e3cd26889ca66d677f1\"},\"description\":\"Le Cameroun a l\u2019habitude de chambrer la Co\u0302te d\u2019Ivoire et vice-versa. Ce n\u2019est certainement pas la nouvelle actualite\u0301 l ...\",\"breadcrumb\":{\"@id\":\"https:\/\/www.africa-press.net\/cameroun\/politique\/chers-ivoiriens-jai-decide-une-nouvelle-liee-a-la-can-2023-retentit-fort-au-cameroun#breadcrumb\"},\"inLanguage\":\"fr-FR\",\"potentialAction\":[{\"@type\":\"ReadAction\",\"target\":[\"https:\/\/www.africa-press.net\/cameroun\/politique\/chers-ivoiriens-jai-decide-une-nouvelle-liee-a-la-can-2023-retentit-fort-au-cameroun\"]}]},{\"@type\":\"ImageObject\",\"inLanguage\":\"fr-FR\",\"@id\":\"https:\/\/www.africa-press.net\/cameroun\/politique\/chers-ivoiriens-jai-decide-une-nouvelle-liee-a-la-can-2023-retentit-fort-au-cameroun#primaryimage\",\"url\":\"https:\/\/static.africa-press.net\/cameroun\/sites\/57\/2023\/09\/sm_1694890456.561278.jpg\",\"contentUrl\":\"https:\/\/static.africa-press.net\/cameroun\/sites\/57\/2023\/09\/sm_1694890456.561278.jpg\",\"width\":720,\"height\":475,\"caption\":\"'Chers Ivoiriens, j'ai d\u00e9cid\u00e9' : une nouvelle li\u00e9e \u00e0 la CAN 2023 retentit fort au Cameroun\"},{\"@type\":\"BreadcrumbList\",\"@id\":\"https:\/\/www.africa-press.net\/cameroun\/politique\/chers-ivoiriens-jai-decide-une-nouvelle-liee-a-la-can-2023-retentit-fort-au-cameroun#breadcrumb\",\"itemListElement\":[{\"@type\":\"ListItem\",\"position\":1,\"name\":\"Accueil\",\"item\":\"https:\/\/www.africa-press.net\/cameroun\/\"},{\"@type\":\"ListItem\",\"position\":2,\"name\":\"&#8216;Chers Ivoiriens, j&#8217;ai d\u00e9cid\u00e9&#8217; : une nouvelle li\u00e9e \u00e0 la CAN 2023 retentit fort au Cameroun\"}]},{\"@type\":\"WebSite\",\"@id\":\"https:\/\/www.africa-press.net\/cameroun\/#website\",\"url\":\"https:\/\/www.africa-press.net\/cameroun\/\",\"name\":\"Cameroun\",\"description\":\"Just another Africa News Agency Sites site\",\"potentialAction\":[{\"@type\":\"SearchAction\",\"target\":{\"@type\":\"EntryPoint\",\"urlTemplate\":\"https:\/\/www.africa-press.net\/cameroun\/?s={search_term_string}\"},\"query-input\":{\"@type\":\"PropertyValueSpecification\",\"valueRequired\":true,\"valueName\":\"search_term_string\"}}],\"inLanguage\":\"fr-FR\"},{\"@type\":\"Person\",\"@id\":\"https:\/\/www.africa-press.net\/cameroun\/#\/schema\/person\/2b1cf3cd81a31e3cd26889ca66d677f1\",\"name\":\"cfeditorfr\"}]}<\/script>\n<!-- \/ Yoast SEO Premium plugin. -->","yoast_head_json":{"title":"'Chers Ivoiriens, j'ai d\u00e9cid\u00e9' : une nouvelle li\u00e9e \u00e0 la CAN 2023 retentit fort au Cameroun - Cameroun","description":"Le Cameroun a l\u2019habitude de chambrer la Co\u0302te d\u2019Ivoire et vice-versa. Ce n\u2019est certainement pas la nouvelle actualite\u0301 l ...","robots":{"index":"index","follow":"follow","max-snippet":"max-snippet:-1","max-image-preview":"max-image-preview:large","max-video-preview":"max-video-preview:-1"},"canonical":"https:\/\/www.africa-press.net\/cameroun\/politique\/chers-ivoiriens-jai-decide-une-nouvelle-liee-a-la-can-2023-retentit-fort-au-cameroun","og_locale":"fr_FR","og_type":"article","og_title":"'Chers Ivoiriens, j'ai d\u00e9cid\u00e9' : une nouvelle li\u00e9e \u00e0 la CAN 2023 retentit fort au Cameroun","og_description":"Le Cameroun a l\u2019habitude de chambrer la Co\u0302te d\u2019Ivoire et vice-versa. Ce n\u2019est certainement pas la nouvelle actualite\u0301 l ...","og_url":"https:\/\/www.africa-press.net\/cameroun\/politique\/chers-ivoiriens-jai-decide-une-nouvelle-liee-a-la-can-2023-retentit-fort-au-cameroun","og_site_name":"Cameroun","article_published_time":"2023-09-16T21:56:05+00:00","article_modified_time":"2023-09-16T22:25:51+00:00","og_image":[{"width":720,"height":475,"url":"https:\/\/static.africa-press.net\/cameroun\/sites\/57\/2023\/09\/sm_1694890456.561278.jpg","type":"image\/jpeg"}],"author":"cfeditorfr","twitter_card":"summary_large_image","twitter_misc":{"\u00c9crit par":"cfeditorfr","Dur\u00e9e de lecture estim\u00e9e":"2 minutes"},"schema":{"@context":"https:\/\/schema.org","@graph":[{"@type":"Article","@id":"https:\/\/www.africa-press.net\/cameroun\/politique\/chers-ivoiriens-jai-decide-une-nouvelle-liee-a-la-can-2023-retentit-fort-au-cameroun#article","isPartOf":{"@id":"https:\/\/www.africa-press.net\/cameroun\/politique\/chers-ivoiriens-jai-decide-une-nouvelle-liee-a-la-can-2023-retentit-fort-au-cameroun"},"author":{"name":"cfeditorfr","@id":"https:\/\/www.africa-press.net\/cameroun\/#\/schema\/person\/2b1cf3cd81a31e3cd26889ca66d677f1"},"headline":"&lsquo;Chers Ivoiriens, j&rsquo;ai d\u00e9cid\u00e9&rsquo; : une nouvelle li\u00e9e \u00e0 la CAN 2023 retentit fort au Cameroun","datePublished":"2023-09-16T21:56:05+00:00","dateModified":"2023-09-16T22:25:51+00:00","mainEntityOfPage":{"@id":"https:\/\/www.africa-press.net\/cameroun\/politique\/chers-ivoiriens-jai-decide-une-nouvelle-liee-a-la-can-2023-retentit-fort-au-cameroun"},"wordCount":460,"commentCount":0,"image":{"@id":"https:\/\/www.africa-press.net\/cameroun\/politique\/chers-ivoiriens-jai-decide-une-nouvelle-liee-a-la-can-2023-retentit-fort-au-cameroun#primaryimage"},"thumbnailUrl":"https:\/\/static.africa-press.net\/cameroun\/sites\/57\/2023\/09\/sm_1694890456.561278.jpg","keywords":["Africa Press","Africa Press-Cameroun","Cameroun"],"articleSection":["Politique","Toutes les actualit\u00e9s"],"inLanguage":"fr-FR","potentialAction":[{"@type":"CommentAction","name":"Comment","target":["https:\/\/www.africa-press.net\/cameroun\/politique\/chers-ivoiriens-jai-decide-une-nouvelle-liee-a-la-can-2023-retentit-fort-au-cameroun#respond"]}]},{"@type":"WebPage","@id":"https:\/\/www.africa-press.net\/cameroun\/politique\/chers-ivoiriens-jai-decide-une-nouvelle-liee-a-la-can-2023-retentit-fort-au-cameroun","url":"https:\/\/www.africa-press.net\/cameroun\/politique\/chers-ivoiriens-jai-decide-une-nouvelle-liee-a-la-can-2023-retentit-fort-au-cameroun","name":"'Chers Ivoiriens, j'ai d\u00e9cid\u00e9' : une nouvelle li\u00e9e \u00e0 la CAN 2023 retentit fort au Cameroun - Cameroun","isPartOf":{"@id":"https:\/\/www.africa-press.net\/cameroun\/#website"},"primaryImageOfPage":{"@id":"https:\/\/www.africa-press.net\/cameroun\/politique\/chers-ivoiriens-jai-decide-une-nouvelle-liee-a-la-can-2023-retentit-fort-au-cameroun#primaryimage"},"image":{"@id":"https:\/\/www.africa-press.net\/cameroun\/politique\/chers-ivoiriens-jai-decide-une-nouvelle-liee-a-la-can-2023-retentit-fort-au-cameroun#primaryimage"},"thumbnailUrl":"https:\/\/static.africa-press.net\/cameroun\/sites\/57\/2023\/09\/sm_1694890456.561278.jpg","datePublished":"2023-09-16T21:56:05+00:00","dateModified":"2023-09-16T22:25:51+00:00","author":{"@id":"https:\/\/www.africa-press.net\/cameroun\/#\/schema\/person\/2b1cf3cd81a31e3cd26889ca66d677f1"},"description":"Le Cameroun a l\u2019habitude de chambrer la Co\u0302te d\u2019Ivoire et vice-versa. Ce n\u2019est certainement pas la nouvelle actualite\u0301 l ...","breadcrumb":{"@id":"https:\/\/www.africa-press.net\/cameroun\/politique\/chers-ivoiriens-jai-decide-une-nouvelle-liee-a-la-can-2023-retentit-fort-au-cameroun#breadcrumb"},"inLanguage":"fr-FR","potentialAction":[{"@type":"ReadAction","target":["https:\/\/www.africa-press.net\/cameroun\/politique\/chers-ivoiriens-jai-decide-une-nouvelle-liee-a-la-can-2023-retentit-fort-au-cameroun"]}]},{"@type":"ImageObject","inLanguage":"fr-FR","@id":"https:\/\/www.africa-press.net\/cameroun\/politique\/chers-ivoiriens-jai-decide-une-nouvelle-liee-a-la-can-2023-retentit-fort-au-cameroun#primaryimage","url":"https:\/\/static.africa-press.net\/cameroun\/sites\/57\/2023\/09\/sm_1694890456.561278.jpg","contentUrl":"https:\/\/static.africa-press.net\/cameroun\/sites\/57\/2023\/09\/sm_1694890456.561278.jpg","width":720,"height":475,"caption":"'Chers Ivoiriens, j'ai d\u00e9cid\u00e9' : une nouvelle li\u00e9e \u00e0 la CAN 2023 retentit fort au Cameroun"},{"@type":"BreadcrumbList","@id":"https:\/\/www.africa-press.net\/cameroun\/politique\/chers-ivoiriens-jai-decide-une-nouvelle-liee-a-la-can-2023-retentit-fort-au-cameroun#breadcrumb","itemListElement":[{"@type":"ListItem","position":1,"name":"Accueil","item":"https:\/\/www.africa-press.net\/cameroun\/"},{"@type":"ListItem","position":2,"name":"&#8216;Chers Ivoiriens, j&#8217;ai d\u00e9cid\u00e9&#8217; : une nouvelle li\u00e9e \u00e0 la CAN 2023 retentit fort au Cameroun"}]},{"@type":"WebSite","@id":"https:\/\/www.africa-press.net\/cameroun\/#website","url":"https:\/\/www.africa-press.net\/cameroun\/","name":"Cameroun","description":"Just another Africa News Agency Sites site","potentialAction":[{"@type":"SearchAction","target":{"@type":"EntryPoint","urlTemplate":"https:\/\/www.africa-press.net\/cameroun\/?s={search_term_string}"},"query-input":{"@type":"PropertyValueSpecification","valueRequired":true,"valueName":"search_term_string"}}],"inLanguage":"fr-FR"},{"@type":"Person","@id":"https:\/\/www.africa-press.net\/cameroun\/#\/schema\/person\/2b1cf3cd81a31e3cd26889ca66d677f1","name":"cfeditorfr"}]}},"_links":{"self":[{"href":"https:\/\/www.africa-press.net\/cameroun\/wp-json\/wp\/v2\/posts\/50931","targetHints":{"allow":["GET"]}}],"collection":[{"href":"https:\/\/www.africa-press.net\/cameroun\/wp-json\/wp\/v2\/posts"}],"about":[{"href":"https:\/\/www.africa-press.net\/cameroun\/wp-json\/wp\/v2\/types\/post"}],"author":[{"embeddable":true,"href":"https:\/\/www.africa-press.net\/cameroun\/wp-json\/wp\/v2\/users\/82"}],"replies":[{"embeddable":true,"href":"https:\/\/www.africa-press.net\/cameroun\/wp-json\/wp\/v2\/comments?post=50931"}],"version-history":[{"count":0,"href":"https:\/\/www.africa-press.net\/cameroun\/wp-json\/wp\/v2\/posts\/50931\/revisions"}],"wp:featuredmedia":[{"embeddable":true,"href":"https:\/\/www.africa-press.net\/cameroun\/wp-json\/wp\/v2\/media\/50930"}],"wp:attachment":[{"href":"https:\/\/www.africa-press.net\/cameroun\/wp-json\/wp\/v2\/media?parent=50931"}],"wp:term":[{"taxonomy":"category","embeddable":true,"href":"https:\/\/www.africa-press.net\/cameroun\/wp-json\/wp\/v2\/categories?post=50931"},{"taxonomy":"post_tag","embeddable":true,"href":"https:\/\/www.africa-press.net\/cameroun\/wp-json\/wp\/v2\/tags?post=50931"}],"curies":[{"name":"wp","href":"https:\/\/api.w.org\/{rel}","templated":true}]}}