{"id":50934,"date":"2023-09-16T21:56:20","date_gmt":"2023-09-16T21:56:20","guid":{"rendered":"https:\/\/www.africa-press.net\/cameroun\/politique\/maroua-a-un-nouveau-souverain-sa-majeste-abdoulaye-yerima-bakary-elu"},"modified":"2023-09-16T22:26:24","modified_gmt":"2023-09-16T22:26:24","slug":"maroua-a-un-nouveau-souverain-sa-majeste-abdoulaye-yerima-bakary-elu","status":"publish","type":"post","link":"https:\/\/www.africa-press.net\/cameroun\/toutes-les-actualites\/maroua-a-un-nouveau-souverain-sa-majeste-abdoulaye-yerima-bakary-elu","title":{"rendered":"Maroua a un nouveau souverain: Sa Majest\u00e9 Abdoulaye Y\u00e9rima Bakary \u00e9lu"},"content":{"rendered":"<p><span style=\"color: #ff6600\"><strong>Africa-Press &#8211; Cameroun. <\/strong><\/span>La re\u0301daction de CamerounWeb vient d&rsquo;apprendre que Abdoulaye Ye\u0301rima Bakary, Lawane de Dogba a e\u0301te\u0301 e\u0301lu ce samedi 16 septembre, nouveau Lamido de Maroua.<\/p>\n<p>Apre\u0300s El Hadj Yerima Bakary Bouba de\u0301ce\u0301de\u0301 en juillet 2023 a\u0300 Yaounde\u0301 des suites de maladie, le Lamidat de Maroua a pour nouveau mai\u0302tre Abdoulaye Bakary.<\/p>\n<p>Ils e\u0301taient 25 postulants au poste de lamido de Maroua, dont la consultation coutumie\u0300re est pre\u0301vue ce samedi 17 septembre 2023.<\/p>\n<p>La de\u0301cision a e\u0301te\u0301 prise hier mercredi 13 septembre 2023, par Jean Marc Ekoa Mbarga, le pre\u0301fet du Diamare\u0301.<\/p>\n<p>Selon le communique\u0301 signe\u0301 et rendu publique par l\u2019autorite\u0301 administrative, les crite\u0300res retenus par sa commission en vue de l\u2019e\u0301valuation et la se\u0301lection des candidats au poste de lamido de Maroua est d\u2019e\u0302tre fils de lamibe\u0301s et petits-fils de lamibe\u0301s.<\/p>\n<p>Au final 25 dossiers ont e\u0301te\u0301 retenus et juge\u0301s conformes. Il s\u2019agit de 15 fils de lamibe\u0301s et 10 petits-fils de lamibe\u0301s qui sont aptes a\u0300 concourir au poste de lamido de Maroua.<\/p>\n<p><strong>Pour plus d&rsquo;informations et d&rsquo;analyses sur la <a href=\"https:\/\/www.africa-press.net\/cameroun\">Cameroun<\/a>, suivez <a href=\"https:\/\/www.africa-press.net\/\">Africa-Press<\/a><\/strong><\/p>\n","protected":false},"excerpt":{"rendered":"<p>Africa-Press &#8211; Cameroun. La re\u0301daction de CamerounWeb vient d&rsquo;apprendre que Abdoulaye Ye\u0301rima Bakary, Lawane de Dogba a e\u0301te\u0301 e\u0301lu ce samedi 16 septembre, nouveau Lamido de Maroua. Apre\u0300s El Hadj Yerima Bakary Bouba de\u0301ce\u0301de\u0301 en juillet 2023 a\u0300 Yaounde\u0301 des suites de maladie, le Lamidat de Maroua a pour nouveau mai\u0302tre Abdoulaye Bakary. Ils e\u0301taient [&hellip;]<\/p>\n","protected":false},"author":82,"featured_media":50933,"comment_status":"open","ping_status":"closed","sticky":false,"template":"","format":"standard","meta":{"footnotes":""},"categories":[21,10],"tags":[36,50,49],"class_list":["post-50934","post","type-post","status-publish","format-standard","has-post-thumbnail","hentry","category-communaute","category-toutes-les-actualites","tag-africa-press","tag-africa-press-cameroun","tag-cameroun"],"yoast_head":"<!-- This site is optimized with the Yoast SEO Premium plugin v26.1 (Yoast SEO v27.0) - https:\/\/yoast.com\/product\/yoast-seo-premium-wordpress\/ -->\n<title>Maroua a un nouveau souverain: Sa Majest\u00e9 Abdoulaye Y\u00e9rima Bakary \u00e9lu - Cameroun<\/title>\n<meta name=\"description\" content=\"La re\u0301daction de CamerounWeb vient d&#039;apprendre que Abdoulaye Ye\u0301rima Bakary, Lawane de Dogba a e\u0301te\u0301 e\u0301lu ce samedi 16 s ...\" \/>\n<meta name=\"robots\" content=\"index, follow, max-snippet:-1, max-image-preview:large, max-video-preview:-1\" \/>\n<link rel=\"canonical\" href=\"https:\/\/www.africa-press.net\/cameroun\/toutes-les-actualites\/maroua-a-un-nouveau-souverain-sa-majeste-abdoulaye-yerima-bakary-elu\" \/>\n<meta property=\"og:locale\" content=\"fr_FR\" \/>\n<meta property=\"og:type\" content=\"article\" \/>\n<meta property=\"og:title\" content=\"Maroua a un nouveau souverain: Sa Majest\u00e9 Abdoulaye Y\u00e9rima Bakary \u00e9lu\" \/>\n<meta property=\"og:description\" content=\"La re\u0301daction de CamerounWeb vient d&#039;apprendre que Abdoulaye Ye\u0301rima Bakary, Lawane de Dogba a e\u0301te\u0301 e\u0301lu ce samedi 16 s ...\" \/>\n<meta property=\"og:url\" content=\"https:\/\/www.africa-press.net\/cameroun\/toutes-les-actualites\/maroua-a-un-nouveau-souverain-sa-majeste-abdoulaye-yerima-bakary-elu\" \/>\n<meta property=\"og:site_name\" content=\"Cameroun\" \/>\n<meta property=\"article:published_time\" content=\"2023-09-16T21:56:20+00:00\" \/>\n<meta property=\"article:modified_time\" content=\"2023-09-16T22:26:24+00:00\" \/>\n<meta property=\"og:image\" content=\"https:\/\/static.africa-press.net\/cameroun\/sites\/57\/2023\/09\/sm_1694890495.934762.jpg\" \/>\n\t<meta property=\"og:image:width\" content=\"720\" \/>\n\t<meta property=\"og:image:height\" content=\"360\" \/>\n\t<meta property=\"og:image:type\" content=\"image\/jpeg\" \/>\n<meta name=\"author\" content=\"cfeditorfr\" \/>\n<meta name=\"twitter:card\" content=\"summary_large_image\" \/>\n<meta name=\"twitter:label1\" content=\"\u00c9crit par\" \/>\n\t<meta name=\"twitter:data1\" content=\"cfeditorfr\" \/>\n\t<meta name=\"twitter:label2\" content=\"Dur\u00e9e de lecture estim\u00e9e\" \/>\n\t<meta name=\"twitter:data2\" content=\"1 minute\" \/>\n<script type=\"application\/ld+json\" class=\"yoast-schema-graph\">{\"@context\":\"https:\/\/schema.org\",\"@graph\":[{\"@type\":\"Article\",\"@id\":\"https:\/\/www.africa-press.net\/cameroun\/toutes-les-actualites\/maroua-a-un-nouveau-souverain-sa-majeste-abdoulaye-yerima-bakary-elu#article\",\"isPartOf\":{\"@id\":\"https:\/\/www.africa-press.net\/cameroun\/toutes-les-actualites\/maroua-a-un-nouveau-souverain-sa-majeste-abdoulaye-yerima-bakary-elu\"},\"author\":{\"name\":\"cfeditorfr\",\"@id\":\"https:\/\/www.africa-press.net\/cameroun\/#\/schema\/person\/2b1cf3cd81a31e3cd26889ca66d677f1\"},\"headline\":\"Maroua a un nouveau souverain: Sa Majest\u00e9 Abdoulaye Y\u00e9rima Bakary \u00e9lu\",\"datePublished\":\"2023-09-16T21:56:20+00:00\",\"dateModified\":\"2023-09-16T22:26:24+00:00\",\"mainEntityOfPage\":{\"@id\":\"https:\/\/www.africa-press.net\/cameroun\/toutes-les-actualites\/maroua-a-un-nouveau-souverain-sa-majeste-abdoulaye-yerima-bakary-elu\"},\"wordCount\":209,\"commentCount\":0,\"image\":{\"@id\":\"https:\/\/www.africa-press.net\/cameroun\/toutes-les-actualites\/maroua-a-un-nouveau-souverain-sa-majeste-abdoulaye-yerima-bakary-elu#primaryimage\"},\"thumbnailUrl\":\"https:\/\/static.africa-press.net\/cameroun\/sites\/57\/2023\/09\/sm_1694890495.934762.jpg\",\"keywords\":[\"Africa Press\",\"Africa Press-Cameroun\",\"Cameroun\"],\"articleSection\":[\"Communaut\u00e9\",\"Toutes les actualit\u00e9s\"],\"inLanguage\":\"fr-FR\",\"potentialAction\":[{\"@type\":\"CommentAction\",\"name\":\"Comment\",\"target\":[\"https:\/\/www.africa-press.net\/cameroun\/toutes-les-actualites\/maroua-a-un-nouveau-souverain-sa-majeste-abdoulaye-yerima-bakary-elu#respond\"]}]},{\"@type\":\"WebPage\",\"@id\":\"https:\/\/www.africa-press.net\/cameroun\/toutes-les-actualites\/maroua-a-un-nouveau-souverain-sa-majeste-abdoulaye-yerima-bakary-elu\",\"url\":\"https:\/\/www.africa-press.net\/cameroun\/toutes-les-actualites\/maroua-a-un-nouveau-souverain-sa-majeste-abdoulaye-yerima-bakary-elu\",\"name\":\"Maroua a un nouveau souverain: Sa Majest\u00e9 Abdoulaye Y\u00e9rima Bakary \u00e9lu - Cameroun\",\"isPartOf\":{\"@id\":\"https:\/\/www.africa-press.net\/cameroun\/#website\"},\"primaryImageOfPage\":{\"@id\":\"https:\/\/www.africa-press.net\/cameroun\/toutes-les-actualites\/maroua-a-un-nouveau-souverain-sa-majeste-abdoulaye-yerima-bakary-elu#primaryimage\"},\"image\":{\"@id\":\"https:\/\/www.africa-press.net\/cameroun\/toutes-les-actualites\/maroua-a-un-nouveau-souverain-sa-majeste-abdoulaye-yerima-bakary-elu#primaryimage\"},\"thumbnailUrl\":\"https:\/\/static.africa-press.net\/cameroun\/sites\/57\/2023\/09\/sm_1694890495.934762.jpg\",\"datePublished\":\"2023-09-16T21:56:20+00:00\",\"dateModified\":\"2023-09-16T22:26:24+00:00\",\"author\":{\"@id\":\"https:\/\/www.africa-press.net\/cameroun\/#\/schema\/person\/2b1cf3cd81a31e3cd26889ca66d677f1\"},\"description\":\"La re\u0301daction de CamerounWeb vient d'apprendre que Abdoulaye Ye\u0301rima Bakary, Lawane de Dogba a e\u0301te\u0301 e\u0301lu ce samedi 16 s ...\",\"breadcrumb\":{\"@id\":\"https:\/\/www.africa-press.net\/cameroun\/toutes-les-actualites\/maroua-a-un-nouveau-souverain-sa-majeste-abdoulaye-yerima-bakary-elu#breadcrumb\"},\"inLanguage\":\"fr-FR\",\"potentialAction\":[{\"@type\":\"ReadAction\",\"target\":[\"https:\/\/www.africa-press.net\/cameroun\/toutes-les-actualites\/maroua-a-un-nouveau-souverain-sa-majeste-abdoulaye-yerima-bakary-elu\"]}]},{\"@type\":\"ImageObject\",\"inLanguage\":\"fr-FR\",\"@id\":\"https:\/\/www.africa-press.net\/cameroun\/toutes-les-actualites\/maroua-a-un-nouveau-souverain-sa-majeste-abdoulaye-yerima-bakary-elu#primaryimage\",\"url\":\"https:\/\/static.africa-press.net\/cameroun\/sites\/57\/2023\/09\/sm_1694890495.934762.jpg\",\"contentUrl\":\"https:\/\/static.africa-press.net\/cameroun\/sites\/57\/2023\/09\/sm_1694890495.934762.jpg\",\"width\":720,\"height\":360,\"caption\":\"Maroua a un nouveau souverain: Sa Majest\u00e9 Abdoulaye Y\u00e9rima Bakary \u00e9lu\"},{\"@type\":\"BreadcrumbList\",\"@id\":\"https:\/\/www.africa-press.net\/cameroun\/toutes-les-actualites\/maroua-a-un-nouveau-souverain-sa-majeste-abdoulaye-yerima-bakary-elu#breadcrumb\",\"itemListElement\":[{\"@type\":\"ListItem\",\"position\":1,\"name\":\"Accueil\",\"item\":\"https:\/\/www.africa-press.net\/cameroun\/\"},{\"@type\":\"ListItem\",\"position\":2,\"name\":\"Maroua a un nouveau souverain: Sa Majest\u00e9 Abdoulaye Y\u00e9rima Bakary \u00e9lu\"}]},{\"@type\":\"WebSite\",\"@id\":\"https:\/\/www.africa-press.net\/cameroun\/#website\",\"url\":\"https:\/\/www.africa-press.net\/cameroun\/\",\"name\":\"Cameroun\",\"description\":\"Just another Africa News Agency Sites site\",\"potentialAction\":[{\"@type\":\"SearchAction\",\"target\":{\"@type\":\"EntryPoint\",\"urlTemplate\":\"https:\/\/www.africa-press.net\/cameroun\/?s={search_term_string}\"},\"query-input\":{\"@type\":\"PropertyValueSpecification\",\"valueRequired\":true,\"valueName\":\"search_term_string\"}}],\"inLanguage\":\"fr-FR\"},{\"@type\":\"Person\",\"@id\":\"https:\/\/www.africa-press.net\/cameroun\/#\/schema\/person\/2b1cf3cd81a31e3cd26889ca66d677f1\",\"name\":\"cfeditorfr\"}]}<\/script>\n<!-- \/ Yoast SEO Premium plugin. -->","yoast_head_json":{"title":"Maroua a un nouveau souverain: Sa Majest\u00e9 Abdoulaye Y\u00e9rima Bakary \u00e9lu - Cameroun","description":"La re\u0301daction de CamerounWeb vient d'apprendre que Abdoulaye Ye\u0301rima Bakary, Lawane de Dogba a e\u0301te\u0301 e\u0301lu ce samedi 16 s ...","robots":{"index":"index","follow":"follow","max-snippet":"max-snippet:-1","max-image-preview":"max-image-preview:large","max-video-preview":"max-video-preview:-1"},"canonical":"https:\/\/www.africa-press.net\/cameroun\/toutes-les-actualites\/maroua-a-un-nouveau-souverain-sa-majeste-abdoulaye-yerima-bakary-elu","og_locale":"fr_FR","og_type":"article","og_title":"Maroua a un nouveau souverain: Sa Majest\u00e9 Abdoulaye Y\u00e9rima Bakary \u00e9lu","og_description":"La re\u0301daction de CamerounWeb vient d'apprendre que Abdoulaye Ye\u0301rima Bakary, Lawane de Dogba a e\u0301te\u0301 e\u0301lu ce samedi 16 s ...","og_url":"https:\/\/www.africa-press.net\/cameroun\/toutes-les-actualites\/maroua-a-un-nouveau-souverain-sa-majeste-abdoulaye-yerima-bakary-elu","og_site_name":"Cameroun","article_published_time":"2023-09-16T21:56:20+00:00","article_modified_time":"2023-09-16T22:26:24+00:00","og_image":[{"width":720,"height":360,"url":"https:\/\/static.africa-press.net\/cameroun\/sites\/57\/2023\/09\/sm_1694890495.934762.jpg","type":"image\/jpeg"}],"author":"cfeditorfr","twitter_card":"summary_large_image","twitter_misc":{"\u00c9crit par":"cfeditorfr","Dur\u00e9e de lecture estim\u00e9e":"1 minute"},"schema":{"@context":"https:\/\/schema.org","@graph":[{"@type":"Article","@id":"https:\/\/www.africa-press.net\/cameroun\/toutes-les-actualites\/maroua-a-un-nouveau-souverain-sa-majeste-abdoulaye-yerima-bakary-elu#article","isPartOf":{"@id":"https:\/\/www.africa-press.net\/cameroun\/toutes-les-actualites\/maroua-a-un-nouveau-souverain-sa-majeste-abdoulaye-yerima-bakary-elu"},"author":{"name":"cfeditorfr","@id":"https:\/\/www.africa-press.net\/cameroun\/#\/schema\/person\/2b1cf3cd81a31e3cd26889ca66d677f1"},"headline":"Maroua a un nouveau souverain: Sa Majest\u00e9 Abdoulaye Y\u00e9rima Bakary \u00e9lu","datePublished":"2023-09-16T21:56:20+00:00","dateModified":"2023-09-16T22:26:24+00:00","mainEntityOfPage":{"@id":"https:\/\/www.africa-press.net\/cameroun\/toutes-les-actualites\/maroua-a-un-nouveau-souverain-sa-majeste-abdoulaye-yerima-bakary-elu"},"wordCount":209,"commentCount":0,"image":{"@id":"https:\/\/www.africa-press.net\/cameroun\/toutes-les-actualites\/maroua-a-un-nouveau-souverain-sa-majeste-abdoulaye-yerima-bakary-elu#primaryimage"},"thumbnailUrl":"https:\/\/static.africa-press.net\/cameroun\/sites\/57\/2023\/09\/sm_1694890495.934762.jpg","keywords":["Africa Press","Africa Press-Cameroun","Cameroun"],"articleSection":["Communaut\u00e9","Toutes les actualit\u00e9s"],"inLanguage":"fr-FR","potentialAction":[{"@type":"CommentAction","name":"Comment","target":["https:\/\/www.africa-press.net\/cameroun\/toutes-les-actualites\/maroua-a-un-nouveau-souverain-sa-majeste-abdoulaye-yerima-bakary-elu#respond"]}]},{"@type":"WebPage","@id":"https:\/\/www.africa-press.net\/cameroun\/toutes-les-actualites\/maroua-a-un-nouveau-souverain-sa-majeste-abdoulaye-yerima-bakary-elu","url":"https:\/\/www.africa-press.net\/cameroun\/toutes-les-actualites\/maroua-a-un-nouveau-souverain-sa-majeste-abdoulaye-yerima-bakary-elu","name":"Maroua a un nouveau souverain: Sa Majest\u00e9 Abdoulaye Y\u00e9rima Bakary \u00e9lu - Cameroun","isPartOf":{"@id":"https:\/\/www.africa-press.net\/cameroun\/#website"},"primaryImageOfPage":{"@id":"https:\/\/www.africa-press.net\/cameroun\/toutes-les-actualites\/maroua-a-un-nouveau-souverain-sa-majeste-abdoulaye-yerima-bakary-elu#primaryimage"},"image":{"@id":"https:\/\/www.africa-press.net\/cameroun\/toutes-les-actualites\/maroua-a-un-nouveau-souverain-sa-majeste-abdoulaye-yerima-bakary-elu#primaryimage"},"thumbnailUrl":"https:\/\/static.africa-press.net\/cameroun\/sites\/57\/2023\/09\/sm_1694890495.934762.jpg","datePublished":"2023-09-16T21:56:20+00:00","dateModified":"2023-09-16T22:26:24+00:00","author":{"@id":"https:\/\/www.africa-press.net\/cameroun\/#\/schema\/person\/2b1cf3cd81a31e3cd26889ca66d677f1"},"description":"La re\u0301daction de CamerounWeb vient d'apprendre que Abdoulaye Ye\u0301rima Bakary, Lawane de Dogba a e\u0301te\u0301 e\u0301lu ce samedi 16 s ...","breadcrumb":{"@id":"https:\/\/www.africa-press.net\/cameroun\/toutes-les-actualites\/maroua-a-un-nouveau-souverain-sa-majeste-abdoulaye-yerima-bakary-elu#breadcrumb"},"inLanguage":"fr-FR","potentialAction":[{"@type":"ReadAction","target":["https:\/\/www.africa-press.net\/cameroun\/toutes-les-actualites\/maroua-a-un-nouveau-souverain-sa-majeste-abdoulaye-yerima-bakary-elu"]}]},{"@type":"ImageObject","inLanguage":"fr-FR","@id":"https:\/\/www.africa-press.net\/cameroun\/toutes-les-actualites\/maroua-a-un-nouveau-souverain-sa-majeste-abdoulaye-yerima-bakary-elu#primaryimage","url":"https:\/\/static.africa-press.net\/cameroun\/sites\/57\/2023\/09\/sm_1694890495.934762.jpg","contentUrl":"https:\/\/static.africa-press.net\/cameroun\/sites\/57\/2023\/09\/sm_1694890495.934762.jpg","width":720,"height":360,"caption":"Maroua a un nouveau souverain: Sa Majest\u00e9 Abdoulaye Y\u00e9rima Bakary \u00e9lu"},{"@type":"BreadcrumbList","@id":"https:\/\/www.africa-press.net\/cameroun\/toutes-les-actualites\/maroua-a-un-nouveau-souverain-sa-majeste-abdoulaye-yerima-bakary-elu#breadcrumb","itemListElement":[{"@type":"ListItem","position":1,"name":"Accueil","item":"https:\/\/www.africa-press.net\/cameroun\/"},{"@type":"ListItem","position":2,"name":"Maroua a un nouveau souverain: Sa Majest\u00e9 Abdoulaye Y\u00e9rima Bakary \u00e9lu"}]},{"@type":"WebSite","@id":"https:\/\/www.africa-press.net\/cameroun\/#website","url":"https:\/\/www.africa-press.net\/cameroun\/","name":"Cameroun","description":"Just another Africa News Agency Sites site","potentialAction":[{"@type":"SearchAction","target":{"@type":"EntryPoint","urlTemplate":"https:\/\/www.africa-press.net\/cameroun\/?s={search_term_string}"},"query-input":{"@type":"PropertyValueSpecification","valueRequired":true,"valueName":"search_term_string"}}],"inLanguage":"fr-FR"},{"@type":"Person","@id":"https:\/\/www.africa-press.net\/cameroun\/#\/schema\/person\/2b1cf3cd81a31e3cd26889ca66d677f1","name":"cfeditorfr"}]}},"_links":{"self":[{"href":"https:\/\/www.africa-press.net\/cameroun\/wp-json\/wp\/v2\/posts\/50934","targetHints":{"allow":["GET"]}}],"collection":[{"href":"https:\/\/www.africa-press.net\/cameroun\/wp-json\/wp\/v2\/posts"}],"about":[{"href":"https:\/\/www.africa-press.net\/cameroun\/wp-json\/wp\/v2\/types\/post"}],"author":[{"embeddable":true,"href":"https:\/\/www.africa-press.net\/cameroun\/wp-json\/wp\/v2\/users\/82"}],"replies":[{"embeddable":true,"href":"https:\/\/www.africa-press.net\/cameroun\/wp-json\/wp\/v2\/comments?post=50934"}],"version-history":[{"count":0,"href":"https:\/\/www.africa-press.net\/cameroun\/wp-json\/wp\/v2\/posts\/50934\/revisions"}],"wp:featuredmedia":[{"embeddable":true,"href":"https:\/\/www.africa-press.net\/cameroun\/wp-json\/wp\/v2\/media\/50933"}],"wp:attachment":[{"href":"https:\/\/www.africa-press.net\/cameroun\/wp-json\/wp\/v2\/media?parent=50934"}],"wp:term":[{"taxonomy":"category","embeddable":true,"href":"https:\/\/www.africa-press.net\/cameroun\/wp-json\/wp\/v2\/categories?post=50934"},{"taxonomy":"post_tag","embeddable":true,"href":"https:\/\/www.africa-press.net\/cameroun\/wp-json\/wp\/v2\/tags?post=50934"}],"curies":[{"name":"wp","href":"https:\/\/api.w.org\/{rel}","templated":true}]}}