{"id":50940,"date":"2023-09-16T21:56:40","date_gmt":"2023-09-16T21:56:40","guid":{"rendered":"https:\/\/www.africa-press.net\/cameroun\/politique\/les-gens-croyaient-que-jetais-fou-cette-histoire-de-francis-ngannou-qui-interpelle"},"modified":"2023-09-16T22:27:41","modified_gmt":"2023-09-16T22:27:41","slug":"les-gens-croyaient-que-jetais-fou-cette-histoire-de-francis-ngannou-qui-interpelle","status":"publish","type":"post","link":"https:\/\/www.africa-press.net\/cameroun\/toutes-les-actualites\/les-gens-croyaient-que-jetais-fou-cette-histoire-de-francis-ngannou-qui-interpelle","title":{"rendered":"&lsquo;Les gens croyaient que j&rsquo;\u00e9tais fou&rsquo; : cette histoire de Francis Ngannou qui interpelle"},"content":{"rendered":"<p><span style=\"color: #ff6600\"><strong>Africa-Press &#8211; Cameroun. <\/strong><\/span>Francis Ngannou n\u2019a pas eu un passe\u0301 facile. The Predator a toujours cru en ses re\u0302ves, c\u2019est un travailleur qui n\u2019a jamais baisse\u0301 les bras. Son histoire est un te\u0301moignage a\u0300 faire partout pour montrer qu\u2019on peut passer de ze\u0301ro a\u0300 he\u0301ro.<\/p>\n<p>La ce\u0301le\u0301brite\u0301 Francis Ngannou a re\u0301cemment de\u0301clare\u0301 avoir e\u0301te\u0301 un homme tre\u0300s motive\u0301 pour pouvoir re\u0301aliser son re\u0302ve d&rsquo;e\u0302tre un Boxeur en de\u0301pit des conditions difficiles qui se pre\u0301sentaient devant lui.<\/p>\n<p>Le combattant dit : \u00ab Depuis mon enfance, mon re\u0302ve a toujours e\u0301te\u0301 de devenir boxeur. Personne n&rsquo;a jamais cru en moi ou en mon re\u0302ve. Il n&rsquo;y avait pas de pre\u0301ce\u0301dent. Il n&rsquo;y avait pas d&rsquo;opportunite\u0301 pour cela. Dans mon village, il n&rsquo;y avait pas de salle de sport dans un rayon de 80 km.<\/p>\n<p>Mais je n&rsquo;ai jamais abandonne\u0301 mon re\u0302ve. Pas me\u0302me un jour. Je ne savais pas si j&rsquo;allais y arriver, mais je savais avec certitude que j&rsquo;allais essayer et me donner a\u0300 fond, quoi qu&rsquo;il arrive.<\/p>\n<p>Les gens pensaient toujours que je plaisantais ou que j&rsquo;e\u0301tais fou d&rsquo;avoir un tel re\u0302ve. Pour eux, c&rsquo;e\u0301tait impossible. Mais devinez quoi ? Personne ne sait rien.<\/p>\n<p>La route a e\u0301te\u0301 longue et seme\u0301e d&#8217;embu\u0302ches, mais j&rsquo;ai boucle\u0301 la boucle pour en arriver la\u0300. Me voici. Je ne suis pas ne\u0301 diffe\u0301rent. Je me suis construit diffe\u0301remment \u00bb.<\/p>\n<p>Francis Ngannou contre Tyson Fury : c\u0327a craint, les tabloi\u0308ds de\u0301voilent celui qui va pulve\u0301riser l&rsquo;autre<\/p>\n<p>C\u2019est peut-e\u0302tre le plus grand de\u0301fi qui attend le Camerounais Francis Ngannou, le champion va affronter Tyson Fury dans un combat qui s\u2019annonce tre\u0300s complique\u0301 pour lui. Mais il y a de l\u2019espoir, les supporters de Francis Ngannou veulent croire au re\u0302ve, ils le poussent pour faire tomber le colosse Fury.<\/p>\n<p>Pour parler un peu de l\u2019homme, Tyson Fury est un boxeur Gitan britannique ne\u0301 a\u0300 Wythenshawe le 12 aou\u0302t 1988. Il est le cousin de l&rsquo;ancien champion du monde de boxe poids moyen Andy Lee.<\/p>\n<p>Fury a remporte\u0301 les quatre (04) ceintures de champion du monde poids lourds des quatre (04) organisations principales, tout d&rsquo;abord WBO, WBA et IBF en 2015 en battant Wladimir Klitschko, puis WBC en fe\u0301vrier 2020 en battant Deontay Wilder.<\/p>\n<p>Dans un article publie\u0301 le 05 aou\u0302t 2023, TRT Afrika e\u0301crivait que \u00ab pour le rendez-vous de Riyad, les bookmakers ont fixe\u0301 la co\u0302te de Francis Ngannou a\u0300 6 contre 1, ce qui veut dire que le Camerounais a une chance sur six de battre Tyson Fury \u00bb.<\/p>\n<p>Mais Martin Camus Mimb ne de\u0301courage pas : \u00ab Francis Ngannou va chicoter le type ci \u00bb, pre\u0301dit-il. Le journaliste sportif e\u0301crit que \u00ab quand j\u2019ai vu ces images (ci-dessous), j\u2019ai compris que Francis Ngannou avait de\u0301ja\u0300 pris le dessus psychologiquement sur Tyson Fury \u00bb.<\/p>\n<p>Since\u0300rement, poursuit-il, \u00ab j\u2019ai vu un Tyson trop excite\u0301, un peu panique\u0301, cherchant a\u0300 impressionner. Le calme de Francis Ngannou me rassure. Le 28 octobre, je ne vois pas comment il ne va pas chicoter le pe\u0300re la\u0300. Ne venez pas m\u2019expliquer autre chose. Je ne suis pas ouvert au de\u0301bat. C\u2019est d\u2019ailleurs vendredi. Le week-end s\u2019annonce show \u00bb.<\/p>\n<p><a href=\"https:\/\/www.facebook.com\/MartinOfficiel9099\/videos\/1024037125299487\/\"><b>vide\u0301o<\/b><\/a><\/p>\n<p><strong>Pour plus d&rsquo;informations et d&rsquo;analyses sur la <a href=\"https:\/\/www.africa-press.net\/cameroun\">Cameroun<\/a>, suivez <a href=\"https:\/\/www.africa-press.net\/\">Africa-Press<\/a><\/strong><\/p>\n","protected":false},"excerpt":{"rendered":"<p>Africa-Press &#8211; Cameroun. Francis Ngannou n\u2019a pas eu un passe\u0301 facile. The Predator a toujours cru en ses re\u0302ves, c\u2019est un travailleur qui n\u2019a jamais baisse\u0301 les bras. Son histoire est un te\u0301moignage a\u0300 faire partout pour montrer qu\u2019on peut passer de ze\u0301ro a\u0300 he\u0301ro. La ce\u0301le\u0301brite\u0301 Francis Ngannou a re\u0301cemment de\u0301clare\u0301 avoir e\u0301te\u0301 un [&hellip;]<\/p>\n","protected":false},"author":82,"featured_media":50939,"comment_status":"open","ping_status":"closed","sticky":false,"template":"","format":"standard","meta":{"footnotes":""},"categories":[21,10],"tags":[36,50,49],"class_list":["post-50940","post","type-post","status-publish","format-standard","has-post-thumbnail","hentry","category-communaute","category-toutes-les-actualites","tag-africa-press","tag-africa-press-cameroun","tag-cameroun"],"yoast_head":"<!-- This site is optimized with the Yoast SEO Premium plugin v26.1 (Yoast SEO v27.0) - https:\/\/yoast.com\/product\/yoast-seo-premium-wordpress\/ -->\n<title>&#039;Les gens croyaient que j&#039;\u00e9tais fou&#039; : cette histoire de Francis Ngannou qui interpelle - Cameroun<\/title>\n<meta name=\"description\" content=\"Francis Ngannou n\u2019a pas eu un passe\u0301 facile. The Predator a toujours cru en ses re\u0302ves, c\u2019est un travailleur qui n\u2019a jam ...\" \/>\n<meta name=\"robots\" content=\"index, follow, max-snippet:-1, max-image-preview:large, max-video-preview:-1\" \/>\n<link rel=\"canonical\" href=\"https:\/\/www.africa-press.net\/cameroun\/toutes-les-actualites\/les-gens-croyaient-que-jetais-fou-cette-histoire-de-francis-ngannou-qui-interpelle\" \/>\n<meta property=\"og:locale\" content=\"fr_FR\" \/>\n<meta property=\"og:type\" content=\"article\" \/>\n<meta property=\"og:title\" content=\"&#039;Les gens croyaient que j&#039;\u00e9tais fou&#039; : cette histoire de Francis Ngannou qui interpelle\" \/>\n<meta property=\"og:description\" content=\"Francis Ngannou n\u2019a pas eu un passe\u0301 facile. The Predator a toujours cru en ses re\u0302ves, c\u2019est un travailleur qui n\u2019a jam ...\" \/>\n<meta property=\"og:url\" content=\"https:\/\/www.africa-press.net\/cameroun\/toutes-les-actualites\/les-gens-croyaient-que-jetais-fou-cette-histoire-de-francis-ngannou-qui-interpelle\" \/>\n<meta property=\"og:site_name\" content=\"Cameroun\" \/>\n<meta property=\"article:published_time\" content=\"2023-09-16T21:56:40+00:00\" \/>\n<meta property=\"article:modified_time\" content=\"2023-09-16T22:27:41+00:00\" \/>\n<meta property=\"og:image\" content=\"https:\/\/static.africa-press.net\/cameroun\/sites\/57\/2023\/09\/sm_1694890557.857473.jpg\" \/>\n\t<meta property=\"og:image:width\" content=\"720\" \/>\n\t<meta property=\"og:image:height\" content=\"478\" \/>\n\t<meta property=\"og:image:type\" content=\"image\/jpeg\" \/>\n<meta name=\"author\" content=\"cfeditorfr\" \/>\n<meta name=\"twitter:card\" content=\"summary_large_image\" \/>\n<meta name=\"twitter:label1\" content=\"\u00c9crit par\" \/>\n\t<meta name=\"twitter:data1\" content=\"cfeditorfr\" \/>\n\t<meta name=\"twitter:label2\" content=\"Dur\u00e9e de lecture estim\u00e9e\" \/>\n\t<meta name=\"twitter:data2\" content=\"3 minutes\" \/>\n<script type=\"application\/ld+json\" class=\"yoast-schema-graph\">{\"@context\":\"https:\/\/schema.org\",\"@graph\":[{\"@type\":\"Article\",\"@id\":\"https:\/\/www.africa-press.net\/cameroun\/toutes-les-actualites\/les-gens-croyaient-que-jetais-fou-cette-histoire-de-francis-ngannou-qui-interpelle#article\",\"isPartOf\":{\"@id\":\"https:\/\/www.africa-press.net\/cameroun\/toutes-les-actualites\/les-gens-croyaient-que-jetais-fou-cette-histoire-de-francis-ngannou-qui-interpelle\"},\"author\":{\"name\":\"cfeditorfr\",\"@id\":\"https:\/\/www.africa-press.net\/cameroun\/#\/schema\/person\/2b1cf3cd81a31e3cd26889ca66d677f1\"},\"headline\":\"&lsquo;Les gens croyaient que j&rsquo;\u00e9tais fou&rsquo; : cette histoire de Francis Ngannou qui interpelle\",\"datePublished\":\"2023-09-16T21:56:40+00:00\",\"dateModified\":\"2023-09-16T22:27:41+00:00\",\"mainEntityOfPage\":{\"@id\":\"https:\/\/www.africa-press.net\/cameroun\/toutes-les-actualites\/les-gens-croyaient-que-jetais-fou-cette-histoire-de-francis-ngannou-qui-interpelle\"},\"wordCount\":603,\"commentCount\":0,\"image\":{\"@id\":\"https:\/\/www.africa-press.net\/cameroun\/toutes-les-actualites\/les-gens-croyaient-que-jetais-fou-cette-histoire-de-francis-ngannou-qui-interpelle#primaryimage\"},\"thumbnailUrl\":\"https:\/\/static.africa-press.net\/cameroun\/sites\/57\/2023\/09\/sm_1694890557.857473.jpg\",\"keywords\":[\"Africa Press\",\"Africa Press-Cameroun\",\"Cameroun\"],\"articleSection\":[\"Communaut\u00e9\",\"Toutes les actualit\u00e9s\"],\"inLanguage\":\"fr-FR\",\"potentialAction\":[{\"@type\":\"CommentAction\",\"name\":\"Comment\",\"target\":[\"https:\/\/www.africa-press.net\/cameroun\/toutes-les-actualites\/les-gens-croyaient-que-jetais-fou-cette-histoire-de-francis-ngannou-qui-interpelle#respond\"]}]},{\"@type\":\"WebPage\",\"@id\":\"https:\/\/www.africa-press.net\/cameroun\/toutes-les-actualites\/les-gens-croyaient-que-jetais-fou-cette-histoire-de-francis-ngannou-qui-interpelle\",\"url\":\"https:\/\/www.africa-press.net\/cameroun\/toutes-les-actualites\/les-gens-croyaient-que-jetais-fou-cette-histoire-de-francis-ngannou-qui-interpelle\",\"name\":\"'Les gens croyaient que j'\u00e9tais fou' : cette histoire de Francis Ngannou qui interpelle - Cameroun\",\"isPartOf\":{\"@id\":\"https:\/\/www.africa-press.net\/cameroun\/#website\"},\"primaryImageOfPage\":{\"@id\":\"https:\/\/www.africa-press.net\/cameroun\/toutes-les-actualites\/les-gens-croyaient-que-jetais-fou-cette-histoire-de-francis-ngannou-qui-interpelle#primaryimage\"},\"image\":{\"@id\":\"https:\/\/www.africa-press.net\/cameroun\/toutes-les-actualites\/les-gens-croyaient-que-jetais-fou-cette-histoire-de-francis-ngannou-qui-interpelle#primaryimage\"},\"thumbnailUrl\":\"https:\/\/static.africa-press.net\/cameroun\/sites\/57\/2023\/09\/sm_1694890557.857473.jpg\",\"datePublished\":\"2023-09-16T21:56:40+00:00\",\"dateModified\":\"2023-09-16T22:27:41+00:00\",\"author\":{\"@id\":\"https:\/\/www.africa-press.net\/cameroun\/#\/schema\/person\/2b1cf3cd81a31e3cd26889ca66d677f1\"},\"description\":\"Francis Ngannou n\u2019a pas eu un passe\u0301 facile. The Predator a toujours cru en ses re\u0302ves, c\u2019est un travailleur qui n\u2019a jam ...\",\"breadcrumb\":{\"@id\":\"https:\/\/www.africa-press.net\/cameroun\/toutes-les-actualites\/les-gens-croyaient-que-jetais-fou-cette-histoire-de-francis-ngannou-qui-interpelle#breadcrumb\"},\"inLanguage\":\"fr-FR\",\"potentialAction\":[{\"@type\":\"ReadAction\",\"target\":[\"https:\/\/www.africa-press.net\/cameroun\/toutes-les-actualites\/les-gens-croyaient-que-jetais-fou-cette-histoire-de-francis-ngannou-qui-interpelle\"]}]},{\"@type\":\"ImageObject\",\"inLanguage\":\"fr-FR\",\"@id\":\"https:\/\/www.africa-press.net\/cameroun\/toutes-les-actualites\/les-gens-croyaient-que-jetais-fou-cette-histoire-de-francis-ngannou-qui-interpelle#primaryimage\",\"url\":\"https:\/\/static.africa-press.net\/cameroun\/sites\/57\/2023\/09\/sm_1694890557.857473.jpg\",\"contentUrl\":\"https:\/\/static.africa-press.net\/cameroun\/sites\/57\/2023\/09\/sm_1694890557.857473.jpg\",\"width\":720,\"height\":478,\"caption\":\"'Les gens croyaient que j'\u00e9tais fou' : cette histoire de Francis Ngannou qui interpelle\"},{\"@type\":\"BreadcrumbList\",\"@id\":\"https:\/\/www.africa-press.net\/cameroun\/toutes-les-actualites\/les-gens-croyaient-que-jetais-fou-cette-histoire-de-francis-ngannou-qui-interpelle#breadcrumb\",\"itemListElement\":[{\"@type\":\"ListItem\",\"position\":1,\"name\":\"Accueil\",\"item\":\"https:\/\/www.africa-press.net\/cameroun\/\"},{\"@type\":\"ListItem\",\"position\":2,\"name\":\"&#8216;Les gens croyaient que j&#8217;\u00e9tais fou&#8217; : cette histoire de Francis Ngannou qui interpelle\"}]},{\"@type\":\"WebSite\",\"@id\":\"https:\/\/www.africa-press.net\/cameroun\/#website\",\"url\":\"https:\/\/www.africa-press.net\/cameroun\/\",\"name\":\"Cameroun\",\"description\":\"Just another Africa News Agency Sites site\",\"potentialAction\":[{\"@type\":\"SearchAction\",\"target\":{\"@type\":\"EntryPoint\",\"urlTemplate\":\"https:\/\/www.africa-press.net\/cameroun\/?s={search_term_string}\"},\"query-input\":{\"@type\":\"PropertyValueSpecification\",\"valueRequired\":true,\"valueName\":\"search_term_string\"}}],\"inLanguage\":\"fr-FR\"},{\"@type\":\"Person\",\"@id\":\"https:\/\/www.africa-press.net\/cameroun\/#\/schema\/person\/2b1cf3cd81a31e3cd26889ca66d677f1\",\"name\":\"cfeditorfr\"}]}<\/script>\n<!-- \/ Yoast SEO Premium plugin. -->","yoast_head_json":{"title":"'Les gens croyaient que j'\u00e9tais fou' : cette histoire de Francis Ngannou qui interpelle - Cameroun","description":"Francis Ngannou n\u2019a pas eu un passe\u0301 facile. The Predator a toujours cru en ses re\u0302ves, c\u2019est un travailleur qui n\u2019a jam ...","robots":{"index":"index","follow":"follow","max-snippet":"max-snippet:-1","max-image-preview":"max-image-preview:large","max-video-preview":"max-video-preview:-1"},"canonical":"https:\/\/www.africa-press.net\/cameroun\/toutes-les-actualites\/les-gens-croyaient-que-jetais-fou-cette-histoire-de-francis-ngannou-qui-interpelle","og_locale":"fr_FR","og_type":"article","og_title":"'Les gens croyaient que j'\u00e9tais fou' : cette histoire de Francis Ngannou qui interpelle","og_description":"Francis Ngannou n\u2019a pas eu un passe\u0301 facile. The Predator a toujours cru en ses re\u0302ves, c\u2019est un travailleur qui n\u2019a jam ...","og_url":"https:\/\/www.africa-press.net\/cameroun\/toutes-les-actualites\/les-gens-croyaient-que-jetais-fou-cette-histoire-de-francis-ngannou-qui-interpelle","og_site_name":"Cameroun","article_published_time":"2023-09-16T21:56:40+00:00","article_modified_time":"2023-09-16T22:27:41+00:00","og_image":[{"width":720,"height":478,"url":"https:\/\/static.africa-press.net\/cameroun\/sites\/57\/2023\/09\/sm_1694890557.857473.jpg","type":"image\/jpeg"}],"author":"cfeditorfr","twitter_card":"summary_large_image","twitter_misc":{"\u00c9crit par":"cfeditorfr","Dur\u00e9e de lecture estim\u00e9e":"3 minutes"},"schema":{"@context":"https:\/\/schema.org","@graph":[{"@type":"Article","@id":"https:\/\/www.africa-press.net\/cameroun\/toutes-les-actualites\/les-gens-croyaient-que-jetais-fou-cette-histoire-de-francis-ngannou-qui-interpelle#article","isPartOf":{"@id":"https:\/\/www.africa-press.net\/cameroun\/toutes-les-actualites\/les-gens-croyaient-que-jetais-fou-cette-histoire-de-francis-ngannou-qui-interpelle"},"author":{"name":"cfeditorfr","@id":"https:\/\/www.africa-press.net\/cameroun\/#\/schema\/person\/2b1cf3cd81a31e3cd26889ca66d677f1"},"headline":"&lsquo;Les gens croyaient que j&rsquo;\u00e9tais fou&rsquo; : cette histoire de Francis Ngannou qui interpelle","datePublished":"2023-09-16T21:56:40+00:00","dateModified":"2023-09-16T22:27:41+00:00","mainEntityOfPage":{"@id":"https:\/\/www.africa-press.net\/cameroun\/toutes-les-actualites\/les-gens-croyaient-que-jetais-fou-cette-histoire-de-francis-ngannou-qui-interpelle"},"wordCount":603,"commentCount":0,"image":{"@id":"https:\/\/www.africa-press.net\/cameroun\/toutes-les-actualites\/les-gens-croyaient-que-jetais-fou-cette-histoire-de-francis-ngannou-qui-interpelle#primaryimage"},"thumbnailUrl":"https:\/\/static.africa-press.net\/cameroun\/sites\/57\/2023\/09\/sm_1694890557.857473.jpg","keywords":["Africa Press","Africa Press-Cameroun","Cameroun"],"articleSection":["Communaut\u00e9","Toutes les actualit\u00e9s"],"inLanguage":"fr-FR","potentialAction":[{"@type":"CommentAction","name":"Comment","target":["https:\/\/www.africa-press.net\/cameroun\/toutes-les-actualites\/les-gens-croyaient-que-jetais-fou-cette-histoire-de-francis-ngannou-qui-interpelle#respond"]}]},{"@type":"WebPage","@id":"https:\/\/www.africa-press.net\/cameroun\/toutes-les-actualites\/les-gens-croyaient-que-jetais-fou-cette-histoire-de-francis-ngannou-qui-interpelle","url":"https:\/\/www.africa-press.net\/cameroun\/toutes-les-actualites\/les-gens-croyaient-que-jetais-fou-cette-histoire-de-francis-ngannou-qui-interpelle","name":"'Les gens croyaient que j'\u00e9tais fou' : cette histoire de Francis Ngannou qui interpelle - Cameroun","isPartOf":{"@id":"https:\/\/www.africa-press.net\/cameroun\/#website"},"primaryImageOfPage":{"@id":"https:\/\/www.africa-press.net\/cameroun\/toutes-les-actualites\/les-gens-croyaient-que-jetais-fou-cette-histoire-de-francis-ngannou-qui-interpelle#primaryimage"},"image":{"@id":"https:\/\/www.africa-press.net\/cameroun\/toutes-les-actualites\/les-gens-croyaient-que-jetais-fou-cette-histoire-de-francis-ngannou-qui-interpelle#primaryimage"},"thumbnailUrl":"https:\/\/static.africa-press.net\/cameroun\/sites\/57\/2023\/09\/sm_1694890557.857473.jpg","datePublished":"2023-09-16T21:56:40+00:00","dateModified":"2023-09-16T22:27:41+00:00","author":{"@id":"https:\/\/www.africa-press.net\/cameroun\/#\/schema\/person\/2b1cf3cd81a31e3cd26889ca66d677f1"},"description":"Francis Ngannou n\u2019a pas eu un passe\u0301 facile. The Predator a toujours cru en ses re\u0302ves, c\u2019est un travailleur qui n\u2019a jam ...","breadcrumb":{"@id":"https:\/\/www.africa-press.net\/cameroun\/toutes-les-actualites\/les-gens-croyaient-que-jetais-fou-cette-histoire-de-francis-ngannou-qui-interpelle#breadcrumb"},"inLanguage":"fr-FR","potentialAction":[{"@type":"ReadAction","target":["https:\/\/www.africa-press.net\/cameroun\/toutes-les-actualites\/les-gens-croyaient-que-jetais-fou-cette-histoire-de-francis-ngannou-qui-interpelle"]}]},{"@type":"ImageObject","inLanguage":"fr-FR","@id":"https:\/\/www.africa-press.net\/cameroun\/toutes-les-actualites\/les-gens-croyaient-que-jetais-fou-cette-histoire-de-francis-ngannou-qui-interpelle#primaryimage","url":"https:\/\/static.africa-press.net\/cameroun\/sites\/57\/2023\/09\/sm_1694890557.857473.jpg","contentUrl":"https:\/\/static.africa-press.net\/cameroun\/sites\/57\/2023\/09\/sm_1694890557.857473.jpg","width":720,"height":478,"caption":"'Les gens croyaient que j'\u00e9tais fou' : cette histoire de Francis Ngannou qui interpelle"},{"@type":"BreadcrumbList","@id":"https:\/\/www.africa-press.net\/cameroun\/toutes-les-actualites\/les-gens-croyaient-que-jetais-fou-cette-histoire-de-francis-ngannou-qui-interpelle#breadcrumb","itemListElement":[{"@type":"ListItem","position":1,"name":"Accueil","item":"https:\/\/www.africa-press.net\/cameroun\/"},{"@type":"ListItem","position":2,"name":"&#8216;Les gens croyaient que j&#8217;\u00e9tais fou&#8217; : cette histoire de Francis Ngannou qui interpelle"}]},{"@type":"WebSite","@id":"https:\/\/www.africa-press.net\/cameroun\/#website","url":"https:\/\/www.africa-press.net\/cameroun\/","name":"Cameroun","description":"Just another Africa News Agency Sites site","potentialAction":[{"@type":"SearchAction","target":{"@type":"EntryPoint","urlTemplate":"https:\/\/www.africa-press.net\/cameroun\/?s={search_term_string}"},"query-input":{"@type":"PropertyValueSpecification","valueRequired":true,"valueName":"search_term_string"}}],"inLanguage":"fr-FR"},{"@type":"Person","@id":"https:\/\/www.africa-press.net\/cameroun\/#\/schema\/person\/2b1cf3cd81a31e3cd26889ca66d677f1","name":"cfeditorfr"}]}},"_links":{"self":[{"href":"https:\/\/www.africa-press.net\/cameroun\/wp-json\/wp\/v2\/posts\/50940","targetHints":{"allow":["GET"]}}],"collection":[{"href":"https:\/\/www.africa-press.net\/cameroun\/wp-json\/wp\/v2\/posts"}],"about":[{"href":"https:\/\/www.africa-press.net\/cameroun\/wp-json\/wp\/v2\/types\/post"}],"author":[{"embeddable":true,"href":"https:\/\/www.africa-press.net\/cameroun\/wp-json\/wp\/v2\/users\/82"}],"replies":[{"embeddable":true,"href":"https:\/\/www.africa-press.net\/cameroun\/wp-json\/wp\/v2\/comments?post=50940"}],"version-history":[{"count":0,"href":"https:\/\/www.africa-press.net\/cameroun\/wp-json\/wp\/v2\/posts\/50940\/revisions"}],"wp:featuredmedia":[{"embeddable":true,"href":"https:\/\/www.africa-press.net\/cameroun\/wp-json\/wp\/v2\/media\/50939"}],"wp:attachment":[{"href":"https:\/\/www.africa-press.net\/cameroun\/wp-json\/wp\/v2\/media?parent=50940"}],"wp:term":[{"taxonomy":"category","embeddable":true,"href":"https:\/\/www.africa-press.net\/cameroun\/wp-json\/wp\/v2\/categories?post=50940"},{"taxonomy":"post_tag","embeddable":true,"href":"https:\/\/www.africa-press.net\/cameroun\/wp-json\/wp\/v2\/tags?post=50940"}],"curies":[{"name":"wp","href":"https:\/\/api.w.org\/{rel}","templated":true}]}}