{"id":50946,"date":"2023-09-16T21:56:52","date_gmt":"2023-09-16T21:56:52","guid":{"rendered":"https:\/\/www.africa-press.net\/cameroun\/politique\/un-enorme-scandale-voit-le-jour-revelation-sur-la-disparition-des-bus-de-la-can-cameroun-2021"},"modified":"2023-09-16T22:29:16","modified_gmt":"2023-09-16T22:29:16","slug":"un-enorme-scandale-voit-le-jour-revelation-sur-la-disparition-des-bus-de-la-can-cameroun-2021","status":"publish","type":"post","link":"https:\/\/www.africa-press.net\/cameroun\/politique\/un-enorme-scandale-voit-le-jour-revelation-sur-la-disparition-des-bus-de-la-can-cameroun-2021","title":{"rendered":"Un \u00e9norme scandale voit le jour : R\u00e9v\u00e9lation sur la disparition des bus de la CAN Cameroun 2021"},"content":{"rendered":"<p><span style=\"color: #ff6600\"><strong>Africa-Press &#8211; Cameroun. <\/strong><\/span>Depuis la fin de la Coupe d\u2019Afrique des nations (Can) de football qui s\u2019est tenue au Cameroun du 9 janvier au 6 fe\u0301vrier 2022, un soupc\u0327on de de\u0301tournement plane sur la plateforme logistique de cet e\u0301ve\u0301nement continental. Officiellement, 89 bus destine\u0301s au transport des de\u0301le\u0301gations locales et e\u0301trange\u0300res e\u0301taient introuvables jusqu\u2019au 5 septembre dernier. Cependant, une re\u0301cente de\u0301couverte a mis en lumie\u0300re une partie de ces bus au palais des congre\u0300s de Yaounde\u0301.<\/p>\n<p>Sur les 90 bus mis en service lors de cette compe\u0301tition, seul celui des Lions Indomptables e\u0301tait repe\u0301rable au sie\u0300ge de la Fe\u0301cafoot a\u0300 Tsinga. Les autres ve\u0301hicules, dont des bus, des minibus, des grosses cylindre\u0301es et des pick-up destine\u0301s au transport des se\u0301lections et des officiels, avaient pris une destination inconnue apre\u0300s la fin de la compe\u0301tition.<\/p>\n<p>Il convient de rappeler qu\u2019une centaine de ve\u0301hicules avait e\u0301te\u0301 re\u0301ceptionne\u0301e au port de Douala-Bonabe\u0301ri le 23 de\u0301cembre 2021. Parmi eux, figuraient 24 gros porteurs (autobus) de 70 places, floque\u0301s aux couleurs de chacune des 24 nations participantes, ainsi que des minibus pour l\u2019encadrement de chaque e\u0301quipe, des berlines et d\u2019autres ve\u0301hicules pour les membres du Comite\u0301 local d\u2019organisation (Cocan) et les de\u0301le\u0301gations de la Confe\u0301de\u0301ration africaine de football (Caf).<\/p>\n<p>En plus de ces ve\u0301hicules, la Task force, loge\u0301e au secre\u0301tariat ge\u0301ne\u0301ral a\u0300 la pre\u0301sidence de la Re\u0301publique, avait e\u0301galement e\u0301te\u0301 dote\u0301e de plusieurs ve\u0301hicules de 35 places ainsi que des minibus de 18 places. Malheureusement, ces ve\u0301hicules n\u2019ont pas e\u0301te\u0301 retrouve\u0301s et leur destination finale reste inconnue.<\/p>\n<p>Cette situation soule\u0300ve des interrogations quant a\u0300 la gestion des ressources alloue\u0301es a\u0300 l\u2019acquisition des ve\u0301hicules de la Can et a\u0300 la destination finale de ces ve\u0301hicules qui ne rele\u0300vent pas de la sphe\u0300re prive\u0301e, encore moins du secret d\u2019E\u0301tat. Il est ne\u0301cessaire qu\u2019un inventaire complet soit e\u0301tabli afin de clarifier cette affaire de de\u0301tournement pre\u0301sume\u0301.<\/p>\n<p>Il est essentiel que les autorite\u0301s compe\u0301tentes prennent des mesures approprie\u0301es pour enque\u0302ter sur cette affaire et rendre des comptes a\u0300 la population. Le peuple camerounais a le droit de savoir ce qui est arrive\u0301 a\u0300 ces ve\u0301hicules et si des actes re\u0301pre\u0301hensibles ont e\u0301te\u0301 commis. La transparence et la responsabilite\u0301 sont des principes fondamentaux qui doivent e\u0302tre respecte\u0301s dans la gestion des fonds publics.<\/p>\n<p>Il est temps que les responsables de cette affaire rendent des comptes et que des mesures soient prises pour pre\u0301venir de tels incidents a\u0300 l\u2019avenir. La confiance du peuple camerounais envers ses dirigeants en de\u0301pend.<\/p>\n<p><strong>Pour plus d&rsquo;informations et d&rsquo;analyses sur la <a href=\"https:\/\/www.africa-press.net\/cameroun\">Cameroun<\/a>, suivez <a href=\"https:\/\/www.africa-press.net\/\">Africa-Press<\/a><\/strong><\/p>\n","protected":false},"excerpt":{"rendered":"<p>Africa-Press &#8211; Cameroun. Depuis la fin de la Coupe d\u2019Afrique des nations (Can) de football qui s\u2019est tenue au Cameroun du 9 janvier au 6 fe\u0301vrier 2022, un soupc\u0327on de de\u0301tournement plane sur la plateforme logistique de cet e\u0301ve\u0301nement continental. Officiellement, 89 bus destine\u0301s au transport des de\u0301le\u0301gations locales et e\u0301trange\u0300res e\u0301taient introuvables jusqu\u2019au 5 [&hellip;]<\/p>\n","protected":false},"author":82,"featured_media":50945,"comment_status":"open","ping_status":"closed","sticky":false,"template":"","format":"standard","meta":{"footnotes":""},"categories":[2,10],"tags":[36,50,49],"class_list":["post-50946","post","type-post","status-publish","format-standard","has-post-thumbnail","hentry","category-politique","category-toutes-les-actualites","tag-africa-press","tag-africa-press-cameroun","tag-cameroun"],"yoast_head":"<!-- This site is optimized with the Yoast SEO Premium plugin v26.1 (Yoast SEO v27.0) - https:\/\/yoast.com\/product\/yoast-seo-premium-wordpress\/ -->\n<title>Un \u00e9norme scandale voit le jour : R\u00e9v\u00e9lation sur la disparition des bus de la CAN Cameroun 2021 - Cameroun<\/title>\n<meta name=\"description\" content=\"Depuis la fin de la Coupe d\u2019Afrique des nations (Can) de football qui s\u2019est tenue au Cameroun du 9 janvier au 6 fe\u0301vrier ...\" \/>\n<meta name=\"robots\" content=\"index, follow, max-snippet:-1, max-image-preview:large, max-video-preview:-1\" \/>\n<link rel=\"canonical\" href=\"https:\/\/www.africa-press.net\/cameroun\/politique\/un-enorme-scandale-voit-le-jour-revelation-sur-la-disparition-des-bus-de-la-can-cameroun-2021\" \/>\n<meta property=\"og:locale\" content=\"fr_FR\" \/>\n<meta property=\"og:type\" content=\"article\" \/>\n<meta property=\"og:title\" content=\"Un \u00e9norme scandale voit le jour : R\u00e9v\u00e9lation sur la disparition des bus de la CAN Cameroun 2021\" \/>\n<meta property=\"og:description\" content=\"Depuis la fin de la Coupe d\u2019Afrique des nations (Can) de football qui s\u2019est tenue au Cameroun du 9 janvier au 6 fe\u0301vrier ...\" \/>\n<meta property=\"og:url\" content=\"https:\/\/www.africa-press.net\/cameroun\/politique\/un-enorme-scandale-voit-le-jour-revelation-sur-la-disparition-des-bus-de-la-can-cameroun-2021\" \/>\n<meta property=\"og:site_name\" content=\"Cameroun\" \/>\n<meta property=\"article:published_time\" content=\"2023-09-16T21:56:52+00:00\" \/>\n<meta property=\"article:modified_time\" content=\"2023-09-16T22:29:16+00:00\" \/>\n<meta property=\"og:image\" content=\"https:\/\/static.africa-press.net\/cameroun\/sites\/57\/2023\/09\/sm_1694890627.929668.jpg\" \/>\n\t<meta property=\"og:image:width\" content=\"720\" \/>\n\t<meta property=\"og:image:height\" content=\"481\" \/>\n\t<meta property=\"og:image:type\" content=\"image\/jpeg\" \/>\n<meta name=\"author\" content=\"cfeditorfr\" \/>\n<meta name=\"twitter:card\" content=\"summary_large_image\" \/>\n<meta name=\"twitter:label1\" content=\"\u00c9crit par\" \/>\n\t<meta name=\"twitter:data1\" content=\"cfeditorfr\" \/>\n\t<meta name=\"twitter:label2\" content=\"Dur\u00e9e de lecture estim\u00e9e\" \/>\n\t<meta name=\"twitter:data2\" content=\"2 minutes\" \/>\n<script type=\"application\/ld+json\" class=\"yoast-schema-graph\">{\"@context\":\"https:\/\/schema.org\",\"@graph\":[{\"@type\":\"Article\",\"@id\":\"https:\/\/www.africa-press.net\/cameroun\/politique\/un-enorme-scandale-voit-le-jour-revelation-sur-la-disparition-des-bus-de-la-can-cameroun-2021#article\",\"isPartOf\":{\"@id\":\"https:\/\/www.africa-press.net\/cameroun\/politique\/un-enorme-scandale-voit-le-jour-revelation-sur-la-disparition-des-bus-de-la-can-cameroun-2021\"},\"author\":{\"name\":\"cfeditorfr\",\"@id\":\"https:\/\/www.africa-press.net\/cameroun\/#\/schema\/person\/2b1cf3cd81a31e3cd26889ca66d677f1\"},\"headline\":\"Un \u00e9norme scandale voit le jour : R\u00e9v\u00e9lation sur la disparition des bus de la CAN Cameroun 2021\",\"datePublished\":\"2023-09-16T21:56:52+00:00\",\"dateModified\":\"2023-09-16T22:29:16+00:00\",\"mainEntityOfPage\":{\"@id\":\"https:\/\/www.africa-press.net\/cameroun\/politique\/un-enorme-scandale-voit-le-jour-revelation-sur-la-disparition-des-bus-de-la-can-cameroun-2021\"},\"wordCount\":514,\"commentCount\":0,\"image\":{\"@id\":\"https:\/\/www.africa-press.net\/cameroun\/politique\/un-enorme-scandale-voit-le-jour-revelation-sur-la-disparition-des-bus-de-la-can-cameroun-2021#primaryimage\"},\"thumbnailUrl\":\"https:\/\/static.africa-press.net\/cameroun\/sites\/57\/2023\/09\/sm_1694890627.929668.jpg\",\"keywords\":[\"Africa Press\",\"Africa Press-Cameroun\",\"Cameroun\"],\"articleSection\":[\"Politique\",\"Toutes les actualit\u00e9s\"],\"inLanguage\":\"fr-FR\",\"potentialAction\":[{\"@type\":\"CommentAction\",\"name\":\"Comment\",\"target\":[\"https:\/\/www.africa-press.net\/cameroun\/politique\/un-enorme-scandale-voit-le-jour-revelation-sur-la-disparition-des-bus-de-la-can-cameroun-2021#respond\"]}]},{\"@type\":\"WebPage\",\"@id\":\"https:\/\/www.africa-press.net\/cameroun\/politique\/un-enorme-scandale-voit-le-jour-revelation-sur-la-disparition-des-bus-de-la-can-cameroun-2021\",\"url\":\"https:\/\/www.africa-press.net\/cameroun\/politique\/un-enorme-scandale-voit-le-jour-revelation-sur-la-disparition-des-bus-de-la-can-cameroun-2021\",\"name\":\"Un \u00e9norme scandale voit le jour : R\u00e9v\u00e9lation sur la disparition des bus de la CAN Cameroun 2021 - Cameroun\",\"isPartOf\":{\"@id\":\"https:\/\/www.africa-press.net\/cameroun\/#website\"},\"primaryImageOfPage\":{\"@id\":\"https:\/\/www.africa-press.net\/cameroun\/politique\/un-enorme-scandale-voit-le-jour-revelation-sur-la-disparition-des-bus-de-la-can-cameroun-2021#primaryimage\"},\"image\":{\"@id\":\"https:\/\/www.africa-press.net\/cameroun\/politique\/un-enorme-scandale-voit-le-jour-revelation-sur-la-disparition-des-bus-de-la-can-cameroun-2021#primaryimage\"},\"thumbnailUrl\":\"https:\/\/static.africa-press.net\/cameroun\/sites\/57\/2023\/09\/sm_1694890627.929668.jpg\",\"datePublished\":\"2023-09-16T21:56:52+00:00\",\"dateModified\":\"2023-09-16T22:29:16+00:00\",\"author\":{\"@id\":\"https:\/\/www.africa-press.net\/cameroun\/#\/schema\/person\/2b1cf3cd81a31e3cd26889ca66d677f1\"},\"description\":\"Depuis la fin de la Coupe d\u2019Afrique des nations (Can) de football qui s\u2019est tenue au Cameroun du 9 janvier au 6 fe\u0301vrier ...\",\"breadcrumb\":{\"@id\":\"https:\/\/www.africa-press.net\/cameroun\/politique\/un-enorme-scandale-voit-le-jour-revelation-sur-la-disparition-des-bus-de-la-can-cameroun-2021#breadcrumb\"},\"inLanguage\":\"fr-FR\",\"potentialAction\":[{\"@type\":\"ReadAction\",\"target\":[\"https:\/\/www.africa-press.net\/cameroun\/politique\/un-enorme-scandale-voit-le-jour-revelation-sur-la-disparition-des-bus-de-la-can-cameroun-2021\"]}]},{\"@type\":\"ImageObject\",\"inLanguage\":\"fr-FR\",\"@id\":\"https:\/\/www.africa-press.net\/cameroun\/politique\/un-enorme-scandale-voit-le-jour-revelation-sur-la-disparition-des-bus-de-la-can-cameroun-2021#primaryimage\",\"url\":\"https:\/\/static.africa-press.net\/cameroun\/sites\/57\/2023\/09\/sm_1694890627.929668.jpg\",\"contentUrl\":\"https:\/\/static.africa-press.net\/cameroun\/sites\/57\/2023\/09\/sm_1694890627.929668.jpg\",\"width\":720,\"height\":481,\"caption\":\"Un \u00e9norme scandale voit le jour : R\u00e9v\u00e9lation sur la disparition des bus de la CAN Cameroun 2021\"},{\"@type\":\"BreadcrumbList\",\"@id\":\"https:\/\/www.africa-press.net\/cameroun\/politique\/un-enorme-scandale-voit-le-jour-revelation-sur-la-disparition-des-bus-de-la-can-cameroun-2021#breadcrumb\",\"itemListElement\":[{\"@type\":\"ListItem\",\"position\":1,\"name\":\"Accueil\",\"item\":\"https:\/\/www.africa-press.net\/cameroun\/\"},{\"@type\":\"ListItem\",\"position\":2,\"name\":\"Un \u00e9norme scandale voit le jour : R\u00e9v\u00e9lation sur la disparition des bus de la CAN Cameroun 2021\"}]},{\"@type\":\"WebSite\",\"@id\":\"https:\/\/www.africa-press.net\/cameroun\/#website\",\"url\":\"https:\/\/www.africa-press.net\/cameroun\/\",\"name\":\"Cameroun\",\"description\":\"Just another Africa News Agency Sites site\",\"potentialAction\":[{\"@type\":\"SearchAction\",\"target\":{\"@type\":\"EntryPoint\",\"urlTemplate\":\"https:\/\/www.africa-press.net\/cameroun\/?s={search_term_string}\"},\"query-input\":{\"@type\":\"PropertyValueSpecification\",\"valueRequired\":true,\"valueName\":\"search_term_string\"}}],\"inLanguage\":\"fr-FR\"},{\"@type\":\"Person\",\"@id\":\"https:\/\/www.africa-press.net\/cameroun\/#\/schema\/person\/2b1cf3cd81a31e3cd26889ca66d677f1\",\"name\":\"cfeditorfr\"}]}<\/script>\n<!-- \/ Yoast SEO Premium plugin. -->","yoast_head_json":{"title":"Un \u00e9norme scandale voit le jour : R\u00e9v\u00e9lation sur la disparition des bus de la CAN Cameroun 2021 - Cameroun","description":"Depuis la fin de la Coupe d\u2019Afrique des nations (Can) de football qui s\u2019est tenue au Cameroun du 9 janvier au 6 fe\u0301vrier ...","robots":{"index":"index","follow":"follow","max-snippet":"max-snippet:-1","max-image-preview":"max-image-preview:large","max-video-preview":"max-video-preview:-1"},"canonical":"https:\/\/www.africa-press.net\/cameroun\/politique\/un-enorme-scandale-voit-le-jour-revelation-sur-la-disparition-des-bus-de-la-can-cameroun-2021","og_locale":"fr_FR","og_type":"article","og_title":"Un \u00e9norme scandale voit le jour : R\u00e9v\u00e9lation sur la disparition des bus de la CAN Cameroun 2021","og_description":"Depuis la fin de la Coupe d\u2019Afrique des nations (Can) de football qui s\u2019est tenue au Cameroun du 9 janvier au 6 fe\u0301vrier ...","og_url":"https:\/\/www.africa-press.net\/cameroun\/politique\/un-enorme-scandale-voit-le-jour-revelation-sur-la-disparition-des-bus-de-la-can-cameroun-2021","og_site_name":"Cameroun","article_published_time":"2023-09-16T21:56:52+00:00","article_modified_time":"2023-09-16T22:29:16+00:00","og_image":[{"width":720,"height":481,"url":"https:\/\/static.africa-press.net\/cameroun\/sites\/57\/2023\/09\/sm_1694890627.929668.jpg","type":"image\/jpeg"}],"author":"cfeditorfr","twitter_card":"summary_large_image","twitter_misc":{"\u00c9crit par":"cfeditorfr","Dur\u00e9e de lecture estim\u00e9e":"2 minutes"},"schema":{"@context":"https:\/\/schema.org","@graph":[{"@type":"Article","@id":"https:\/\/www.africa-press.net\/cameroun\/politique\/un-enorme-scandale-voit-le-jour-revelation-sur-la-disparition-des-bus-de-la-can-cameroun-2021#article","isPartOf":{"@id":"https:\/\/www.africa-press.net\/cameroun\/politique\/un-enorme-scandale-voit-le-jour-revelation-sur-la-disparition-des-bus-de-la-can-cameroun-2021"},"author":{"name":"cfeditorfr","@id":"https:\/\/www.africa-press.net\/cameroun\/#\/schema\/person\/2b1cf3cd81a31e3cd26889ca66d677f1"},"headline":"Un \u00e9norme scandale voit le jour : R\u00e9v\u00e9lation sur la disparition des bus de la CAN Cameroun 2021","datePublished":"2023-09-16T21:56:52+00:00","dateModified":"2023-09-16T22:29:16+00:00","mainEntityOfPage":{"@id":"https:\/\/www.africa-press.net\/cameroun\/politique\/un-enorme-scandale-voit-le-jour-revelation-sur-la-disparition-des-bus-de-la-can-cameroun-2021"},"wordCount":514,"commentCount":0,"image":{"@id":"https:\/\/www.africa-press.net\/cameroun\/politique\/un-enorme-scandale-voit-le-jour-revelation-sur-la-disparition-des-bus-de-la-can-cameroun-2021#primaryimage"},"thumbnailUrl":"https:\/\/static.africa-press.net\/cameroun\/sites\/57\/2023\/09\/sm_1694890627.929668.jpg","keywords":["Africa Press","Africa Press-Cameroun","Cameroun"],"articleSection":["Politique","Toutes les actualit\u00e9s"],"inLanguage":"fr-FR","potentialAction":[{"@type":"CommentAction","name":"Comment","target":["https:\/\/www.africa-press.net\/cameroun\/politique\/un-enorme-scandale-voit-le-jour-revelation-sur-la-disparition-des-bus-de-la-can-cameroun-2021#respond"]}]},{"@type":"WebPage","@id":"https:\/\/www.africa-press.net\/cameroun\/politique\/un-enorme-scandale-voit-le-jour-revelation-sur-la-disparition-des-bus-de-la-can-cameroun-2021","url":"https:\/\/www.africa-press.net\/cameroun\/politique\/un-enorme-scandale-voit-le-jour-revelation-sur-la-disparition-des-bus-de-la-can-cameroun-2021","name":"Un \u00e9norme scandale voit le jour : R\u00e9v\u00e9lation sur la disparition des bus de la CAN Cameroun 2021 - Cameroun","isPartOf":{"@id":"https:\/\/www.africa-press.net\/cameroun\/#website"},"primaryImageOfPage":{"@id":"https:\/\/www.africa-press.net\/cameroun\/politique\/un-enorme-scandale-voit-le-jour-revelation-sur-la-disparition-des-bus-de-la-can-cameroun-2021#primaryimage"},"image":{"@id":"https:\/\/www.africa-press.net\/cameroun\/politique\/un-enorme-scandale-voit-le-jour-revelation-sur-la-disparition-des-bus-de-la-can-cameroun-2021#primaryimage"},"thumbnailUrl":"https:\/\/static.africa-press.net\/cameroun\/sites\/57\/2023\/09\/sm_1694890627.929668.jpg","datePublished":"2023-09-16T21:56:52+00:00","dateModified":"2023-09-16T22:29:16+00:00","author":{"@id":"https:\/\/www.africa-press.net\/cameroun\/#\/schema\/person\/2b1cf3cd81a31e3cd26889ca66d677f1"},"description":"Depuis la fin de la Coupe d\u2019Afrique des nations (Can) de football qui s\u2019est tenue au Cameroun du 9 janvier au 6 fe\u0301vrier ...","breadcrumb":{"@id":"https:\/\/www.africa-press.net\/cameroun\/politique\/un-enorme-scandale-voit-le-jour-revelation-sur-la-disparition-des-bus-de-la-can-cameroun-2021#breadcrumb"},"inLanguage":"fr-FR","potentialAction":[{"@type":"ReadAction","target":["https:\/\/www.africa-press.net\/cameroun\/politique\/un-enorme-scandale-voit-le-jour-revelation-sur-la-disparition-des-bus-de-la-can-cameroun-2021"]}]},{"@type":"ImageObject","inLanguage":"fr-FR","@id":"https:\/\/www.africa-press.net\/cameroun\/politique\/un-enorme-scandale-voit-le-jour-revelation-sur-la-disparition-des-bus-de-la-can-cameroun-2021#primaryimage","url":"https:\/\/static.africa-press.net\/cameroun\/sites\/57\/2023\/09\/sm_1694890627.929668.jpg","contentUrl":"https:\/\/static.africa-press.net\/cameroun\/sites\/57\/2023\/09\/sm_1694890627.929668.jpg","width":720,"height":481,"caption":"Un \u00e9norme scandale voit le jour : R\u00e9v\u00e9lation sur la disparition des bus de la CAN Cameroun 2021"},{"@type":"BreadcrumbList","@id":"https:\/\/www.africa-press.net\/cameroun\/politique\/un-enorme-scandale-voit-le-jour-revelation-sur-la-disparition-des-bus-de-la-can-cameroun-2021#breadcrumb","itemListElement":[{"@type":"ListItem","position":1,"name":"Accueil","item":"https:\/\/www.africa-press.net\/cameroun\/"},{"@type":"ListItem","position":2,"name":"Un \u00e9norme scandale voit le jour : R\u00e9v\u00e9lation sur la disparition des bus de la CAN Cameroun 2021"}]},{"@type":"WebSite","@id":"https:\/\/www.africa-press.net\/cameroun\/#website","url":"https:\/\/www.africa-press.net\/cameroun\/","name":"Cameroun","description":"Just another Africa News Agency Sites site","potentialAction":[{"@type":"SearchAction","target":{"@type":"EntryPoint","urlTemplate":"https:\/\/www.africa-press.net\/cameroun\/?s={search_term_string}"},"query-input":{"@type":"PropertyValueSpecification","valueRequired":true,"valueName":"search_term_string"}}],"inLanguage":"fr-FR"},{"@type":"Person","@id":"https:\/\/www.africa-press.net\/cameroun\/#\/schema\/person\/2b1cf3cd81a31e3cd26889ca66d677f1","name":"cfeditorfr"}]}},"_links":{"self":[{"href":"https:\/\/www.africa-press.net\/cameroun\/wp-json\/wp\/v2\/posts\/50946","targetHints":{"allow":["GET"]}}],"collection":[{"href":"https:\/\/www.africa-press.net\/cameroun\/wp-json\/wp\/v2\/posts"}],"about":[{"href":"https:\/\/www.africa-press.net\/cameroun\/wp-json\/wp\/v2\/types\/post"}],"author":[{"embeddable":true,"href":"https:\/\/www.africa-press.net\/cameroun\/wp-json\/wp\/v2\/users\/82"}],"replies":[{"embeddable":true,"href":"https:\/\/www.africa-press.net\/cameroun\/wp-json\/wp\/v2\/comments?post=50946"}],"version-history":[{"count":0,"href":"https:\/\/www.africa-press.net\/cameroun\/wp-json\/wp\/v2\/posts\/50946\/revisions"}],"wp:featuredmedia":[{"embeddable":true,"href":"https:\/\/www.africa-press.net\/cameroun\/wp-json\/wp\/v2\/media\/50945"}],"wp:attachment":[{"href":"https:\/\/www.africa-press.net\/cameroun\/wp-json\/wp\/v2\/media?parent=50946"}],"wp:term":[{"taxonomy":"category","embeddable":true,"href":"https:\/\/www.africa-press.net\/cameroun\/wp-json\/wp\/v2\/categories?post=50946"},{"taxonomy":"post_tag","embeddable":true,"href":"https:\/\/www.africa-press.net\/cameroun\/wp-json\/wp\/v2\/tags?post=50946"}],"curies":[{"name":"wp","href":"https:\/\/api.w.org\/{rel}","templated":true}]}}