{"id":51031,"date":"2023-09-18T22:22:20","date_gmt":"2023-09-18T22:22:20","guid":{"rendered":"https:\/\/www.africa-press.net\/cameroun\/politique\/presidentielle-2025-le-rdpc-se-prepare-a-tourner-la-page-biya"},"modified":"2023-09-19T01:01:59","modified_gmt":"2023-09-19T01:01:59","slug":"presidentielle-2025-le-rdpc-se-prepare-a-tourner-la-page-biya","status":"publish","type":"post","link":"https:\/\/www.africa-press.net\/cameroun\/politique\/presidentielle-2025-le-rdpc-se-prepare-a-tourner-la-page-biya","title":{"rendered":"Pr\u00e9sidentielle 2025: le RDPC se pr\u00e9pare \u00e0 tourner la page Biya"},"content":{"rendered":"<p><span style=\"color: #ff6600\"><strong>Africa-Press &#8211; Cameroun. <\/strong><\/span>De\u0300s le 2 septembre, des se\u0301minaires seront organise\u0301es dans toutes les sections RDPC sur tout le territoire camerounais.<\/p>\n<p>D&rsquo;apre\u0300s des informations publie\u0301es par le secre\u0301taire a\u0300 la communication du parti RDPC, une se\u0301rie de tourne\u0301es re\u0301gionales qui sera organise\u0301 par le Secre\u0301taire ge\u0301ne\u0301ral du RDPC.<\/p>\n<p>Pour des analystes, cette tourne\u0301e qui se passe dans un contexte de coups d&rsquo;Etats militaires dans en Afrique subsaharienne, ne veut dire qu&rsquo;une seule chose: \u00ab\u00a0le RDPC veut tuer tout probable coup d&rsquo;Etat dans l&rsquo;\u0153uf\u00a0\u00bb<\/p>\n<p>En d&rsquo;autres termes, cette strate\u0301gie vise a\u0300 priver les re\u0302veurs d&rsquo;un coup d&rsquo;Etat au Cameroun d&rsquo;arguments.<\/p>\n<p>Toujours dans le cadre de la pre\u0301vention d&rsquo;un coup d&rsquo;Etat, le pre\u0301sident camerounais, Paul Biya, a proce\u0301de\u0301 il y a deux semaines a\u0300 des nominations au sein du ministe\u0300re de la De\u0301fense selon un de\u0301cret relaye\u0301 par les me\u0301dias d\u2019Etat. Ces nominations concernent, entre autres, les services centraux du ministe\u0300re de la De\u0301fense, les e\u0301coles de formation, des bureaux de logistique, de transmission et d\u2019informatique de l\u2019arme\u0301e de terre, de l\u2019air et la marine nationale.<\/p>\n<p>Selon le de\u0301cret signe\u0301 par le pre\u0301sident Biya, les personnels officiers de l\u2019arme\u0301e camerounaise sont, pour compter de la signature du texte, nomme\u0301s aux postes dans les services de l\u2019administration centrale du ministe\u0300re de la De\u0301fense, notamment dans les structures place\u0301es sous l\u2019autorite\u0301 directe du ministre de\u0301le\u0301gue\u0301 a\u0300 la pre\u0301sidence charge\u0301 de la De\u0301fense.<\/p>\n<p>Il s\u2019agit du contro\u0302le ge\u0301ne\u0301ral des arme\u0301es ou ope\u0300rent de\u0301sormais trois contro\u0302leurs dont le capitaine de vaisseau Ajeagah Njei Felix et les colonels Kamdom Lucas et Nguema Ondo Bertin Bourger&#8230;<\/p>\n<p><strong>Pour plus d&rsquo;informations et d&rsquo;analyses sur la <a href=\"https:\/\/www.africa-press.net\/cameroun\">Cameroun<\/a>, suivez <a href=\"https:\/\/www.africa-press.net\/\">Africa-Press<\/a><\/strong><\/p>\n","protected":false},"excerpt":{"rendered":"<p>Africa-Press &#8211; Cameroun. De\u0300s le 2 septembre, des se\u0301minaires seront organise\u0301es dans toutes les sections RDPC sur tout le territoire camerounais. D&rsquo;apre\u0300s des informations publie\u0301es par le secre\u0301taire a\u0300 la communication du parti RDPC, une se\u0301rie de tourne\u0301es re\u0301gionales qui sera organise\u0301 par le Secre\u0301taire ge\u0301ne\u0301ral du RDPC. Pour des analystes, cette tourne\u0301e qui se [&hellip;]<\/p>\n","protected":false},"author":82,"featured_media":51030,"comment_status":"open","ping_status":"closed","sticky":false,"template":"","format":"standard","meta":{"footnotes":""},"categories":[2,10],"tags":[36,50,49],"class_list":["post-51031","post","type-post","status-publish","format-standard","has-post-thumbnail","hentry","category-politique","category-toutes-les-actualites","tag-africa-press","tag-africa-press-cameroun","tag-cameroun"],"yoast_head":"<!-- This site is optimized with the Yoast SEO Premium plugin v26.1 (Yoast SEO v27.0) - https:\/\/yoast.com\/product\/yoast-seo-premium-wordpress\/ -->\n<title>Pr\u00e9sidentielle 2025: le RDPC se pr\u00e9pare \u00e0 tourner la page Biya - Cameroun<\/title>\n<meta name=\"description\" content=\"De\u0300s le 2 septembre, des se\u0301minaires seront organise\u0301es dans toutes les sections RDPC sur tout le territoire camerounais ...\" \/>\n<meta name=\"robots\" content=\"index, follow, max-snippet:-1, max-image-preview:large, max-video-preview:-1\" \/>\n<link rel=\"canonical\" href=\"https:\/\/www.africa-press.net\/cameroun\/politique\/presidentielle-2025-le-rdpc-se-prepare-a-tourner-la-page-biya\" \/>\n<meta property=\"og:locale\" content=\"fr_FR\" \/>\n<meta property=\"og:type\" content=\"article\" \/>\n<meta property=\"og:title\" content=\"Pr\u00e9sidentielle 2025: le RDPC se pr\u00e9pare \u00e0 tourner la page Biya\" \/>\n<meta property=\"og:description\" content=\"De\u0300s le 2 septembre, des se\u0301minaires seront organise\u0301es dans toutes les sections RDPC sur tout le territoire camerounais ...\" \/>\n<meta property=\"og:url\" content=\"https:\/\/www.africa-press.net\/cameroun\/politique\/presidentielle-2025-le-rdpc-se-prepare-a-tourner-la-page-biya\" \/>\n<meta property=\"og:site_name\" content=\"Cameroun\" \/>\n<meta property=\"article:published_time\" content=\"2023-09-18T22:22:20+00:00\" \/>\n<meta property=\"article:modified_time\" content=\"2023-09-19T01:01:59+00:00\" \/>\n<meta property=\"og:image\" content=\"https:\/\/static.africa-press.net\/cameroun\/sites\/57\/2023\/09\/sm_1695065454.629116.jpg\" \/>\n\t<meta property=\"og:image:width\" content=\"720\" \/>\n\t<meta property=\"og:image:height\" content=\"360\" \/>\n\t<meta property=\"og:image:type\" content=\"image\/jpeg\" \/>\n<meta name=\"author\" content=\"cfeditorfr\" \/>\n<meta name=\"twitter:card\" content=\"summary_large_image\" \/>\n<meta name=\"twitter:label1\" content=\"\u00c9crit par\" \/>\n\t<meta name=\"twitter:data1\" content=\"cfeditorfr\" \/>\n\t<meta name=\"twitter:label2\" content=\"Dur\u00e9e de lecture estim\u00e9e\" \/>\n\t<meta name=\"twitter:data2\" content=\"2 minutes\" \/>\n<script type=\"application\/ld+json\" class=\"yoast-schema-graph\">{\"@context\":\"https:\/\/schema.org\",\"@graph\":[{\"@type\":\"Article\",\"@id\":\"https:\/\/www.africa-press.net\/cameroun\/politique\/presidentielle-2025-le-rdpc-se-prepare-a-tourner-la-page-biya#article\",\"isPartOf\":{\"@id\":\"https:\/\/www.africa-press.net\/cameroun\/politique\/presidentielle-2025-le-rdpc-se-prepare-a-tourner-la-page-biya\"},\"author\":{\"name\":\"cfeditorfr\",\"@id\":\"https:\/\/www.africa-press.net\/cameroun\/#\/schema\/person\/2b1cf3cd81a31e3cd26889ca66d677f1\"},\"headline\":\"Pr\u00e9sidentielle 2025: le RDPC se pr\u00e9pare \u00e0 tourner la page Biya\",\"datePublished\":\"2023-09-18T22:22:20+00:00\",\"dateModified\":\"2023-09-19T01:01:59+00:00\",\"mainEntityOfPage\":{\"@id\":\"https:\/\/www.africa-press.net\/cameroun\/politique\/presidentielle-2025-le-rdpc-se-prepare-a-tourner-la-page-biya\"},\"wordCount\":343,\"commentCount\":0,\"image\":{\"@id\":\"https:\/\/www.africa-press.net\/cameroun\/politique\/presidentielle-2025-le-rdpc-se-prepare-a-tourner-la-page-biya#primaryimage\"},\"thumbnailUrl\":\"https:\/\/static.africa-press.net\/cameroun\/sites\/57\/2023\/09\/sm_1695065454.629116.jpg\",\"keywords\":[\"Africa Press\",\"Africa Press-Cameroun\",\"Cameroun\"],\"articleSection\":[\"Politique\",\"Toutes les actualit\u00e9s\"],\"inLanguage\":\"fr-FR\",\"potentialAction\":[{\"@type\":\"CommentAction\",\"name\":\"Comment\",\"target\":[\"https:\/\/www.africa-press.net\/cameroun\/politique\/presidentielle-2025-le-rdpc-se-prepare-a-tourner-la-page-biya#respond\"]}]},{\"@type\":\"WebPage\",\"@id\":\"https:\/\/www.africa-press.net\/cameroun\/politique\/presidentielle-2025-le-rdpc-se-prepare-a-tourner-la-page-biya\",\"url\":\"https:\/\/www.africa-press.net\/cameroun\/politique\/presidentielle-2025-le-rdpc-se-prepare-a-tourner-la-page-biya\",\"name\":\"Pr\u00e9sidentielle 2025: le RDPC se pr\u00e9pare \u00e0 tourner la page Biya - Cameroun\",\"isPartOf\":{\"@id\":\"https:\/\/www.africa-press.net\/cameroun\/#website\"},\"primaryImageOfPage\":{\"@id\":\"https:\/\/www.africa-press.net\/cameroun\/politique\/presidentielle-2025-le-rdpc-se-prepare-a-tourner-la-page-biya#primaryimage\"},\"image\":{\"@id\":\"https:\/\/www.africa-press.net\/cameroun\/politique\/presidentielle-2025-le-rdpc-se-prepare-a-tourner-la-page-biya#primaryimage\"},\"thumbnailUrl\":\"https:\/\/static.africa-press.net\/cameroun\/sites\/57\/2023\/09\/sm_1695065454.629116.jpg\",\"datePublished\":\"2023-09-18T22:22:20+00:00\",\"dateModified\":\"2023-09-19T01:01:59+00:00\",\"author\":{\"@id\":\"https:\/\/www.africa-press.net\/cameroun\/#\/schema\/person\/2b1cf3cd81a31e3cd26889ca66d677f1\"},\"description\":\"De\u0300s le 2 septembre, des se\u0301minaires seront organise\u0301es dans toutes les sections RDPC sur tout le territoire camerounais ...\",\"breadcrumb\":{\"@id\":\"https:\/\/www.africa-press.net\/cameroun\/politique\/presidentielle-2025-le-rdpc-se-prepare-a-tourner-la-page-biya#breadcrumb\"},\"inLanguage\":\"fr-FR\",\"potentialAction\":[{\"@type\":\"ReadAction\",\"target\":[\"https:\/\/www.africa-press.net\/cameroun\/politique\/presidentielle-2025-le-rdpc-se-prepare-a-tourner-la-page-biya\"]}]},{\"@type\":\"ImageObject\",\"inLanguage\":\"fr-FR\",\"@id\":\"https:\/\/www.africa-press.net\/cameroun\/politique\/presidentielle-2025-le-rdpc-se-prepare-a-tourner-la-page-biya#primaryimage\",\"url\":\"https:\/\/static.africa-press.net\/cameroun\/sites\/57\/2023\/09\/sm_1695065454.629116.jpg\",\"contentUrl\":\"https:\/\/static.africa-press.net\/cameroun\/sites\/57\/2023\/09\/sm_1695065454.629116.jpg\",\"width\":720,\"height\":360,\"caption\":\"Pr\u00e9sidentielle 2025: le RDPC se pr\u00e9pare \u00e0 tourner la page Biya\"},{\"@type\":\"BreadcrumbList\",\"@id\":\"https:\/\/www.africa-press.net\/cameroun\/politique\/presidentielle-2025-le-rdpc-se-prepare-a-tourner-la-page-biya#breadcrumb\",\"itemListElement\":[{\"@type\":\"ListItem\",\"position\":1,\"name\":\"Accueil\",\"item\":\"https:\/\/www.africa-press.net\/cameroun\/\"},{\"@type\":\"ListItem\",\"position\":2,\"name\":\"Pr\u00e9sidentielle 2025: le RDPC se pr\u00e9pare \u00e0 tourner la page Biya\"}]},{\"@type\":\"WebSite\",\"@id\":\"https:\/\/www.africa-press.net\/cameroun\/#website\",\"url\":\"https:\/\/www.africa-press.net\/cameroun\/\",\"name\":\"Cameroun\",\"description\":\"Just another Africa News Agency Sites site\",\"potentialAction\":[{\"@type\":\"SearchAction\",\"target\":{\"@type\":\"EntryPoint\",\"urlTemplate\":\"https:\/\/www.africa-press.net\/cameroun\/?s={search_term_string}\"},\"query-input\":{\"@type\":\"PropertyValueSpecification\",\"valueRequired\":true,\"valueName\":\"search_term_string\"}}],\"inLanguage\":\"fr-FR\"},{\"@type\":\"Person\",\"@id\":\"https:\/\/www.africa-press.net\/cameroun\/#\/schema\/person\/2b1cf3cd81a31e3cd26889ca66d677f1\",\"name\":\"cfeditorfr\"}]}<\/script>\n<!-- \/ Yoast SEO Premium plugin. -->","yoast_head_json":{"title":"Pr\u00e9sidentielle 2025: le RDPC se pr\u00e9pare \u00e0 tourner la page Biya - Cameroun","description":"De\u0300s le 2 septembre, des se\u0301minaires seront organise\u0301es dans toutes les sections RDPC sur tout le territoire camerounais ...","robots":{"index":"index","follow":"follow","max-snippet":"max-snippet:-1","max-image-preview":"max-image-preview:large","max-video-preview":"max-video-preview:-1"},"canonical":"https:\/\/www.africa-press.net\/cameroun\/politique\/presidentielle-2025-le-rdpc-se-prepare-a-tourner-la-page-biya","og_locale":"fr_FR","og_type":"article","og_title":"Pr\u00e9sidentielle 2025: le RDPC se pr\u00e9pare \u00e0 tourner la page Biya","og_description":"De\u0300s le 2 septembre, des se\u0301minaires seront organise\u0301es dans toutes les sections RDPC sur tout le territoire camerounais ...","og_url":"https:\/\/www.africa-press.net\/cameroun\/politique\/presidentielle-2025-le-rdpc-se-prepare-a-tourner-la-page-biya","og_site_name":"Cameroun","article_published_time":"2023-09-18T22:22:20+00:00","article_modified_time":"2023-09-19T01:01:59+00:00","og_image":[{"width":720,"height":360,"url":"https:\/\/static.africa-press.net\/cameroun\/sites\/57\/2023\/09\/sm_1695065454.629116.jpg","type":"image\/jpeg"}],"author":"cfeditorfr","twitter_card":"summary_large_image","twitter_misc":{"\u00c9crit par":"cfeditorfr","Dur\u00e9e de lecture estim\u00e9e":"2 minutes"},"schema":{"@context":"https:\/\/schema.org","@graph":[{"@type":"Article","@id":"https:\/\/www.africa-press.net\/cameroun\/politique\/presidentielle-2025-le-rdpc-se-prepare-a-tourner-la-page-biya#article","isPartOf":{"@id":"https:\/\/www.africa-press.net\/cameroun\/politique\/presidentielle-2025-le-rdpc-se-prepare-a-tourner-la-page-biya"},"author":{"name":"cfeditorfr","@id":"https:\/\/www.africa-press.net\/cameroun\/#\/schema\/person\/2b1cf3cd81a31e3cd26889ca66d677f1"},"headline":"Pr\u00e9sidentielle 2025: le RDPC se pr\u00e9pare \u00e0 tourner la page Biya","datePublished":"2023-09-18T22:22:20+00:00","dateModified":"2023-09-19T01:01:59+00:00","mainEntityOfPage":{"@id":"https:\/\/www.africa-press.net\/cameroun\/politique\/presidentielle-2025-le-rdpc-se-prepare-a-tourner-la-page-biya"},"wordCount":343,"commentCount":0,"image":{"@id":"https:\/\/www.africa-press.net\/cameroun\/politique\/presidentielle-2025-le-rdpc-se-prepare-a-tourner-la-page-biya#primaryimage"},"thumbnailUrl":"https:\/\/static.africa-press.net\/cameroun\/sites\/57\/2023\/09\/sm_1695065454.629116.jpg","keywords":["Africa Press","Africa Press-Cameroun","Cameroun"],"articleSection":["Politique","Toutes les actualit\u00e9s"],"inLanguage":"fr-FR","potentialAction":[{"@type":"CommentAction","name":"Comment","target":["https:\/\/www.africa-press.net\/cameroun\/politique\/presidentielle-2025-le-rdpc-se-prepare-a-tourner-la-page-biya#respond"]}]},{"@type":"WebPage","@id":"https:\/\/www.africa-press.net\/cameroun\/politique\/presidentielle-2025-le-rdpc-se-prepare-a-tourner-la-page-biya","url":"https:\/\/www.africa-press.net\/cameroun\/politique\/presidentielle-2025-le-rdpc-se-prepare-a-tourner-la-page-biya","name":"Pr\u00e9sidentielle 2025: le RDPC se pr\u00e9pare \u00e0 tourner la page Biya - Cameroun","isPartOf":{"@id":"https:\/\/www.africa-press.net\/cameroun\/#website"},"primaryImageOfPage":{"@id":"https:\/\/www.africa-press.net\/cameroun\/politique\/presidentielle-2025-le-rdpc-se-prepare-a-tourner-la-page-biya#primaryimage"},"image":{"@id":"https:\/\/www.africa-press.net\/cameroun\/politique\/presidentielle-2025-le-rdpc-se-prepare-a-tourner-la-page-biya#primaryimage"},"thumbnailUrl":"https:\/\/static.africa-press.net\/cameroun\/sites\/57\/2023\/09\/sm_1695065454.629116.jpg","datePublished":"2023-09-18T22:22:20+00:00","dateModified":"2023-09-19T01:01:59+00:00","author":{"@id":"https:\/\/www.africa-press.net\/cameroun\/#\/schema\/person\/2b1cf3cd81a31e3cd26889ca66d677f1"},"description":"De\u0300s le 2 septembre, des se\u0301minaires seront organise\u0301es dans toutes les sections RDPC sur tout le territoire camerounais ...","breadcrumb":{"@id":"https:\/\/www.africa-press.net\/cameroun\/politique\/presidentielle-2025-le-rdpc-se-prepare-a-tourner-la-page-biya#breadcrumb"},"inLanguage":"fr-FR","potentialAction":[{"@type":"ReadAction","target":["https:\/\/www.africa-press.net\/cameroun\/politique\/presidentielle-2025-le-rdpc-se-prepare-a-tourner-la-page-biya"]}]},{"@type":"ImageObject","inLanguage":"fr-FR","@id":"https:\/\/www.africa-press.net\/cameroun\/politique\/presidentielle-2025-le-rdpc-se-prepare-a-tourner-la-page-biya#primaryimage","url":"https:\/\/static.africa-press.net\/cameroun\/sites\/57\/2023\/09\/sm_1695065454.629116.jpg","contentUrl":"https:\/\/static.africa-press.net\/cameroun\/sites\/57\/2023\/09\/sm_1695065454.629116.jpg","width":720,"height":360,"caption":"Pr\u00e9sidentielle 2025: le RDPC se pr\u00e9pare \u00e0 tourner la page Biya"},{"@type":"BreadcrumbList","@id":"https:\/\/www.africa-press.net\/cameroun\/politique\/presidentielle-2025-le-rdpc-se-prepare-a-tourner-la-page-biya#breadcrumb","itemListElement":[{"@type":"ListItem","position":1,"name":"Accueil","item":"https:\/\/www.africa-press.net\/cameroun\/"},{"@type":"ListItem","position":2,"name":"Pr\u00e9sidentielle 2025: le RDPC se pr\u00e9pare \u00e0 tourner la page Biya"}]},{"@type":"WebSite","@id":"https:\/\/www.africa-press.net\/cameroun\/#website","url":"https:\/\/www.africa-press.net\/cameroun\/","name":"Cameroun","description":"Just another Africa News Agency Sites site","potentialAction":[{"@type":"SearchAction","target":{"@type":"EntryPoint","urlTemplate":"https:\/\/www.africa-press.net\/cameroun\/?s={search_term_string}"},"query-input":{"@type":"PropertyValueSpecification","valueRequired":true,"valueName":"search_term_string"}}],"inLanguage":"fr-FR"},{"@type":"Person","@id":"https:\/\/www.africa-press.net\/cameroun\/#\/schema\/person\/2b1cf3cd81a31e3cd26889ca66d677f1","name":"cfeditorfr"}]}},"_links":{"self":[{"href":"https:\/\/www.africa-press.net\/cameroun\/wp-json\/wp\/v2\/posts\/51031","targetHints":{"allow":["GET"]}}],"collection":[{"href":"https:\/\/www.africa-press.net\/cameroun\/wp-json\/wp\/v2\/posts"}],"about":[{"href":"https:\/\/www.africa-press.net\/cameroun\/wp-json\/wp\/v2\/types\/post"}],"author":[{"embeddable":true,"href":"https:\/\/www.africa-press.net\/cameroun\/wp-json\/wp\/v2\/users\/82"}],"replies":[{"embeddable":true,"href":"https:\/\/www.africa-press.net\/cameroun\/wp-json\/wp\/v2\/comments?post=51031"}],"version-history":[{"count":0,"href":"https:\/\/www.africa-press.net\/cameroun\/wp-json\/wp\/v2\/posts\/51031\/revisions"}],"wp:featuredmedia":[{"embeddable":true,"href":"https:\/\/www.africa-press.net\/cameroun\/wp-json\/wp\/v2\/media\/51030"}],"wp:attachment":[{"href":"https:\/\/www.africa-press.net\/cameroun\/wp-json\/wp\/v2\/media?parent=51031"}],"wp:term":[{"taxonomy":"category","embeddable":true,"href":"https:\/\/www.africa-press.net\/cameroun\/wp-json\/wp\/v2\/categories?post=51031"},{"taxonomy":"post_tag","embeddable":true,"href":"https:\/\/www.africa-press.net\/cameroun\/wp-json\/wp\/v2\/tags?post=51031"}],"curies":[{"name":"wp","href":"https:\/\/api.w.org\/{rel}","templated":true}]}}