{"id":51033,"date":"2023-09-18T22:22:28","date_gmt":"2023-09-18T22:22:28","guid":{"rendered":"https:\/\/www.africa-press.net\/cameroun\/politique\/le-regime-biya-rdpc-est-deja-condamne-un-proche-collaborateur-de-kamto-siffle-la-fin"},"modified":"2023-09-19T01:02:30","modified_gmt":"2023-09-19T01:02:30","slug":"le-regime-biya-rdpc-est-deja-condamne-un-proche-collaborateur-de-kamto-siffle-la-fin","status":"publish","type":"post","link":"https:\/\/www.africa-press.net\/cameroun\/politique\/le-regime-biya-rdpc-est-deja-condamne-un-proche-collaborateur-de-kamto-siffle-la-fin","title":{"rendered":"&lsquo;Le r\u00e9gime BIYA-RDPC est d\u00e9j\u00e0 condamn\u00e9&rsquo;: un proche collaborateur de Kamto siffle la fin"},"content":{"rendered":"<p><span style=\"color: #ff6600\"><strong>Africa-Press &#8211; Cameroun. <\/strong><\/span>Le re\u0301gime Biya sait-il qu&rsquo;il va biento\u0302t tomber? Qu&rsquo;est-ce qui justifie le remaniement au sein de l&rsquo;arme\u0301e, organise\u0301e il y a quelques semaines, suite au coup d&rsquo;Etat au Gabon? Que pre\u0301pare le RDPC en organisant a\u0300 partir du 21 septembre, une tourne\u0301e re\u0301gionale?<\/p>\n<p>Aissatou Bouba Dalil semble avoir des re\u0301ponses a\u0300 ces questions. La secre\u0301taire nationale du MRC, charge\u0301e du de\u0301veloppement du Tourisme, a dans une tribune, affirme\u0301 que le re\u0301gime et ce parti au pouvoir sait qu&rsquo;ils sont condamne\u0301s.<\/p>\n<p>Dans sa sortie, elle explique en gros que le parti de Biya cherche a\u0300 les \u00ab\u00a0pousser a\u0300 la violence afin de trouver la\u0300, un pre\u0301texte pour les massacrer\u00a0\u00bb.<\/p>\n<p>\u00ab\u00a0Rien ne nous de\u0301couragera de ce combat, je re\u0301pe\u0300te: RIEN ! Ni les filatures, ni les menaces, intimidations, guet apens, tortures, incarce\u0301rations abusives, assassinats cible\u0301s, rien de tout cela ne nous de\u0301tournera du combat pour la Libe\u0301ration de notre cher Cameroun. Oui, c&rsquo;est vrai, nos vies ont change\u0301, nous sommes oblige\u0301s de l&rsquo;adapter a\u0300 la menace, on ne peut plus faire comme avant, mais ce sont des sacrifices qui sont obligatoires, par lesquels nous devons passer pour un meilleur avenir pour nous-me\u0302mes et surtout pour nos enfants. Le changement au Cameroun est ine\u0301luctable, c&rsquo;est un fait, de\u0301ja\u0300 inscrit dans le Plan de Dieu, les signes sont la\u0300, mais ceux qui confisquent le pouvoir depuis 42 ans au Cameroun ainsi que leurs soutiens croient toujours qu&rsquo;ils peuvent renverser la situation, c&rsquo;est peine perdue. Le re\u0301gime BIYA-RDPC est de\u0301ja\u0300 condamne\u0301 et cherche le moyen de nous pousser a\u0300 la violence afin de trouver la\u0300, un pre\u0301texte pour nous massacrer, mais puisque nous savons de\u0301ja\u0300 comment proce\u0300dent les dictatures, nous ne ce\u0301deront pas a\u0300 leurs provocations, me\u0302me s&rsquo;ils assassinent nos proches, pour nous c\u0327a sera toujours changement dans la paix et par les urnes.<\/p>\n<p>Le combat est long et difficile c&rsquo;est vrai, chacun aimerait retrouver une vie normale, loin de toutes ces privations dont nous a contraints le re\u0301gime dictatorial de Yaounde\u0301, y compris ici en Diaspora, je suis moi-me\u0302me file\u0301e lorsque je me rends a\u0300 mon travail, mais il faut se dire que c&rsquo;est le signe que le combat que nous menons est juste et que c&rsquo;est un passage oblige\u0301 pour la Libe\u0301ration de notre pays. Mais quels que soient les obstacles que ce re\u0301gime placera sur notre chemin, on trouvera quand me\u0302me toujours le moyen de rendre cette lutte plus humaine et plus le\u0301ge\u0300re, en s&rsquo;accordant de temps en temps quelques moments de convivialite\u0301, comme la soire\u0301e caritative en faveur des prisonniers politiques le 21 octobre 2023 a\u0300 Argenteuil. Soyons tous au RDV\u00a0\u00bb.<\/p>\n<p><strong>Pour plus d&rsquo;informations et d&rsquo;analyses sur la <a href=\"https:\/\/www.africa-press.net\/cameroun\">Cameroun<\/a>, suivez <a href=\"https:\/\/www.africa-press.net\/\">Africa-Press<\/a><\/strong><\/p>\n","protected":false},"excerpt":{"rendered":"<p>Africa-Press &#8211; Cameroun. Le re\u0301gime Biya sait-il qu&rsquo;il va biento\u0302t tomber? Qu&rsquo;est-ce qui justifie le remaniement au sein de l&rsquo;arme\u0301e, organise\u0301e il y a quelques semaines, suite au coup d&rsquo;Etat au Gabon? Que pre\u0301pare le RDPC en organisant a\u0300 partir du 21 septembre, une tourne\u0301e re\u0301gionale? Aissatou Bouba Dalil semble avoir des re\u0301ponses a\u0300 ces [&hellip;]<\/p>\n","protected":false},"author":82,"featured_media":51032,"comment_status":"open","ping_status":"closed","sticky":false,"template":"","format":"standard","meta":{"footnotes":""},"categories":[2,10],"tags":[36,50,49],"class_list":["post-51033","post","type-post","status-publish","format-standard","has-post-thumbnail","hentry","category-politique","category-toutes-les-actualites","tag-africa-press","tag-africa-press-cameroun","tag-cameroun"],"yoast_head":"<!-- This site is optimized with the Yoast SEO Premium plugin v26.1 (Yoast SEO v27.0) - https:\/\/yoast.com\/product\/yoast-seo-premium-wordpress\/ -->\n<title>&#039;Le r\u00e9gime BIYA-RDPC est d\u00e9j\u00e0 condamn\u00e9&#039;: un proche collaborateur de Kamto siffle la fin - Cameroun<\/title>\n<meta name=\"description\" content=\"Le re\u0301gime Biya sait-il qu&#039;il va biento\u0302t tomber? Qu&#039;est-ce qui justifie le remaniement au sein de l&#039;arme\u0301e, organise\u0301e ...\" \/>\n<meta name=\"robots\" content=\"index, follow, max-snippet:-1, max-image-preview:large, max-video-preview:-1\" \/>\n<link rel=\"canonical\" href=\"https:\/\/www.africa-press.net\/cameroun\/politique\/le-regime-biya-rdpc-est-deja-condamne-un-proche-collaborateur-de-kamto-siffle-la-fin\" \/>\n<meta property=\"og:locale\" content=\"fr_FR\" \/>\n<meta property=\"og:type\" content=\"article\" \/>\n<meta property=\"og:title\" content=\"&#039;Le r\u00e9gime BIYA-RDPC est d\u00e9j\u00e0 condamn\u00e9&#039;: un proche collaborateur de Kamto siffle la fin\" \/>\n<meta property=\"og:description\" content=\"Le re\u0301gime Biya sait-il qu&#039;il va biento\u0302t tomber? Qu&#039;est-ce qui justifie le remaniement au sein de l&#039;arme\u0301e, organise\u0301e ...\" \/>\n<meta property=\"og:url\" content=\"https:\/\/www.africa-press.net\/cameroun\/politique\/le-regime-biya-rdpc-est-deja-condamne-un-proche-collaborateur-de-kamto-siffle-la-fin\" \/>\n<meta property=\"og:site_name\" content=\"Cameroun\" \/>\n<meta property=\"article:published_time\" content=\"2023-09-18T22:22:28+00:00\" \/>\n<meta property=\"article:modified_time\" content=\"2023-09-19T01:02:30+00:00\" \/>\n<meta property=\"og:image\" content=\"https:\/\/static.africa-press.net\/cameroun\/sites\/57\/2023\/09\/sm_1695065474.695743.jpg\" \/>\n\t<meta property=\"og:image:width\" content=\"720\" \/>\n\t<meta property=\"og:image:height\" content=\"360\" \/>\n\t<meta property=\"og:image:type\" content=\"image\/jpeg\" \/>\n<meta name=\"author\" content=\"cfeditorfr\" \/>\n<meta name=\"twitter:card\" content=\"summary_large_image\" \/>\n<meta name=\"twitter:label1\" content=\"\u00c9crit par\" \/>\n\t<meta name=\"twitter:data1\" content=\"cfeditorfr\" \/>\n\t<meta name=\"twitter:label2\" content=\"Dur\u00e9e de lecture estim\u00e9e\" \/>\n\t<meta name=\"twitter:data2\" content=\"2 minutes\" \/>\n<script type=\"application\/ld+json\" class=\"yoast-schema-graph\">{\"@context\":\"https:\/\/schema.org\",\"@graph\":[{\"@type\":\"Article\",\"@id\":\"https:\/\/www.africa-press.net\/cameroun\/politique\/le-regime-biya-rdpc-est-deja-condamne-un-proche-collaborateur-de-kamto-siffle-la-fin#article\",\"isPartOf\":{\"@id\":\"https:\/\/www.africa-press.net\/cameroun\/politique\/le-regime-biya-rdpc-est-deja-condamne-un-proche-collaborateur-de-kamto-siffle-la-fin\"},\"author\":{\"name\":\"cfeditorfr\",\"@id\":\"https:\/\/www.africa-press.net\/cameroun\/#\/schema\/person\/2b1cf3cd81a31e3cd26889ca66d677f1\"},\"headline\":\"&lsquo;Le r\u00e9gime BIYA-RDPC est d\u00e9j\u00e0 condamn\u00e9&rsquo;: un proche collaborateur de Kamto siffle la fin\",\"datePublished\":\"2023-09-18T22:22:28+00:00\",\"dateModified\":\"2023-09-19T01:02:30+00:00\",\"mainEntityOfPage\":{\"@id\":\"https:\/\/www.africa-press.net\/cameroun\/politique\/le-regime-biya-rdpc-est-deja-condamne-un-proche-collaborateur-de-kamto-siffle-la-fin\"},\"wordCount\":513,\"commentCount\":0,\"image\":{\"@id\":\"https:\/\/www.africa-press.net\/cameroun\/politique\/le-regime-biya-rdpc-est-deja-condamne-un-proche-collaborateur-de-kamto-siffle-la-fin#primaryimage\"},\"thumbnailUrl\":\"https:\/\/static.africa-press.net\/cameroun\/sites\/57\/2023\/09\/sm_1695065474.695743.jpg\",\"keywords\":[\"Africa Press\",\"Africa Press-Cameroun\",\"Cameroun\"],\"articleSection\":[\"Politique\",\"Toutes les actualit\u00e9s\"],\"inLanguage\":\"fr-FR\",\"potentialAction\":[{\"@type\":\"CommentAction\",\"name\":\"Comment\",\"target\":[\"https:\/\/www.africa-press.net\/cameroun\/politique\/le-regime-biya-rdpc-est-deja-condamne-un-proche-collaborateur-de-kamto-siffle-la-fin#respond\"]}]},{\"@type\":\"WebPage\",\"@id\":\"https:\/\/www.africa-press.net\/cameroun\/politique\/le-regime-biya-rdpc-est-deja-condamne-un-proche-collaborateur-de-kamto-siffle-la-fin\",\"url\":\"https:\/\/www.africa-press.net\/cameroun\/politique\/le-regime-biya-rdpc-est-deja-condamne-un-proche-collaborateur-de-kamto-siffle-la-fin\",\"name\":\"'Le r\u00e9gime BIYA-RDPC est d\u00e9j\u00e0 condamn\u00e9': un proche collaborateur de Kamto siffle la fin - Cameroun\",\"isPartOf\":{\"@id\":\"https:\/\/www.africa-press.net\/cameroun\/#website\"},\"primaryImageOfPage\":{\"@id\":\"https:\/\/www.africa-press.net\/cameroun\/politique\/le-regime-biya-rdpc-est-deja-condamne-un-proche-collaborateur-de-kamto-siffle-la-fin#primaryimage\"},\"image\":{\"@id\":\"https:\/\/www.africa-press.net\/cameroun\/politique\/le-regime-biya-rdpc-est-deja-condamne-un-proche-collaborateur-de-kamto-siffle-la-fin#primaryimage\"},\"thumbnailUrl\":\"https:\/\/static.africa-press.net\/cameroun\/sites\/57\/2023\/09\/sm_1695065474.695743.jpg\",\"datePublished\":\"2023-09-18T22:22:28+00:00\",\"dateModified\":\"2023-09-19T01:02:30+00:00\",\"author\":{\"@id\":\"https:\/\/www.africa-press.net\/cameroun\/#\/schema\/person\/2b1cf3cd81a31e3cd26889ca66d677f1\"},\"description\":\"Le re\u0301gime Biya sait-il qu'il va biento\u0302t tomber? Qu'est-ce qui justifie le remaniement au sein de l'arme\u0301e, organise\u0301e ...\",\"breadcrumb\":{\"@id\":\"https:\/\/www.africa-press.net\/cameroun\/politique\/le-regime-biya-rdpc-est-deja-condamne-un-proche-collaborateur-de-kamto-siffle-la-fin#breadcrumb\"},\"inLanguage\":\"fr-FR\",\"potentialAction\":[{\"@type\":\"ReadAction\",\"target\":[\"https:\/\/www.africa-press.net\/cameroun\/politique\/le-regime-biya-rdpc-est-deja-condamne-un-proche-collaborateur-de-kamto-siffle-la-fin\"]}]},{\"@type\":\"ImageObject\",\"inLanguage\":\"fr-FR\",\"@id\":\"https:\/\/www.africa-press.net\/cameroun\/politique\/le-regime-biya-rdpc-est-deja-condamne-un-proche-collaborateur-de-kamto-siffle-la-fin#primaryimage\",\"url\":\"https:\/\/static.africa-press.net\/cameroun\/sites\/57\/2023\/09\/sm_1695065474.695743.jpg\",\"contentUrl\":\"https:\/\/static.africa-press.net\/cameroun\/sites\/57\/2023\/09\/sm_1695065474.695743.jpg\",\"width\":720,\"height\":360,\"caption\":\"'Le r\u00e9gime BIYA-RDPC est d\u00e9j\u00e0 condamn\u00e9': un proche collaborateur de Kamto siffle la fin\"},{\"@type\":\"BreadcrumbList\",\"@id\":\"https:\/\/www.africa-press.net\/cameroun\/politique\/le-regime-biya-rdpc-est-deja-condamne-un-proche-collaborateur-de-kamto-siffle-la-fin#breadcrumb\",\"itemListElement\":[{\"@type\":\"ListItem\",\"position\":1,\"name\":\"Accueil\",\"item\":\"https:\/\/www.africa-press.net\/cameroun\/\"},{\"@type\":\"ListItem\",\"position\":2,\"name\":\"&#8216;Le r\u00e9gime BIYA-RDPC est d\u00e9j\u00e0 condamn\u00e9&#8217;: un proche collaborateur de Kamto siffle la fin\"}]},{\"@type\":\"WebSite\",\"@id\":\"https:\/\/www.africa-press.net\/cameroun\/#website\",\"url\":\"https:\/\/www.africa-press.net\/cameroun\/\",\"name\":\"Cameroun\",\"description\":\"Just another Africa News Agency Sites site\",\"potentialAction\":[{\"@type\":\"SearchAction\",\"target\":{\"@type\":\"EntryPoint\",\"urlTemplate\":\"https:\/\/www.africa-press.net\/cameroun\/?s={search_term_string}\"},\"query-input\":{\"@type\":\"PropertyValueSpecification\",\"valueRequired\":true,\"valueName\":\"search_term_string\"}}],\"inLanguage\":\"fr-FR\"},{\"@type\":\"Person\",\"@id\":\"https:\/\/www.africa-press.net\/cameroun\/#\/schema\/person\/2b1cf3cd81a31e3cd26889ca66d677f1\",\"name\":\"cfeditorfr\"}]}<\/script>\n<!-- \/ Yoast SEO Premium plugin. -->","yoast_head_json":{"title":"'Le r\u00e9gime BIYA-RDPC est d\u00e9j\u00e0 condamn\u00e9': un proche collaborateur de Kamto siffle la fin - Cameroun","description":"Le re\u0301gime Biya sait-il qu'il va biento\u0302t tomber? Qu'est-ce qui justifie le remaniement au sein de l'arme\u0301e, organise\u0301e ...","robots":{"index":"index","follow":"follow","max-snippet":"max-snippet:-1","max-image-preview":"max-image-preview:large","max-video-preview":"max-video-preview:-1"},"canonical":"https:\/\/www.africa-press.net\/cameroun\/politique\/le-regime-biya-rdpc-est-deja-condamne-un-proche-collaborateur-de-kamto-siffle-la-fin","og_locale":"fr_FR","og_type":"article","og_title":"'Le r\u00e9gime BIYA-RDPC est d\u00e9j\u00e0 condamn\u00e9': un proche collaborateur de Kamto siffle la fin","og_description":"Le re\u0301gime Biya sait-il qu'il va biento\u0302t tomber? Qu'est-ce qui justifie le remaniement au sein de l'arme\u0301e, organise\u0301e ...","og_url":"https:\/\/www.africa-press.net\/cameroun\/politique\/le-regime-biya-rdpc-est-deja-condamne-un-proche-collaborateur-de-kamto-siffle-la-fin","og_site_name":"Cameroun","article_published_time":"2023-09-18T22:22:28+00:00","article_modified_time":"2023-09-19T01:02:30+00:00","og_image":[{"width":720,"height":360,"url":"https:\/\/static.africa-press.net\/cameroun\/sites\/57\/2023\/09\/sm_1695065474.695743.jpg","type":"image\/jpeg"}],"author":"cfeditorfr","twitter_card":"summary_large_image","twitter_misc":{"\u00c9crit par":"cfeditorfr","Dur\u00e9e de lecture estim\u00e9e":"2 minutes"},"schema":{"@context":"https:\/\/schema.org","@graph":[{"@type":"Article","@id":"https:\/\/www.africa-press.net\/cameroun\/politique\/le-regime-biya-rdpc-est-deja-condamne-un-proche-collaborateur-de-kamto-siffle-la-fin#article","isPartOf":{"@id":"https:\/\/www.africa-press.net\/cameroun\/politique\/le-regime-biya-rdpc-est-deja-condamne-un-proche-collaborateur-de-kamto-siffle-la-fin"},"author":{"name":"cfeditorfr","@id":"https:\/\/www.africa-press.net\/cameroun\/#\/schema\/person\/2b1cf3cd81a31e3cd26889ca66d677f1"},"headline":"&lsquo;Le r\u00e9gime BIYA-RDPC est d\u00e9j\u00e0 condamn\u00e9&rsquo;: un proche collaborateur de Kamto siffle la fin","datePublished":"2023-09-18T22:22:28+00:00","dateModified":"2023-09-19T01:02:30+00:00","mainEntityOfPage":{"@id":"https:\/\/www.africa-press.net\/cameroun\/politique\/le-regime-biya-rdpc-est-deja-condamne-un-proche-collaborateur-de-kamto-siffle-la-fin"},"wordCount":513,"commentCount":0,"image":{"@id":"https:\/\/www.africa-press.net\/cameroun\/politique\/le-regime-biya-rdpc-est-deja-condamne-un-proche-collaborateur-de-kamto-siffle-la-fin#primaryimage"},"thumbnailUrl":"https:\/\/static.africa-press.net\/cameroun\/sites\/57\/2023\/09\/sm_1695065474.695743.jpg","keywords":["Africa Press","Africa Press-Cameroun","Cameroun"],"articleSection":["Politique","Toutes les actualit\u00e9s"],"inLanguage":"fr-FR","potentialAction":[{"@type":"CommentAction","name":"Comment","target":["https:\/\/www.africa-press.net\/cameroun\/politique\/le-regime-biya-rdpc-est-deja-condamne-un-proche-collaborateur-de-kamto-siffle-la-fin#respond"]}]},{"@type":"WebPage","@id":"https:\/\/www.africa-press.net\/cameroun\/politique\/le-regime-biya-rdpc-est-deja-condamne-un-proche-collaborateur-de-kamto-siffle-la-fin","url":"https:\/\/www.africa-press.net\/cameroun\/politique\/le-regime-biya-rdpc-est-deja-condamne-un-proche-collaborateur-de-kamto-siffle-la-fin","name":"'Le r\u00e9gime BIYA-RDPC est d\u00e9j\u00e0 condamn\u00e9': un proche collaborateur de Kamto siffle la fin - Cameroun","isPartOf":{"@id":"https:\/\/www.africa-press.net\/cameroun\/#website"},"primaryImageOfPage":{"@id":"https:\/\/www.africa-press.net\/cameroun\/politique\/le-regime-biya-rdpc-est-deja-condamne-un-proche-collaborateur-de-kamto-siffle-la-fin#primaryimage"},"image":{"@id":"https:\/\/www.africa-press.net\/cameroun\/politique\/le-regime-biya-rdpc-est-deja-condamne-un-proche-collaborateur-de-kamto-siffle-la-fin#primaryimage"},"thumbnailUrl":"https:\/\/static.africa-press.net\/cameroun\/sites\/57\/2023\/09\/sm_1695065474.695743.jpg","datePublished":"2023-09-18T22:22:28+00:00","dateModified":"2023-09-19T01:02:30+00:00","author":{"@id":"https:\/\/www.africa-press.net\/cameroun\/#\/schema\/person\/2b1cf3cd81a31e3cd26889ca66d677f1"},"description":"Le re\u0301gime Biya sait-il qu'il va biento\u0302t tomber? Qu'est-ce qui justifie le remaniement au sein de l'arme\u0301e, organise\u0301e ...","breadcrumb":{"@id":"https:\/\/www.africa-press.net\/cameroun\/politique\/le-regime-biya-rdpc-est-deja-condamne-un-proche-collaborateur-de-kamto-siffle-la-fin#breadcrumb"},"inLanguage":"fr-FR","potentialAction":[{"@type":"ReadAction","target":["https:\/\/www.africa-press.net\/cameroun\/politique\/le-regime-biya-rdpc-est-deja-condamne-un-proche-collaborateur-de-kamto-siffle-la-fin"]}]},{"@type":"ImageObject","inLanguage":"fr-FR","@id":"https:\/\/www.africa-press.net\/cameroun\/politique\/le-regime-biya-rdpc-est-deja-condamne-un-proche-collaborateur-de-kamto-siffle-la-fin#primaryimage","url":"https:\/\/static.africa-press.net\/cameroun\/sites\/57\/2023\/09\/sm_1695065474.695743.jpg","contentUrl":"https:\/\/static.africa-press.net\/cameroun\/sites\/57\/2023\/09\/sm_1695065474.695743.jpg","width":720,"height":360,"caption":"'Le r\u00e9gime BIYA-RDPC est d\u00e9j\u00e0 condamn\u00e9': un proche collaborateur de Kamto siffle la fin"},{"@type":"BreadcrumbList","@id":"https:\/\/www.africa-press.net\/cameroun\/politique\/le-regime-biya-rdpc-est-deja-condamne-un-proche-collaborateur-de-kamto-siffle-la-fin#breadcrumb","itemListElement":[{"@type":"ListItem","position":1,"name":"Accueil","item":"https:\/\/www.africa-press.net\/cameroun\/"},{"@type":"ListItem","position":2,"name":"&#8216;Le r\u00e9gime BIYA-RDPC est d\u00e9j\u00e0 condamn\u00e9&#8217;: un proche collaborateur de Kamto siffle la fin"}]},{"@type":"WebSite","@id":"https:\/\/www.africa-press.net\/cameroun\/#website","url":"https:\/\/www.africa-press.net\/cameroun\/","name":"Cameroun","description":"Just another Africa News Agency Sites site","potentialAction":[{"@type":"SearchAction","target":{"@type":"EntryPoint","urlTemplate":"https:\/\/www.africa-press.net\/cameroun\/?s={search_term_string}"},"query-input":{"@type":"PropertyValueSpecification","valueRequired":true,"valueName":"search_term_string"}}],"inLanguage":"fr-FR"},{"@type":"Person","@id":"https:\/\/www.africa-press.net\/cameroun\/#\/schema\/person\/2b1cf3cd81a31e3cd26889ca66d677f1","name":"cfeditorfr"}]}},"_links":{"self":[{"href":"https:\/\/www.africa-press.net\/cameroun\/wp-json\/wp\/v2\/posts\/51033","targetHints":{"allow":["GET"]}}],"collection":[{"href":"https:\/\/www.africa-press.net\/cameroun\/wp-json\/wp\/v2\/posts"}],"about":[{"href":"https:\/\/www.africa-press.net\/cameroun\/wp-json\/wp\/v2\/types\/post"}],"author":[{"embeddable":true,"href":"https:\/\/www.africa-press.net\/cameroun\/wp-json\/wp\/v2\/users\/82"}],"replies":[{"embeddable":true,"href":"https:\/\/www.africa-press.net\/cameroun\/wp-json\/wp\/v2\/comments?post=51033"}],"version-history":[{"count":0,"href":"https:\/\/www.africa-press.net\/cameroun\/wp-json\/wp\/v2\/posts\/51033\/revisions"}],"wp:featuredmedia":[{"embeddable":true,"href":"https:\/\/www.africa-press.net\/cameroun\/wp-json\/wp\/v2\/media\/51032"}],"wp:attachment":[{"href":"https:\/\/www.africa-press.net\/cameroun\/wp-json\/wp\/v2\/media?parent=51033"}],"wp:term":[{"taxonomy":"category","embeddable":true,"href":"https:\/\/www.africa-press.net\/cameroun\/wp-json\/wp\/v2\/categories?post=51033"},{"taxonomy":"post_tag","embeddable":true,"href":"https:\/\/www.africa-press.net\/cameroun\/wp-json\/wp\/v2\/tags?post=51033"}],"curies":[{"name":"wp","href":"https:\/\/api.w.org\/{rel}","templated":true}]}}