{"id":51035,"date":"2023-09-18T22:22:35","date_gmt":"2023-09-18T22:22:35","guid":{"rendered":"https:\/\/www.africa-press.net\/cameroun\/politique\/mise-a-mort-de-congelcam-et-ngouchinghe-un-nouvel-acteur-entre-en-scene-plainte-deposee"},"modified":"2023-09-19T01:02:55","modified_gmt":"2023-09-19T01:02:55","slug":"mise-a-mort-de-congelcam-et-ngouchinghe-un-nouvel-acteur-entre-en-scene-plainte-deposee","status":"publish","type":"post","link":"https:\/\/www.africa-press.net\/cameroun\/toutes-les-actualites\/mise-a-mort-de-congelcam-et-ngouchinghe-un-nouvel-acteur-entre-en-scene-plainte-deposee","title":{"rendered":"Mise \u00e0 mort de Congelcam et Ngouchinghe: un nouvel acteur entre en sc\u00e8ne, plainte d\u00e9pos\u00e9e"},"content":{"rendered":"<p><span style=\"color: #ff6600\"><strong>Africa-Press &#8211; Cameroun. <\/strong><\/span>Apre\u0300s les autorite\u0301s du Port Autonome de Douala et le ministre de la Sante\u0301 publique, c&rsquo;est le tour d&rsquo;une ONG de s&rsquo;attaquer au juteux business de Sylvestre Ngouchinghe.<\/p>\n<p>L&rsquo;ONG ODS accuse le businessman promoteur de la socie\u0301te\u0301 Congelcam de ventre du poisson pourri aux Camerounais.<\/p>\n<p>Le Coordonnateurs de l&rsquo;Observatoire du De\u0301veloppement Socie\u0301te\u0301 (ODS), Lilian Kokou Engoulou a organise\u0301 fin semaine dernie\u0300re une confe\u0301rence de presse au cours de laquelle il annonce qu&rsquo;une plainte a e\u0301te\u0301 de\u0301pose\u0301e contre Congelcam et son PDG devant le Tribunal.<\/p>\n<p>Un homme qui de\u0301fie la justice<\/p>\n<p>Le tribunal de grande instance du Wouri a rendu une de\u0301cision importante dans une affaire impliquant la socie\u0301te\u0301 CONGELCAM et une famille d&rsquo;orphelins en octobre 2017. L&rsquo;affaire portait sur un litige locatif qui remonte a\u0300 2014, ou\u0300 CONGELCAM devait payer un loyer mensuel de 150 000 Fcfa. Voici un re\u0301sume\u0301 de la de\u0301cision du tribunal :<\/p>\n<p>En 2017, le tribunal a statue\u0301 comme suit :<\/p>\n<p>&#8211; Il a de\u0301clare\u0301 nul avec toutes les conse\u0301quences de droit le bail sous seing prive\u0301 du 23 juillet 2010 entre dame ONGOLA ne\u0301e BENE Marie The\u0301re\u0300se, ONGOLO Yannick, NOUPA Charlin et la socie\u0301te\u0301 CONGELCAM SA.<\/p>\n<p>&#8211; Il a ordonne\u0301 l&rsquo;expulsion de la socie\u0301te\u0301 CONGELCAM SA, ainsi que de tous les occupants de l&rsquo;immeuble de feu ONGOLA Patrice, situe\u0301 a\u0300 Logbessou, lieu-dit PK 14.<\/p>\n<p>CONGELCAM a fait appel de cette de\u0301cision en 2022, mais a finalement perdu en appel. L&rsquo;avocat de CONGELCAM, Me DEFFO, avait initialement laisse\u0301 entendre a\u0300 la famille qu&rsquo;ils souhaitaient ne\u0301gocier. Cependant, 48 heures avant la fin du de\u0301lai, il a informe\u0301 la famille que l&rsquo;affaire serait porte\u0301e devant la Cour Supre\u0302me, pour un montant de 150 000 FCFA par mois.<\/p>\n<p>Depuis 2014, CONGELCAM n&rsquo;a pas verse\u0301 un seul franc de loyer pour l&rsquo;utilisation du local, malgre\u0301 ses activite\u0301s lucratives. En conse\u0301quence, ils accumulent 108 mois d&rsquo;arrie\u0301re\u0301s de loyer. Cette situation a suscite\u0301 de vives critiques, car elle est perc\u0327ue comme de la pure me\u0301chancete\u0301, d&rsquo;autant plus que CONGELCAM pre\u0301tend e\u0302tre une entreprise milliardaire.<\/p>\n<p>Cette affaire soule\u0300ve des questions sur la justice et l&rsquo;e\u0301thique des entreprises, surtout lorsque cela implique des orphelins et des litiges de loyer impaye\u0301.<\/p>\n<p><strong>Pour plus d&rsquo;informations et d&rsquo;analyses sur la <a href=\"https:\/\/www.africa-press.net\/cameroun\">Cameroun<\/a>, suivez <a href=\"https:\/\/www.africa-press.net\/\">Africa-Press<\/a><\/strong><\/p>\n","protected":false},"excerpt":{"rendered":"<p>Africa-Press &#8211; Cameroun. Apre\u0300s les autorite\u0301s du Port Autonome de Douala et le ministre de la Sante\u0301 publique, c&rsquo;est le tour d&rsquo;une ONG de s&rsquo;attaquer au juteux business de Sylvestre Ngouchinghe. L&rsquo;ONG ODS accuse le businessman promoteur de la socie\u0301te\u0301 Congelcam de ventre du poisson pourri aux Camerounais. Le Coordonnateurs de l&rsquo;Observatoire du De\u0301veloppement Socie\u0301te\u0301 [&hellip;]<\/p>\n","protected":false},"author":82,"featured_media":51034,"comment_status":"open","ping_status":"closed","sticky":false,"template":"","format":"standard","meta":{"footnotes":""},"categories":[21,10],"tags":[36,50,49],"class_list":["post-51035","post","type-post","status-publish","format-standard","has-post-thumbnail","hentry","category-communaute","category-toutes-les-actualites","tag-africa-press","tag-africa-press-cameroun","tag-cameroun"],"yoast_head":"<!-- This site is optimized with the Yoast SEO Premium plugin v26.1 (Yoast SEO v27.0) - https:\/\/yoast.com\/product\/yoast-seo-premium-wordpress\/ -->\n<title>Mise \u00e0 mort de Congelcam et Ngouchinghe: un nouvel acteur entre en sc\u00e8ne, plainte d\u00e9pos\u00e9e - Cameroun<\/title>\n<meta name=\"description\" content=\"Apre\u0300s les autorite\u0301s du Port Autonome de Douala et le ministre de la Sante\u0301 publique, c&#039;est le tour d&#039;une ONG de s&#039;atta ...\" \/>\n<meta name=\"robots\" content=\"index, follow, max-snippet:-1, max-image-preview:large, max-video-preview:-1\" \/>\n<link rel=\"canonical\" href=\"https:\/\/www.africa-press.net\/cameroun\/toutes-les-actualites\/mise-a-mort-de-congelcam-et-ngouchinghe-un-nouvel-acteur-entre-en-scene-plainte-deposee\" \/>\n<meta property=\"og:locale\" content=\"fr_FR\" \/>\n<meta property=\"og:type\" content=\"article\" \/>\n<meta property=\"og:title\" content=\"Mise \u00e0 mort de Congelcam et Ngouchinghe: un nouvel acteur entre en sc\u00e8ne, plainte d\u00e9pos\u00e9e\" \/>\n<meta property=\"og:description\" content=\"Apre\u0300s les autorite\u0301s du Port Autonome de Douala et le ministre de la Sante\u0301 publique, c&#039;est le tour d&#039;une ONG de s&#039;atta ...\" \/>\n<meta property=\"og:url\" content=\"https:\/\/www.africa-press.net\/cameroun\/toutes-les-actualites\/mise-a-mort-de-congelcam-et-ngouchinghe-un-nouvel-acteur-entre-en-scene-plainte-deposee\" \/>\n<meta property=\"og:site_name\" content=\"Cameroun\" \/>\n<meta property=\"article:published_time\" content=\"2023-09-18T22:22:35+00:00\" \/>\n<meta property=\"article:modified_time\" content=\"2023-09-19T01:02:55+00:00\" \/>\n<meta property=\"og:image\" content=\"https:\/\/static.africa-press.net\/cameroun\/sites\/57\/2023\/09\/sm_1695065490.407168.jpg\" \/>\n\t<meta property=\"og:image:width\" content=\"720\" \/>\n\t<meta property=\"og:image:height\" content=\"432\" \/>\n\t<meta property=\"og:image:type\" content=\"image\/jpeg\" \/>\n<meta name=\"author\" content=\"cfeditorfr\" \/>\n<meta name=\"twitter:card\" content=\"summary_large_image\" \/>\n<meta name=\"twitter:label1\" content=\"\u00c9crit par\" \/>\n\t<meta name=\"twitter:data1\" content=\"cfeditorfr\" \/>\n\t<meta name=\"twitter:label2\" content=\"Dur\u00e9e de lecture estim\u00e9e\" \/>\n\t<meta name=\"twitter:data2\" content=\"2 minutes\" \/>\n<script type=\"application\/ld+json\" class=\"yoast-schema-graph\">{\"@context\":\"https:\/\/schema.org\",\"@graph\":[{\"@type\":\"Article\",\"@id\":\"https:\/\/www.africa-press.net\/cameroun\/toutes-les-actualites\/mise-a-mort-de-congelcam-et-ngouchinghe-un-nouvel-acteur-entre-en-scene-plainte-deposee#article\",\"isPartOf\":{\"@id\":\"https:\/\/www.africa-press.net\/cameroun\/toutes-les-actualites\/mise-a-mort-de-congelcam-et-ngouchinghe-un-nouvel-acteur-entre-en-scene-plainte-deposee\"},\"author\":{\"name\":\"cfeditorfr\",\"@id\":\"https:\/\/www.africa-press.net\/cameroun\/#\/schema\/person\/2b1cf3cd81a31e3cd26889ca66d677f1\"},\"headline\":\"Mise \u00e0 mort de Congelcam et Ngouchinghe: un nouvel acteur entre en sc\u00e8ne, plainte d\u00e9pos\u00e9e\",\"datePublished\":\"2023-09-18T22:22:35+00:00\",\"dateModified\":\"2023-09-19T01:02:55+00:00\",\"mainEntityOfPage\":{\"@id\":\"https:\/\/www.africa-press.net\/cameroun\/toutes-les-actualites\/mise-a-mort-de-congelcam-et-ngouchinghe-un-nouvel-acteur-entre-en-scene-plainte-deposee\"},\"wordCount\":427,\"commentCount\":0,\"image\":{\"@id\":\"https:\/\/www.africa-press.net\/cameroun\/toutes-les-actualites\/mise-a-mort-de-congelcam-et-ngouchinghe-un-nouvel-acteur-entre-en-scene-plainte-deposee#primaryimage\"},\"thumbnailUrl\":\"https:\/\/static.africa-press.net\/cameroun\/sites\/57\/2023\/09\/sm_1695065490.407168.jpg\",\"keywords\":[\"Africa Press\",\"Africa Press-Cameroun\",\"Cameroun\"],\"articleSection\":[\"Communaut\u00e9\",\"Toutes les actualit\u00e9s\"],\"inLanguage\":\"fr-FR\",\"potentialAction\":[{\"@type\":\"CommentAction\",\"name\":\"Comment\",\"target\":[\"https:\/\/www.africa-press.net\/cameroun\/toutes-les-actualites\/mise-a-mort-de-congelcam-et-ngouchinghe-un-nouvel-acteur-entre-en-scene-plainte-deposee#respond\"]}]},{\"@type\":\"WebPage\",\"@id\":\"https:\/\/www.africa-press.net\/cameroun\/toutes-les-actualites\/mise-a-mort-de-congelcam-et-ngouchinghe-un-nouvel-acteur-entre-en-scene-plainte-deposee\",\"url\":\"https:\/\/www.africa-press.net\/cameroun\/toutes-les-actualites\/mise-a-mort-de-congelcam-et-ngouchinghe-un-nouvel-acteur-entre-en-scene-plainte-deposee\",\"name\":\"Mise \u00e0 mort de Congelcam et Ngouchinghe: un nouvel acteur entre en sc\u00e8ne, plainte d\u00e9pos\u00e9e - Cameroun\",\"isPartOf\":{\"@id\":\"https:\/\/www.africa-press.net\/cameroun\/#website\"},\"primaryImageOfPage\":{\"@id\":\"https:\/\/www.africa-press.net\/cameroun\/toutes-les-actualites\/mise-a-mort-de-congelcam-et-ngouchinghe-un-nouvel-acteur-entre-en-scene-plainte-deposee#primaryimage\"},\"image\":{\"@id\":\"https:\/\/www.africa-press.net\/cameroun\/toutes-les-actualites\/mise-a-mort-de-congelcam-et-ngouchinghe-un-nouvel-acteur-entre-en-scene-plainte-deposee#primaryimage\"},\"thumbnailUrl\":\"https:\/\/static.africa-press.net\/cameroun\/sites\/57\/2023\/09\/sm_1695065490.407168.jpg\",\"datePublished\":\"2023-09-18T22:22:35+00:00\",\"dateModified\":\"2023-09-19T01:02:55+00:00\",\"author\":{\"@id\":\"https:\/\/www.africa-press.net\/cameroun\/#\/schema\/person\/2b1cf3cd81a31e3cd26889ca66d677f1\"},\"description\":\"Apre\u0300s les autorite\u0301s du Port Autonome de Douala et le ministre de la Sante\u0301 publique, c'est le tour d'une ONG de s'atta ...\",\"breadcrumb\":{\"@id\":\"https:\/\/www.africa-press.net\/cameroun\/toutes-les-actualites\/mise-a-mort-de-congelcam-et-ngouchinghe-un-nouvel-acteur-entre-en-scene-plainte-deposee#breadcrumb\"},\"inLanguage\":\"fr-FR\",\"potentialAction\":[{\"@type\":\"ReadAction\",\"target\":[\"https:\/\/www.africa-press.net\/cameroun\/toutes-les-actualites\/mise-a-mort-de-congelcam-et-ngouchinghe-un-nouvel-acteur-entre-en-scene-plainte-deposee\"]}]},{\"@type\":\"ImageObject\",\"inLanguage\":\"fr-FR\",\"@id\":\"https:\/\/www.africa-press.net\/cameroun\/toutes-les-actualites\/mise-a-mort-de-congelcam-et-ngouchinghe-un-nouvel-acteur-entre-en-scene-plainte-deposee#primaryimage\",\"url\":\"https:\/\/static.africa-press.net\/cameroun\/sites\/57\/2023\/09\/sm_1695065490.407168.jpg\",\"contentUrl\":\"https:\/\/static.africa-press.net\/cameroun\/sites\/57\/2023\/09\/sm_1695065490.407168.jpg\",\"width\":720,\"height\":432,\"caption\":\"Mise \u00e0 mort de Congelcam et Ngouchinghe: un nouvel acteur entre en sc\u00e8ne, plainte d\u00e9pos\u00e9e\"},{\"@type\":\"BreadcrumbList\",\"@id\":\"https:\/\/www.africa-press.net\/cameroun\/toutes-les-actualites\/mise-a-mort-de-congelcam-et-ngouchinghe-un-nouvel-acteur-entre-en-scene-plainte-deposee#breadcrumb\",\"itemListElement\":[{\"@type\":\"ListItem\",\"position\":1,\"name\":\"Accueil\",\"item\":\"https:\/\/www.africa-press.net\/cameroun\/\"},{\"@type\":\"ListItem\",\"position\":2,\"name\":\"Mise \u00e0 mort de Congelcam et Ngouchinghe: un nouvel acteur entre en sc\u00e8ne, plainte d\u00e9pos\u00e9e\"}]},{\"@type\":\"WebSite\",\"@id\":\"https:\/\/www.africa-press.net\/cameroun\/#website\",\"url\":\"https:\/\/www.africa-press.net\/cameroun\/\",\"name\":\"Cameroun\",\"description\":\"Just another Africa News Agency Sites site\",\"potentialAction\":[{\"@type\":\"SearchAction\",\"target\":{\"@type\":\"EntryPoint\",\"urlTemplate\":\"https:\/\/www.africa-press.net\/cameroun\/?s={search_term_string}\"},\"query-input\":{\"@type\":\"PropertyValueSpecification\",\"valueRequired\":true,\"valueName\":\"search_term_string\"}}],\"inLanguage\":\"fr-FR\"},{\"@type\":\"Person\",\"@id\":\"https:\/\/www.africa-press.net\/cameroun\/#\/schema\/person\/2b1cf3cd81a31e3cd26889ca66d677f1\",\"name\":\"cfeditorfr\"}]}<\/script>\n<!-- \/ Yoast SEO Premium plugin. -->","yoast_head_json":{"title":"Mise \u00e0 mort de Congelcam et Ngouchinghe: un nouvel acteur entre en sc\u00e8ne, plainte d\u00e9pos\u00e9e - Cameroun","description":"Apre\u0300s les autorite\u0301s du Port Autonome de Douala et le ministre de la Sante\u0301 publique, c'est le tour d'une ONG de s'atta ...","robots":{"index":"index","follow":"follow","max-snippet":"max-snippet:-1","max-image-preview":"max-image-preview:large","max-video-preview":"max-video-preview:-1"},"canonical":"https:\/\/www.africa-press.net\/cameroun\/toutes-les-actualites\/mise-a-mort-de-congelcam-et-ngouchinghe-un-nouvel-acteur-entre-en-scene-plainte-deposee","og_locale":"fr_FR","og_type":"article","og_title":"Mise \u00e0 mort de Congelcam et Ngouchinghe: un nouvel acteur entre en sc\u00e8ne, plainte d\u00e9pos\u00e9e","og_description":"Apre\u0300s les autorite\u0301s du Port Autonome de Douala et le ministre de la Sante\u0301 publique, c'est le tour d'une ONG de s'atta ...","og_url":"https:\/\/www.africa-press.net\/cameroun\/toutes-les-actualites\/mise-a-mort-de-congelcam-et-ngouchinghe-un-nouvel-acteur-entre-en-scene-plainte-deposee","og_site_name":"Cameroun","article_published_time":"2023-09-18T22:22:35+00:00","article_modified_time":"2023-09-19T01:02:55+00:00","og_image":[{"width":720,"height":432,"url":"https:\/\/static.africa-press.net\/cameroun\/sites\/57\/2023\/09\/sm_1695065490.407168.jpg","type":"image\/jpeg"}],"author":"cfeditorfr","twitter_card":"summary_large_image","twitter_misc":{"\u00c9crit par":"cfeditorfr","Dur\u00e9e de lecture estim\u00e9e":"2 minutes"},"schema":{"@context":"https:\/\/schema.org","@graph":[{"@type":"Article","@id":"https:\/\/www.africa-press.net\/cameroun\/toutes-les-actualites\/mise-a-mort-de-congelcam-et-ngouchinghe-un-nouvel-acteur-entre-en-scene-plainte-deposee#article","isPartOf":{"@id":"https:\/\/www.africa-press.net\/cameroun\/toutes-les-actualites\/mise-a-mort-de-congelcam-et-ngouchinghe-un-nouvel-acteur-entre-en-scene-plainte-deposee"},"author":{"name":"cfeditorfr","@id":"https:\/\/www.africa-press.net\/cameroun\/#\/schema\/person\/2b1cf3cd81a31e3cd26889ca66d677f1"},"headline":"Mise \u00e0 mort de Congelcam et Ngouchinghe: un nouvel acteur entre en sc\u00e8ne, plainte d\u00e9pos\u00e9e","datePublished":"2023-09-18T22:22:35+00:00","dateModified":"2023-09-19T01:02:55+00:00","mainEntityOfPage":{"@id":"https:\/\/www.africa-press.net\/cameroun\/toutes-les-actualites\/mise-a-mort-de-congelcam-et-ngouchinghe-un-nouvel-acteur-entre-en-scene-plainte-deposee"},"wordCount":427,"commentCount":0,"image":{"@id":"https:\/\/www.africa-press.net\/cameroun\/toutes-les-actualites\/mise-a-mort-de-congelcam-et-ngouchinghe-un-nouvel-acteur-entre-en-scene-plainte-deposee#primaryimage"},"thumbnailUrl":"https:\/\/static.africa-press.net\/cameroun\/sites\/57\/2023\/09\/sm_1695065490.407168.jpg","keywords":["Africa Press","Africa Press-Cameroun","Cameroun"],"articleSection":["Communaut\u00e9","Toutes les actualit\u00e9s"],"inLanguage":"fr-FR","potentialAction":[{"@type":"CommentAction","name":"Comment","target":["https:\/\/www.africa-press.net\/cameroun\/toutes-les-actualites\/mise-a-mort-de-congelcam-et-ngouchinghe-un-nouvel-acteur-entre-en-scene-plainte-deposee#respond"]}]},{"@type":"WebPage","@id":"https:\/\/www.africa-press.net\/cameroun\/toutes-les-actualites\/mise-a-mort-de-congelcam-et-ngouchinghe-un-nouvel-acteur-entre-en-scene-plainte-deposee","url":"https:\/\/www.africa-press.net\/cameroun\/toutes-les-actualites\/mise-a-mort-de-congelcam-et-ngouchinghe-un-nouvel-acteur-entre-en-scene-plainte-deposee","name":"Mise \u00e0 mort de Congelcam et Ngouchinghe: un nouvel acteur entre en sc\u00e8ne, plainte d\u00e9pos\u00e9e - Cameroun","isPartOf":{"@id":"https:\/\/www.africa-press.net\/cameroun\/#website"},"primaryImageOfPage":{"@id":"https:\/\/www.africa-press.net\/cameroun\/toutes-les-actualites\/mise-a-mort-de-congelcam-et-ngouchinghe-un-nouvel-acteur-entre-en-scene-plainte-deposee#primaryimage"},"image":{"@id":"https:\/\/www.africa-press.net\/cameroun\/toutes-les-actualites\/mise-a-mort-de-congelcam-et-ngouchinghe-un-nouvel-acteur-entre-en-scene-plainte-deposee#primaryimage"},"thumbnailUrl":"https:\/\/static.africa-press.net\/cameroun\/sites\/57\/2023\/09\/sm_1695065490.407168.jpg","datePublished":"2023-09-18T22:22:35+00:00","dateModified":"2023-09-19T01:02:55+00:00","author":{"@id":"https:\/\/www.africa-press.net\/cameroun\/#\/schema\/person\/2b1cf3cd81a31e3cd26889ca66d677f1"},"description":"Apre\u0300s les autorite\u0301s du Port Autonome de Douala et le ministre de la Sante\u0301 publique, c'est le tour d'une ONG de s'atta ...","breadcrumb":{"@id":"https:\/\/www.africa-press.net\/cameroun\/toutes-les-actualites\/mise-a-mort-de-congelcam-et-ngouchinghe-un-nouvel-acteur-entre-en-scene-plainte-deposee#breadcrumb"},"inLanguage":"fr-FR","potentialAction":[{"@type":"ReadAction","target":["https:\/\/www.africa-press.net\/cameroun\/toutes-les-actualites\/mise-a-mort-de-congelcam-et-ngouchinghe-un-nouvel-acteur-entre-en-scene-plainte-deposee"]}]},{"@type":"ImageObject","inLanguage":"fr-FR","@id":"https:\/\/www.africa-press.net\/cameroun\/toutes-les-actualites\/mise-a-mort-de-congelcam-et-ngouchinghe-un-nouvel-acteur-entre-en-scene-plainte-deposee#primaryimage","url":"https:\/\/static.africa-press.net\/cameroun\/sites\/57\/2023\/09\/sm_1695065490.407168.jpg","contentUrl":"https:\/\/static.africa-press.net\/cameroun\/sites\/57\/2023\/09\/sm_1695065490.407168.jpg","width":720,"height":432,"caption":"Mise \u00e0 mort de Congelcam et Ngouchinghe: un nouvel acteur entre en sc\u00e8ne, plainte d\u00e9pos\u00e9e"},{"@type":"BreadcrumbList","@id":"https:\/\/www.africa-press.net\/cameroun\/toutes-les-actualites\/mise-a-mort-de-congelcam-et-ngouchinghe-un-nouvel-acteur-entre-en-scene-plainte-deposee#breadcrumb","itemListElement":[{"@type":"ListItem","position":1,"name":"Accueil","item":"https:\/\/www.africa-press.net\/cameroun\/"},{"@type":"ListItem","position":2,"name":"Mise \u00e0 mort de Congelcam et Ngouchinghe: un nouvel acteur entre en sc\u00e8ne, plainte d\u00e9pos\u00e9e"}]},{"@type":"WebSite","@id":"https:\/\/www.africa-press.net\/cameroun\/#website","url":"https:\/\/www.africa-press.net\/cameroun\/","name":"Cameroun","description":"Just another Africa News Agency Sites site","potentialAction":[{"@type":"SearchAction","target":{"@type":"EntryPoint","urlTemplate":"https:\/\/www.africa-press.net\/cameroun\/?s={search_term_string}"},"query-input":{"@type":"PropertyValueSpecification","valueRequired":true,"valueName":"search_term_string"}}],"inLanguage":"fr-FR"},{"@type":"Person","@id":"https:\/\/www.africa-press.net\/cameroun\/#\/schema\/person\/2b1cf3cd81a31e3cd26889ca66d677f1","name":"cfeditorfr"}]}},"_links":{"self":[{"href":"https:\/\/www.africa-press.net\/cameroun\/wp-json\/wp\/v2\/posts\/51035","targetHints":{"allow":["GET"]}}],"collection":[{"href":"https:\/\/www.africa-press.net\/cameroun\/wp-json\/wp\/v2\/posts"}],"about":[{"href":"https:\/\/www.africa-press.net\/cameroun\/wp-json\/wp\/v2\/types\/post"}],"author":[{"embeddable":true,"href":"https:\/\/www.africa-press.net\/cameroun\/wp-json\/wp\/v2\/users\/82"}],"replies":[{"embeddable":true,"href":"https:\/\/www.africa-press.net\/cameroun\/wp-json\/wp\/v2\/comments?post=51035"}],"version-history":[{"count":0,"href":"https:\/\/www.africa-press.net\/cameroun\/wp-json\/wp\/v2\/posts\/51035\/revisions"}],"wp:featuredmedia":[{"embeddable":true,"href":"https:\/\/www.africa-press.net\/cameroun\/wp-json\/wp\/v2\/media\/51034"}],"wp:attachment":[{"href":"https:\/\/www.africa-press.net\/cameroun\/wp-json\/wp\/v2\/media?parent=51035"}],"wp:term":[{"taxonomy":"category","embeddable":true,"href":"https:\/\/www.africa-press.net\/cameroun\/wp-json\/wp\/v2\/categories?post=51035"},{"taxonomy":"post_tag","embeddable":true,"href":"https:\/\/www.africa-press.net\/cameroun\/wp-json\/wp\/v2\/tags?post=51035"}],"curies":[{"name":"wp","href":"https:\/\/api.w.org\/{rel}","templated":true}]}}