{"id":51038,"date":"2023-09-18T22:22:41","date_gmt":"2023-09-18T22:22:41","guid":{"rendered":"https:\/\/www.africa-press.net\/cameroun\/politique\/coup-detat-au-pays-le-president-saffiche-et-dement"},"modified":"2023-09-19T01:03:30","modified_gmt":"2023-09-19T01:03:30","slug":"coup-detat-au-pays-le-president-saffiche-et-dement","status":"publish","type":"post","link":"https:\/\/www.africa-press.net\/cameroun\/politique\/coup-detat-au-pays-le-president-saffiche-et-dement","title":{"rendered":"Coup d&rsquo;Etat au pays: le pr\u00e9sident s&rsquo;affiche et d\u00e9ment"},"content":{"rendered":"<p><span style=\"color: #ff6600\"><strong>Africa-Press &#8211; Cameroun. <\/strong><\/span>Apre\u0300s bIbrahim Boubacar Keita, Mohamed Bazoum et re\u0301cemment Ali Bongo Ondinba, l&rsquo;on a failli compter Denis Sassou-N&rsquo;Guesso du Congo Brazzaville. En fait, des rumeurs sur un coup d&rsquo;Etat de ce pays voisin du Cameroun ont fait le tour de la toile.<\/p>\n<p>Sauf que c&rsquo;e\u0301tait, aux dernie\u0300res nouvelles, un Fake New propage\u0301 par qui on ne sait pas encore pour quels desseins.<\/p>\n<p>Certainement au parfum de la propagation de ces rumeurs, le gouvernement a de\u0301menti cette information et rassure\u0301 la communaute\u0301 internationale que tout va bien.<\/p>\n<p>Apre\u0300s, c&rsquo;e\u0301tait le tour du pre\u0301sident lui-me\u0302me, de montrer qu&rsquo;il est bel et bien pre\u0301sent et encore au pouvoir.<\/p>\n<p>Dans une publication sur twitter, il affirme qu&rsquo;il est rentre\u0301 de New York.<\/p>\n<p>\u00ab\u00a0C\u2019est ce Dimanche 17 Septembre 2023, que je suis arrive\u0301 a\u0300 New-York, ou\u0300 je participerai a\u0300 la 78e\u0300me Assemble\u0301e Ge\u0301ne\u0301rale des Nations Unies.<\/p>\n<p>Mon se\u0301jour dans cette ville est aussi l\u2019occasion de renforcer les relations bilate\u0301rales et de promouvoir le sommet des trois bassins forestiers tropicaux qui se tiendra, a\u0300 Brazzaville, le mois prochain\u00a0\u00bb, e\u0301crit-il sur son compte Twitter.<\/p>\n<p>C\u2019est ce Dimanche 17 Septembre 2023, que je suis arrive\u0301 a\u0300 New-York, ou\u0300 je participerai a\u0300 la 78e\u0300me Assemble\u0301e Ge\u0301ne\u0301rale des Nations Unies. Mon se\u0301jour dans cette ville est aussi l\u2019occasion de renforcer les relations bilate\u0301rales et de promouvoir le sommet des trois bassins forestiers&#8230; pic.twitter.com\/xAfsyT1Cog\u2014 Denis Sassou-N&rsquo;Guesso &#8211; Officiel (@SassouNGuesso_) September 17, 2023<\/p>\n<p><strong>Pour plus d&rsquo;informations et d&rsquo;analyses sur la <a href=\"https:\/\/www.africa-press.net\/cameroun\">Cameroun<\/a>, suivez <a href=\"https:\/\/www.africa-press.net\/\">Africa-Press<\/a><\/strong><\/p>\n","protected":false},"excerpt":{"rendered":"<p>Africa-Press &#8211; Cameroun. Apre\u0300s bIbrahim Boubacar Keita, Mohamed Bazoum et re\u0301cemment Ali Bongo Ondinba, l&rsquo;on a failli compter Denis Sassou-N&rsquo;Guesso du Congo Brazzaville. En fait, des rumeurs sur un coup d&rsquo;Etat de ce pays voisin du Cameroun ont fait le tour de la toile. Sauf que c&rsquo;e\u0301tait, aux dernie\u0300res nouvelles, un Fake New propage\u0301 par [&hellip;]<\/p>\n","protected":false},"author":82,"featured_media":51036,"comment_status":"open","ping_status":"closed","sticky":false,"template":"","format":"standard","meta":{"footnotes":""},"categories":[2,10],"tags":[36,50,49],"class_list":["post-51038","post","type-post","status-publish","format-standard","has-post-thumbnail","hentry","category-politique","category-toutes-les-actualites","tag-africa-press","tag-africa-press-cameroun","tag-cameroun"],"yoast_head":"<!-- This site is optimized with the Yoast SEO Premium plugin v26.1 (Yoast SEO v27.0) - https:\/\/yoast.com\/product\/yoast-seo-premium-wordpress\/ -->\n<title>Coup d&#039;Etat au pays: le pr\u00e9sident s&#039;affiche et d\u00e9ment - Cameroun<\/title>\n<meta name=\"description\" content=\"Apre\u0300s bIbrahim Boubacar Keita, Mohamed Bazoum et re\u0301cemment Ali Bongo Ondinba, l&#039;on a failli compter Denis Sassou-N&#039;Gue ...\" \/>\n<meta name=\"robots\" content=\"index, follow, max-snippet:-1, max-image-preview:large, max-video-preview:-1\" \/>\n<link rel=\"canonical\" href=\"https:\/\/www.africa-press.net\/cameroun\/politique\/coup-detat-au-pays-le-president-saffiche-et-dement\" \/>\n<meta property=\"og:locale\" content=\"fr_FR\" \/>\n<meta property=\"og:type\" content=\"article\" \/>\n<meta property=\"og:title\" content=\"Coup d&#039;Etat au pays: le pr\u00e9sident s&#039;affiche et d\u00e9ment\" \/>\n<meta property=\"og:description\" content=\"Apre\u0300s bIbrahim Boubacar Keita, Mohamed Bazoum et re\u0301cemment Ali Bongo Ondinba, l&#039;on a failli compter Denis Sassou-N&#039;Gue ...\" \/>\n<meta property=\"og:url\" content=\"https:\/\/www.africa-press.net\/cameroun\/politique\/coup-detat-au-pays-le-president-saffiche-et-dement\" \/>\n<meta property=\"og:site_name\" content=\"Cameroun\" \/>\n<meta property=\"article:published_time\" content=\"2023-09-18T22:22:41+00:00\" \/>\n<meta property=\"article:modified_time\" content=\"2023-09-19T01:03:30+00:00\" \/>\n<meta property=\"og:image\" content=\"https:\/\/static.africa-press.net\/cameroun\/sites\/57\/2023\/09\/sm_1695065514.859897.jpg\" \/>\n\t<meta property=\"og:image:width\" content=\"720\" \/>\n\t<meta property=\"og:image:height\" content=\"360\" \/>\n\t<meta property=\"og:image:type\" content=\"image\/jpeg\" \/>\n<meta name=\"author\" content=\"cfeditorfr\" \/>\n<meta name=\"twitter:card\" content=\"summary_large_image\" \/>\n<meta name=\"twitter:label1\" content=\"\u00c9crit par\" \/>\n\t<meta name=\"twitter:data1\" content=\"cfeditorfr\" \/>\n\t<meta name=\"twitter:label2\" content=\"Dur\u00e9e de lecture estim\u00e9e\" \/>\n\t<meta name=\"twitter:data2\" content=\"1 minute\" \/>\n<script type=\"application\/ld+json\" class=\"yoast-schema-graph\">{\"@context\":\"https:\/\/schema.org\",\"@graph\":[{\"@type\":\"Article\",\"@id\":\"https:\/\/www.africa-press.net\/cameroun\/politique\/coup-detat-au-pays-le-president-saffiche-et-dement#article\",\"isPartOf\":{\"@id\":\"https:\/\/www.africa-press.net\/cameroun\/politique\/coup-detat-au-pays-le-president-saffiche-et-dement\"},\"author\":{\"name\":\"cfeditorfr\",\"@id\":\"https:\/\/www.africa-press.net\/cameroun\/#\/schema\/person\/2b1cf3cd81a31e3cd26889ca66d677f1\"},\"headline\":\"Coup d&rsquo;Etat au pays: le pr\u00e9sident s&rsquo;affiche et d\u00e9ment\",\"datePublished\":\"2023-09-18T22:22:41+00:00\",\"dateModified\":\"2023-09-19T01:03:30+00:00\",\"mainEntityOfPage\":{\"@id\":\"https:\/\/www.africa-press.net\/cameroun\/politique\/coup-detat-au-pays-le-president-saffiche-et-dement\"},\"wordCount\":291,\"commentCount\":0,\"image\":{\"@id\":\"https:\/\/www.africa-press.net\/cameroun\/politique\/coup-detat-au-pays-le-president-saffiche-et-dement#primaryimage\"},\"thumbnailUrl\":\"https:\/\/static.africa-press.net\/cameroun\/sites\/57\/2023\/09\/sm_1695065514.859897.jpg\",\"keywords\":[\"Africa Press\",\"Africa Press-Cameroun\",\"Cameroun\"],\"articleSection\":[\"Politique\",\"Toutes les actualit\u00e9s\"],\"inLanguage\":\"fr-FR\",\"potentialAction\":[{\"@type\":\"CommentAction\",\"name\":\"Comment\",\"target\":[\"https:\/\/www.africa-press.net\/cameroun\/politique\/coup-detat-au-pays-le-president-saffiche-et-dement#respond\"]}]},{\"@type\":\"WebPage\",\"@id\":\"https:\/\/www.africa-press.net\/cameroun\/politique\/coup-detat-au-pays-le-president-saffiche-et-dement\",\"url\":\"https:\/\/www.africa-press.net\/cameroun\/politique\/coup-detat-au-pays-le-president-saffiche-et-dement\",\"name\":\"Coup d'Etat au pays: le pr\u00e9sident s'affiche et d\u00e9ment - Cameroun\",\"isPartOf\":{\"@id\":\"https:\/\/www.africa-press.net\/cameroun\/#website\"},\"primaryImageOfPage\":{\"@id\":\"https:\/\/www.africa-press.net\/cameroun\/politique\/coup-detat-au-pays-le-president-saffiche-et-dement#primaryimage\"},\"image\":{\"@id\":\"https:\/\/www.africa-press.net\/cameroun\/politique\/coup-detat-au-pays-le-president-saffiche-et-dement#primaryimage\"},\"thumbnailUrl\":\"https:\/\/static.africa-press.net\/cameroun\/sites\/57\/2023\/09\/sm_1695065514.859897.jpg\",\"datePublished\":\"2023-09-18T22:22:41+00:00\",\"dateModified\":\"2023-09-19T01:03:30+00:00\",\"author\":{\"@id\":\"https:\/\/www.africa-press.net\/cameroun\/#\/schema\/person\/2b1cf3cd81a31e3cd26889ca66d677f1\"},\"description\":\"Apre\u0300s bIbrahim Boubacar Keita, Mohamed Bazoum et re\u0301cemment Ali Bongo Ondinba, l'on a failli compter Denis Sassou-N'Gue ...\",\"breadcrumb\":{\"@id\":\"https:\/\/www.africa-press.net\/cameroun\/politique\/coup-detat-au-pays-le-president-saffiche-et-dement#breadcrumb\"},\"inLanguage\":\"fr-FR\",\"potentialAction\":[{\"@type\":\"ReadAction\",\"target\":[\"https:\/\/www.africa-press.net\/cameroun\/politique\/coup-detat-au-pays-le-president-saffiche-et-dement\"]}]},{\"@type\":\"ImageObject\",\"inLanguage\":\"fr-FR\",\"@id\":\"https:\/\/www.africa-press.net\/cameroun\/politique\/coup-detat-au-pays-le-president-saffiche-et-dement#primaryimage\",\"url\":\"https:\/\/static.africa-press.net\/cameroun\/sites\/57\/2023\/09\/sm_1695065514.859897.jpg\",\"contentUrl\":\"https:\/\/static.africa-press.net\/cameroun\/sites\/57\/2023\/09\/sm_1695065514.859897.jpg\",\"width\":720,\"height\":360,\"caption\":\"Coup d'Etat au pays: le pr\u00e9sident s'affiche et d\u00e9ment\"},{\"@type\":\"BreadcrumbList\",\"@id\":\"https:\/\/www.africa-press.net\/cameroun\/politique\/coup-detat-au-pays-le-president-saffiche-et-dement#breadcrumb\",\"itemListElement\":[{\"@type\":\"ListItem\",\"position\":1,\"name\":\"Accueil\",\"item\":\"https:\/\/www.africa-press.net\/cameroun\/\"},{\"@type\":\"ListItem\",\"position\":2,\"name\":\"Coup d&#8217;Etat au pays: le pr\u00e9sident s&#8217;affiche et d\u00e9ment\"}]},{\"@type\":\"WebSite\",\"@id\":\"https:\/\/www.africa-press.net\/cameroun\/#website\",\"url\":\"https:\/\/www.africa-press.net\/cameroun\/\",\"name\":\"Cameroun\",\"description\":\"Just another Africa News Agency Sites site\",\"potentialAction\":[{\"@type\":\"SearchAction\",\"target\":{\"@type\":\"EntryPoint\",\"urlTemplate\":\"https:\/\/www.africa-press.net\/cameroun\/?s={search_term_string}\"},\"query-input\":{\"@type\":\"PropertyValueSpecification\",\"valueRequired\":true,\"valueName\":\"search_term_string\"}}],\"inLanguage\":\"fr-FR\"},{\"@type\":\"Person\",\"@id\":\"https:\/\/www.africa-press.net\/cameroun\/#\/schema\/person\/2b1cf3cd81a31e3cd26889ca66d677f1\",\"name\":\"cfeditorfr\"}]}<\/script>\n<!-- \/ Yoast SEO Premium plugin. -->","yoast_head_json":{"title":"Coup d'Etat au pays: le pr\u00e9sident s'affiche et d\u00e9ment - Cameroun","description":"Apre\u0300s bIbrahim Boubacar Keita, Mohamed Bazoum et re\u0301cemment Ali Bongo Ondinba, l'on a failli compter Denis Sassou-N'Gue ...","robots":{"index":"index","follow":"follow","max-snippet":"max-snippet:-1","max-image-preview":"max-image-preview:large","max-video-preview":"max-video-preview:-1"},"canonical":"https:\/\/www.africa-press.net\/cameroun\/politique\/coup-detat-au-pays-le-president-saffiche-et-dement","og_locale":"fr_FR","og_type":"article","og_title":"Coup d'Etat au pays: le pr\u00e9sident s'affiche et d\u00e9ment","og_description":"Apre\u0300s bIbrahim Boubacar Keita, Mohamed Bazoum et re\u0301cemment Ali Bongo Ondinba, l'on a failli compter Denis Sassou-N'Gue ...","og_url":"https:\/\/www.africa-press.net\/cameroun\/politique\/coup-detat-au-pays-le-president-saffiche-et-dement","og_site_name":"Cameroun","article_published_time":"2023-09-18T22:22:41+00:00","article_modified_time":"2023-09-19T01:03:30+00:00","og_image":[{"width":720,"height":360,"url":"https:\/\/static.africa-press.net\/cameroun\/sites\/57\/2023\/09\/sm_1695065514.859897.jpg","type":"image\/jpeg"}],"author":"cfeditorfr","twitter_card":"summary_large_image","twitter_misc":{"\u00c9crit par":"cfeditorfr","Dur\u00e9e de lecture estim\u00e9e":"1 minute"},"schema":{"@context":"https:\/\/schema.org","@graph":[{"@type":"Article","@id":"https:\/\/www.africa-press.net\/cameroun\/politique\/coup-detat-au-pays-le-president-saffiche-et-dement#article","isPartOf":{"@id":"https:\/\/www.africa-press.net\/cameroun\/politique\/coup-detat-au-pays-le-president-saffiche-et-dement"},"author":{"name":"cfeditorfr","@id":"https:\/\/www.africa-press.net\/cameroun\/#\/schema\/person\/2b1cf3cd81a31e3cd26889ca66d677f1"},"headline":"Coup d&rsquo;Etat au pays: le pr\u00e9sident s&rsquo;affiche et d\u00e9ment","datePublished":"2023-09-18T22:22:41+00:00","dateModified":"2023-09-19T01:03:30+00:00","mainEntityOfPage":{"@id":"https:\/\/www.africa-press.net\/cameroun\/politique\/coup-detat-au-pays-le-president-saffiche-et-dement"},"wordCount":291,"commentCount":0,"image":{"@id":"https:\/\/www.africa-press.net\/cameroun\/politique\/coup-detat-au-pays-le-president-saffiche-et-dement#primaryimage"},"thumbnailUrl":"https:\/\/static.africa-press.net\/cameroun\/sites\/57\/2023\/09\/sm_1695065514.859897.jpg","keywords":["Africa Press","Africa Press-Cameroun","Cameroun"],"articleSection":["Politique","Toutes les actualit\u00e9s"],"inLanguage":"fr-FR","potentialAction":[{"@type":"CommentAction","name":"Comment","target":["https:\/\/www.africa-press.net\/cameroun\/politique\/coup-detat-au-pays-le-president-saffiche-et-dement#respond"]}]},{"@type":"WebPage","@id":"https:\/\/www.africa-press.net\/cameroun\/politique\/coup-detat-au-pays-le-president-saffiche-et-dement","url":"https:\/\/www.africa-press.net\/cameroun\/politique\/coup-detat-au-pays-le-president-saffiche-et-dement","name":"Coup d'Etat au pays: le pr\u00e9sident s'affiche et d\u00e9ment - Cameroun","isPartOf":{"@id":"https:\/\/www.africa-press.net\/cameroun\/#website"},"primaryImageOfPage":{"@id":"https:\/\/www.africa-press.net\/cameroun\/politique\/coup-detat-au-pays-le-president-saffiche-et-dement#primaryimage"},"image":{"@id":"https:\/\/www.africa-press.net\/cameroun\/politique\/coup-detat-au-pays-le-president-saffiche-et-dement#primaryimage"},"thumbnailUrl":"https:\/\/static.africa-press.net\/cameroun\/sites\/57\/2023\/09\/sm_1695065514.859897.jpg","datePublished":"2023-09-18T22:22:41+00:00","dateModified":"2023-09-19T01:03:30+00:00","author":{"@id":"https:\/\/www.africa-press.net\/cameroun\/#\/schema\/person\/2b1cf3cd81a31e3cd26889ca66d677f1"},"description":"Apre\u0300s bIbrahim Boubacar Keita, Mohamed Bazoum et re\u0301cemment Ali Bongo Ondinba, l'on a failli compter Denis Sassou-N'Gue ...","breadcrumb":{"@id":"https:\/\/www.africa-press.net\/cameroun\/politique\/coup-detat-au-pays-le-president-saffiche-et-dement#breadcrumb"},"inLanguage":"fr-FR","potentialAction":[{"@type":"ReadAction","target":["https:\/\/www.africa-press.net\/cameroun\/politique\/coup-detat-au-pays-le-president-saffiche-et-dement"]}]},{"@type":"ImageObject","inLanguage":"fr-FR","@id":"https:\/\/www.africa-press.net\/cameroun\/politique\/coup-detat-au-pays-le-president-saffiche-et-dement#primaryimage","url":"https:\/\/static.africa-press.net\/cameroun\/sites\/57\/2023\/09\/sm_1695065514.859897.jpg","contentUrl":"https:\/\/static.africa-press.net\/cameroun\/sites\/57\/2023\/09\/sm_1695065514.859897.jpg","width":720,"height":360,"caption":"Coup d'Etat au pays: le pr\u00e9sident s'affiche et d\u00e9ment"},{"@type":"BreadcrumbList","@id":"https:\/\/www.africa-press.net\/cameroun\/politique\/coup-detat-au-pays-le-president-saffiche-et-dement#breadcrumb","itemListElement":[{"@type":"ListItem","position":1,"name":"Accueil","item":"https:\/\/www.africa-press.net\/cameroun\/"},{"@type":"ListItem","position":2,"name":"Coup d&#8217;Etat au pays: le pr\u00e9sident s&#8217;affiche et d\u00e9ment"}]},{"@type":"WebSite","@id":"https:\/\/www.africa-press.net\/cameroun\/#website","url":"https:\/\/www.africa-press.net\/cameroun\/","name":"Cameroun","description":"Just another Africa News Agency Sites site","potentialAction":[{"@type":"SearchAction","target":{"@type":"EntryPoint","urlTemplate":"https:\/\/www.africa-press.net\/cameroun\/?s={search_term_string}"},"query-input":{"@type":"PropertyValueSpecification","valueRequired":true,"valueName":"search_term_string"}}],"inLanguage":"fr-FR"},{"@type":"Person","@id":"https:\/\/www.africa-press.net\/cameroun\/#\/schema\/person\/2b1cf3cd81a31e3cd26889ca66d677f1","name":"cfeditorfr"}]}},"_links":{"self":[{"href":"https:\/\/www.africa-press.net\/cameroun\/wp-json\/wp\/v2\/posts\/51038","targetHints":{"allow":["GET"]}}],"collection":[{"href":"https:\/\/www.africa-press.net\/cameroun\/wp-json\/wp\/v2\/posts"}],"about":[{"href":"https:\/\/www.africa-press.net\/cameroun\/wp-json\/wp\/v2\/types\/post"}],"author":[{"embeddable":true,"href":"https:\/\/www.africa-press.net\/cameroun\/wp-json\/wp\/v2\/users\/82"}],"replies":[{"embeddable":true,"href":"https:\/\/www.africa-press.net\/cameroun\/wp-json\/wp\/v2\/comments?post=51038"}],"version-history":[{"count":0,"href":"https:\/\/www.africa-press.net\/cameroun\/wp-json\/wp\/v2\/posts\/51038\/revisions"}],"wp:featuredmedia":[{"embeddable":true,"href":"https:\/\/www.africa-press.net\/cameroun\/wp-json\/wp\/v2\/media\/51036"}],"wp:attachment":[{"href":"https:\/\/www.africa-press.net\/cameroun\/wp-json\/wp\/v2\/media?parent=51038"}],"wp:term":[{"taxonomy":"category","embeddable":true,"href":"https:\/\/www.africa-press.net\/cameroun\/wp-json\/wp\/v2\/categories?post=51038"},{"taxonomy":"post_tag","embeddable":true,"href":"https:\/\/www.africa-press.net\/cameroun\/wp-json\/wp\/v2\/tags?post=51038"}],"curies":[{"name":"wp","href":"https:\/\/api.w.org\/{rel}","templated":true}]}}