{"id":51041,"date":"2023-09-18T22:22:49","date_gmt":"2023-09-18T22:22:49","guid":{"rendered":"https:\/\/www.africa-press.net\/cameroun\/politique\/incendie-au-marche-dakwa-a-douala-le-bilan-est-lourd"},"modified":"2023-09-19T01:04:02","modified_gmt":"2023-09-19T01:04:02","slug":"incendie-au-marche-dakwa-a-douala-le-bilan-est-lourd","status":"publish","type":"post","link":"https:\/\/www.africa-press.net\/cameroun\/toutes-les-actualites\/incendie-au-marche-dakwa-a-douala-le-bilan-est-lourd","title":{"rendered":"Incendie au march\u00e9 d&rsquo;Akwa \u00e0 Douala, le bilan est lourd"},"content":{"rendered":"<p><span style=\"color: #ff6600\"><strong>Africa-Press &#8211; Cameroun. <\/strong><\/span>Dans la nuit de ce dimanche 16 septembre a\u0300 ce lundi 17, un incendie a ravage\u0301 plusieurs commerces au marche\u0301 d&rsquo;Akwa a\u0300 Douala.<\/p>\n<p>D&rsquo;apre\u0300s des sources qui ont ve\u0301cu de visu la sce\u0300ne, l&rsquo;incendie s&rsquo;est de\u0301clare\u0301 brusquement, alertant le voisinage qui a d&rsquo;abord essaye\u0301 d&rsquo;e\u0301teindre les flammes en vain.<\/p>\n<p>\u00ab\u00a0C&rsquo;e\u0301tait des sce\u0300nes de panique au lieu dit douche ou\u0300 la Quincaillerie Quifeurou est en flammes depuis pre\u0300s de deux heures de temps. Plusieurs camions et e\u0301quipes de sapeurs pompiers sont mobilise\u0301s&#8230;\u00a0\u00bb, te\u0301moigne cette source.<\/p>\n<p>Les de\u0301ga\u0302ts sont importants, d&rsquo;apre\u0300s une source correspondante a\u0300 Douala.<\/p>\n<p>\u00ab\u00a0Les de\u0301ga\u0302ts sont e\u0301normes. Une bonne partie du centre commercial a e\u0301te\u0301 ravage\u0301e\u00a0\u00bb, nous fait savoir cette dernie\u0300re.<\/p>\n<p>Les sources de ce drame ne sont pas encore connues.<\/p>\n<p>Rappelons que le vendredi 15 septembre dans l&rsquo;apre\u0300s-midi, la station Total Ndokoti gare ferroviaire a pris feu, devant les riverains et clients impuissants devant la violence des flammes.<\/p>\n<p>D&rsquo;apre\u0300s des sources surplace, \u00ab\u00a0la boutique et la zone re\u0301serve\u0301e aux ope\u0301rations de vidange de ve\u0301hicules ont e\u0301te\u0301 calcine\u0301es\u00a0\u00bb.<\/p>\n<p>\u00ab\u00a0Aucune perte en vie humaine n&rsquo;a e\u0301te\u0301 enregistre\u0301e. L&rsquo;on de\u0301plore cependant de nombreux de\u0301ga\u0302ts mate\u0301riels\u00a0\u00bb.<\/p>\n<p>Les cause restent inconnues. Mais apre\u0300s le rapport des sapeurs pompiers et gra\u0302ce aux enque\u0302tes de la police, l&rsquo;on en saura davantage.<\/p>\n<p><strong>Pour plus d&rsquo;informations et d&rsquo;analyses sur la <a href=\"https:\/\/www.africa-press.net\/cameroun\">Cameroun<\/a>, suivez <a href=\"https:\/\/www.africa-press.net\/\">Africa-Press<\/a><\/strong><\/p>\n","protected":false},"excerpt":{"rendered":"<p>Africa-Press &#8211; Cameroun. Dans la nuit de ce dimanche 16 septembre a\u0300 ce lundi 17, un incendie a ravage\u0301 plusieurs commerces au marche\u0301 d&rsquo;Akwa a\u0300 Douala. D&rsquo;apre\u0300s des sources qui ont ve\u0301cu de visu la sce\u0300ne, l&rsquo;incendie s&rsquo;est de\u0301clare\u0301 brusquement, alertant le voisinage qui a d&rsquo;abord essaye\u0301 d&rsquo;e\u0301teindre les flammes en vain. \u00ab\u00a0C&rsquo;e\u0301tait des sce\u0300nes [&hellip;]<\/p>\n","protected":false},"author":82,"featured_media":51039,"comment_status":"open","ping_status":"closed","sticky":false,"template":"","format":"standard","meta":{"footnotes":""},"categories":[21,10],"tags":[36,50,49],"class_list":["post-51041","post","type-post","status-publish","format-standard","has-post-thumbnail","hentry","category-communaute","category-toutes-les-actualites","tag-africa-press","tag-africa-press-cameroun","tag-cameroun"],"yoast_head":"<!-- This site is optimized with the Yoast SEO Premium plugin v26.1 (Yoast SEO v27.0) - https:\/\/yoast.com\/product\/yoast-seo-premium-wordpress\/ -->\n<title>Incendie au march\u00e9 d&#039;Akwa \u00e0 Douala, le bilan est lourd - Cameroun<\/title>\n<meta name=\"description\" content=\"Dans la nuit de ce dimanche 16 septembre a\u0300 ce lundi 17, un incendie a ravage\u0301 plusieurs commerces au marche\u0301 d&#039;Akwa a\u0300 ...\" \/>\n<meta name=\"robots\" content=\"index, follow, max-snippet:-1, max-image-preview:large, max-video-preview:-1\" \/>\n<link rel=\"canonical\" href=\"https:\/\/www.africa-press.net\/cameroun\/toutes-les-actualites\/incendie-au-marche-dakwa-a-douala-le-bilan-est-lourd\" \/>\n<meta property=\"og:locale\" content=\"fr_FR\" \/>\n<meta property=\"og:type\" content=\"article\" \/>\n<meta property=\"og:title\" content=\"Incendie au march\u00e9 d&#039;Akwa \u00e0 Douala, le bilan est lourd\" \/>\n<meta property=\"og:description\" content=\"Dans la nuit de ce dimanche 16 septembre a\u0300 ce lundi 17, un incendie a ravage\u0301 plusieurs commerces au marche\u0301 d&#039;Akwa a\u0300 ...\" \/>\n<meta property=\"og:url\" content=\"https:\/\/www.africa-press.net\/cameroun\/toutes-les-actualites\/incendie-au-marche-dakwa-a-douala-le-bilan-est-lourd\" \/>\n<meta property=\"og:site_name\" content=\"Cameroun\" \/>\n<meta property=\"article:published_time\" content=\"2023-09-18T22:22:49+00:00\" \/>\n<meta property=\"article:modified_time\" content=\"2023-09-19T01:04:02+00:00\" \/>\n<meta property=\"og:image\" content=\"https:\/\/static.africa-press.net\/cameroun\/sites\/57\/2023\/09\/sm_1695065536.721481.jpg\" \/>\n\t<meta property=\"og:image:width\" content=\"720\" \/>\n\t<meta property=\"og:image:height\" content=\"418\" \/>\n\t<meta property=\"og:image:type\" content=\"image\/jpeg\" \/>\n<meta name=\"author\" content=\"cfeditorfr\" \/>\n<meta name=\"twitter:card\" content=\"summary_large_image\" \/>\n<meta name=\"twitter:label1\" content=\"\u00c9crit par\" \/>\n\t<meta name=\"twitter:data1\" content=\"cfeditorfr\" \/>\n\t<meta name=\"twitter:label2\" content=\"Dur\u00e9e de lecture estim\u00e9e\" \/>\n\t<meta name=\"twitter:data2\" content=\"1 minute\" \/>\n<script type=\"application\/ld+json\" class=\"yoast-schema-graph\">{\"@context\":\"https:\/\/schema.org\",\"@graph\":[{\"@type\":\"Article\",\"@id\":\"https:\/\/www.africa-press.net\/cameroun\/toutes-les-actualites\/incendie-au-marche-dakwa-a-douala-le-bilan-est-lourd#article\",\"isPartOf\":{\"@id\":\"https:\/\/www.africa-press.net\/cameroun\/toutes-les-actualites\/incendie-au-marche-dakwa-a-douala-le-bilan-est-lourd\"},\"author\":{\"name\":\"cfeditorfr\",\"@id\":\"https:\/\/www.africa-press.net\/cameroun\/#\/schema\/person\/2b1cf3cd81a31e3cd26889ca66d677f1\"},\"headline\":\"Incendie au march\u00e9 d&rsquo;Akwa \u00e0 Douala, le bilan est lourd\",\"datePublished\":\"2023-09-18T22:22:49+00:00\",\"dateModified\":\"2023-09-19T01:04:02+00:00\",\"mainEntityOfPage\":{\"@id\":\"https:\/\/www.africa-press.net\/cameroun\/toutes-les-actualites\/incendie-au-marche-dakwa-a-douala-le-bilan-est-lourd\"},\"wordCount\":278,\"commentCount\":0,\"image\":{\"@id\":\"https:\/\/www.africa-press.net\/cameroun\/toutes-les-actualites\/incendie-au-marche-dakwa-a-douala-le-bilan-est-lourd#primaryimage\"},\"thumbnailUrl\":\"https:\/\/static.africa-press.net\/cameroun\/sites\/57\/2023\/09\/sm_1695065536.721481.jpg\",\"keywords\":[\"Africa Press\",\"Africa Press-Cameroun\",\"Cameroun\"],\"articleSection\":[\"Communaut\u00e9\",\"Toutes les actualit\u00e9s\"],\"inLanguage\":\"fr-FR\",\"potentialAction\":[{\"@type\":\"CommentAction\",\"name\":\"Comment\",\"target\":[\"https:\/\/www.africa-press.net\/cameroun\/toutes-les-actualites\/incendie-au-marche-dakwa-a-douala-le-bilan-est-lourd#respond\"]}]},{\"@type\":\"WebPage\",\"@id\":\"https:\/\/www.africa-press.net\/cameroun\/toutes-les-actualites\/incendie-au-marche-dakwa-a-douala-le-bilan-est-lourd\",\"url\":\"https:\/\/www.africa-press.net\/cameroun\/toutes-les-actualites\/incendie-au-marche-dakwa-a-douala-le-bilan-est-lourd\",\"name\":\"Incendie au march\u00e9 d'Akwa \u00e0 Douala, le bilan est lourd - Cameroun\",\"isPartOf\":{\"@id\":\"https:\/\/www.africa-press.net\/cameroun\/#website\"},\"primaryImageOfPage\":{\"@id\":\"https:\/\/www.africa-press.net\/cameroun\/toutes-les-actualites\/incendie-au-marche-dakwa-a-douala-le-bilan-est-lourd#primaryimage\"},\"image\":{\"@id\":\"https:\/\/www.africa-press.net\/cameroun\/toutes-les-actualites\/incendie-au-marche-dakwa-a-douala-le-bilan-est-lourd#primaryimage\"},\"thumbnailUrl\":\"https:\/\/static.africa-press.net\/cameroun\/sites\/57\/2023\/09\/sm_1695065536.721481.jpg\",\"datePublished\":\"2023-09-18T22:22:49+00:00\",\"dateModified\":\"2023-09-19T01:04:02+00:00\",\"author\":{\"@id\":\"https:\/\/www.africa-press.net\/cameroun\/#\/schema\/person\/2b1cf3cd81a31e3cd26889ca66d677f1\"},\"description\":\"Dans la nuit de ce dimanche 16 septembre a\u0300 ce lundi 17, un incendie a ravage\u0301 plusieurs commerces au marche\u0301 d'Akwa a\u0300 ...\",\"breadcrumb\":{\"@id\":\"https:\/\/www.africa-press.net\/cameroun\/toutes-les-actualites\/incendie-au-marche-dakwa-a-douala-le-bilan-est-lourd#breadcrumb\"},\"inLanguage\":\"fr-FR\",\"potentialAction\":[{\"@type\":\"ReadAction\",\"target\":[\"https:\/\/www.africa-press.net\/cameroun\/toutes-les-actualites\/incendie-au-marche-dakwa-a-douala-le-bilan-est-lourd\"]}]},{\"@type\":\"ImageObject\",\"inLanguage\":\"fr-FR\",\"@id\":\"https:\/\/www.africa-press.net\/cameroun\/toutes-les-actualites\/incendie-au-marche-dakwa-a-douala-le-bilan-est-lourd#primaryimage\",\"url\":\"https:\/\/static.africa-press.net\/cameroun\/sites\/57\/2023\/09\/sm_1695065536.721481.jpg\",\"contentUrl\":\"https:\/\/static.africa-press.net\/cameroun\/sites\/57\/2023\/09\/sm_1695065536.721481.jpg\",\"width\":720,\"height\":418,\"caption\":\"Incendie au march\u00e9 d'Akwa \u00e0 Douala, le bilan est lourd\"},{\"@type\":\"BreadcrumbList\",\"@id\":\"https:\/\/www.africa-press.net\/cameroun\/toutes-les-actualites\/incendie-au-marche-dakwa-a-douala-le-bilan-est-lourd#breadcrumb\",\"itemListElement\":[{\"@type\":\"ListItem\",\"position\":1,\"name\":\"Accueil\",\"item\":\"https:\/\/www.africa-press.net\/cameroun\/\"},{\"@type\":\"ListItem\",\"position\":2,\"name\":\"Incendie au march\u00e9 d&#8217;Akwa \u00e0 Douala, le bilan est lourd\"}]},{\"@type\":\"WebSite\",\"@id\":\"https:\/\/www.africa-press.net\/cameroun\/#website\",\"url\":\"https:\/\/www.africa-press.net\/cameroun\/\",\"name\":\"Cameroun\",\"description\":\"Just another Africa News Agency Sites site\",\"potentialAction\":[{\"@type\":\"SearchAction\",\"target\":{\"@type\":\"EntryPoint\",\"urlTemplate\":\"https:\/\/www.africa-press.net\/cameroun\/?s={search_term_string}\"},\"query-input\":{\"@type\":\"PropertyValueSpecification\",\"valueRequired\":true,\"valueName\":\"search_term_string\"}}],\"inLanguage\":\"fr-FR\"},{\"@type\":\"Person\",\"@id\":\"https:\/\/www.africa-press.net\/cameroun\/#\/schema\/person\/2b1cf3cd81a31e3cd26889ca66d677f1\",\"name\":\"cfeditorfr\"}]}<\/script>\n<!-- \/ Yoast SEO Premium plugin. -->","yoast_head_json":{"title":"Incendie au march\u00e9 d'Akwa \u00e0 Douala, le bilan est lourd - Cameroun","description":"Dans la nuit de ce dimanche 16 septembre a\u0300 ce lundi 17, un incendie a ravage\u0301 plusieurs commerces au marche\u0301 d'Akwa a\u0300 ...","robots":{"index":"index","follow":"follow","max-snippet":"max-snippet:-1","max-image-preview":"max-image-preview:large","max-video-preview":"max-video-preview:-1"},"canonical":"https:\/\/www.africa-press.net\/cameroun\/toutes-les-actualites\/incendie-au-marche-dakwa-a-douala-le-bilan-est-lourd","og_locale":"fr_FR","og_type":"article","og_title":"Incendie au march\u00e9 d'Akwa \u00e0 Douala, le bilan est lourd","og_description":"Dans la nuit de ce dimanche 16 septembre a\u0300 ce lundi 17, un incendie a ravage\u0301 plusieurs commerces au marche\u0301 d'Akwa a\u0300 ...","og_url":"https:\/\/www.africa-press.net\/cameroun\/toutes-les-actualites\/incendie-au-marche-dakwa-a-douala-le-bilan-est-lourd","og_site_name":"Cameroun","article_published_time":"2023-09-18T22:22:49+00:00","article_modified_time":"2023-09-19T01:04:02+00:00","og_image":[{"width":720,"height":418,"url":"https:\/\/static.africa-press.net\/cameroun\/sites\/57\/2023\/09\/sm_1695065536.721481.jpg","type":"image\/jpeg"}],"author":"cfeditorfr","twitter_card":"summary_large_image","twitter_misc":{"\u00c9crit par":"cfeditorfr","Dur\u00e9e de lecture estim\u00e9e":"1 minute"},"schema":{"@context":"https:\/\/schema.org","@graph":[{"@type":"Article","@id":"https:\/\/www.africa-press.net\/cameroun\/toutes-les-actualites\/incendie-au-marche-dakwa-a-douala-le-bilan-est-lourd#article","isPartOf":{"@id":"https:\/\/www.africa-press.net\/cameroun\/toutes-les-actualites\/incendie-au-marche-dakwa-a-douala-le-bilan-est-lourd"},"author":{"name":"cfeditorfr","@id":"https:\/\/www.africa-press.net\/cameroun\/#\/schema\/person\/2b1cf3cd81a31e3cd26889ca66d677f1"},"headline":"Incendie au march\u00e9 d&rsquo;Akwa \u00e0 Douala, le bilan est lourd","datePublished":"2023-09-18T22:22:49+00:00","dateModified":"2023-09-19T01:04:02+00:00","mainEntityOfPage":{"@id":"https:\/\/www.africa-press.net\/cameroun\/toutes-les-actualites\/incendie-au-marche-dakwa-a-douala-le-bilan-est-lourd"},"wordCount":278,"commentCount":0,"image":{"@id":"https:\/\/www.africa-press.net\/cameroun\/toutes-les-actualites\/incendie-au-marche-dakwa-a-douala-le-bilan-est-lourd#primaryimage"},"thumbnailUrl":"https:\/\/static.africa-press.net\/cameroun\/sites\/57\/2023\/09\/sm_1695065536.721481.jpg","keywords":["Africa Press","Africa Press-Cameroun","Cameroun"],"articleSection":["Communaut\u00e9","Toutes les actualit\u00e9s"],"inLanguage":"fr-FR","potentialAction":[{"@type":"CommentAction","name":"Comment","target":["https:\/\/www.africa-press.net\/cameroun\/toutes-les-actualites\/incendie-au-marche-dakwa-a-douala-le-bilan-est-lourd#respond"]}]},{"@type":"WebPage","@id":"https:\/\/www.africa-press.net\/cameroun\/toutes-les-actualites\/incendie-au-marche-dakwa-a-douala-le-bilan-est-lourd","url":"https:\/\/www.africa-press.net\/cameroun\/toutes-les-actualites\/incendie-au-marche-dakwa-a-douala-le-bilan-est-lourd","name":"Incendie au march\u00e9 d'Akwa \u00e0 Douala, le bilan est lourd - Cameroun","isPartOf":{"@id":"https:\/\/www.africa-press.net\/cameroun\/#website"},"primaryImageOfPage":{"@id":"https:\/\/www.africa-press.net\/cameroun\/toutes-les-actualites\/incendie-au-marche-dakwa-a-douala-le-bilan-est-lourd#primaryimage"},"image":{"@id":"https:\/\/www.africa-press.net\/cameroun\/toutes-les-actualites\/incendie-au-marche-dakwa-a-douala-le-bilan-est-lourd#primaryimage"},"thumbnailUrl":"https:\/\/static.africa-press.net\/cameroun\/sites\/57\/2023\/09\/sm_1695065536.721481.jpg","datePublished":"2023-09-18T22:22:49+00:00","dateModified":"2023-09-19T01:04:02+00:00","author":{"@id":"https:\/\/www.africa-press.net\/cameroun\/#\/schema\/person\/2b1cf3cd81a31e3cd26889ca66d677f1"},"description":"Dans la nuit de ce dimanche 16 septembre a\u0300 ce lundi 17, un incendie a ravage\u0301 plusieurs commerces au marche\u0301 d'Akwa a\u0300 ...","breadcrumb":{"@id":"https:\/\/www.africa-press.net\/cameroun\/toutes-les-actualites\/incendie-au-marche-dakwa-a-douala-le-bilan-est-lourd#breadcrumb"},"inLanguage":"fr-FR","potentialAction":[{"@type":"ReadAction","target":["https:\/\/www.africa-press.net\/cameroun\/toutes-les-actualites\/incendie-au-marche-dakwa-a-douala-le-bilan-est-lourd"]}]},{"@type":"ImageObject","inLanguage":"fr-FR","@id":"https:\/\/www.africa-press.net\/cameroun\/toutes-les-actualites\/incendie-au-marche-dakwa-a-douala-le-bilan-est-lourd#primaryimage","url":"https:\/\/static.africa-press.net\/cameroun\/sites\/57\/2023\/09\/sm_1695065536.721481.jpg","contentUrl":"https:\/\/static.africa-press.net\/cameroun\/sites\/57\/2023\/09\/sm_1695065536.721481.jpg","width":720,"height":418,"caption":"Incendie au march\u00e9 d'Akwa \u00e0 Douala, le bilan est lourd"},{"@type":"BreadcrumbList","@id":"https:\/\/www.africa-press.net\/cameroun\/toutes-les-actualites\/incendie-au-marche-dakwa-a-douala-le-bilan-est-lourd#breadcrumb","itemListElement":[{"@type":"ListItem","position":1,"name":"Accueil","item":"https:\/\/www.africa-press.net\/cameroun\/"},{"@type":"ListItem","position":2,"name":"Incendie au march\u00e9 d&#8217;Akwa \u00e0 Douala, le bilan est lourd"}]},{"@type":"WebSite","@id":"https:\/\/www.africa-press.net\/cameroun\/#website","url":"https:\/\/www.africa-press.net\/cameroun\/","name":"Cameroun","description":"Just another Africa News Agency Sites site","potentialAction":[{"@type":"SearchAction","target":{"@type":"EntryPoint","urlTemplate":"https:\/\/www.africa-press.net\/cameroun\/?s={search_term_string}"},"query-input":{"@type":"PropertyValueSpecification","valueRequired":true,"valueName":"search_term_string"}}],"inLanguage":"fr-FR"},{"@type":"Person","@id":"https:\/\/www.africa-press.net\/cameroun\/#\/schema\/person\/2b1cf3cd81a31e3cd26889ca66d677f1","name":"cfeditorfr"}]}},"_links":{"self":[{"href":"https:\/\/www.africa-press.net\/cameroun\/wp-json\/wp\/v2\/posts\/51041","targetHints":{"allow":["GET"]}}],"collection":[{"href":"https:\/\/www.africa-press.net\/cameroun\/wp-json\/wp\/v2\/posts"}],"about":[{"href":"https:\/\/www.africa-press.net\/cameroun\/wp-json\/wp\/v2\/types\/post"}],"author":[{"embeddable":true,"href":"https:\/\/www.africa-press.net\/cameroun\/wp-json\/wp\/v2\/users\/82"}],"replies":[{"embeddable":true,"href":"https:\/\/www.africa-press.net\/cameroun\/wp-json\/wp\/v2\/comments?post=51041"}],"version-history":[{"count":0,"href":"https:\/\/www.africa-press.net\/cameroun\/wp-json\/wp\/v2\/posts\/51041\/revisions"}],"wp:featuredmedia":[{"embeddable":true,"href":"https:\/\/www.africa-press.net\/cameroun\/wp-json\/wp\/v2\/media\/51039"}],"wp:attachment":[{"href":"https:\/\/www.africa-press.net\/cameroun\/wp-json\/wp\/v2\/media?parent=51041"}],"wp:term":[{"taxonomy":"category","embeddable":true,"href":"https:\/\/www.africa-press.net\/cameroun\/wp-json\/wp\/v2\/categories?post=51041"},{"taxonomy":"post_tag","embeddable":true,"href":"https:\/\/www.africa-press.net\/cameroun\/wp-json\/wp\/v2\/tags?post=51041"}],"curies":[{"name":"wp","href":"https:\/\/api.w.org\/{rel}","templated":true}]}}